{"id":6927,"date":"2009-03-27T06:15:45","date_gmt":"2009-03-27T05:15:45","guid":{"rendered":"http:\/\/www.mojabochnia.pl\/?p=6927"},"modified":"2009-03-26T16:16:44","modified_gmt":"2009-03-26T15:16:44","slug":"rzezawa-18-mln-zl-z-ue-na-odnowe-centrum","status":"publish","type":"post","link":"https:\/\/www.mojabochnia.pl\/?p=6927","title":{"rendered":"Rzezawa: 1,8 mln z\u0142 z UE na odnow\u0119 centrum"},"content":{"rendered":"<p>Za te pieni\u0105dze zostanie odrestaurowany jeden z budynk\u00f3w u\u017cyteczno\u015bci publicznej w Rzezawie wraz z otoczeniem. Prace maj\u0105 si\u0119 rozpocz\u0105\u0107 w tym roku, umowa na dofinansowanie zosta\u0142a ju\u017c podpisana. \u2013 <em>Przede wszystkim zostanie odnowiony budynek w centrum, w kt\u00f3rym mie\u015bci si\u0119 Ochotnicza Stra\u017c Po\u017carna, \u015bwietlica, Zak\u0142ad Gospodarki Komunalnej. Ten budynek jest w bardzo op\u0142akanym stanie, trzeba mu zmieni\u0107 nie tylko elewacj\u0119 i okna, ale r\u00f3wnie\u017c dach i odwodnienie \u2013 m\u00f3wi w\u00f3jt J\u00f3zef S\u0142onina. <\/p>\n<p>Dodaje on, \u017ce obok budynku &#8222;za \u0142adnym parkingiem miedzy ko\u015bcio\u0142em znajduje si\u0119 troch\u0119 ksi\u0119\u017cycowy krajobraz, niezagospodarowany&#8221;. &#8211; Chcemy to miejsce doprowadzi\u0107 do normalno\u015bci. B\u0119dzie tam skwer, ze \u015bcie\u017ckami, \u0142awkami, deptakiem, z ma\u0142\u0105 infrastruktur\u0105<\/em> . <\/p>\n<p>Koszt wszystkich zaplanowanych prac opiewa na 2,5 mln z\u0142. 1,8 mln z\u0142 to pieni\u0105dze z Ma\u0142opolskiego Regionalnego Programu Operacyjnego.<\/p>\n","protected":false},"excerpt":{"rendered":"<p>Blisko 2 mln z\u0142 z Unii Europejskiej otrzyma\u0142a gmina Rzezawa na odnow\u0119 centrum miejscowo\u015bci. <\/p>\n","protected":false},"author":4,"featured_media":0,"comment_status":"open","ping_status":"closed","sticky":false,"template":"","format":"standard","meta":{"_acf_changed":false,"footnotes":""},"categories":[5],"tags":[2400,17253,17216,1302,2953,1966,2143,17394,17161,17172,17493],"class_list":["post-6927","post","type-post","status-publish","format-standard","hentry","category-biezace-wydarzenia","tag-centrum-kultury-czytelnictwa-i-sportu-w-rzezawie","tag-dotacja","tag-inwestycja","tag-jozef-slonina","tag-malopolski-regionalny-program-operacyjny","tag-mrpo","tag-ochotnicza-straz-pozarna","tag-parking","tag-rzezawa","tag-swietlica","tag-wojt"],"acf":[],"yoast_head":"<!-- This site is optimized with the Yoast SEO plugin v26.9 - https:\/\/yoast.com\/product\/yoast-seo-wordpress\/ -->\n<title>Rzezawa: 1,8 mln z\u0142 z UE na odnow\u0119 centrum - mojabochnia.pl - portal informacyjny<\/title>\n<meta name=\"robots\" content=\"index, follow, max-snippet:-1, max-image-preview:large, max-video-preview:-1\" \/>\n<link rel=\"canonical\" href=\"https:\/\/www.mojabochnia.pl\/?p=6927\" \/>\n<meta property=\"og:locale\" content=\"pl_PL\" \/>\n<meta property=\"og:type\" content=\"article\" \/>\n<meta property=\"og:title\" content=\"Rzezawa: 1,8 mln z\u0142 z UE na odnow\u0119 centrum - mojabochnia.pl - portal informacyjny\" \/>\n<meta property=\"og:description\" content=\"Blisko 2 mln z\u0142 z Unii Europejskiej otrzyma\u0142a gmina Rzezawa na odnow\u0119 centrum miejscowo\u015bci.\" \/>\n<meta property=\"og:url\" content=\"https:\/\/www.mojabochnia.pl\/?p=6927\" \/>\n<meta property=\"og:site_name\" content=\"mojabochnia.pl - portal informacyjny\" \/>\n<meta property=\"article:publisher\" content=\"https:\/\/www.facebook.com\/mojabochnia\" \/>\n<meta property=\"article:published_time\" content=\"2009-03-27T05:15:45+00:00\" \/>\n<meta name=\"author\" content=\"Pawe\u0142 Michalczyk\" \/>\n<meta name=\"twitter:card\" content=\"summary_large_image\" \/>\n<meta name=\"twitter:label1\" content=\"Written by\" \/>\n\t<meta name=\"twitter:data1\" content=\"Pawe\u0142 Michalczyk\" \/>\n\t<meta name=\"twitter:label2\" content=\"Est. reading time\" \/>\n\t<meta name=\"twitter:data2\" content=\"1 minuta\" \/>\n<script type=\"application\/ld+json\" class=\"yoast-schema-graph\">{\"@context\":\"https:\/\/schema.org\",\"@graph\":[{\"@type\":\"Article\",\"@id\":\"https:\/\/www.mojabochnia.pl\/?p=6927#article\",\"isPartOf\":{\"@id\":\"https:\/\/www.mojabochnia.pl\/?p=6927\"},\"author\":{\"name\":\"Pawe\u0142 Michalczyk\",\"@id\":\"https:\/\/www.mojabochnia.pl\/#\/schema\/person\/ea042e4724a77627963f02166828ead4\"},\"headline\":\"Rzezawa: 1,8 mln z\u0142 z UE na odnow\u0119 centrum\",\"datePublished\":\"2009-03-27T05:15:45+00:00\",\"mainEntityOfPage\":{\"@id\":\"https:\/\/www.mojabochnia.pl\/?p=6927\"},\"wordCount\":151,\"commentCount\":2,\"publisher\":{\"@id\":\"https:\/\/www.mojabochnia.pl\/#organization\"},\"keywords\":[\"Centrum Kultury Czytelnictwa i Sportu w Rzezawie\",\"dotacja\",\"inwestycja\",\"j\u00f3zef s\u0142onina\",\"Ma\u0142opolski Regionalny Program Operacyjny\",\"mrpo\",\"ochotnicza stra\u017c po\u017carna\",\"parking\",\"Rzezawa\",\"\u015bwietlica\",\"w\u00f3jt\"],\"articleSection\":[\"2_ostatnie\"],\"inLanguage\":\"pl-PL\",\"potentialAction\":[{\"@type\":\"CommentAction\",\"name\":\"Comment\",\"target\":[\"https:\/\/www.mojabochnia.pl\/?p=6927#respond\"]}]},{\"@type\":\"WebPage\",\"@id\":\"https:\/\/www.mojabochnia.pl\/?p=6927\",\"url\":\"https:\/\/www.mojabochnia.pl\/?p=6927\",\"name\":\"Rzezawa: 1,8 mln z\u0142 z UE na odnow\u0119 centrum - mojabochnia.pl - portal informacyjny\",\"isPartOf\":{\"@id\":\"https:\/\/www.mojabochnia.pl\/#website\"},\"datePublished\":\"2009-03-27T05:15:45+00:00\",\"breadcrumb\":{\"@id\":\"https:\/\/www.mojabochnia.pl\/?p=6927#breadcrumb\"},\"inLanguage\":\"pl-PL\",\"potentialAction\":[{\"@type\":\"ReadAction\",\"target\":[\"https:\/\/www.mojabochnia.pl\/?p=6927\"]}]},{\"@type\":\"BreadcrumbList\",\"@id\":\"https:\/\/www.mojabochnia.pl\/?p=6927#breadcrumb\",\"itemListElement\":[{\"@type\":\"ListItem\",\"position\":1,\"name\":\"Home\",\"item\":\"https:\/\/www.mojabochnia.pl\/\"},{\"@type\":\"ListItem\",\"position\":2,\"name\":\"Rzezawa: 1,8 mln z\u0142 z UE na odnow\u0119 centrum\"}]},{\"@type\":\"WebSite\",\"@id\":\"https:\/\/www.mojabochnia.pl\/#website\",\"url\":\"https:\/\/www.mojabochnia.pl\/\",\"name\":\"mojabochnia.pl - portal informacyjny\",\"description\":\"mojaBochnia to portal informacyjny o Bochni. Codziennie o Bochni piszemy i pokazujemy najwa\u017cniejsze wydarzenia\",\"publisher\":{\"@id\":\"https:\/\/www.mojabochnia.pl\/#organization\"},\"potentialAction\":[{\"@type\":\"SearchAction\",\"target\":{\"@type\":\"EntryPoint\",\"urlTemplate\":\"https:\/\/www.mojabochnia.pl\/?s={search_term_string}\"},\"query-input\":{\"@type\":\"PropertyValueSpecification\",\"valueRequired\":true,\"valueName\":\"search_term_string\"}}],\"inLanguage\":\"pl-PL\"},{\"@type\":\"Organization\",\"@id\":\"https:\/\/www.mojabochnia.pl\/#organization\",\"name\":\"mojabochnia.pl - portal informacyjny\",\"url\":\"https:\/\/www.mojabochnia.pl\/\",\"logo\":{\"@type\":\"ImageObject\",\"inLanguage\":\"pl-PL\",\"@id\":\"https:\/\/www.mojabochnia.pl\/#\/schema\/logo\/image\/\",\"url\":\"https:\/\/www.mojabochnia.pl\/wp-content\/uploads\/2017\/08\/logo-mb-opt.png\",\"contentUrl\":\"https:\/\/www.mojabochnia.pl\/wp-content\/uploads\/2017\/08\/logo-mb-opt.png\",\"width\":250,\"height\":48,\"caption\":\"mojabochnia.pl - portal informacyjny\"},\"image\":{\"@id\":\"https:\/\/www.mojabochnia.pl\/#\/schema\/logo\/image\/\"},\"sameAs\":[\"https:\/\/www.facebook.com\/mojabochnia\"]},{\"@type\":\"Person\",\"@id\":\"https:\/\/www.mojabochnia.pl\/#\/schema\/person\/ea042e4724a77627963f02166828ead4\",\"name\":\"Pawe\u0142 Michalczyk\",\"url\":\"https:\/\/www.mojabochnia.pl\/?author=4\"}]}<\/script>\n<!-- \/ Yoast SEO plugin. -->","yoast_head_json":{"title":"Rzezawa: 1,8 mln z\u0142 z UE na odnow\u0119 centrum - mojabochnia.pl - portal informacyjny","robots":{"index":"index","follow":"follow","max-snippet":"max-snippet:-1","max-image-preview":"max-image-preview:large","max-video-preview":"max-video-preview:-1"},"canonical":"https:\/\/www.mojabochnia.pl\/?p=6927","og_locale":"pl_PL","og_type":"article","og_title":"Rzezawa: 1,8 mln z\u0142 z UE na odnow\u0119 centrum - mojabochnia.pl - portal informacyjny","og_description":"Blisko 2 mln z\u0142 z Unii Europejskiej otrzyma\u0142a gmina Rzezawa na odnow\u0119 centrum miejscowo\u015bci.","og_url":"https:\/\/www.mojabochnia.pl\/?p=6927","og_site_name":"mojabochnia.pl - portal informacyjny","article_publisher":"https:\/\/www.facebook.com\/mojabochnia","article_published_time":"2009-03-27T05:15:45+00:00","author":"Pawe\u0142 Michalczyk","twitter_card":"summary_large_image","twitter_misc":{"Written by":"Pawe\u0142 Michalczyk","Est. reading time":"1 minuta"},"schema":{"@context":"https:\/\/schema.org","@graph":[{"@type":"Article","@id":"https:\/\/www.mojabochnia.pl\/?p=6927#article","isPartOf":{"@id":"https:\/\/www.mojabochnia.pl\/?p=6927"},"author":{"name":"Pawe\u0142 Michalczyk","@id":"https:\/\/www.mojabochnia.pl\/#\/schema\/person\/ea042e4724a77627963f02166828ead4"},"headline":"Rzezawa: 1,8 mln z\u0142 z UE na odnow\u0119 centrum","datePublished":"2009-03-27T05:15:45+00:00","mainEntityOfPage":{"@id":"https:\/\/www.mojabochnia.pl\/?p=6927"},"wordCount":151,"commentCount":2,"publisher":{"@id":"https:\/\/www.mojabochnia.pl\/#organization"},"keywords":["Centrum Kultury Czytelnictwa i Sportu w Rzezawie","dotacja","inwestycja","j\u00f3zef s\u0142onina","Ma\u0142opolski Regionalny Program Operacyjny","mrpo","ochotnicza stra\u017c po\u017carna","parking","Rzezawa","\u015bwietlica","w\u00f3jt"],"articleSection":["2_ostatnie"],"inLanguage":"pl-PL","potentialAction":[{"@type":"CommentAction","name":"Comment","target":["https:\/\/www.mojabochnia.pl\/?p=6927#respond"]}]},{"@type":"WebPage","@id":"https:\/\/www.mojabochnia.pl\/?p=6927","url":"https:\/\/www.mojabochnia.pl\/?p=6927","name":"Rzezawa: 1,8 mln z\u0142 z UE na odnow\u0119 centrum - mojabochnia.pl - portal informacyjny","isPartOf":{"@id":"https:\/\/www.mojabochnia.pl\/#website"},"datePublished":"2009-03-27T05:15:45+00:00","breadcrumb":{"@id":"https:\/\/www.mojabochnia.pl\/?p=6927#breadcrumb"},"inLanguage":"pl-PL","potentialAction":[{"@type":"ReadAction","target":["https:\/\/www.mojabochnia.pl\/?p=6927"]}]},{"@type":"BreadcrumbList","@id":"https:\/\/www.mojabochnia.pl\/?p=6927#breadcrumb","itemListElement":[{"@type":"ListItem","position":1,"name":"Home","item":"https:\/\/www.mojabochnia.pl\/"},{"@type":"ListItem","position":2,"name":"Rzezawa: 1,8 mln z\u0142 z UE na odnow\u0119 centrum"}]},{"@type":"WebSite","@id":"https:\/\/www.mojabochnia.pl\/#website","url":"https:\/\/www.mojabochnia.pl\/","name":"mojabochnia.pl - portal informacyjny","description":"mojaBochnia to portal informacyjny o Bochni. Codziennie o Bochni piszemy i pokazujemy najwa\u017cniejsze wydarzenia","publisher":{"@id":"https:\/\/www.mojabochnia.pl\/#organization"},"potentialAction":[{"@type":"SearchAction","target":{"@type":"EntryPoint","urlTemplate":"https:\/\/www.mojabochnia.pl\/?s={search_term_string}"},"query-input":{"@type":"PropertyValueSpecification","valueRequired":true,"valueName":"search_term_string"}}],"inLanguage":"pl-PL"},{"@type":"Organization","@id":"https:\/\/www.mojabochnia.pl\/#organization","name":"mojabochnia.pl - portal informacyjny","url":"https:\/\/www.mojabochnia.pl\/","logo":{"@type":"ImageObject","inLanguage":"pl-PL","@id":"https:\/\/www.mojabochnia.pl\/#\/schema\/logo\/image\/","url":"https:\/\/www.mojabochnia.pl\/wp-content\/uploads\/2017\/08\/logo-mb-opt.png","contentUrl":"https:\/\/www.mojabochnia.pl\/wp-content\/uploads\/2017\/08\/logo-mb-opt.png","width":250,"height":48,"caption":"mojabochnia.pl - portal informacyjny"},"image":{"@id":"https:\/\/www.mojabochnia.pl\/#\/schema\/logo\/image\/"},"sameAs":["https:\/\/www.facebook.com\/mojabochnia"]},{"@type":"Person","@id":"https:\/\/www.mojabochnia.pl\/#\/schema\/person\/ea042e4724a77627963f02166828ead4","name":"Pawe\u0142 Michalczyk","url":"https:\/\/www.mojabochnia.pl\/?author=4"}]}},"_links":{"self":[{"href":"https:\/\/www.mojabochnia.pl\/index.php?rest_route=\/wp\/v2\/posts\/6927","targetHints":{"allow":["GET"]}}],"collection":[{"href":"https:\/\/www.mojabochnia.pl\/index.php?rest_route=\/wp\/v2\/posts"}],"about":[{"href":"https:\/\/www.mojabochnia.pl\/index.php?rest_route=\/wp\/v2\/types\/post"}],"author":[{"embeddable":true,"href":"https:\/\/www.mojabochnia.pl\/index.php?rest_route=\/wp\/v2\/users\/4"}],"replies":[{"embeddable":true,"href":"https:\/\/www.mojabochnia.pl\/index.php?rest_route=%2Fwp%2Fv2%2Fcomments&post=6927"}],"version-history":[{"count":0,"href":"https:\/\/www.mojabochnia.pl\/index.php?rest_route=\/wp\/v2\/posts\/6927\/revisions"}],"wp:attachment":[{"href":"https:\/\/www.mojabochnia.pl\/index.php?rest_route=%2Fwp%2Fv2%2Fmedia&parent=6927"}],"wp:term":[{"taxonomy":"category","embeddable":true,"href":"https:\/\/www.mojabochnia.pl\/index.php?rest_route=%2Fwp%2Fv2%2Fcategories&post=6927"},{"taxonomy":"post_tag","embeddable":true,"href":"https:\/\/www.mojabochnia.pl\/index.php?rest_route=%2Fwp%2Fv2%2Ftags&post=6927"}],"curies":[{"name":"wp","href":"https:\/\/api.w.org\/{rel}","templated":true}]}}