{"id":69118,"date":"2012-03-31T15:34:14","date_gmt":"2012-03-31T13:34:14","guid":{"rendered":"http:\/\/www.mojabochnia.pl\/?p=69118"},"modified":"2012-03-31T15:34:14","modified_gmt":"2012-03-31T13:34:14","slug":"wojt-lysy-zada-od-radnych-powiatu-rachunku-sumienia","status":"publish","type":"post","link":"https:\/\/www.mojabochnia.pl\/?p=69118","title":{"rendered":"W\u00f3jt Lysy \u017c\u0105da od radnych powiatu rachunku sumienia"},"content":{"rendered":"<p>W\u00f3jt zabra\u0142 g\u0142os w jednym z ostatnich punkt\u00f3w porz\u0105dku obrad pi\u0105tkowej sesji. Wspomnia\u0142, \u017ce rzadko bywa na obradach rady powiatu. Jak jednak doda\u0142, \u201euzbiera\u0142o si\u0119 tych grzech\u00f3w co niemiara\u201d. <em>Bardzo nie podoba mi si\u0119 forma wsp\u00f3\u0142pracy powiatu jako instytucji z gminami, a z niekt\u00f3rymi gminami w szczeg\u00f3lno\u015bci<\/em> \u2013 m\u00f3wi\u0142 Jerzy Lysy.<\/p>\n<p>W\u00f3jt gminy Bochnia zwr\u00f3ci\u0142 uwag\u0119, \u017ce jedynym konstytucyjnym samorz\u0105dem jest gmina. <em>Samorz\u0105dy \u2013 przy ca\u0142ym szacunku \u2013 powiatu lub urz\u0119dy marsza\u0142kowskie funkcjonuj\u0105 na zasadzie zwyk\u0142ej ustawy. A wi\u0119c miejcie \u015bwiadomo\u015b\u0107 tzw. domniemania ojcostwa<\/em>. <\/p>\n<p>Po tym wyja\u015bnieniu Jerzy Lysy przeszed\u0142 do meritum swojego wyst\u0105pienia. <em>Nie mo\u017ce tak by\u0107, \u017ce my na wyci\u0105gni\u0119t\u0105 wasz\u0105 r\u0119k\u0119 k\u0142adziemy 300 czy 305 tys. z\u0142, a wy nam za to umys\u0142em pana starosty, a r\u0119k\u0105 dyrektora wydzia\u0142u ochrony \u015brodowiska, piszecie donos. Nie wolno. Ja ten donos przynios\u0142em ze sob\u0105, jest to donos do instytucji kontrolnej. Takich instytucji w Polsce mamy wiele. Taka forma jest obrzydliwa, pomijaj\u0105c wzgl\u0119dy merytoryczne. Po prostu wi\u0119cej wam nie damy pomocy, prosz\u0119 nie liczy\u0107 na \u017cadn\u0105 pomoc, w ko\u0144cu my nie dostali\u015bmy od powiatu ani z\u0142ot\u00f3wki<\/em>. <\/p>\n<p>W\u00f3jt zwr\u00f3ci\u0142 uwag\u0119, \u017ce reforma samorz\u0105dowa prof. Micha\u0142a Kuleszy mia\u0142a na celu powo\u0142anie powiat\u00f3w na nowo, aby rozwi\u0105zywa\u0142y problemy mi\u0119dzygminne. <em>A ja tutaj widz\u0119, \u017ce powiat rozwi\u0105zuje swoje problemy, a czasami problemy radnych. Bardzo przepraszam, \u017ce jestem z\u0142o\u015bliwy, ale o tym te\u017c musz\u0119 powiedzie\u0107, bo przecie\u017c s\u0142yszycie, co si\u0119 w ostatnich dniach dzieje, jaka jest burza w mie\u015bcie i w okolicy. Rozumiem, ze zawsze samorz\u0105d powinien opiekowa\u0107 si\u0119 mieszka\u0144cami, a przy okazji jeszcze radnymi, ale s\u0105 pewne granice zdrowego rozs\u0105dku, a nawet smaku. Te granice zosta\u0142y w przypadku powiatu boche\u0144skiego dawno przekroczon<\/em>e. <\/p>\n<p>Samorz\u0105dowiec urz\u0119duj\u0105cy w budynku naprzeciwko starostwa zwr\u00f3ci\u0142 uwag\u0119, \u017ce z obecnym przewodnicz\u0105cym rady powiatu Aleksandrem Rzepeckim, starost\u0105 Jackiem Paj\u0105kiem i wicestarost\u0105 Tomaszem Ca\u0142k\u0105 spotkali si\u0119 przed sze\u015bcioma laty. <em>Jak panowie pami\u0119tacie, r\u00f3wnie dobrze panem starost\u0105 m\u00f3g\u0142 by\u0107 pan Ca\u0142ka, m\u00f3g\u0142 by\u0107 S\u0142o\u0144 Tr\u0105balski. \u017ba\u0142uj\u0119 dzisiaj rzeczywi\u015bcie, \u017ce nie zosta\u0142 S\u0142o\u0144 Tr\u0105balski, z tego wzgl\u0119du \u017ce ma zdecydowanie lepsze cechy charakteru. Urz\u0119duj\u0105cy starosta dzia\u0142a na zasadzie dziwnej, \u017ce je\u017celi kt\u00f3ra\u015b z gmin wykracza swoim dzia\u0142aniem poza spos\u00f3b my\u015blenia starostwa, nie do\u015b\u0107 \u017ce jest odsuwana, jak chocia\u017cby od pieni\u0119dzy drogowych, ale jest t\u0119piona w pewnych kwestiach<\/em>. W\u00f3jt doda\u0142, \u017ce gdyby za m\u00f3wnic\u0105 stan\u0105\u0142 burmistrz Nowego Wi\u015bnicza, m\u00f3g\u0142by potwierdzi\u0107 t\u0119 uwag\u0119. <\/p>\n<p><em>Jest jeszcze kilka takich niuans\u00f3w, o kt\u00f3rych nie chc\u0119 powiedzie\u0107 z r\u00f3\u017cnych wzgl\u0119d\u00f3w, g\u0142\u00f3wnie kulturalnych. Natomiast \u017c\u0105dam od pa\u0144stwa rachunku sumienia. Przede wszystkim zr\u00f3bcie sobie jako rada rozpoznanie w tych kwestiach najwa\u017cniejszych, kt\u00f3re realizujecie. Nie wiem, czy np. s\u0142ynna sprawa \u0142apanowska zosta\u0142a przeanalizowana przez komisj\u0119 rewizyjn\u0105<\/em> &#8211; kontynuowa\u0142 Lysy. <\/p>\n<p>W\u00f3jt zwr\u00f3ci\u0142 te\u017c uwag\u0119 na spraw\u0119 \u0142\u0105cznika autostradowego. <em>Jeste\u015bmy w punkcie gorszym ni\u017c punkt wyj\u015bcia przed siedmioma laty, kiedy prosi\u0142em, \u017ceby nie zmienia\u0107 tego, co przez 30 lat by\u0142o planowane. A jak wiecie, by\u0142 planowany zjazd najkr\u00f3tsz\u0105 tras\u0105 i nie by\u0142o \u017cadnych problem\u00f3w, oczywi\u015bcie poza problemami politycznymi<\/em>.<\/p>\n<p>Samorz\u0105dowiec poruszy\u0142 te\u017c kwesti\u0119 stara\u0144 gminy Bochnia o przej\u0119cie dr\u00f3g powiatowych. <em>To nie jest tak, \u017ceby samorz\u0105d gminny upomina\u0142 si\u0119 o prac\u0119, bo my nie mamy co robi\u0107. Nie. Chodzi o to, \u017ce jak pami\u0119tacie pa\u0144stwa, nie by\u0142o powiatu, a te drogi by\u0142y administrowane, nie by\u0142o powiatu, a pozwolenia na budow\u0119 wydawa\u0142y gminy i jako\u015b sobie wszyscy z tym radzili<\/em>. <\/p>\n<p><em>Osi\u0105gn\u0119li\u015bcie pa\u0144stwo pewne ekstremum, pewne minimum, z kt\u00f3rego nale\u017ca\u0142oby czym pr\u0119dzej stara\u0107 si\u0119 wydosta\u0107, bo to jest w naszym wsp\u00f3lnym interesie. Tego pa\u0144stwu na \u015bwi\u0119ta i po \u015bwi\u0119tach \u017cycz\u0119. Opr\u00f3cz tego \u017cycz\u0119 wam zdrowia<\/em> \u2013 powiedzia\u0142 w\u00f3jt i po chwili opu\u015bci\u0142 sal\u0119 obrad. <\/p>\n<p><em>Zacn\u0105 rzecz\u0105 jest, \u017ce pan w\u00f3jt przyszed\u0142 i by\u0142 \u0142askaw powiedzie\u0107 jakie jest jego zdanie<\/em> \u2013 m\u00f3wi\u0142 starosta Jacek Paj\u0105k ju\u017c pod nieobecno\u015b\u0107 Jerzego Lysego. <em>Zak\u0142adam, \u017ce rada powiatu zrozumia\u0142a i rada powiatu si\u0119 zechce podporz\u0105dkowa\u0107, bo pan w\u00f3jt przychodzi rzadko. Jak przychodzi, to m\u00f3wi to, co chce. Starosta doda\u0142, \u017ce nie ma zamiaru odnosi\u0107 si\u0119 do dywagacji o S\u0142oniu Tr\u0105balskim. Jak wida\u0107, pan w\u00f3jt jest sk\u0142onny wyg\u0142osi\u0107 o\u015bwiadczenie, ale nie skonfrontowa\u0107 si\u0119 z innymi pogl\u0105dami. Ot pewien poziom wygody osobistej<\/em> &#8211; skomentowa\u0142 starosta.<\/p>\n<p>Jacek Paj\u0105k odpowiedzia\u0142 na uwagi w\u00f3jta, zaczynaj\u0105c od sprawy wspomnianego donosu. Wspomnia\u0142, \u017ce sprawa by\u0142a poruszana w kontek\u015bcie tzw. &#8222;schetyn\u00f3wki&#8221;, przebiegaj\u0105cej m.in. obok Zespo\u0142u Szk\u00f3\u0142 Gminnych w Nieszkowicach Wielkich. <em>Ekipa, kt\u00f3ra wykonywa\u0142a prace natrafi\u0142a na niepokoj\u0105cy odp\u0142yw niepokoj\u0105cych ciek\u0142ych brzydko \u015bmierdz\u0105cych substancji<\/em> \u2013 m\u00f3wi\u0142 starosta. Doda\u0142, \u017ce kontrola wykaza\u0142a, \u017ce by\u0142y to \u015bcieki wypuszczane ze szko\u0142y do rowu przy drodze powiatowej. <em>Je\u017celi to jest paskudny donos, a nie informacja o podejrzeniu zaistnienia nieprawid\u0142owo\u015bci, to w ten sam spos\u00f3b mo\u017cemy ka\u017cd\u0105 informacj\u0119 o podejrzeniu pope\u0142nienia przest\u0119pstwa interpretowa\u0107 jako donos. Szkoda, \u017ce pan w\u00f3jt nie zechcia\u0142 si\u0119 do tego odnie\u015b\u0107, bo by\u0107 mo\u017ce by po raz kolejny potwierdzi\u0142, \u017ce to by\u0142y oczyszczone odpady<\/em>. <\/p>\n<p>Odnosz\u0105c si\u0119 do sprawy \u201edomniemania ojcostwa\u201d, Jacek Paj\u0105k stwierdzi\u0142 \u017ce \u201e<em>domniemanie ojcostwa pana w\u00f3jta jest raczej po stronie pana W\u0119grzyna<\/em>\u201d.<\/p>\n<p>Odnosz\u0105c si\u0119 do sprawy \u0142\u0105cznika autostradowego Jacek Paj\u0105k przytoczy\u0142 konsultacje m.in. z PKP sprzed 2 lat. W\u00f3jt Jerzy Lysy mia\u0142 w\u00f3wczas zablokowa\u0107 pr\u00f3b\u0119 wybudowania wiaduktu b\u0105d\u017a tunelu w ci\u0105gu \u0142\u0105cznika zamiast na ul. Krzeczowskiej. <em>Jednym z warunk\u00f3w wpisania tego obiektu do planowanego zakresu inwestycji by\u0142a zgoda ze strony samorz\u0105du gminnego, przez kt\u00f3rego teren przechodzi\u0142 zjazd polny. Chodzi o przejazd polny przez lini\u0119 kolejow\u0105 gdzie\u015b na wysoko\u015bci Blach-Stalu<\/em>. Starosta doda\u0142, \u017ce nie uda\u0142o si\u0119 w\u00f3wczas uzyska\u0107 zgody ze strony samorz\u0105du gminy Bochnia. <em>Rozumiem stanowisko gospodarza gminy, ale je\u017celi m\u00f3wimy o zadaniu strategicznym, to nie mo\u017cemy powiedzie\u0107, \u017ce dzia\u0142amy w oparciu o interes lokalny, ale staramy si\u0119 pokaza\u0107, jak wielkim strategiem my\u015bl\u0105cym o sprawach og\u00f3lnoludzkich jeste\u015bmy<\/em>.<\/p>\n<p>Odnosz\u0105c si\u0119 do sprawy przekazania dr\u00f3g powiatowych, starosta przywo\u0142a\u0142 problem drogi gminnej, \u0142\u0105cz\u0105cej Brze\u017anic\u0119 i Stary Wi\u015bnicz. Cz\u0119\u015b\u0107 drogi do dzi\u015b nie doczeka\u0142a si\u0119 asfaltu i mieszka\u0144cy \u017c\u0105daj\u0105 wykonania remontu zamiast ci\u0105g\u0142ego dowo\u017cenia kruszywa, kt\u00f3re sp\u0142ukuje deszcz. <\/p>\n<p>W ko\u0144cu Jacek Paj\u0105k stwierdzi\u0142, \u017ce m\u00f3g\u0142by nie by\u0107 radnym powiatowym i by\u0107 starosta. Podkre\u015bli, \u017ce jednak ma mandat radnego. <em>Jako radny powiatowy uwa\u017ca za rzecz niedopuszczaln\u0105 i skandaliczn\u0105 przychodzenie przez przedstawiciela jakiegokolwiek samorz\u0105du i pouczanie, \u017ce jestem dlatego, bo sytuacja do tego dojrza\u0142a, przyszed\u0142em was poinformowa\u0107, jakie jest moje zdanie. Nie jestem got\u00f3w na dyskusj\u0119, przyszed\u0142em pouczy\u0107. Takiej hecy to jeszcze w tym powiecie nie by\u0142o<\/em> \u2013 spuentowa\u0142 starosta. Po tych ostatnich s\u0142owach rozleg\u0142y si\u0119 oklaski.<\/p>\n<p><em>W sumie o\u015bwiadczeniem pana w\u00f3jta nie jestem zaskoczony w tym sensie, \u017ce ca\u0142y czas pozostaje sytuacja, w kt\u00f3rej jest inna grupa ludzi my\u015bl\u0105cych inaczej z m\u0142odszego pokolenia, kt\u00f3ra nie potrzebuje pouczaj\u0105cych mentor\u00f3w, wszystkowiedz\u0105cych, bo my jeste\u015bmy niedo\u015bwiadczeni g\u00f3wniarze, kt\u00f3rzy nie wiedz\u0105 co robi\u0107, a tutaj do\u015bwiadczeni samorz\u0105dowcy, wspaniali eksperci. Ten czas naprawd\u0119, definitywnie ju\u017c si\u0119 sko\u0144czy\u0142. To ju\u017c jest przesz\u0142o\u015b\u0107, w takie bajki nikt powa\u017cny po prostu nie uwierzy. Ta deklaracja dobrej wsp\u00f3\u0142pracy zosta\u0142a zobrazowana tym wyj\u015bciem w momencie, w kt\u00f3rym pan starosta wszed\u0142. C\u00f3\u017c mo\u017cna wi\u0119cej doda\u0107, kultura nakazuje, \u017ceby  wys\u0142ucha\u0107 drugiej strony, co ma w pewnej kwestii do powiedzenia. Dlatego szkoda, bo pan w\u00f3jt odebra\u0142 walor wiarygodno\u015bci wszystkiemu, co m\u00f3wi\u0142 t\u0105 jedn\u0105 rzecz\u0105. Nie chodzi\u0142o o to, \u017ceby nawi\u0105za\u0107 komunikacj\u0119, \u017ceby wymieni\u0107 argumenty. Chodzi\u0142o o to, \u017ceby nawrzuca\u0107. Mnie to kompletnie nie dziwi. Panie starosto, \u017cycz\u0119 panu tego, \u017ceby bardzo pan tego nie prze\u017cywa\u0142, bo to dopiero pocz\u0105tek. Wszystko przed nami, musimy by\u0107 dzielni i spokojni. B\u0119dzie dobrze<\/em> &#8211; m\u00f3wi\u0142 Aleksander Rzepecki, przewodnicz\u0105cy rady powiatu. <\/p>\n<p>Na koniec g\u0142os zabra\u0142 radny Ludwik W\u0119grzyn. <em>Chcia\u0142bym z\u0142o\u017cy\u0107 o\u015bwiadczenie, pro\u015bb\u0119, \u017ceby z \u0142aski swojej nie miesza\u0107 mnie do rozgrywek pomi\u0119dzy panem radnym Paj\u0105kiem a panem w\u00f3jtem Lysym. Nic mi do waszych przyja\u017ani ani mi\u0142o\u015bci. Prosz\u0119 pana przewodnicz\u0105cego, aby wszystkich ludzi traktowa\u0142 dobrze. Nie tylko tych m\u0142odszych, ale tych wcze\u015bniej urodzonych r\u00f3wnie\u017c<\/em>.  <\/p>\n<p>Wspomnia\u0142 te\u017c, \u017ce trzykrotnie w czasie sesji poruszono spraw\u0119 drogi Brze\u017anica-Stary Wi\u015bnicz (kt\u00f3ra jest droga gminn\u0105 na styku gminy Bochnia i gminy Nowy Wi\u015bnicz), a nie zainteresowano si\u0119 drog\u0105 powiatow\u0105 w G\u00f3rnym Siedlcu, kt\u00f3rej remontu od kilku lat domaga si\u0119 radny Jerzy Raczy\u0144ski.  <\/p>\n","protected":false},"excerpt":{"rendered":"<p>W\u00f3jt Jerzy Lysy powr\u00f3ci\u0142 na sesj\u0119 rady powiatu po p\u00f3\u0142tora roku nieobecno\u015bci. Po raz ostatni, jeszcze jako radny obecnej kadencji, by\u0142 w sali narad tu\u017c po wyborach w 2010 r. Tym razem przyby\u0142, aby zrobi\u0107 radzie powiatu \u201erachunek sumienia, \u017cal za grzechy, mocne postanowienie poprawy\u201d. <\/p>\n","protected":false},"author":4,"featured_media":0,"comment_status":"open","ping_status":"closed","sticky":true,"template":"","format":"standard","meta":{"_acf_changed":false,"footnotes":""},"categories":[5,6251,6250],"tags":[605,17225,17136,17215,17457,17398,17372,17519,10839,17494,17347,17493],"class_list":["post-69118","post","type-post","status-publish","format-standard","hentry","category-biezace-wydarzenia","category-polityka-i-wydarzenia","category-tematyka","tag-aleksander-rzepecki","tag-gmina-bochnia","tag-jacek-pajak","tag-jerzy-lysy","tag-polityka","tag-powiat","tag-rada-powiatu","tag-sesja","tag-slon-trabalski","tag-starosta","tag-tomasz-calka","tag-wojt","main_tag-sesja"],"acf":[],"yoast_head":"<!-- This site is optimized with the Yoast SEO plugin v26.9 - https:\/\/yoast.com\/product\/yoast-seo-wordpress\/ -->\n<title>W\u00f3jt Lysy \u017c\u0105da od radnych powiatu rachunku sumienia - mojabochnia.pl - portal informacyjny<\/title>\n<meta name=\"robots\" content=\"index, follow, max-snippet:-1, max-image-preview:large, max-video-preview:-1\" \/>\n<link rel=\"canonical\" href=\"https:\/\/www.mojabochnia.pl\/?p=69118\" \/>\n<meta property=\"og:locale\" content=\"pl_PL\" \/>\n<meta property=\"og:type\" content=\"article\" \/>\n<meta property=\"og:title\" content=\"W\u00f3jt Lysy \u017c\u0105da od radnych powiatu rachunku sumienia - mojabochnia.pl - portal informacyjny\" \/>\n<meta property=\"og:description\" content=\"W\u00f3jt Jerzy Lysy powr\u00f3ci\u0142 na sesj\u0119 rady powiatu po p\u00f3\u0142tora roku nieobecno\u015bci. Po raz ostatni, jeszcze jako radny obecnej kadencji, by\u0142 w sali narad tu\u017c po wyborach w 2010 r. Tym razem przyby\u0142, aby zrobi\u0107 radzie powiatu \u201erachunek sumienia, \u017cal za grzechy, mocne postanowienie poprawy\u201d.\" \/>\n<meta property=\"og:url\" content=\"https:\/\/www.mojabochnia.pl\/?p=69118\" \/>\n<meta property=\"og:site_name\" content=\"mojabochnia.pl - portal informacyjny\" \/>\n<meta property=\"article:publisher\" content=\"https:\/\/www.facebook.com\/mojabochnia\" \/>\n<meta property=\"article:published_time\" content=\"2012-03-31T13:34:14+00:00\" \/>\n<meta name=\"author\" content=\"Pawe\u0142 Michalczyk\" \/>\n<meta name=\"twitter:card\" content=\"summary_large_image\" \/>\n<meta name=\"twitter:label1\" content=\"Written by\" \/>\n\t<meta name=\"twitter:data1\" content=\"Pawe\u0142 Michalczyk\" \/>\n\t<meta name=\"twitter:label2\" content=\"Est. reading time\" \/>\n\t<meta name=\"twitter:data2\" content=\"8 minut\" \/>\n<script type=\"application\/ld+json\" class=\"yoast-schema-graph\">{\"@context\":\"https:\/\/schema.org\",\"@graph\":[{\"@type\":\"Article\",\"@id\":\"https:\/\/www.mojabochnia.pl\/?p=69118#article\",\"isPartOf\":{\"@id\":\"https:\/\/www.mojabochnia.pl\/?p=69118\"},\"author\":{\"name\":\"Pawe\u0142 Michalczyk\",\"@id\":\"https:\/\/www.mojabochnia.pl\/#\/schema\/person\/ea042e4724a77627963f02166828ead4\"},\"headline\":\"W\u00f3jt Lysy \u017c\u0105da od radnych powiatu rachunku sumienia\",\"datePublished\":\"2012-03-31T13:34:14+00:00\",\"mainEntityOfPage\":{\"@id\":\"https:\/\/www.mojabochnia.pl\/?p=69118\"},\"wordCount\":1583,\"commentCount\":0,\"publisher\":{\"@id\":\"https:\/\/www.mojabochnia.pl\/#organization\"},\"keywords\":[\"aleksander rzepecki\",\"gmina bochnia\",\"jacek paj\u0105k\",\"jerzy lysy\",\"polityka\",\"powiat\",\"rada powiatu\",\"sesja\",\"s\u0142o\u0144 tr\u0105balski\",\"starosta\",\"tomasz ca\u0142ka\",\"w\u00f3jt\"],\"articleSection\":[\"2_ostatnie\",\"polityka i wydarzenia\",\"tematyka\"],\"inLanguage\":\"pl-PL\",\"potentialAction\":[{\"@type\":\"CommentAction\",\"name\":\"Comment\",\"target\":[\"https:\/\/www.mojabochnia.pl\/?p=69118#respond\"]}]},{\"@type\":\"WebPage\",\"@id\":\"https:\/\/www.mojabochnia.pl\/?p=69118\",\"url\":\"https:\/\/www.mojabochnia.pl\/?p=69118\",\"name\":\"W\u00f3jt Lysy \u017c\u0105da od radnych powiatu rachunku sumienia - mojabochnia.pl - portal informacyjny\",\"isPartOf\":{\"@id\":\"https:\/\/www.mojabochnia.pl\/#website\"},\"datePublished\":\"2012-03-31T13:34:14+00:00\",\"breadcrumb\":{\"@id\":\"https:\/\/www.mojabochnia.pl\/?p=69118#breadcrumb\"},\"inLanguage\":\"pl-PL\",\"potentialAction\":[{\"@type\":\"ReadAction\",\"target\":[\"https:\/\/www.mojabochnia.pl\/?p=69118\"]}]},{\"@type\":\"BreadcrumbList\",\"@id\":\"https:\/\/www.mojabochnia.pl\/?p=69118#breadcrumb\",\"itemListElement\":[{\"@type\":\"ListItem\",\"position\":1,\"name\":\"Home\",\"item\":\"https:\/\/www.mojabochnia.pl\/\"},{\"@type\":\"ListItem\",\"position\":2,\"name\":\"W\u00f3jt Lysy \u017c\u0105da od radnych powiatu rachunku sumienia\"}]},{\"@type\":\"WebSite\",\"@id\":\"https:\/\/www.mojabochnia.pl\/#website\",\"url\":\"https:\/\/www.mojabochnia.pl\/\",\"name\":\"mojabochnia.pl - portal informacyjny\",\"description\":\"mojaBochnia to portal informacyjny o Bochni. Codziennie o Bochni piszemy i pokazujemy najwa\u017cniejsze wydarzenia\",\"publisher\":{\"@id\":\"https:\/\/www.mojabochnia.pl\/#organization\"},\"potentialAction\":[{\"@type\":\"SearchAction\",\"target\":{\"@type\":\"EntryPoint\",\"urlTemplate\":\"https:\/\/www.mojabochnia.pl\/?s={search_term_string}\"},\"query-input\":{\"@type\":\"PropertyValueSpecification\",\"valueRequired\":true,\"valueName\":\"search_term_string\"}}],\"inLanguage\":\"pl-PL\"},{\"@type\":\"Organization\",\"@id\":\"https:\/\/www.mojabochnia.pl\/#organization\",\"name\":\"mojabochnia.pl - portal informacyjny\",\"url\":\"https:\/\/www.mojabochnia.pl\/\",\"logo\":{\"@type\":\"ImageObject\",\"inLanguage\":\"pl-PL\",\"@id\":\"https:\/\/www.mojabochnia.pl\/#\/schema\/logo\/image\/\",\"url\":\"https:\/\/www.mojabochnia.pl\/wp-content\/uploads\/2017\/08\/logo-mb-opt.png\",\"contentUrl\":\"https:\/\/www.mojabochnia.pl\/wp-content\/uploads\/2017\/08\/logo-mb-opt.png\",\"width\":250,\"height\":48,\"caption\":\"mojabochnia.pl - portal informacyjny\"},\"image\":{\"@id\":\"https:\/\/www.mojabochnia.pl\/#\/schema\/logo\/image\/\"},\"sameAs\":[\"https:\/\/www.facebook.com\/mojabochnia\"]},{\"@type\":\"Person\",\"@id\":\"https:\/\/www.mojabochnia.pl\/#\/schema\/person\/ea042e4724a77627963f02166828ead4\",\"name\":\"Pawe\u0142 Michalczyk\",\"url\":\"https:\/\/www.mojabochnia.pl\/?author=4\"}]}<\/script>\n<!-- \/ Yoast SEO plugin. -->","yoast_head_json":{"title":"W\u00f3jt Lysy \u017c\u0105da od radnych powiatu rachunku sumienia - mojabochnia.pl - portal informacyjny","robots":{"index":"index","follow":"follow","max-snippet":"max-snippet:-1","max-image-preview":"max-image-preview:large","max-video-preview":"max-video-preview:-1"},"canonical":"https:\/\/www.mojabochnia.pl\/?p=69118","og_locale":"pl_PL","og_type":"article","og_title":"W\u00f3jt Lysy \u017c\u0105da od radnych powiatu rachunku sumienia - mojabochnia.pl - portal informacyjny","og_description":"W\u00f3jt Jerzy Lysy powr\u00f3ci\u0142 na sesj\u0119 rady powiatu po p\u00f3\u0142tora roku nieobecno\u015bci. Po raz ostatni, jeszcze jako radny obecnej kadencji, by\u0142 w sali narad tu\u017c po wyborach w 2010 r. Tym razem przyby\u0142, aby zrobi\u0107 radzie powiatu \u201erachunek sumienia, \u017cal za grzechy, mocne postanowienie poprawy\u201d.","og_url":"https:\/\/www.mojabochnia.pl\/?p=69118","og_site_name":"mojabochnia.pl - portal informacyjny","article_publisher":"https:\/\/www.facebook.com\/mojabochnia","article_published_time":"2012-03-31T13:34:14+00:00","author":"Pawe\u0142 Michalczyk","twitter_card":"summary_large_image","twitter_misc":{"Written by":"Pawe\u0142 Michalczyk","Est. reading time":"8 minut"},"schema":{"@context":"https:\/\/schema.org","@graph":[{"@type":"Article","@id":"https:\/\/www.mojabochnia.pl\/?p=69118#article","isPartOf":{"@id":"https:\/\/www.mojabochnia.pl\/?p=69118"},"author":{"name":"Pawe\u0142 Michalczyk","@id":"https:\/\/www.mojabochnia.pl\/#\/schema\/person\/ea042e4724a77627963f02166828ead4"},"headline":"W\u00f3jt Lysy \u017c\u0105da od radnych powiatu rachunku sumienia","datePublished":"2012-03-31T13:34:14+00:00","mainEntityOfPage":{"@id":"https:\/\/www.mojabochnia.pl\/?p=69118"},"wordCount":1583,"commentCount":0,"publisher":{"@id":"https:\/\/www.mojabochnia.pl\/#organization"},"keywords":["aleksander rzepecki","gmina bochnia","jacek paj\u0105k","jerzy lysy","polityka","powiat","rada powiatu","sesja","s\u0142o\u0144 tr\u0105balski","starosta","tomasz ca\u0142ka","w\u00f3jt"],"articleSection":["2_ostatnie","polityka i wydarzenia","tematyka"],"inLanguage":"pl-PL","potentialAction":[{"@type":"CommentAction","name":"Comment","target":["https:\/\/www.mojabochnia.pl\/?p=69118#respond"]}]},{"@type":"WebPage","@id":"https:\/\/www.mojabochnia.pl\/?p=69118","url":"https:\/\/www.mojabochnia.pl\/?p=69118","name":"W\u00f3jt Lysy \u017c\u0105da od radnych powiatu rachunku sumienia - mojabochnia.pl - portal informacyjny","isPartOf":{"@id":"https:\/\/www.mojabochnia.pl\/#website"},"datePublished":"2012-03-31T13:34:14+00:00","breadcrumb":{"@id":"https:\/\/www.mojabochnia.pl\/?p=69118#breadcrumb"},"inLanguage":"pl-PL","potentialAction":[{"@type":"ReadAction","target":["https:\/\/www.mojabochnia.pl\/?p=69118"]}]},{"@type":"BreadcrumbList","@id":"https:\/\/www.mojabochnia.pl\/?p=69118#breadcrumb","itemListElement":[{"@type":"ListItem","position":1,"name":"Home","item":"https:\/\/www.mojabochnia.pl\/"},{"@type":"ListItem","position":2,"name":"W\u00f3jt Lysy \u017c\u0105da od radnych powiatu rachunku sumienia"}]},{"@type":"WebSite","@id":"https:\/\/www.mojabochnia.pl\/#website","url":"https:\/\/www.mojabochnia.pl\/","name":"mojabochnia.pl - portal informacyjny","description":"mojaBochnia to portal informacyjny o Bochni. Codziennie o Bochni piszemy i pokazujemy najwa\u017cniejsze wydarzenia","publisher":{"@id":"https:\/\/www.mojabochnia.pl\/#organization"},"potentialAction":[{"@type":"SearchAction","target":{"@type":"EntryPoint","urlTemplate":"https:\/\/www.mojabochnia.pl\/?s={search_term_string}"},"query-input":{"@type":"PropertyValueSpecification","valueRequired":true,"valueName":"search_term_string"}}],"inLanguage":"pl-PL"},{"@type":"Organization","@id":"https:\/\/www.mojabochnia.pl\/#organization","name":"mojabochnia.pl - portal informacyjny","url":"https:\/\/www.mojabochnia.pl\/","logo":{"@type":"ImageObject","inLanguage":"pl-PL","@id":"https:\/\/www.mojabochnia.pl\/#\/schema\/logo\/image\/","url":"https:\/\/www.mojabochnia.pl\/wp-content\/uploads\/2017\/08\/logo-mb-opt.png","contentUrl":"https:\/\/www.mojabochnia.pl\/wp-content\/uploads\/2017\/08\/logo-mb-opt.png","width":250,"height":48,"caption":"mojabochnia.pl - portal informacyjny"},"image":{"@id":"https:\/\/www.mojabochnia.pl\/#\/schema\/logo\/image\/"},"sameAs":["https:\/\/www.facebook.com\/mojabochnia"]},{"@type":"Person","@id":"https:\/\/www.mojabochnia.pl\/#\/schema\/person\/ea042e4724a77627963f02166828ead4","name":"Pawe\u0142 Michalczyk","url":"https:\/\/www.mojabochnia.pl\/?author=4"}]}},"_links":{"self":[{"href":"https:\/\/www.mojabochnia.pl\/index.php?rest_route=\/wp\/v2\/posts\/69118","targetHints":{"allow":["GET"]}}],"collection":[{"href":"https:\/\/www.mojabochnia.pl\/index.php?rest_route=\/wp\/v2\/posts"}],"about":[{"href":"https:\/\/www.mojabochnia.pl\/index.php?rest_route=\/wp\/v2\/types\/post"}],"author":[{"embeddable":true,"href":"https:\/\/www.mojabochnia.pl\/index.php?rest_route=\/wp\/v2\/users\/4"}],"replies":[{"embeddable":true,"href":"https:\/\/www.mojabochnia.pl\/index.php?rest_route=%2Fwp%2Fv2%2Fcomments&post=69118"}],"version-history":[{"count":5,"href":"https:\/\/www.mojabochnia.pl\/index.php?rest_route=\/wp\/v2\/posts\/69118\/revisions"}],"predecessor-version":[{"id":69124,"href":"https:\/\/www.mojabochnia.pl\/index.php?rest_route=\/wp\/v2\/posts\/69118\/revisions\/69124"}],"wp:attachment":[{"href":"https:\/\/www.mojabochnia.pl\/index.php?rest_route=%2Fwp%2Fv2%2Fmedia&parent=69118"}],"wp:term":[{"taxonomy":"category","embeddable":true,"href":"https:\/\/www.mojabochnia.pl\/index.php?rest_route=%2Fwp%2Fv2%2Fcategories&post=69118"},{"taxonomy":"post_tag","embeddable":true,"href":"https:\/\/www.mojabochnia.pl\/index.php?rest_route=%2Fwp%2Fv2%2Ftags&post=69118"}],"curies":[{"name":"wp","href":"https:\/\/api.w.org\/{rel}","templated":true}]}}