{"id":69098,"date":"2012-03-31T14:11:45","date_gmt":"2012-03-31T12:11:45","guid":{"rendered":"http:\/\/www.mojabochnia.pl\/?p=69098"},"modified":"2012-03-31T11:12:32","modified_gmt":"2012-03-31T09:12:32","slug":"mlode-talenty-i-mlodzi-plastycy-trwa-przyjmowanie-zgloszen-na-konkurs","status":"publish","type":"post","link":"https:\/\/www.mojabochnia.pl\/?p=69098","title":{"rendered":"M\u0142ode Talenty i M\u0142odzi Plastycy: trwa przyjmowanie zg\u0142osze\u0144 na konkurs"},"content":{"rendered":"<p><strong>REGULAMIN POWIATOWEGO PRZEGL\u0104DU \u201eM\u0141ODE TALENTY 2012\u201d pod Patronatem Starosty Boche\u0144skiego<\/strong><\/p>\n<p>Organizatorem jest Miejski Dom Kultury w Bochni (koordynator Ewa Krzywda).<\/p>\n<p>Przegl\u0105d jest form\u0105 konkursu, skierowan\u0105 do dzieci i m\u0142odzie\u017cy rozwijaj\u0105cych swoje pasje, wykraczaj\u0105ce poza szkolne programy edukacyjne. Daje im mo\u017cliwo\u015b\u0107 prezentacji i konfrontacji w\u0142asnych umiej\u0119tno\u015bci jako solist\u00f3w lub zespo\u0142\u00f3w.<br \/>\n<strong><br \/>\nKATEGORIE ARTYSTYCZNE<\/strong><\/p>\n<p>&#8211; aktorska (teatr, kabaret, konferansjer)<br \/>\n&#8211; taneczna (taniec)<br \/>\n&#8211; wokalno-muzyczna (\u015bpiew, gra na instrumentach)<br \/>\n&#8211; szczeg\u00f3lnych umiej\u0119tno\u015bci (akrobatyka, gimnastyka itp.)<br \/>\n&#8211; plastyczna (oddzielny regulamin)<\/p>\n<p><strong>KATEGORIE WIEKOWE<\/strong><\/p>\n<p>&#8211; przedszkole<br \/>\n&#8211; szko\u0142a podstawowa<br \/>\n&#8211; gimnazjum<br \/>\n&#8211; szko\u0142a \u015brednia<\/p>\n<p><strong>PRZEBIEG KONKURSU<\/strong><\/p>\n<p>&#8211; eliminacje \u2013 przes\u0142uchanie wszystkich na podstawie prawid\u0142owo wype\u0142nionej karty zg\u0142osze\u0144<\/p>\n<p>&#8211; koncert galowy \u2013 prezentacja wy\u0142onionych w drodze eliminacji laureat\u00f3w spo\u015br\u00f3d kt\u00f3rych zostan\u0105 wybrane M\u0142ode Talenty.<br \/>\nNAGRODY<\/p>\n<p>&#8211; Tytu\u0142 \u201eM\u0142ody Talent 2012\u201d (statuetka) \u2013 przyznawany jest wybitnie wyr\u00f3\u017cniaj\u0105cym si\u0119 laureatom i jest g\u0142\u00f3wn\u0105 nagrod\u0105.<\/p>\n<p>&#8211; Wyst\u0119p Laureat\u00f3w (Koncert laureat\u00f3w) podczas Dni Bochni \u2013 3 czerwca 2012 r. \u2013 Smyk\u00f3w<\/p>\n<p>&#8211; Wyr\u00f3\u017cnienie w Przegl\u0105dzie (dyplom) \u2013 wyr\u00f3\u017cnienia s\u0105 r\u00f3wnorz\u0119dne i otrzymuj\u0105 je wszyscy laureaci<\/p>\n<p>Wszystkim laureatom organizator zapewnia mo\u017cliwo\u015b\u0107 prezentacji podczas organizowanych przez siebie imprez estradowych.<\/p>\n<p><strong>KRYTERIA OCENY<\/strong><\/p>\n<p>&#8211; poziom umiej\u0119tno\u015bci (stosownie do prezentowanej kategorii tzw. warsztat czyli np. emisja g\u0142osu, poczucie rytmu, pami\u0119ciowe opanowanie tekstu itp.)<\/p>\n<p>&#8211; w\u0142asna inwencja tw\u00f3rcza (prezentacje autorskich utwor\u00f3w, w\u0142asne aran\u017cacje i interpretacje)<\/p>\n<p>&#8211; og\u00f3lne wra\u017cenie artystyczne (dob\u00f3r stroj\u00f3w, rekwizyt\u00f3w, autoprezentacja, ekspresja prezentacji )<\/p>\n<p><strong>FORMA OCENY<\/strong><\/p>\n<p>&#8211; uczestnicy podlegaj\u0105 ocenie punktowej (1-5) przez ka\u017cdego cz\u0142onka komisji.<\/p>\n<p>&#8211; punktacja b\u0119dzie jawna i dost\u0119pna po og\u0142oszeniu wynik\u00f3w w MDK.<\/p>\n<p>&#8211; komisja konkursowa zostanie powo\u0142ana przez organizatora i og\u0142oszona na www.mdkbochnia.pl na tydzie\u0144 przed rozpocz\u0119ciem przes\u0142ucha\u0144.<\/p>\n<p><strong>REGULAMIN PRZEGL\u0104DU<\/strong><\/p>\n<p>1. Ka\u017cdy uczestnik (solista, grupa) przygotowuje prezentacj\u0119 w wybranej kategorii artystycznej trwaj\u0105c\u0105 do 5 min.<\/p>\n<p>2. Wszystkie akcesoria potrzebne do wyst\u0119pu uczestnicy przynosz\u0105 we w\u0142asnym zakresie (rekwizyty, instrumenty muzyczne, podk\u0142ady muzyczne). Istnieje mo\u017cliwo\u015b\u0107 u\u017cyczenia sprz\u0119tu przez MDK po wcze\u015bniejszym uzgodnieniu.<\/p>\n<p>3. Nie ma mo\u017cliwo\u015bci uczestniczenia tych samych os\u00f3b w sk\u0142adzie r\u00f3\u017cnych zespo\u0142\u00f3w.<\/p>\n<p>4. Organizator zapewnia sprz\u0119t nag\u0142a\u015bniaj\u0105cy (nie odpowiada za trudno\u015bci w odtwarzaniu wynikaj\u0105ce ze z\u0142ej jako\u015bci nagra\u0144).<\/p>\n<p>5. Zg\u0142oszenia na podstawie dok\u0142adnie i czytelnie wype\u0142nionej karty z\u0142o\u017conej w MDK w nieprzekraczalnym terminie do 18 maja 2012 roku osobi\u015bcie lub faksem: 14 611 81 69<\/p>\n<p>6. Eliminacje odb\u0119d\u0105 si\u0119 w formie otwartej imprezy w dniach 22 i 23 maja 2012 w Hali Widowiskowo \u2013 Sportowej, ul. Poniatowskiego 32 od godziny 9.00 (kolejno\u015b\u0107 prezentacji zostanie podana na www.mdkbochnia.pl do 18 maja 2012 roku)<\/p>\n<p>7. Koncert wszystkich laureat\u00f3w spo\u015br\u00f3d kt\u00f3rych zostan\u0105 wy\u0142onione \u201eM\u0142ode Talenty 2012 roku\u201d odb\u0119dzie si\u0119 3 czerwca podczas Dni Bochni 2012 na Smykowie.<\/p>\n<p>8. Organizator zastrzega sobie uczestnictwo w komisji konkursowej.<\/p>\n<p>9. Przegl\u0105d obejmuje tak\u017ce tw\u00f3rczo\u015b\u0107 plastyczn\u0105 w r\u00f3wnoleg\u0142ym konkursie \u201dM\u0142odzi Plastycy 2012\u201d (regulamin w oddzielnym folderze).<\/p>\n<p>10. Zg\u0142oszenie uczestnictwa jest r\u00f3wnoznaczne z akceptacj\u0105 regulaminu.<\/p>\n<p>&#8212;&#8212;&#8212;&#8212;&#8212;&#8212;&#8212;&#8212;&#8212;&#8212;&#8212;&#8212;&#8212;&#8212;&#8212;&#8212;&#8212;&#8212;&#8211;<\/p>\n<p><strong>REGULAMIN POWIATOWEGO PRZEGL\u0104DU \u201eM\u0141ODZI PLASTYCY 2012\u201d pod patronatem Starosty Boche\u0144skiego<\/strong><\/p>\n<p>Organizatorem jest Miejski Dom Kultury w Bochni (koordynator Bernadetta Gaw\u0105d).<\/p>\n<p>Przegl\u0105d jest form\u0105 konkursu, kt\u00f3rego celem jest prezentacja tw\u00f3rczo\u015bci plastycznej dzieci i m\u0142odzie\u017cy w wymiarze przekraczaj\u0105cym szkolny program edukacyjny. Skierowany jest do tych, kt\u00f3rzy wszechstronnie rozwijaj\u0105 sw\u00f3j talent i doskonal\u0105 umiej\u0119tno\u015bci. Brak narzuconego tematu i techniki prac ma na celu maksymaln\u0105 swobod\u0119 wypowiedzi.<\/p>\n<p><strong>KATEGORIE WIEKOWE<\/strong><\/p>\n<p>&#8211; przedszkole<br \/>\n&#8211; szko\u0142a podstawowa<br \/>\n&#8211; gimnazjum<br \/>\n&#8211; szko\u0142a \u015brednia<\/p>\n<p><strong>NAGRODY<\/strong><\/p>\n<p>Wybrane prace prezentowane b\u0119d\u0105 na wystawie w Miejskim Domu Kultury. Nagrod\u0105 b\u0119dzie tytu\u0142 (dyplom i nagrody rzeczowe) \u201dM\u0142ody Plastyk 2012\u201d (miejsca I-III oraz wyr\u00f3\u017cnienia) wr\u0119czane podczas Koncertu Laureat\u00f3w \u201dM\u0142ode Talenty 2012\u201d<\/p>\n<p><strong>KRYTERIA OCENY<\/strong><\/p>\n<p>&#8211; umiej\u0119tno\u015b\u0107 pos\u0142ugiwania si\u0119 r\u00f3\u017cnymi technikami<br \/>\n&#8211; wszechstronno\u015b\u0107 wypowiedzi (r\u00f3\u017cnorodno\u015b\u0107 temat\u00f3w i technik)<br \/>\n&#8211; warto\u015bci estetyczne i plastyczne prac<\/p>\n<p><strong>REGULAMIN PRZEGL\u0104DU<\/strong><\/p>\n<p>1. Ka\u017cdy uczestnik sk\u0142ada co najmniej 3 prace plastyczne w dowolnych technikach (malarstwo, rysunek, kola\u017c itp., najlepiej r\u00f3\u017cnych, daj\u0105cych pe\u0142ny obraz umiej\u0119tno\u015bci) lub zestaw minimum 10 fotografii. Prace wcze\u015bniej prezentowane w Miejkim Domu Kultury w Bochni nie bior\u0105 udzia\u0142u w przegl\u0105dzie.<\/p>\n<p>2. Format ka\u017cdej pracy nie przekracza 50\u00d770 cm, dla fotografii minimum 15\u00d721 cm.<\/p>\n<p>3. Ka\u017cd\u0105 prac\u0119\/zdj\u0119cie nale\u017cy dok\u0142adnie opisa\u0107 (imi\u0119, nazwisko, klasa, szko\u0142a \u2013 z ty\u0142u pracy) i z\u0142o\u017cy\u0107 w MDK wraz z kart\u0105 zg\u0142oszenia do 16 maja 2012.<\/p>\n<p>4. Organizator zastrzega sobie uczestnictwo w komisji konkursowej.<\/p>\n<p>5. Rozdanie nagr\u00f3d odb\u0119dzie si\u0119 podczas Koncertu Laureat\u00f3w \u201eM\u0142ode Talenty 2012\u201d. Laureaci tytu\u0142\u00f3w \u201dM\u0142ody Plastyk\u201d zostan\u0105 poinformowani za po\u015brednictwem szk\u00f3\u0142 .<\/p>\n<p>6. Z\u0142o\u017cenie prac jest r\u00f3wnoznaczne z akceptacj\u0105 regulaminu.<\/p>\n","protected":false},"excerpt":{"rendered":"<p>22 i 23 maja odb\u0119dzie si\u0119 kolejna edycja Przegl\u0105du M\u0142odych Talent\u00f3w oraz M\u0142odych Plastyk\u00f3w. Zg\u0142oszenia przyjmowane s\u0105 do 16 maja. Co trzeba zrobi\u0107, aby mie\u0107 szans\u0119 wyst\u0105pienia na Dniach Bochni?<\/p>\n","protected":false},"author":4,"featured_media":0,"comment_status":"open","ping_status":"closed","sticky":false,"template":"","format":"standard","meta":{"_acf_changed":false,"footnotes":""},"categories":[5,92,6250],"tags":[10833,1704,17444,17705,10834,17599],"class_list":["post-69098","post","type-post","status-publish","format-standard","hentry","category-biezace-wydarzenia","category-kultura","category-tematyka","tag-emininacje","tag-ewa-krzywda","tag-mdk","tag-mlode-talenty","tag-mlodzi-plastycy","tag-przeglad","main_tag-mdk-2"],"acf":[],"yoast_head":"<!-- This site is optimized with the Yoast SEO plugin v26.9 - https:\/\/yoast.com\/product\/yoast-seo-wordpress\/ -->\n<title>M\u0142ode Talenty i M\u0142odzi Plastycy: trwa przyjmowanie zg\u0142osze\u0144 na konkurs - mojabochnia.pl - portal informacyjny<\/title>\n<meta name=\"robots\" content=\"index, follow, max-snippet:-1, max-image-preview:large, max-video-preview:-1\" \/>\n<link rel=\"canonical\" href=\"https:\/\/www.mojabochnia.pl\/?p=69098\" \/>\n<meta property=\"og:locale\" content=\"pl_PL\" \/>\n<meta property=\"og:type\" content=\"article\" \/>\n<meta property=\"og:title\" content=\"M\u0142ode Talenty i M\u0142odzi Plastycy: trwa przyjmowanie zg\u0142osze\u0144 na konkurs - mojabochnia.pl - portal informacyjny\" \/>\n<meta property=\"og:description\" content=\"22 i 23 maja odb\u0119dzie si\u0119 kolejna edycja Przegl\u0105du M\u0142odych Talent\u00f3w oraz M\u0142odych Plastyk\u00f3w. Zg\u0142oszenia przyjmowane s\u0105 do 16 maja. Co trzeba zrobi\u0107, aby mie\u0107 szans\u0119 wyst\u0105pienia na Dniach Bochni?\" \/>\n<meta property=\"og:url\" content=\"https:\/\/www.mojabochnia.pl\/?p=69098\" \/>\n<meta property=\"og:site_name\" content=\"mojabochnia.pl - portal informacyjny\" \/>\n<meta property=\"article:publisher\" content=\"https:\/\/www.facebook.com\/mojabochnia\" \/>\n<meta property=\"article:published_time\" content=\"2012-03-31T12:11:45+00:00\" \/>\n<meta name=\"author\" content=\"Pawe\u0142 Michalczyk\" \/>\n<meta name=\"twitter:card\" content=\"summary_large_image\" \/>\n<meta name=\"twitter:label1\" content=\"Written by\" \/>\n\t<meta name=\"twitter:data1\" content=\"Pawe\u0142 Michalczyk\" \/>\n\t<meta name=\"twitter:label2\" content=\"Est. reading time\" \/>\n\t<meta name=\"twitter:data2\" content=\"4 minuty\" \/>\n<script type=\"application\/ld+json\" class=\"yoast-schema-graph\">{\"@context\":\"https:\/\/schema.org\",\"@graph\":[{\"@type\":\"Article\",\"@id\":\"https:\/\/www.mojabochnia.pl\/?p=69098#article\",\"isPartOf\":{\"@id\":\"https:\/\/www.mojabochnia.pl\/?p=69098\"},\"author\":{\"name\":\"Pawe\u0142 Michalczyk\",\"@id\":\"https:\/\/www.mojabochnia.pl\/#\/schema\/person\/ea042e4724a77627963f02166828ead4\"},\"headline\":\"M\u0142ode Talenty i M\u0142odzi Plastycy: trwa przyjmowanie zg\u0142osze\u0144 na konkurs\",\"datePublished\":\"2012-03-31T12:11:45+00:00\",\"mainEntityOfPage\":{\"@id\":\"https:\/\/www.mojabochnia.pl\/?p=69098\"},\"wordCount\":827,\"commentCount\":0,\"publisher\":{\"@id\":\"https:\/\/www.mojabochnia.pl\/#organization\"},\"keywords\":[\"emininacje\",\"ewa krzywda\",\"MDK\",\"m\u0142ode talenty\",\"m\u0142odzi plastycy\",\"przegl\u0105d\"],\"articleSection\":[\"2_ostatnie\",\"kultura\",\"tematyka\"],\"inLanguage\":\"pl-PL\",\"potentialAction\":[{\"@type\":\"CommentAction\",\"name\":\"Comment\",\"target\":[\"https:\/\/www.mojabochnia.pl\/?p=69098#respond\"]}]},{\"@type\":\"WebPage\",\"@id\":\"https:\/\/www.mojabochnia.pl\/?p=69098\",\"url\":\"https:\/\/www.mojabochnia.pl\/?p=69098\",\"name\":\"M\u0142ode Talenty i M\u0142odzi Plastycy: trwa przyjmowanie zg\u0142osze\u0144 na konkurs - mojabochnia.pl - portal informacyjny\",\"isPartOf\":{\"@id\":\"https:\/\/www.mojabochnia.pl\/#website\"},\"datePublished\":\"2012-03-31T12:11:45+00:00\",\"breadcrumb\":{\"@id\":\"https:\/\/www.mojabochnia.pl\/?p=69098#breadcrumb\"},\"inLanguage\":\"pl-PL\",\"potentialAction\":[{\"@type\":\"ReadAction\",\"target\":[\"https:\/\/www.mojabochnia.pl\/?p=69098\"]}]},{\"@type\":\"BreadcrumbList\",\"@id\":\"https:\/\/www.mojabochnia.pl\/?p=69098#breadcrumb\",\"itemListElement\":[{\"@type\":\"ListItem\",\"position\":1,\"name\":\"Home\",\"item\":\"https:\/\/www.mojabochnia.pl\/\"},{\"@type\":\"ListItem\",\"position\":2,\"name\":\"M\u0142ode Talenty i M\u0142odzi Plastycy: trwa przyjmowanie zg\u0142osze\u0144 na konkurs\"}]},{\"@type\":\"WebSite\",\"@id\":\"https:\/\/www.mojabochnia.pl\/#website\",\"url\":\"https:\/\/www.mojabochnia.pl\/\",\"name\":\"mojabochnia.pl - portal informacyjny\",\"description\":\"mojaBochnia to portal informacyjny o Bochni. Codziennie o Bochni piszemy i pokazujemy najwa\u017cniejsze wydarzenia\",\"publisher\":{\"@id\":\"https:\/\/www.mojabochnia.pl\/#organization\"},\"potentialAction\":[{\"@type\":\"SearchAction\",\"target\":{\"@type\":\"EntryPoint\",\"urlTemplate\":\"https:\/\/www.mojabochnia.pl\/?s={search_term_string}\"},\"query-input\":{\"@type\":\"PropertyValueSpecification\",\"valueRequired\":true,\"valueName\":\"search_term_string\"}}],\"inLanguage\":\"pl-PL\"},{\"@type\":\"Organization\",\"@id\":\"https:\/\/www.mojabochnia.pl\/#organization\",\"name\":\"mojabochnia.pl - portal informacyjny\",\"url\":\"https:\/\/www.mojabochnia.pl\/\",\"logo\":{\"@type\":\"ImageObject\",\"inLanguage\":\"pl-PL\",\"@id\":\"https:\/\/www.mojabochnia.pl\/#\/schema\/logo\/image\/\",\"url\":\"https:\/\/www.mojabochnia.pl\/wp-content\/uploads\/2017\/08\/logo-mb-opt.png\",\"contentUrl\":\"https:\/\/www.mojabochnia.pl\/wp-content\/uploads\/2017\/08\/logo-mb-opt.png\",\"width\":250,\"height\":48,\"caption\":\"mojabochnia.pl - portal informacyjny\"},\"image\":{\"@id\":\"https:\/\/www.mojabochnia.pl\/#\/schema\/logo\/image\/\"},\"sameAs\":[\"https:\/\/www.facebook.com\/mojabochnia\"]},{\"@type\":\"Person\",\"@id\":\"https:\/\/www.mojabochnia.pl\/#\/schema\/person\/ea042e4724a77627963f02166828ead4\",\"name\":\"Pawe\u0142 Michalczyk\",\"url\":\"https:\/\/www.mojabochnia.pl\/?author=4\"}]}<\/script>\n<!-- \/ Yoast SEO plugin. -->","yoast_head_json":{"title":"M\u0142ode Talenty i M\u0142odzi Plastycy: trwa przyjmowanie zg\u0142osze\u0144 na konkurs - mojabochnia.pl - portal informacyjny","robots":{"index":"index","follow":"follow","max-snippet":"max-snippet:-1","max-image-preview":"max-image-preview:large","max-video-preview":"max-video-preview:-1"},"canonical":"https:\/\/www.mojabochnia.pl\/?p=69098","og_locale":"pl_PL","og_type":"article","og_title":"M\u0142ode Talenty i M\u0142odzi Plastycy: trwa przyjmowanie zg\u0142osze\u0144 na konkurs - mojabochnia.pl - portal informacyjny","og_description":"22 i 23 maja odb\u0119dzie si\u0119 kolejna edycja Przegl\u0105du M\u0142odych Talent\u00f3w oraz M\u0142odych Plastyk\u00f3w. Zg\u0142oszenia przyjmowane s\u0105 do 16 maja. Co trzeba zrobi\u0107, aby mie\u0107 szans\u0119 wyst\u0105pienia na Dniach Bochni?","og_url":"https:\/\/www.mojabochnia.pl\/?p=69098","og_site_name":"mojabochnia.pl - portal informacyjny","article_publisher":"https:\/\/www.facebook.com\/mojabochnia","article_published_time":"2012-03-31T12:11:45+00:00","author":"Pawe\u0142 Michalczyk","twitter_card":"summary_large_image","twitter_misc":{"Written by":"Pawe\u0142 Michalczyk","Est. reading time":"4 minuty"},"schema":{"@context":"https:\/\/schema.org","@graph":[{"@type":"Article","@id":"https:\/\/www.mojabochnia.pl\/?p=69098#article","isPartOf":{"@id":"https:\/\/www.mojabochnia.pl\/?p=69098"},"author":{"name":"Pawe\u0142 Michalczyk","@id":"https:\/\/www.mojabochnia.pl\/#\/schema\/person\/ea042e4724a77627963f02166828ead4"},"headline":"M\u0142ode Talenty i M\u0142odzi Plastycy: trwa przyjmowanie zg\u0142osze\u0144 na konkurs","datePublished":"2012-03-31T12:11:45+00:00","mainEntityOfPage":{"@id":"https:\/\/www.mojabochnia.pl\/?p=69098"},"wordCount":827,"commentCount":0,"publisher":{"@id":"https:\/\/www.mojabochnia.pl\/#organization"},"keywords":["emininacje","ewa krzywda","MDK","m\u0142ode talenty","m\u0142odzi plastycy","przegl\u0105d"],"articleSection":["2_ostatnie","kultura","tematyka"],"inLanguage":"pl-PL","potentialAction":[{"@type":"CommentAction","name":"Comment","target":["https:\/\/www.mojabochnia.pl\/?p=69098#respond"]}]},{"@type":"WebPage","@id":"https:\/\/www.mojabochnia.pl\/?p=69098","url":"https:\/\/www.mojabochnia.pl\/?p=69098","name":"M\u0142ode Talenty i M\u0142odzi Plastycy: trwa przyjmowanie zg\u0142osze\u0144 na konkurs - mojabochnia.pl - portal informacyjny","isPartOf":{"@id":"https:\/\/www.mojabochnia.pl\/#website"},"datePublished":"2012-03-31T12:11:45+00:00","breadcrumb":{"@id":"https:\/\/www.mojabochnia.pl\/?p=69098#breadcrumb"},"inLanguage":"pl-PL","potentialAction":[{"@type":"ReadAction","target":["https:\/\/www.mojabochnia.pl\/?p=69098"]}]},{"@type":"BreadcrumbList","@id":"https:\/\/www.mojabochnia.pl\/?p=69098#breadcrumb","itemListElement":[{"@type":"ListItem","position":1,"name":"Home","item":"https:\/\/www.mojabochnia.pl\/"},{"@type":"ListItem","position":2,"name":"M\u0142ode Talenty i M\u0142odzi Plastycy: trwa przyjmowanie zg\u0142osze\u0144 na konkurs"}]},{"@type":"WebSite","@id":"https:\/\/www.mojabochnia.pl\/#website","url":"https:\/\/www.mojabochnia.pl\/","name":"mojabochnia.pl - portal informacyjny","description":"mojaBochnia to portal informacyjny o Bochni. Codziennie o Bochni piszemy i pokazujemy najwa\u017cniejsze wydarzenia","publisher":{"@id":"https:\/\/www.mojabochnia.pl\/#organization"},"potentialAction":[{"@type":"SearchAction","target":{"@type":"EntryPoint","urlTemplate":"https:\/\/www.mojabochnia.pl\/?s={search_term_string}"},"query-input":{"@type":"PropertyValueSpecification","valueRequired":true,"valueName":"search_term_string"}}],"inLanguage":"pl-PL"},{"@type":"Organization","@id":"https:\/\/www.mojabochnia.pl\/#organization","name":"mojabochnia.pl - portal informacyjny","url":"https:\/\/www.mojabochnia.pl\/","logo":{"@type":"ImageObject","inLanguage":"pl-PL","@id":"https:\/\/www.mojabochnia.pl\/#\/schema\/logo\/image\/","url":"https:\/\/www.mojabochnia.pl\/wp-content\/uploads\/2017\/08\/logo-mb-opt.png","contentUrl":"https:\/\/www.mojabochnia.pl\/wp-content\/uploads\/2017\/08\/logo-mb-opt.png","width":250,"height":48,"caption":"mojabochnia.pl - portal informacyjny"},"image":{"@id":"https:\/\/www.mojabochnia.pl\/#\/schema\/logo\/image\/"},"sameAs":["https:\/\/www.facebook.com\/mojabochnia"]},{"@type":"Person","@id":"https:\/\/www.mojabochnia.pl\/#\/schema\/person\/ea042e4724a77627963f02166828ead4","name":"Pawe\u0142 Michalczyk","url":"https:\/\/www.mojabochnia.pl\/?author=4"}]}},"_links":{"self":[{"href":"https:\/\/www.mojabochnia.pl\/index.php?rest_route=\/wp\/v2\/posts\/69098","targetHints":{"allow":["GET"]}}],"collection":[{"href":"https:\/\/www.mojabochnia.pl\/index.php?rest_route=\/wp\/v2\/posts"}],"about":[{"href":"https:\/\/www.mojabochnia.pl\/index.php?rest_route=\/wp\/v2\/types\/post"}],"author":[{"embeddable":true,"href":"https:\/\/www.mojabochnia.pl\/index.php?rest_route=\/wp\/v2\/users\/4"}],"replies":[{"embeddable":true,"href":"https:\/\/www.mojabochnia.pl\/index.php?rest_route=%2Fwp%2Fv2%2Fcomments&post=69098"}],"version-history":[{"count":2,"href":"https:\/\/www.mojabochnia.pl\/index.php?rest_route=\/wp\/v2\/posts\/69098\/revisions"}],"predecessor-version":[{"id":69101,"href":"https:\/\/www.mojabochnia.pl\/index.php?rest_route=\/wp\/v2\/posts\/69098\/revisions\/69101"}],"wp:attachment":[{"href":"https:\/\/www.mojabochnia.pl\/index.php?rest_route=%2Fwp%2Fv2%2Fmedia&parent=69098"}],"wp:term":[{"taxonomy":"category","embeddable":true,"href":"https:\/\/www.mojabochnia.pl\/index.php?rest_route=%2Fwp%2Fv2%2Fcategories&post=69098"},{"taxonomy":"post_tag","embeddable":true,"href":"https:\/\/www.mojabochnia.pl\/index.php?rest_route=%2Fwp%2Fv2%2Ftags&post=69098"}],"curies":[{"name":"wp","href":"https:\/\/api.w.org\/{rel}","templated":true}]}}