{"id":69095,"date":"2012-03-31T10:47:23","date_gmt":"2012-03-31T08:47:23","guid":{"rendered":"http:\/\/www.mojabochnia.pl\/?p=69095"},"modified":"2012-03-31T10:47:23","modified_gmt":"2012-03-31T08:47:23","slug":"kiermasz-wielkanocy-oraz-konkurs-palm-w-chelmie","status":"publish","type":"post","link":"https:\/\/www.mojabochnia.pl\/?p=69095","title":{"rendered":"Kiermasz Wielkanocy oraz Konkurs Palm w Che\u0142mie"},"content":{"rendered":"<p>M.in. b\u0119d\u0105 to: kraszanki, pisanki, baranki, zaj\u0105czki, palmy jak i r\u00f3\u017cnorodne stroiki. Wszystko wykonane r\u0119cznie i z tradycyjnych materia\u0142\u00f3w przez dzieci, m\u0142odzie\u017c i doros\u0142ych z terenu gminy Bochnia. Kiermasz rozpocznie si\u0119 o godzinie 10-.00 i potrwa do godziny 15.00.<\/p>\n<p>Dodatkow\u0105 atrakcj\u0105 b\u0119dzie tego dnia konkurs na najpi\u0119kniejsze palmy, kt\u00f3rego rozstrzygni\u0119cie nast\u0105pi po mszy \u015bwi\u0119tej, odprawianej od godziny 10.30 w ko\u015bciele parafialnym \u015bw. Jana Chrzciciela w Che\u0142mie (Ko\u015bci\u00f3\u0142 Bo\u017cogrobc\u00f3w).<br \/>\n<em><br \/>\nGor\u0105co zach\u0119camy do skorzystania z zaproszenia. Nawet je\u015bli kto\u015b nie nosi si\u0119 z zamiarem robienia zakup\u00f3w podczas kiermaszu, to jednak wizyta w tym dniu w Che\u0142mie, mo\u017ce by\u0107 doskona\u0142\u0105 okazj\u0105 do odkrycia w\u0142asnych inspiracji plastycznych zwi\u0105zanych z bardzo bogat\u0105 w naszym regionie obrz\u0119dowo\u015bci\u0105 wielkanocn\u0105<\/em> &#8211; m\u00f3wi Danuta Niemiec, dyrektor Gminnego Centrum, Kultury, Czytelnictwa i Sportu w \u0141apczycy.<\/p>\n","protected":false},"excerpt":{"rendered":"<p>1 kwietnia, w Niedziel\u0119 Palmow\u0105, Gminne Centrum Kultury Czytelnictwa i Sportu w Bochni, podobnie jak w ubieg\u0142ym roku, zaprasza na Kiermasz Wielkanocny, kt\u00f3ry odb\u0119dzie si\u0119 przed che\u0142msk\u0105 Galeri\u0105. Podczas Kiermaszu, b\u0119dzie mo\u017cna nie tylko ogl\u0105da\u0107 ale r\u00f3wnie\u017c zakupi\u0107 prezentowane na specjalnych stoiskach tradycyjne wyroby zwi\u0105zane z okresem \u015bwi\u0105t wielkanocnych.<\/p>\n","protected":false},"author":13,"featured_media":0,"comment_status":"open","ping_status":"closed","sticky":false,"template":"","format":"standard","meta":{"_acf_changed":false,"footnotes":""},"categories":[5,92,6250],"tags":[17244,1647,17564,17627],"class_list":["post-69095","post","type-post","status-publish","format-standard","hentry","category-biezace-wydarzenia","category-kultura","category-tematyka","tag-chelm","tag-danuta-niemiec","tag-kiermasz","tag-wielkanoc","main_tag-chelm"],"acf":[],"yoast_head":"<!-- This site is optimized with the Yoast SEO plugin v26.9 - https:\/\/yoast.com\/product\/yoast-seo-wordpress\/ -->\n<title>Kiermasz Wielkanocy oraz Konkurs Palm w Che\u0142mie - mojabochnia.pl - portal informacyjny<\/title>\n<meta name=\"robots\" content=\"index, follow, max-snippet:-1, max-image-preview:large, max-video-preview:-1\" \/>\n<link rel=\"canonical\" href=\"https:\/\/www.mojabochnia.pl\/?p=69095\" \/>\n<meta property=\"og:locale\" content=\"pl_PL\" \/>\n<meta property=\"og:type\" content=\"article\" \/>\n<meta property=\"og:title\" content=\"Kiermasz Wielkanocy oraz Konkurs Palm w Che\u0142mie - mojabochnia.pl - portal informacyjny\" \/>\n<meta property=\"og:description\" content=\"1 kwietnia, w Niedziel\u0119 Palmow\u0105, Gminne Centrum Kultury Czytelnictwa i Sportu w Bochni, podobnie jak w ubieg\u0142ym roku, zaprasza na Kiermasz Wielkanocny, kt\u00f3ry odb\u0119dzie si\u0119 przed che\u0142msk\u0105 Galeri\u0105. Podczas Kiermaszu, b\u0119dzie mo\u017cna nie tylko ogl\u0105da\u0107 ale r\u00f3wnie\u017c zakupi\u0107 prezentowane na specjalnych stoiskach tradycyjne wyroby zwi\u0105zane z okresem \u015bwi\u0105t wielkanocnych.\" \/>\n<meta property=\"og:url\" content=\"https:\/\/www.mojabochnia.pl\/?p=69095\" \/>\n<meta property=\"og:site_name\" content=\"mojabochnia.pl - portal informacyjny\" \/>\n<meta property=\"article:publisher\" content=\"https:\/\/www.facebook.com\/mojabochnia\" \/>\n<meta property=\"article:published_time\" content=\"2012-03-31T08:47:23+00:00\" \/>\n<meta name=\"author\" content=\"redakcja\" \/>\n<meta name=\"twitter:card\" content=\"summary_large_image\" \/>\n<meta name=\"twitter:label1\" content=\"Written by\" \/>\n\t<meta name=\"twitter:data1\" content=\"redakcja\" \/>\n\t<meta name=\"twitter:label2\" content=\"Est. reading time\" \/>\n\t<meta name=\"twitter:data2\" content=\"1 minuta\" \/>\n<script type=\"application\/ld+json\" class=\"yoast-schema-graph\">{\"@context\":\"https:\/\/schema.org\",\"@graph\":[{\"@type\":\"Article\",\"@id\":\"https:\/\/www.mojabochnia.pl\/?p=69095#article\",\"isPartOf\":{\"@id\":\"https:\/\/www.mojabochnia.pl\/?p=69095\"},\"author\":{\"name\":\"redakcja\",\"@id\":\"https:\/\/www.mojabochnia.pl\/#\/schema\/person\/7e2f20ead9902216a3384f13606c0ab7\"},\"headline\":\"Kiermasz Wielkanocy oraz Konkurs Palm w Che\u0142mie\",\"datePublished\":\"2012-03-31T08:47:23+00:00\",\"mainEntityOfPage\":{\"@id\":\"https:\/\/www.mojabochnia.pl\/?p=69095\"},\"wordCount\":161,\"commentCount\":0,\"publisher\":{\"@id\":\"https:\/\/www.mojabochnia.pl\/#organization\"},\"keywords\":[\"che\u0142m\",\"danuta niemiec\",\"kiermasz\",\"wielkanoc\"],\"articleSection\":[\"2_ostatnie\",\"kultura\",\"tematyka\"],\"inLanguage\":\"pl-PL\",\"potentialAction\":[{\"@type\":\"CommentAction\",\"name\":\"Comment\",\"target\":[\"https:\/\/www.mojabochnia.pl\/?p=69095#respond\"]}]},{\"@type\":\"WebPage\",\"@id\":\"https:\/\/www.mojabochnia.pl\/?p=69095\",\"url\":\"https:\/\/www.mojabochnia.pl\/?p=69095\",\"name\":\"Kiermasz Wielkanocy oraz Konkurs Palm w Che\u0142mie - mojabochnia.pl - portal informacyjny\",\"isPartOf\":{\"@id\":\"https:\/\/www.mojabochnia.pl\/#website\"},\"datePublished\":\"2012-03-31T08:47:23+00:00\",\"breadcrumb\":{\"@id\":\"https:\/\/www.mojabochnia.pl\/?p=69095#breadcrumb\"},\"inLanguage\":\"pl-PL\",\"potentialAction\":[{\"@type\":\"ReadAction\",\"target\":[\"https:\/\/www.mojabochnia.pl\/?p=69095\"]}]},{\"@type\":\"BreadcrumbList\",\"@id\":\"https:\/\/www.mojabochnia.pl\/?p=69095#breadcrumb\",\"itemListElement\":[{\"@type\":\"ListItem\",\"position\":1,\"name\":\"Home\",\"item\":\"https:\/\/www.mojabochnia.pl\/\"},{\"@type\":\"ListItem\",\"position\":2,\"name\":\"Kiermasz Wielkanocy oraz Konkurs Palm w Che\u0142mie\"}]},{\"@type\":\"WebSite\",\"@id\":\"https:\/\/www.mojabochnia.pl\/#website\",\"url\":\"https:\/\/www.mojabochnia.pl\/\",\"name\":\"mojabochnia.pl - portal informacyjny\",\"description\":\"mojaBochnia to portal informacyjny o Bochni. Codziennie o Bochni piszemy i pokazujemy najwa\u017cniejsze wydarzenia\",\"publisher\":{\"@id\":\"https:\/\/www.mojabochnia.pl\/#organization\"},\"potentialAction\":[{\"@type\":\"SearchAction\",\"target\":{\"@type\":\"EntryPoint\",\"urlTemplate\":\"https:\/\/www.mojabochnia.pl\/?s={search_term_string}\"},\"query-input\":{\"@type\":\"PropertyValueSpecification\",\"valueRequired\":true,\"valueName\":\"search_term_string\"}}],\"inLanguage\":\"pl-PL\"},{\"@type\":\"Organization\",\"@id\":\"https:\/\/www.mojabochnia.pl\/#organization\",\"name\":\"mojabochnia.pl - portal informacyjny\",\"url\":\"https:\/\/www.mojabochnia.pl\/\",\"logo\":{\"@type\":\"ImageObject\",\"inLanguage\":\"pl-PL\",\"@id\":\"https:\/\/www.mojabochnia.pl\/#\/schema\/logo\/image\/\",\"url\":\"https:\/\/www.mojabochnia.pl\/wp-content\/uploads\/2017\/08\/logo-mb-opt.png\",\"contentUrl\":\"https:\/\/www.mojabochnia.pl\/wp-content\/uploads\/2017\/08\/logo-mb-opt.png\",\"width\":250,\"height\":48,\"caption\":\"mojabochnia.pl - portal informacyjny\"},\"image\":{\"@id\":\"https:\/\/www.mojabochnia.pl\/#\/schema\/logo\/image\/\"},\"sameAs\":[\"https:\/\/www.facebook.com\/mojabochnia\"]},{\"@type\":\"Person\",\"@id\":\"https:\/\/www.mojabochnia.pl\/#\/schema\/person\/7e2f20ead9902216a3384f13606c0ab7\",\"name\":\"redakcja\",\"sameAs\":[\"http:\/\/\"],\"url\":\"https:\/\/www.mojabochnia.pl\/?author=13\"}]}<\/script>\n<!-- \/ Yoast SEO plugin. -->","yoast_head_json":{"title":"Kiermasz Wielkanocy oraz Konkurs Palm w Che\u0142mie - mojabochnia.pl - portal informacyjny","robots":{"index":"index","follow":"follow","max-snippet":"max-snippet:-1","max-image-preview":"max-image-preview:large","max-video-preview":"max-video-preview:-1"},"canonical":"https:\/\/www.mojabochnia.pl\/?p=69095","og_locale":"pl_PL","og_type":"article","og_title":"Kiermasz Wielkanocy oraz Konkurs Palm w Che\u0142mie - mojabochnia.pl - portal informacyjny","og_description":"1 kwietnia, w Niedziel\u0119 Palmow\u0105, Gminne Centrum Kultury Czytelnictwa i Sportu w Bochni, podobnie jak w ubieg\u0142ym roku, zaprasza na Kiermasz Wielkanocny, kt\u00f3ry odb\u0119dzie si\u0119 przed che\u0142msk\u0105 Galeri\u0105. Podczas Kiermaszu, b\u0119dzie mo\u017cna nie tylko ogl\u0105da\u0107 ale r\u00f3wnie\u017c zakupi\u0107 prezentowane na specjalnych stoiskach tradycyjne wyroby zwi\u0105zane z okresem \u015bwi\u0105t wielkanocnych.","og_url":"https:\/\/www.mojabochnia.pl\/?p=69095","og_site_name":"mojabochnia.pl - portal informacyjny","article_publisher":"https:\/\/www.facebook.com\/mojabochnia","article_published_time":"2012-03-31T08:47:23+00:00","author":"redakcja","twitter_card":"summary_large_image","twitter_misc":{"Written by":"redakcja","Est. reading time":"1 minuta"},"schema":{"@context":"https:\/\/schema.org","@graph":[{"@type":"Article","@id":"https:\/\/www.mojabochnia.pl\/?p=69095#article","isPartOf":{"@id":"https:\/\/www.mojabochnia.pl\/?p=69095"},"author":{"name":"redakcja","@id":"https:\/\/www.mojabochnia.pl\/#\/schema\/person\/7e2f20ead9902216a3384f13606c0ab7"},"headline":"Kiermasz Wielkanocy oraz Konkurs Palm w Che\u0142mie","datePublished":"2012-03-31T08:47:23+00:00","mainEntityOfPage":{"@id":"https:\/\/www.mojabochnia.pl\/?p=69095"},"wordCount":161,"commentCount":0,"publisher":{"@id":"https:\/\/www.mojabochnia.pl\/#organization"},"keywords":["che\u0142m","danuta niemiec","kiermasz","wielkanoc"],"articleSection":["2_ostatnie","kultura","tematyka"],"inLanguage":"pl-PL","potentialAction":[{"@type":"CommentAction","name":"Comment","target":["https:\/\/www.mojabochnia.pl\/?p=69095#respond"]}]},{"@type":"WebPage","@id":"https:\/\/www.mojabochnia.pl\/?p=69095","url":"https:\/\/www.mojabochnia.pl\/?p=69095","name":"Kiermasz Wielkanocy oraz Konkurs Palm w Che\u0142mie - mojabochnia.pl - portal informacyjny","isPartOf":{"@id":"https:\/\/www.mojabochnia.pl\/#website"},"datePublished":"2012-03-31T08:47:23+00:00","breadcrumb":{"@id":"https:\/\/www.mojabochnia.pl\/?p=69095#breadcrumb"},"inLanguage":"pl-PL","potentialAction":[{"@type":"ReadAction","target":["https:\/\/www.mojabochnia.pl\/?p=69095"]}]},{"@type":"BreadcrumbList","@id":"https:\/\/www.mojabochnia.pl\/?p=69095#breadcrumb","itemListElement":[{"@type":"ListItem","position":1,"name":"Home","item":"https:\/\/www.mojabochnia.pl\/"},{"@type":"ListItem","position":2,"name":"Kiermasz Wielkanocy oraz Konkurs Palm w Che\u0142mie"}]},{"@type":"WebSite","@id":"https:\/\/www.mojabochnia.pl\/#website","url":"https:\/\/www.mojabochnia.pl\/","name":"mojabochnia.pl - portal informacyjny","description":"mojaBochnia to portal informacyjny o Bochni. Codziennie o Bochni piszemy i pokazujemy najwa\u017cniejsze wydarzenia","publisher":{"@id":"https:\/\/www.mojabochnia.pl\/#organization"},"potentialAction":[{"@type":"SearchAction","target":{"@type":"EntryPoint","urlTemplate":"https:\/\/www.mojabochnia.pl\/?s={search_term_string}"},"query-input":{"@type":"PropertyValueSpecification","valueRequired":true,"valueName":"search_term_string"}}],"inLanguage":"pl-PL"},{"@type":"Organization","@id":"https:\/\/www.mojabochnia.pl\/#organization","name":"mojabochnia.pl - portal informacyjny","url":"https:\/\/www.mojabochnia.pl\/","logo":{"@type":"ImageObject","inLanguage":"pl-PL","@id":"https:\/\/www.mojabochnia.pl\/#\/schema\/logo\/image\/","url":"https:\/\/www.mojabochnia.pl\/wp-content\/uploads\/2017\/08\/logo-mb-opt.png","contentUrl":"https:\/\/www.mojabochnia.pl\/wp-content\/uploads\/2017\/08\/logo-mb-opt.png","width":250,"height":48,"caption":"mojabochnia.pl - portal informacyjny"},"image":{"@id":"https:\/\/www.mojabochnia.pl\/#\/schema\/logo\/image\/"},"sameAs":["https:\/\/www.facebook.com\/mojabochnia"]},{"@type":"Person","@id":"https:\/\/www.mojabochnia.pl\/#\/schema\/person\/7e2f20ead9902216a3384f13606c0ab7","name":"redakcja","sameAs":["http:\/\/"],"url":"https:\/\/www.mojabochnia.pl\/?author=13"}]}},"_links":{"self":[{"href":"https:\/\/www.mojabochnia.pl\/index.php?rest_route=\/wp\/v2\/posts\/69095","targetHints":{"allow":["GET"]}}],"collection":[{"href":"https:\/\/www.mojabochnia.pl\/index.php?rest_route=\/wp\/v2\/posts"}],"about":[{"href":"https:\/\/www.mojabochnia.pl\/index.php?rest_route=\/wp\/v2\/types\/post"}],"author":[{"embeddable":true,"href":"https:\/\/www.mojabochnia.pl\/index.php?rest_route=\/wp\/v2\/users\/13"}],"replies":[{"embeddable":true,"href":"https:\/\/www.mojabochnia.pl\/index.php?rest_route=%2Fwp%2Fv2%2Fcomments&post=69095"}],"version-history":[{"count":2,"href":"https:\/\/www.mojabochnia.pl\/index.php?rest_route=\/wp\/v2\/posts\/69095\/revisions"}],"predecessor-version":[{"id":69097,"href":"https:\/\/www.mojabochnia.pl\/index.php?rest_route=\/wp\/v2\/posts\/69095\/revisions\/69097"}],"wp:attachment":[{"href":"https:\/\/www.mojabochnia.pl\/index.php?rest_route=%2Fwp%2Fv2%2Fmedia&parent=69095"}],"wp:term":[{"taxonomy":"category","embeddable":true,"href":"https:\/\/www.mojabochnia.pl\/index.php?rest_route=%2Fwp%2Fv2%2Fcategories&post=69095"},{"taxonomy":"post_tag","embeddable":true,"href":"https:\/\/www.mojabochnia.pl\/index.php?rest_route=%2Fwp%2Fv2%2Ftags&post=69095"}],"curies":[{"name":"wp","href":"https:\/\/api.w.org\/{rel}","templated":true}]}}