{"id":69074,"date":"2012-03-30T11:13:59","date_gmt":"2012-03-30T09:13:59","guid":{"rendered":"http:\/\/www.mojabochnia.pl\/?p=69074"},"modified":"2012-03-30T11:13:59","modified_gmt":"2012-03-30T09:13:59","slug":"jak-zaoszczedzic-blisko-900-tys-zl-na-oswietleniu","status":"publish","type":"post","link":"https:\/\/www.mojabochnia.pl\/?p=69074","title":{"rendered":"Jak zaoszcz\u0119dzi\u0107 blisko 900 tys. z\u0142 na o\u015bwietleniu?"},"content":{"rendered":"<p>Audyt energetyczny przedstawi\u0142 mgr in\u017c. Dariusz Redzi\u0144ski z Cities Lighting Consultants. Wed\u0142ug jego wylicze\u0144 Bochnia mog\u0142aby zredukowa\u0107 koszty utrzymania o\u015bwietlenia drogowego o 893 tys. 38 z\u0142 rocznie. Zwraca\u0142 uwag\u0119 na trzy czynniki, kt\u00f3re pozwalaj\u0105 na uzyskanie oszcz\u0119dno\u015bci. <em>Cena energii, czas \u015bwiecenia i moc zainstalowana. W kolejno\u015bci: czas \u015bwiecenia, bo to jest najta\u0144sze, druga to moc zainstalowana, a ceny \u2013 to przetargi publiczne<\/em>. <\/p>\n<p>W 2010 r. Bochnia zap\u0142aci\u0142a za o\u015bwietlenie ulic 1 mln 271 tys. z\u0142. Dzi\u0119ki wyborowi dostawcy w formie przetargu \u2013 wed\u0142ug przedstawionej analizy \u2013 mo\u017cna by\u0142o obni\u017cy\u0107 t\u0119 kwot\u0119 do 1 mln 68 tys. z\u0142. Wed\u0142ug Dariusza Redzi\u0144skiego dzi\u0119ki modernizacji o\u015bwietlenia drogowego i wdro\u017ceniu proponowanych rozwi\u0105za\u0144 cena spad\u0142aby do 517 tys. z\u0142. <\/p>\n<p>Dariusz Redzi\u0144ski zwraca uwag\u0119, \u017ce obecnie system o\u015bwietlenia Bochni jest mocno nieefektywny. <em>Oprawy s\u0105 z innego wieku, w tej chwili efektywno\u015b\u0107 jest znacznie wy\u017csza, wynosi 92%, \u017ar\u00f3d\u0142a s\u0105 bardziej efektywne, mamy wi\u0119cej \u015bwiat\u0142a z mniejszej mocy zainstalowanej. Umowa z firm\u0105 Tauron jest w tej chwili wynegocjowana, natomiast pozostaje do ustalenia kwestia, czy zgodzimy si\u0119 na to, \u017ceby to o\u015bwietlenie nie spe\u0142nia\u0142o norm i \u017ceby de facto \u0142ama\u0142o ustaw\u0119 w dw\u00f3ch punktach: pod wzgl\u0119dem energooszcz\u0119dno\u015bci, jak r\u00f3wnie\u017c pod wzgl\u0119dem normy o\u015bwietleniowej<\/em>.<\/p>\n<p>Aby osi\u0105gn\u0105\u0107 oszcz\u0119dno\u015bci rz\u0119du blisko 900 tys. z\u0142 miasto mia\u0142oby zainwestowa\u0107 ok. 2-3 mln z\u0142. Inwestycja mia\u0142aby si\u0119 zwr\u00f3ci\u0107 w ci\u0105gu 2,5 roku. <\/p>\n<p>Jako przyk\u0142ad wdro\u017cenia proponowanego Bochni systemu Dariusz Redzi\u0144ski podaje gmin\u0119 Nowa S\u0142upia. <em>Jest to gmina bardzo biedna, stosunkowo mocno zad\u0142u\u017cona, zrealizowa\u0142a najciekawszy projekt w Polsce inteligentnego zarz\u0105dzania przez Internet z oprawami aluminiowymi i z 12-letnimi \u017ar\u00f3d\u0142ami \u015bwiat\u0142a. Po prostu biednych nie sta\u0107 na s\u0142abe rozwi\u0105zania<\/em>. <\/p>\n<p><em>To by\u0142o \u017cenuj\u0105ce wyst\u0105pienie przedstawiciela tej firmy <\/em>\u2013 uwa\u017ca radny Bogdan Kosturkiewicz. <em>Poziom niekompetencji by\u0142 tak pora\u017caj\u0105cy, \u017ce siedzieli\u015bmy z panem doktorem Dziurdzi\u0105 i tylko wymieniali\u015bmy uwagi mi\u0119dzy sob\u0105. Szkoda, \u017ce wydatkowano 61 tys. z\u0142 na przedstawienie danych, kt\u00f3re i tak s\u0105 znane urz\u0119dnikom, zamiast wydatkowa\u0107 te \u015brodki finansowe na rzeczywist\u0105 modernizacj\u0119 punkt\u00f3w elektrycznych na jednej czy na dw\u00f3ch ulicach<\/em>. <\/p>\n<p>W czasie sesji dosz\u0142o do spi\u0119cia mi\u0119dzy by\u0142ym burmistrzem a Dariuszem Redzi\u0144skim. Bogdan Kosturkiewicz zarzuci\u0142 mu podawanie nieprawdziwych informacji (np. to, \u017ce miasto stara\u0142o si\u0119 o obni\u017cenie koszt\u00f3w utrzymania o\u015bwietlenia od 2007 r., tymczasem rozpocz\u0105\u0142 je jeszcze Wojciech Cholewa w 2003 lub 2004 r.). <em>Poczu\u0142em si\u0119 jak na kazaniu, jakbym wst\u0105pi do jakiego\u015b nowego ko\u015bcio\u0142a<\/em> \u2013 m\u00f3wi\u0142 Bogdan Kosturkiewicz.<\/p>\n<p>Radny opozycji zwraca uwag\u0119, \u017ce przedstawiciel firmy nie doprowadzi\u0142 do renegocjacji umowy z Tauronem, dostawc\u0105 energii dla miasta. <em>Pad\u0142o pytanie na sali, nie odpowiedzia\u0142 na nie: kto jest w\u0142a\u015bcicielem s\u0142up\u00f3w i kto jest w\u0142a\u015bcicielem sieci przesy\u0142owych. Je\u017clei w\u0142a\u015bcicielem jest w tej chwili Tauron, musimy mie\u0107 zgod\u0119 Tauronu, aby zmieni\u0107 punkty elektryczne. To sukcesywnie trzeba robi\u0107 i to by\u0142o czynione. Zreszt\u0105 prosz\u0119 spojrze\u0107 na dzia\u0142ania, kt\u00f3re rozpocz\u0105\u0142 m\u00f3j poprzednik, pan Wojciech Cholewa, kt\u00f3ry d\u0105\u017cy\u0142 do przej\u0119cia zar\u00f3wno s\u0142up\u00f3w, jak i linii przesy\u0142owych, ewentualnie nowo wybudowane by\u0142y przejmowane na w\u0142asno\u015b\u0107 gminy miasta Bochnia. Przyk\u0142ad: Planty Salinarne i Plac Turka<\/em>. <\/p>\n<p>Bogdan Kosturkiewicz ma zastrze\u017cenia do przedstawionych wylicze\u0144, bo \u2013 jak m\u00f3wi \u2013 nie podano za\u0142o\u017ce\u0144 pocz\u0105tkowych. <\/p>\n<p>Burmistrz Stefan Kolawi\u0144ski m\u00f3wi, \u017ce zdecydowa\u0142 si\u0119 na przeprowadzenie audytu, bo wst\u0119pna rozmowa dotycz\u0105ca mo\u017cliwo\u015bci zaoszcz\u0119dzenia na o\u015bwietleniu wyda\u0142a mu si\u0119 bardzo atrakcyjna. <em>Z ca\u0142\u0105 pewno\u015bci\u0105 b\u0119dziemy kontynuowa\u0107 te dzia\u0142ania, bo nie po to wydali\u015bmy pieni\u0105dze, \u017ceby mie\u0107 to schowane w szufladce i cieszy\u0107 si\u0119 z wykonania tego<\/em>. <\/p>\n<p>Na pytanie, czy jego zdaniem oszcz\u0119dno\u015b\u0107 bliska 900 tys. z\u0142 rocznie jest realna, burmistrz odpowiada: <em>Trudno jest oceni\u0107, czy jest to do zrealizowania w 100 procentach. To jest tak pi\u0119kne, \u017ce mo\u017ce by\u0107 nieprawdziwe. Ale je\u017celi zak\u0142adane oszcz\u0119dno\u015bci osi\u0105gn\u0105 poziom po\u0142owy z tego, to ju\u017c b\u0119dzie bardzo du\u017c<\/em>o.<\/p>\n<p>Kazimierz \u015acis\u0142o, przewodnicz\u0105cy rady miejskiej m\u00f3wi, \u017ce dlatego wprowadzi\u0142 na sesj\u0119 spraw\u0119 o\u015bwietlenia, bo  &#8211; jego zdaniem \u2013 temat jest wart przeanalizowania. <em>W tej chwili p\u0142acimy ogromne kwoty za energi\u0119 elektryczn\u0105. Batali\u0119 o to rozpocz\u0105\u0142 pan Wojciech Cholewa, przegrali\u015bmy t\u0119 spraw\u0119. Natomiast my\u015bl\u0119, \u017ce w\u0142asna linia energetyczna, by\u0142aby to dobra rzecz. Mieliby\u015bmy co\u015b swojego i wiedzieliby\u015bmy, za co mamy p\u0142aci\u0107. Nie wierz\u0119 bardzo, \u017ce wszystkie wyliczenia sprawdz\u0105 si\u0119 w rzeczywisto\u015bci, ale my\u015bl\u0119, \u017ce na pewno by\u0142yby to du\u017ce oszcz\u0119dno\u015bci dla miasta. Bo te lampy, kt\u00f3re mamy, to jest p\u00f3\u017any Gomu\u0142ka i wczesny Gierek. Nic si\u0119 z tym nie robi, a p\u0142acimy tak horrendalne pieni\u0105dze<\/em>.<\/p>\n","protected":false},"excerpt":{"rendered":"<p>Bochnia mog\u0142aby zaoszcz\u0119dzi\u0107 na o\u015bwietleniu ulic 893 tys. z\u0142 &#8211; wynika z audytu przedstawionego w czwartek na sesji rady miejskiej. Nie oby\u0142o si\u0119 jednak bez emocji, tre\u015b\u0107 prezentacji skrytykowa\u0142 radny Bogdan Kosturkiewicz.  <\/p>\n","protected":false},"author":4,"featured_media":0,"comment_status":"open","ping_status":"closed","sticky":true,"template":"","format":"standard","meta":{"_acf_changed":false,"footnotes":""},"categories":[5,6251,6250],"tags":[17171,6558,4008,346,17519,6161,7781,17501],"class_list":["post-69074","post","type-post","status-publish","format-standard","hentry","category-biezace-wydarzenia","category-polityka-i-wydarzenia","category-tematyka","tag-bogdan-kosturkiewicz","tag-lampy","tag-oswietlenie","tag-radni","tag-sesja","tag-sesja-rady-miejskiej","tag-stefan-kolawinski","tag-swiatlo","main_tag-sesja"],"acf":[],"yoast_head":"<!-- This site is optimized with the Yoast SEO plugin v26.9 - https:\/\/yoast.com\/product\/yoast-seo-wordpress\/ -->\n<title>Jak zaoszcz\u0119dzi\u0107 blisko 900 tys. z\u0142 na o\u015bwietleniu? - mojabochnia.pl - portal informacyjny<\/title>\n<meta name=\"robots\" content=\"index, follow, max-snippet:-1, max-image-preview:large, max-video-preview:-1\" \/>\n<link rel=\"canonical\" href=\"https:\/\/www.mojabochnia.pl\/?p=69074\" \/>\n<meta property=\"og:locale\" content=\"pl_PL\" \/>\n<meta property=\"og:type\" content=\"article\" \/>\n<meta property=\"og:title\" content=\"Jak zaoszcz\u0119dzi\u0107 blisko 900 tys. z\u0142 na o\u015bwietleniu? - mojabochnia.pl - portal informacyjny\" \/>\n<meta property=\"og:description\" content=\"Bochnia mog\u0142aby zaoszcz\u0119dzi\u0107 na o\u015bwietleniu ulic 893 tys. z\u0142 - wynika z audytu przedstawionego w czwartek na sesji rady miejskiej. Nie oby\u0142o si\u0119 jednak bez emocji, tre\u015b\u0107 prezentacji skrytykowa\u0142 radny Bogdan Kosturkiewicz.\" \/>\n<meta property=\"og:url\" content=\"https:\/\/www.mojabochnia.pl\/?p=69074\" \/>\n<meta property=\"og:site_name\" content=\"mojabochnia.pl - portal informacyjny\" \/>\n<meta property=\"article:publisher\" content=\"https:\/\/www.facebook.com\/mojabochnia\" \/>\n<meta property=\"article:published_time\" content=\"2012-03-30T09:13:59+00:00\" \/>\n<meta name=\"author\" content=\"Pawe\u0142 Michalczyk\" \/>\n<meta name=\"twitter:card\" content=\"summary_large_image\" \/>\n<meta name=\"twitter:label1\" content=\"Written by\" \/>\n\t<meta name=\"twitter:data1\" content=\"Pawe\u0142 Michalczyk\" \/>\n\t<meta name=\"twitter:label2\" content=\"Est. reading time\" \/>\n\t<meta name=\"twitter:data2\" content=\"4 minuty\" \/>\n<script type=\"application\/ld+json\" class=\"yoast-schema-graph\">{\"@context\":\"https:\/\/schema.org\",\"@graph\":[{\"@type\":\"Article\",\"@id\":\"https:\/\/www.mojabochnia.pl\/?p=69074#article\",\"isPartOf\":{\"@id\":\"https:\/\/www.mojabochnia.pl\/?p=69074\"},\"author\":{\"name\":\"Pawe\u0142 Michalczyk\",\"@id\":\"https:\/\/www.mojabochnia.pl\/#\/schema\/person\/ea042e4724a77627963f02166828ead4\"},\"headline\":\"Jak zaoszcz\u0119dzi\u0107 blisko 900 tys. z\u0142 na o\u015bwietleniu?\",\"datePublished\":\"2012-03-30T09:13:59+00:00\",\"mainEntityOfPage\":{\"@id\":\"https:\/\/www.mojabochnia.pl\/?p=69074\"},\"wordCount\":846,\"commentCount\":0,\"publisher\":{\"@id\":\"https:\/\/www.mojabochnia.pl\/#organization\"},\"keywords\":[\"bogdan kosturkiewicz\",\"lampy\",\"o\u015bwietlenie\",\"radni\",\"sesja\",\"sesja rady miejskiej\",\"stefan kolawi\u0144ski\",\"\u015bwiat\u0142o\"],\"articleSection\":[\"2_ostatnie\",\"polityka i wydarzenia\",\"tematyka\"],\"inLanguage\":\"pl-PL\",\"potentialAction\":[{\"@type\":\"CommentAction\",\"name\":\"Comment\",\"target\":[\"https:\/\/www.mojabochnia.pl\/?p=69074#respond\"]}]},{\"@type\":\"WebPage\",\"@id\":\"https:\/\/www.mojabochnia.pl\/?p=69074\",\"url\":\"https:\/\/www.mojabochnia.pl\/?p=69074\",\"name\":\"Jak zaoszcz\u0119dzi\u0107 blisko 900 tys. z\u0142 na o\u015bwietleniu? - mojabochnia.pl - portal informacyjny\",\"isPartOf\":{\"@id\":\"https:\/\/www.mojabochnia.pl\/#website\"},\"datePublished\":\"2012-03-30T09:13:59+00:00\",\"breadcrumb\":{\"@id\":\"https:\/\/www.mojabochnia.pl\/?p=69074#breadcrumb\"},\"inLanguage\":\"pl-PL\",\"potentialAction\":[{\"@type\":\"ReadAction\",\"target\":[\"https:\/\/www.mojabochnia.pl\/?p=69074\"]}]},{\"@type\":\"BreadcrumbList\",\"@id\":\"https:\/\/www.mojabochnia.pl\/?p=69074#breadcrumb\",\"itemListElement\":[{\"@type\":\"ListItem\",\"position\":1,\"name\":\"Home\",\"item\":\"https:\/\/www.mojabochnia.pl\/\"},{\"@type\":\"ListItem\",\"position\":2,\"name\":\"Jak zaoszcz\u0119dzi\u0107 blisko 900 tys. z\u0142 na o\u015bwietleniu?\"}]},{\"@type\":\"WebSite\",\"@id\":\"https:\/\/www.mojabochnia.pl\/#website\",\"url\":\"https:\/\/www.mojabochnia.pl\/\",\"name\":\"mojabochnia.pl - portal informacyjny\",\"description\":\"mojaBochnia to portal informacyjny o Bochni. Codziennie o Bochni piszemy i pokazujemy najwa\u017cniejsze wydarzenia\",\"publisher\":{\"@id\":\"https:\/\/www.mojabochnia.pl\/#organization\"},\"potentialAction\":[{\"@type\":\"SearchAction\",\"target\":{\"@type\":\"EntryPoint\",\"urlTemplate\":\"https:\/\/www.mojabochnia.pl\/?s={search_term_string}\"},\"query-input\":{\"@type\":\"PropertyValueSpecification\",\"valueRequired\":true,\"valueName\":\"search_term_string\"}}],\"inLanguage\":\"pl-PL\"},{\"@type\":\"Organization\",\"@id\":\"https:\/\/www.mojabochnia.pl\/#organization\",\"name\":\"mojabochnia.pl - portal informacyjny\",\"url\":\"https:\/\/www.mojabochnia.pl\/\",\"logo\":{\"@type\":\"ImageObject\",\"inLanguage\":\"pl-PL\",\"@id\":\"https:\/\/www.mojabochnia.pl\/#\/schema\/logo\/image\/\",\"url\":\"https:\/\/www.mojabochnia.pl\/wp-content\/uploads\/2017\/08\/logo-mb-opt.png\",\"contentUrl\":\"https:\/\/www.mojabochnia.pl\/wp-content\/uploads\/2017\/08\/logo-mb-opt.png\",\"width\":250,\"height\":48,\"caption\":\"mojabochnia.pl - portal informacyjny\"},\"image\":{\"@id\":\"https:\/\/www.mojabochnia.pl\/#\/schema\/logo\/image\/\"},\"sameAs\":[\"https:\/\/www.facebook.com\/mojabochnia\"]},{\"@type\":\"Person\",\"@id\":\"https:\/\/www.mojabochnia.pl\/#\/schema\/person\/ea042e4724a77627963f02166828ead4\",\"name\":\"Pawe\u0142 Michalczyk\",\"url\":\"https:\/\/www.mojabochnia.pl\/?author=4\"}]}<\/script>\n<!-- \/ Yoast SEO plugin. -->","yoast_head_json":{"title":"Jak zaoszcz\u0119dzi\u0107 blisko 900 tys. z\u0142 na o\u015bwietleniu? - mojabochnia.pl - portal informacyjny","robots":{"index":"index","follow":"follow","max-snippet":"max-snippet:-1","max-image-preview":"max-image-preview:large","max-video-preview":"max-video-preview:-1"},"canonical":"https:\/\/www.mojabochnia.pl\/?p=69074","og_locale":"pl_PL","og_type":"article","og_title":"Jak zaoszcz\u0119dzi\u0107 blisko 900 tys. z\u0142 na o\u015bwietleniu? - mojabochnia.pl - portal informacyjny","og_description":"Bochnia mog\u0142aby zaoszcz\u0119dzi\u0107 na o\u015bwietleniu ulic 893 tys. z\u0142 - wynika z audytu przedstawionego w czwartek na sesji rady miejskiej. Nie oby\u0142o si\u0119 jednak bez emocji, tre\u015b\u0107 prezentacji skrytykowa\u0142 radny Bogdan Kosturkiewicz.","og_url":"https:\/\/www.mojabochnia.pl\/?p=69074","og_site_name":"mojabochnia.pl - portal informacyjny","article_publisher":"https:\/\/www.facebook.com\/mojabochnia","article_published_time":"2012-03-30T09:13:59+00:00","author":"Pawe\u0142 Michalczyk","twitter_card":"summary_large_image","twitter_misc":{"Written by":"Pawe\u0142 Michalczyk","Est. reading time":"4 minuty"},"schema":{"@context":"https:\/\/schema.org","@graph":[{"@type":"Article","@id":"https:\/\/www.mojabochnia.pl\/?p=69074#article","isPartOf":{"@id":"https:\/\/www.mojabochnia.pl\/?p=69074"},"author":{"name":"Pawe\u0142 Michalczyk","@id":"https:\/\/www.mojabochnia.pl\/#\/schema\/person\/ea042e4724a77627963f02166828ead4"},"headline":"Jak zaoszcz\u0119dzi\u0107 blisko 900 tys. z\u0142 na o\u015bwietleniu?","datePublished":"2012-03-30T09:13:59+00:00","mainEntityOfPage":{"@id":"https:\/\/www.mojabochnia.pl\/?p=69074"},"wordCount":846,"commentCount":0,"publisher":{"@id":"https:\/\/www.mojabochnia.pl\/#organization"},"keywords":["bogdan kosturkiewicz","lampy","o\u015bwietlenie","radni","sesja","sesja rady miejskiej","stefan kolawi\u0144ski","\u015bwiat\u0142o"],"articleSection":["2_ostatnie","polityka i wydarzenia","tematyka"],"inLanguage":"pl-PL","potentialAction":[{"@type":"CommentAction","name":"Comment","target":["https:\/\/www.mojabochnia.pl\/?p=69074#respond"]}]},{"@type":"WebPage","@id":"https:\/\/www.mojabochnia.pl\/?p=69074","url":"https:\/\/www.mojabochnia.pl\/?p=69074","name":"Jak zaoszcz\u0119dzi\u0107 blisko 900 tys. z\u0142 na o\u015bwietleniu? - mojabochnia.pl - portal informacyjny","isPartOf":{"@id":"https:\/\/www.mojabochnia.pl\/#website"},"datePublished":"2012-03-30T09:13:59+00:00","breadcrumb":{"@id":"https:\/\/www.mojabochnia.pl\/?p=69074#breadcrumb"},"inLanguage":"pl-PL","potentialAction":[{"@type":"ReadAction","target":["https:\/\/www.mojabochnia.pl\/?p=69074"]}]},{"@type":"BreadcrumbList","@id":"https:\/\/www.mojabochnia.pl\/?p=69074#breadcrumb","itemListElement":[{"@type":"ListItem","position":1,"name":"Home","item":"https:\/\/www.mojabochnia.pl\/"},{"@type":"ListItem","position":2,"name":"Jak zaoszcz\u0119dzi\u0107 blisko 900 tys. z\u0142 na o\u015bwietleniu?"}]},{"@type":"WebSite","@id":"https:\/\/www.mojabochnia.pl\/#website","url":"https:\/\/www.mojabochnia.pl\/","name":"mojabochnia.pl - portal informacyjny","description":"mojaBochnia to portal informacyjny o Bochni. Codziennie o Bochni piszemy i pokazujemy najwa\u017cniejsze wydarzenia","publisher":{"@id":"https:\/\/www.mojabochnia.pl\/#organization"},"potentialAction":[{"@type":"SearchAction","target":{"@type":"EntryPoint","urlTemplate":"https:\/\/www.mojabochnia.pl\/?s={search_term_string}"},"query-input":{"@type":"PropertyValueSpecification","valueRequired":true,"valueName":"search_term_string"}}],"inLanguage":"pl-PL"},{"@type":"Organization","@id":"https:\/\/www.mojabochnia.pl\/#organization","name":"mojabochnia.pl - portal informacyjny","url":"https:\/\/www.mojabochnia.pl\/","logo":{"@type":"ImageObject","inLanguage":"pl-PL","@id":"https:\/\/www.mojabochnia.pl\/#\/schema\/logo\/image\/","url":"https:\/\/www.mojabochnia.pl\/wp-content\/uploads\/2017\/08\/logo-mb-opt.png","contentUrl":"https:\/\/www.mojabochnia.pl\/wp-content\/uploads\/2017\/08\/logo-mb-opt.png","width":250,"height":48,"caption":"mojabochnia.pl - portal informacyjny"},"image":{"@id":"https:\/\/www.mojabochnia.pl\/#\/schema\/logo\/image\/"},"sameAs":["https:\/\/www.facebook.com\/mojabochnia"]},{"@type":"Person","@id":"https:\/\/www.mojabochnia.pl\/#\/schema\/person\/ea042e4724a77627963f02166828ead4","name":"Pawe\u0142 Michalczyk","url":"https:\/\/www.mojabochnia.pl\/?author=4"}]}},"_links":{"self":[{"href":"https:\/\/www.mojabochnia.pl\/index.php?rest_route=\/wp\/v2\/posts\/69074","targetHints":{"allow":["GET"]}}],"collection":[{"href":"https:\/\/www.mojabochnia.pl\/index.php?rest_route=\/wp\/v2\/posts"}],"about":[{"href":"https:\/\/www.mojabochnia.pl\/index.php?rest_route=\/wp\/v2\/types\/post"}],"author":[{"embeddable":true,"href":"https:\/\/www.mojabochnia.pl\/index.php?rest_route=\/wp\/v2\/users\/4"}],"replies":[{"embeddable":true,"href":"https:\/\/www.mojabochnia.pl\/index.php?rest_route=%2Fwp%2Fv2%2Fcomments&post=69074"}],"version-history":[{"count":5,"href":"https:\/\/www.mojabochnia.pl\/index.php?rest_route=\/wp\/v2\/posts\/69074\/revisions"}],"predecessor-version":[{"id":69080,"href":"https:\/\/www.mojabochnia.pl\/index.php?rest_route=\/wp\/v2\/posts\/69074\/revisions\/69080"}],"wp:attachment":[{"href":"https:\/\/www.mojabochnia.pl\/index.php?rest_route=%2Fwp%2Fv2%2Fmedia&parent=69074"}],"wp:term":[{"taxonomy":"category","embeddable":true,"href":"https:\/\/www.mojabochnia.pl\/index.php?rest_route=%2Fwp%2Fv2%2Fcategories&post=69074"},{"taxonomy":"post_tag","embeddable":true,"href":"https:\/\/www.mojabochnia.pl\/index.php?rest_route=%2Fwp%2Fv2%2Ftags&post=69074"}],"curies":[{"name":"wp","href":"https:\/\/api.w.org\/{rel}","templated":true}]}}