{"id":69,"date":"2008-07-16T15:18:50","date_gmt":"2008-07-16T13:18:50","guid":{"rendered":"http:\/\/beta.mojabochnia.pl\/?p=69"},"modified":"2008-08-25T12:28:33","modified_gmt":"2008-08-25T10:28:33","slug":"szymon-wydra-w-strzelcach-wielkich","status":"publish","type":"post","link":"https:\/\/www.mojabochnia.pl\/?p=69","title":{"rendered":"Szymon Wydra w Strzelcach Wielkich"},"content":{"rendered":"<p>Koncert Charytatywny sta\u0142 si\u0119 ju\u017c wydarzeniem cyklicznym. W ka\u017cdym roku na piknik przybywa kilka tysi\u0119cy ludzi. Piknik organizuje go Komitet Budowy Ko\u015bcio\u0142a w Strzelcach Wielkich, Parafia Rzymsko-Katolicka w Strzelcach Wielkich, przy wsp\u00f3\u0142pracy z Gminnym Centrum Kultury Czytelnictwa i Sportu w Szczurowej, OSP Strzelce Ma\u0142e i Strzelce Wielkie, Rada So\u0142ecka Strzelec Wielkich. Podczas pikniku, w kt\u00f3rego organizacj\u0119 czynnie w\u0142\u0105cza si\u0119 polonia ameryka\u0144ska, organizowana jest zbi\u00f3rka pieni\u0119dzy z kt\u00f3rej doch\u00f3d przeznaczony jest na wyposa\u017cenie nowego ko\u015bcio\u0142a ku czci Matki Bo\u017cej Szkaplerznej.<br \/>\nOpr\u00f3cz atrakcji na estradzie b\u0119dzie weso\u0142e miasteczko, szerokie zaplecze gastronomiczne (m.in. potrawy z grilla, wojskowa groch\u00f3wka, napoje lody). <\/p>\n<p>Szczeg\u00f3\u0142owy program imprezy<\/p>\n<p>14.30 &#8211; turniej pi\u0142ki no\u017cnej<br \/>\n15.00 &#8211; wyst\u0119p zespo\u0142u dzieci\u0119cego<br \/>\n16.00 &#8211; wyst\u0119p orkiestry d\u0119tej<br \/>\n16.45 &#8211; pokaz stra\u017cacki<br \/>\n17.30 &#8211; wataha harleyowc\u00f3w<br \/>\n18.00 &#8211; wyst\u0119p zespo\u0142u Focus<br \/>\n20.00 &#8211; koncert Braci Cugowskich<br \/>\n21.30 &#8211; losowanie nagr\u00f3d w loterii fantowej<br \/>\n22.00 &#8211; koncert Szymona Wydry wraz z zespo\u0142em Carpe Diem<br \/>\n23.30 &#8211; pokaz sztucznych ogni<\/p>\n","protected":false},"excerpt":{"rendered":"<p>W najbli\u017csz\u0105 niedziel\u0119 (20 lipca) w Strzelcach Wielkich odb\u0119dzie si\u0119 VIII Koncert Charytatywny. Jak co roku organizatorzy zadbali o szereg atrakcji z kt\u00f3rych najwi\u0119ksz\u0105 b\u0119dzie koncert gwiazd wieczoru. Tym razem wyst\u0105pi\u0105 Bracia Cugowscy oraz Szymon Wydra z zespo\u0142em Carpe Diem. Na zako\u0144czenie imprezy zaplanowano interesuj\u0105ce widowisko podniebne oraz pokaz sztucznych ogni. Piknik rozpocznie si\u0119 o godz. 15.00 i jak zapowiadaj\u0105 organizatorzy potrwa co najmniej do p\u00f3\u0142nocy.<\/p>\n","protected":false},"author":1,"featured_media":0,"comment_status":"open","ping_status":"open","sticky":false,"template":"","format":"standard","meta":{"_acf_changed":false,"footnotes":""},"categories":[5],"tags":[46,49,45,17112,17104,47,43,17114,44,50,42,48,37],"class_list":["post-69","post","type-post","status-publish","format-standard","hentry","category-biezace-wydarzenia","tag-bracia-cugowscy","tag-carpe-diem","tag-harley","tag-koncert-charytatywny","tag-kwesta","tag-loteria-fantowa","tag-orkiestry-dete","tag-piknik","tag-pokaz-strazacki","tag-pokaz-sztucznych-ogni","tag-strzelce-wielkie","tag-szymon-wydra","tag-turniej-pilki-noznej"],"acf":[],"yoast_head":"<!-- This site is optimized with the Yoast SEO plugin v26.9 - https:\/\/yoast.com\/product\/yoast-seo-wordpress\/ -->\n<title>Szymon Wydra w Strzelcach Wielkich - mojabochnia.pl - portal informacyjny<\/title>\n<meta name=\"robots\" content=\"index, follow, max-snippet:-1, max-image-preview:large, max-video-preview:-1\" \/>\n<link rel=\"canonical\" href=\"https:\/\/www.mojabochnia.pl\/?p=69\" \/>\n<meta property=\"og:locale\" content=\"pl_PL\" \/>\n<meta property=\"og:type\" content=\"article\" \/>\n<meta property=\"og:title\" content=\"Szymon Wydra w Strzelcach Wielkich - mojabochnia.pl - portal informacyjny\" \/>\n<meta property=\"og:description\" content=\"W najbli\u017csz\u0105 niedziel\u0119 (20 lipca) w Strzelcach Wielkich odb\u0119dzie si\u0119 VIII Koncert Charytatywny. Jak co roku organizatorzy zadbali o szereg atrakcji z kt\u00f3rych najwi\u0119ksz\u0105 b\u0119dzie koncert gwiazd wieczoru. Tym razem wyst\u0105pi\u0105 Bracia Cugowscy oraz Szymon Wydra z zespo\u0142em Carpe Diem. Na zako\u0144czenie imprezy zaplanowano interesuj\u0105ce widowisko podniebne oraz pokaz sztucznych ogni. Piknik rozpocznie si\u0119 o godz. 15.00 i jak zapowiadaj\u0105 organizatorzy potrwa co najmniej do p\u00f3\u0142nocy.\" \/>\n<meta property=\"og:url\" content=\"https:\/\/www.mojabochnia.pl\/?p=69\" \/>\n<meta property=\"og:site_name\" content=\"mojabochnia.pl - portal informacyjny\" \/>\n<meta property=\"article:publisher\" content=\"https:\/\/www.facebook.com\/mojabochnia\" \/>\n<meta property=\"article:published_time\" content=\"2008-07-16T13:18:50+00:00\" \/>\n<meta property=\"article:modified_time\" content=\"2008-08-25T10:28:33+00:00\" \/>\n<meta name=\"author\" content=\"administrator\" \/>\n<meta name=\"twitter:card\" content=\"summary_large_image\" \/>\n<meta name=\"twitter:label1\" content=\"Written by\" \/>\n\t<meta name=\"twitter:data1\" content=\"administrator\" \/>\n\t<meta name=\"twitter:label2\" content=\"Est. reading time\" \/>\n\t<meta name=\"twitter:data2\" content=\"1 minuta\" \/>\n<script type=\"application\/ld+json\" class=\"yoast-schema-graph\">{\"@context\":\"https:\/\/schema.org\",\"@graph\":[{\"@type\":\"Article\",\"@id\":\"https:\/\/www.mojabochnia.pl\/?p=69#article\",\"isPartOf\":{\"@id\":\"https:\/\/www.mojabochnia.pl\/?p=69\"},\"author\":{\"name\":\"administrator\",\"@id\":\"https:\/\/www.mojabochnia.pl\/#\/schema\/person\/c00e1f64e6fa0e6de6d410f2c340017f\"},\"headline\":\"Szymon Wydra w Strzelcach Wielkich\",\"datePublished\":\"2008-07-16T13:18:50+00:00\",\"dateModified\":\"2008-08-25T10:28:33+00:00\",\"mainEntityOfPage\":{\"@id\":\"https:\/\/www.mojabochnia.pl\/?p=69\"},\"wordCount\":187,\"commentCount\":0,\"publisher\":{\"@id\":\"https:\/\/www.mojabochnia.pl\/#organization\"},\"keywords\":[\"bracia cugowscy\",\"carpe diem\",\"harley\",\"koncert charytatywny\",\"kwesta\",\"loteria fantowa\",\"orkiestry d\u0119te\",\"piknik\",\"pokaz stra\u017cacki\",\"pokaz sztucznych ogni\",\"Strzelce Wielkie\",\"szymon wydra\",\"Turniej Pi\u0142ki No\u017cnej\"],\"articleSection\":[\"2_ostatnie\"],\"inLanguage\":\"pl-PL\",\"potentialAction\":[{\"@type\":\"CommentAction\",\"name\":\"Comment\",\"target\":[\"https:\/\/www.mojabochnia.pl\/?p=69#respond\"]}]},{\"@type\":\"WebPage\",\"@id\":\"https:\/\/www.mojabochnia.pl\/?p=69\",\"url\":\"https:\/\/www.mojabochnia.pl\/?p=69\",\"name\":\"Szymon Wydra w Strzelcach Wielkich - mojabochnia.pl - portal informacyjny\",\"isPartOf\":{\"@id\":\"https:\/\/www.mojabochnia.pl\/#website\"},\"datePublished\":\"2008-07-16T13:18:50+00:00\",\"dateModified\":\"2008-08-25T10:28:33+00:00\",\"breadcrumb\":{\"@id\":\"https:\/\/www.mojabochnia.pl\/?p=69#breadcrumb\"},\"inLanguage\":\"pl-PL\",\"potentialAction\":[{\"@type\":\"ReadAction\",\"target\":[\"https:\/\/www.mojabochnia.pl\/?p=69\"]}]},{\"@type\":\"BreadcrumbList\",\"@id\":\"https:\/\/www.mojabochnia.pl\/?p=69#breadcrumb\",\"itemListElement\":[{\"@type\":\"ListItem\",\"position\":1,\"name\":\"Home\",\"item\":\"https:\/\/www.mojabochnia.pl\/\"},{\"@type\":\"ListItem\",\"position\":2,\"name\":\"Szymon Wydra w Strzelcach Wielkich\"}]},{\"@type\":\"WebSite\",\"@id\":\"https:\/\/www.mojabochnia.pl\/#website\",\"url\":\"https:\/\/www.mojabochnia.pl\/\",\"name\":\"mojabochnia.pl - portal informacyjny\",\"description\":\"mojaBochnia to portal informacyjny o Bochni. Codziennie o Bochni piszemy i pokazujemy najwa\u017cniejsze wydarzenia\",\"publisher\":{\"@id\":\"https:\/\/www.mojabochnia.pl\/#organization\"},\"potentialAction\":[{\"@type\":\"SearchAction\",\"target\":{\"@type\":\"EntryPoint\",\"urlTemplate\":\"https:\/\/www.mojabochnia.pl\/?s={search_term_string}\"},\"query-input\":{\"@type\":\"PropertyValueSpecification\",\"valueRequired\":true,\"valueName\":\"search_term_string\"}}],\"inLanguage\":\"pl-PL\"},{\"@type\":\"Organization\",\"@id\":\"https:\/\/www.mojabochnia.pl\/#organization\",\"name\":\"mojabochnia.pl - portal informacyjny\",\"url\":\"https:\/\/www.mojabochnia.pl\/\",\"logo\":{\"@type\":\"ImageObject\",\"inLanguage\":\"pl-PL\",\"@id\":\"https:\/\/www.mojabochnia.pl\/#\/schema\/logo\/image\/\",\"url\":\"https:\/\/www.mojabochnia.pl\/wp-content\/uploads\/2017\/08\/logo-mb-opt.png\",\"contentUrl\":\"https:\/\/www.mojabochnia.pl\/wp-content\/uploads\/2017\/08\/logo-mb-opt.png\",\"width\":250,\"height\":48,\"caption\":\"mojabochnia.pl - portal informacyjny\"},\"image\":{\"@id\":\"https:\/\/www.mojabochnia.pl\/#\/schema\/logo\/image\/\"},\"sameAs\":[\"https:\/\/www.facebook.com\/mojabochnia\"]},{\"@type\":\"Person\",\"@id\":\"https:\/\/www.mojabochnia.pl\/#\/schema\/person\/c00e1f64e6fa0e6de6d410f2c340017f\",\"name\":\"administrator\",\"url\":\"https:\/\/www.mojabochnia.pl\/?author=1\"}]}<\/script>\n<!-- \/ Yoast SEO plugin. -->","yoast_head_json":{"title":"Szymon Wydra w Strzelcach Wielkich - mojabochnia.pl - portal informacyjny","robots":{"index":"index","follow":"follow","max-snippet":"max-snippet:-1","max-image-preview":"max-image-preview:large","max-video-preview":"max-video-preview:-1"},"canonical":"https:\/\/www.mojabochnia.pl\/?p=69","og_locale":"pl_PL","og_type":"article","og_title":"Szymon Wydra w Strzelcach Wielkich - mojabochnia.pl - portal informacyjny","og_description":"W najbli\u017csz\u0105 niedziel\u0119 (20 lipca) w Strzelcach Wielkich odb\u0119dzie si\u0119 VIII Koncert Charytatywny. Jak co roku organizatorzy zadbali o szereg atrakcji z kt\u00f3rych najwi\u0119ksz\u0105 b\u0119dzie koncert gwiazd wieczoru. Tym razem wyst\u0105pi\u0105 Bracia Cugowscy oraz Szymon Wydra z zespo\u0142em Carpe Diem. Na zako\u0144czenie imprezy zaplanowano interesuj\u0105ce widowisko podniebne oraz pokaz sztucznych ogni. Piknik rozpocznie si\u0119 o godz. 15.00 i jak zapowiadaj\u0105 organizatorzy potrwa co najmniej do p\u00f3\u0142nocy.","og_url":"https:\/\/www.mojabochnia.pl\/?p=69","og_site_name":"mojabochnia.pl - portal informacyjny","article_publisher":"https:\/\/www.facebook.com\/mojabochnia","article_published_time":"2008-07-16T13:18:50+00:00","article_modified_time":"2008-08-25T10:28:33+00:00","author":"administrator","twitter_card":"summary_large_image","twitter_misc":{"Written by":"administrator","Est. reading time":"1 minuta"},"schema":{"@context":"https:\/\/schema.org","@graph":[{"@type":"Article","@id":"https:\/\/www.mojabochnia.pl\/?p=69#article","isPartOf":{"@id":"https:\/\/www.mojabochnia.pl\/?p=69"},"author":{"name":"administrator","@id":"https:\/\/www.mojabochnia.pl\/#\/schema\/person\/c00e1f64e6fa0e6de6d410f2c340017f"},"headline":"Szymon Wydra w Strzelcach Wielkich","datePublished":"2008-07-16T13:18:50+00:00","dateModified":"2008-08-25T10:28:33+00:00","mainEntityOfPage":{"@id":"https:\/\/www.mojabochnia.pl\/?p=69"},"wordCount":187,"commentCount":0,"publisher":{"@id":"https:\/\/www.mojabochnia.pl\/#organization"},"keywords":["bracia cugowscy","carpe diem","harley","koncert charytatywny","kwesta","loteria fantowa","orkiestry d\u0119te","piknik","pokaz stra\u017cacki","pokaz sztucznych ogni","Strzelce Wielkie","szymon wydra","Turniej Pi\u0142ki No\u017cnej"],"articleSection":["2_ostatnie"],"inLanguage":"pl-PL","potentialAction":[{"@type":"CommentAction","name":"Comment","target":["https:\/\/www.mojabochnia.pl\/?p=69#respond"]}]},{"@type":"WebPage","@id":"https:\/\/www.mojabochnia.pl\/?p=69","url":"https:\/\/www.mojabochnia.pl\/?p=69","name":"Szymon Wydra w Strzelcach Wielkich - mojabochnia.pl - portal informacyjny","isPartOf":{"@id":"https:\/\/www.mojabochnia.pl\/#website"},"datePublished":"2008-07-16T13:18:50+00:00","dateModified":"2008-08-25T10:28:33+00:00","breadcrumb":{"@id":"https:\/\/www.mojabochnia.pl\/?p=69#breadcrumb"},"inLanguage":"pl-PL","potentialAction":[{"@type":"ReadAction","target":["https:\/\/www.mojabochnia.pl\/?p=69"]}]},{"@type":"BreadcrumbList","@id":"https:\/\/www.mojabochnia.pl\/?p=69#breadcrumb","itemListElement":[{"@type":"ListItem","position":1,"name":"Home","item":"https:\/\/www.mojabochnia.pl\/"},{"@type":"ListItem","position":2,"name":"Szymon Wydra w Strzelcach Wielkich"}]},{"@type":"WebSite","@id":"https:\/\/www.mojabochnia.pl\/#website","url":"https:\/\/www.mojabochnia.pl\/","name":"mojabochnia.pl - portal informacyjny","description":"mojaBochnia to portal informacyjny o Bochni. Codziennie o Bochni piszemy i pokazujemy najwa\u017cniejsze wydarzenia","publisher":{"@id":"https:\/\/www.mojabochnia.pl\/#organization"},"potentialAction":[{"@type":"SearchAction","target":{"@type":"EntryPoint","urlTemplate":"https:\/\/www.mojabochnia.pl\/?s={search_term_string}"},"query-input":{"@type":"PropertyValueSpecification","valueRequired":true,"valueName":"search_term_string"}}],"inLanguage":"pl-PL"},{"@type":"Organization","@id":"https:\/\/www.mojabochnia.pl\/#organization","name":"mojabochnia.pl - portal informacyjny","url":"https:\/\/www.mojabochnia.pl\/","logo":{"@type":"ImageObject","inLanguage":"pl-PL","@id":"https:\/\/www.mojabochnia.pl\/#\/schema\/logo\/image\/","url":"https:\/\/www.mojabochnia.pl\/wp-content\/uploads\/2017\/08\/logo-mb-opt.png","contentUrl":"https:\/\/www.mojabochnia.pl\/wp-content\/uploads\/2017\/08\/logo-mb-opt.png","width":250,"height":48,"caption":"mojabochnia.pl - portal informacyjny"},"image":{"@id":"https:\/\/www.mojabochnia.pl\/#\/schema\/logo\/image\/"},"sameAs":["https:\/\/www.facebook.com\/mojabochnia"]},{"@type":"Person","@id":"https:\/\/www.mojabochnia.pl\/#\/schema\/person\/c00e1f64e6fa0e6de6d410f2c340017f","name":"administrator","url":"https:\/\/www.mojabochnia.pl\/?author=1"}]}},"_links":{"self":[{"href":"https:\/\/www.mojabochnia.pl\/index.php?rest_route=\/wp\/v2\/posts\/69","targetHints":{"allow":["GET"]}}],"collection":[{"href":"https:\/\/www.mojabochnia.pl\/index.php?rest_route=\/wp\/v2\/posts"}],"about":[{"href":"https:\/\/www.mojabochnia.pl\/index.php?rest_route=\/wp\/v2\/types\/post"}],"author":[{"embeddable":true,"href":"https:\/\/www.mojabochnia.pl\/index.php?rest_route=\/wp\/v2\/users\/1"}],"replies":[{"embeddable":true,"href":"https:\/\/www.mojabochnia.pl\/index.php?rest_route=%2Fwp%2Fv2%2Fcomments&post=69"}],"version-history":[{"count":0,"href":"https:\/\/www.mojabochnia.pl\/index.php?rest_route=\/wp\/v2\/posts\/69\/revisions"}],"wp:attachment":[{"href":"https:\/\/www.mojabochnia.pl\/index.php?rest_route=%2Fwp%2Fv2%2Fmedia&parent=69"}],"wp:term":[{"taxonomy":"category","embeddable":true,"href":"https:\/\/www.mojabochnia.pl\/index.php?rest_route=%2Fwp%2Fv2%2Fcategories&post=69"},{"taxonomy":"post_tag","embeddable":true,"href":"https:\/\/www.mojabochnia.pl\/index.php?rest_route=%2Fwp%2Fv2%2Ftags&post=69"}],"curies":[{"name":"wp","href":"https:\/\/api.w.org\/{rel}","templated":true}]}}