{"id":6885,"date":"2009-03-24T17:10:28","date_gmt":"2009-03-24T16:10:28","guid":{"rendered":"http:\/\/www.mojabochnia.pl\/?p=6885"},"modified":"2011-07-26T11:07:24","modified_gmt":"2011-07-26T09:07:24","slug":"psp-5-konkurs-recytatorski","status":"publish","type":"post","link":"https:\/\/www.mojabochnia.pl\/?p=6885","title":{"rendered":"PSP 5: konkurs recytatorski"},"content":{"rendered":"<p>W konkursie wzi\u0119\u0142y udzia\u0142 dzieci z klasy 0-3 ze szk\u00f3\u0142 z terenu ca\u0142ego powiatu. Najpierw odby\u0142y si\u0119 eliminacje w klasach, p\u00f3\u017aniej szko\u0142y organizowa\u0142y nast\u0119pny etap, aby wy\u0142oni\u0107 reprezentant\u00f3w. Po tematyce \u017cartobliwej, wierszach o przyrodzie, czy zwierz\u0119tach, podczas tegorocznego konkursu uczniowie zaprezentowali utwory powa\u017cne &#8211; patriotyczne. Uczestnicy recytowali wiersze wybranych poet\u00f3w, mog\u0142y one dotyczy\u0107 regionu lub ca\u0142ej Polski. \u2013 <em>Ubieg\u0142e edycje cieszy\u0142y si\u0119 spor\u0105 popularno\u015bci\u0105, dzieci bardzo ch\u0119tnie recytuj\u0105 i bior\u0105 udzia\u0142 w tego typu konkursach<\/em> \u2013 powiedzia\u0142a Alicja Goli\u0144ska, organizator konkursu oraz nauczyciel z PSP nr 5 w Bochni. &#8211; <em>Celem konkursu jest zach\u0119cenie dzieci do czytania poezji, cho\u0107 temat w tym roku jest do\u015b\u0107 trudny, na pewno znajd\u0105 si\u0119 ci, kt\u00f3rzy b\u0119d\u0105 chcieli m\u00f3wi\u0107 o ojczy\u017anie<\/em> \u2013 doda\u0142a Alicja Goli\u0144ska. <\/p>\n<p>Zanim jednak rozpocz\u0105\u0142 si\u0119 konkurs, widzowie zebrani na sali gimnastycznej PSP 5 obejrzeli kr\u00f3tki program artystyczny przygotowany przez dzieci z klasy trzeciej. VIII edycja recytatorskich zmaga\u0144 odby\u0142a si\u0119 pod patronatem burmistrza Bogdana Kosturkiewicza. <\/p>\n","protected":false},"excerpt":{"rendered":"<p>Podczas ju\u017c VIII edycji organizowanego mi\u0119dzyszkolnego konkursu recytatorskiego uczestnikom przy\u015bwieca\u0142o has\u0142o \u201eKto Ty jeste\u015b\u201d, w tym roku wybrane przez uczni\u00f3w wiersze porusza\u0142y temat patriotyzmu.<\/p>\n","protected":false},"author":1,"featured_media":0,"comment_status":"open","ping_status":"closed","sticky":false,"template":"","format":"standard","meta":{"_acf_changed":false,"footnotes":""},"categories":[92],"tags":[3095,3096,17122,17337,17541,17398,17672,1999,3097,2369,17249,17657,731],"class_list":["post-6885","post","type-post","status-publish","format-standard","hentry","category-kultura","tag-alicja-golinska","tag-etap","tag-konkurs","tag-patriotyzm","tag-poezja","tag-powiat","tag-psp-5","tag-recytacja","tag-reprezentanci","tag-sala-gimnastyczna","tag-szkola","tag-szkoly-podstawowe","tag-uczniowie","main_tag-konkurs-recytatorski"],"acf":[],"yoast_head":"<!-- This site is optimized with the Yoast SEO plugin v26.9 - https:\/\/yoast.com\/product\/yoast-seo-wordpress\/ -->\n<title>PSP 5: konkurs recytatorski - mojabochnia.pl - portal informacyjny<\/title>\n<meta name=\"robots\" content=\"index, follow, max-snippet:-1, max-image-preview:large, max-video-preview:-1\" \/>\n<link rel=\"canonical\" href=\"https:\/\/www.mojabochnia.pl\/?p=6885\" \/>\n<meta property=\"og:locale\" content=\"pl_PL\" \/>\n<meta property=\"og:type\" content=\"article\" \/>\n<meta property=\"og:title\" content=\"PSP 5: konkurs recytatorski - mojabochnia.pl - portal informacyjny\" \/>\n<meta property=\"og:description\" content=\"Podczas ju\u017c VIII edycji organizowanego mi\u0119dzyszkolnego konkursu recytatorskiego uczestnikom przy\u015bwieca\u0142o has\u0142o \u201eKto Ty jeste\u015b\u201d, w tym roku wybrane przez uczni\u00f3w wiersze porusza\u0142y temat patriotyzmu.\" \/>\n<meta property=\"og:url\" content=\"https:\/\/www.mojabochnia.pl\/?p=6885\" \/>\n<meta property=\"og:site_name\" content=\"mojabochnia.pl - portal informacyjny\" \/>\n<meta property=\"article:publisher\" content=\"https:\/\/www.facebook.com\/mojabochnia\" \/>\n<meta property=\"article:published_time\" content=\"2009-03-24T16:10:28+00:00\" \/>\n<meta property=\"article:modified_time\" content=\"2011-07-26T09:07:24+00:00\" \/>\n<meta name=\"author\" content=\"administrator\" \/>\n<meta name=\"twitter:card\" content=\"summary_large_image\" \/>\n<meta name=\"twitter:label1\" content=\"Written by\" \/>\n\t<meta name=\"twitter:data1\" content=\"administrator\" \/>\n\t<meta name=\"twitter:label2\" content=\"Est. reading time\" \/>\n\t<meta name=\"twitter:data2\" content=\"1 minuta\" \/>\n<script type=\"application\/ld+json\" class=\"yoast-schema-graph\">{\"@context\":\"https:\/\/schema.org\",\"@graph\":[{\"@type\":\"Article\",\"@id\":\"https:\/\/www.mojabochnia.pl\/?p=6885#article\",\"isPartOf\":{\"@id\":\"https:\/\/www.mojabochnia.pl\/?p=6885\"},\"author\":{\"name\":\"administrator\",\"@id\":\"https:\/\/www.mojabochnia.pl\/#\/schema\/person\/c00e1f64e6fa0e6de6d410f2c340017f\"},\"headline\":\"PSP 5: konkurs recytatorski\",\"datePublished\":\"2009-03-24T16:10:28+00:00\",\"dateModified\":\"2011-07-26T09:07:24+00:00\",\"mainEntityOfPage\":{\"@id\":\"https:\/\/www.mojabochnia.pl\/?p=6885\"},\"wordCount\":181,\"commentCount\":0,\"publisher\":{\"@id\":\"https:\/\/www.mojabochnia.pl\/#organization\"},\"keywords\":[\"alicja goli\u0144ska\",\"etap\",\"konkurs\",\"patriotyzm\",\"poezja\",\"powiat\",\"psp 5\",\"recytacja\",\"reprezentanci\",\"sala gimnastyczna\",\"szko\u0142a\",\"szko\u0142y podstawowe\",\"uczniowie\"],\"articleSection\":[\"kultura\"],\"inLanguage\":\"pl-PL\",\"potentialAction\":[{\"@type\":\"CommentAction\",\"name\":\"Comment\",\"target\":[\"https:\/\/www.mojabochnia.pl\/?p=6885#respond\"]}]},{\"@type\":\"WebPage\",\"@id\":\"https:\/\/www.mojabochnia.pl\/?p=6885\",\"url\":\"https:\/\/www.mojabochnia.pl\/?p=6885\",\"name\":\"PSP 5: konkurs recytatorski - mojabochnia.pl - portal informacyjny\",\"isPartOf\":{\"@id\":\"https:\/\/www.mojabochnia.pl\/#website\"},\"datePublished\":\"2009-03-24T16:10:28+00:00\",\"dateModified\":\"2011-07-26T09:07:24+00:00\",\"breadcrumb\":{\"@id\":\"https:\/\/www.mojabochnia.pl\/?p=6885#breadcrumb\"},\"inLanguage\":\"pl-PL\",\"potentialAction\":[{\"@type\":\"ReadAction\",\"target\":[\"https:\/\/www.mojabochnia.pl\/?p=6885\"]}]},{\"@type\":\"BreadcrumbList\",\"@id\":\"https:\/\/www.mojabochnia.pl\/?p=6885#breadcrumb\",\"itemListElement\":[{\"@type\":\"ListItem\",\"position\":1,\"name\":\"Home\",\"item\":\"https:\/\/www.mojabochnia.pl\/\"},{\"@type\":\"ListItem\",\"position\":2,\"name\":\"PSP 5: konkurs recytatorski\"}]},{\"@type\":\"WebSite\",\"@id\":\"https:\/\/www.mojabochnia.pl\/#website\",\"url\":\"https:\/\/www.mojabochnia.pl\/\",\"name\":\"mojabochnia.pl - portal informacyjny\",\"description\":\"mojaBochnia to portal informacyjny o Bochni. Codziennie o Bochni piszemy i pokazujemy najwa\u017cniejsze wydarzenia\",\"publisher\":{\"@id\":\"https:\/\/www.mojabochnia.pl\/#organization\"},\"potentialAction\":[{\"@type\":\"SearchAction\",\"target\":{\"@type\":\"EntryPoint\",\"urlTemplate\":\"https:\/\/www.mojabochnia.pl\/?s={search_term_string}\"},\"query-input\":{\"@type\":\"PropertyValueSpecification\",\"valueRequired\":true,\"valueName\":\"search_term_string\"}}],\"inLanguage\":\"pl-PL\"},{\"@type\":\"Organization\",\"@id\":\"https:\/\/www.mojabochnia.pl\/#organization\",\"name\":\"mojabochnia.pl - portal informacyjny\",\"url\":\"https:\/\/www.mojabochnia.pl\/\",\"logo\":{\"@type\":\"ImageObject\",\"inLanguage\":\"pl-PL\",\"@id\":\"https:\/\/www.mojabochnia.pl\/#\/schema\/logo\/image\/\",\"url\":\"https:\/\/www.mojabochnia.pl\/wp-content\/uploads\/2017\/08\/logo-mb-opt.png\",\"contentUrl\":\"https:\/\/www.mojabochnia.pl\/wp-content\/uploads\/2017\/08\/logo-mb-opt.png\",\"width\":250,\"height\":48,\"caption\":\"mojabochnia.pl - portal informacyjny\"},\"image\":{\"@id\":\"https:\/\/www.mojabochnia.pl\/#\/schema\/logo\/image\/\"},\"sameAs\":[\"https:\/\/www.facebook.com\/mojabochnia\"]},{\"@type\":\"Person\",\"@id\":\"https:\/\/www.mojabochnia.pl\/#\/schema\/person\/c00e1f64e6fa0e6de6d410f2c340017f\",\"name\":\"administrator\",\"url\":\"https:\/\/www.mojabochnia.pl\/?author=1\"}]}<\/script>\n<!-- \/ Yoast SEO plugin. -->","yoast_head_json":{"title":"PSP 5: konkurs recytatorski - mojabochnia.pl - portal informacyjny","robots":{"index":"index","follow":"follow","max-snippet":"max-snippet:-1","max-image-preview":"max-image-preview:large","max-video-preview":"max-video-preview:-1"},"canonical":"https:\/\/www.mojabochnia.pl\/?p=6885","og_locale":"pl_PL","og_type":"article","og_title":"PSP 5: konkurs recytatorski - mojabochnia.pl - portal informacyjny","og_description":"Podczas ju\u017c VIII edycji organizowanego mi\u0119dzyszkolnego konkursu recytatorskiego uczestnikom przy\u015bwieca\u0142o has\u0142o \u201eKto Ty jeste\u015b\u201d, w tym roku wybrane przez uczni\u00f3w wiersze porusza\u0142y temat patriotyzmu.","og_url":"https:\/\/www.mojabochnia.pl\/?p=6885","og_site_name":"mojabochnia.pl - portal informacyjny","article_publisher":"https:\/\/www.facebook.com\/mojabochnia","article_published_time":"2009-03-24T16:10:28+00:00","article_modified_time":"2011-07-26T09:07:24+00:00","author":"administrator","twitter_card":"summary_large_image","twitter_misc":{"Written by":"administrator","Est. reading time":"1 minuta"},"schema":{"@context":"https:\/\/schema.org","@graph":[{"@type":"Article","@id":"https:\/\/www.mojabochnia.pl\/?p=6885#article","isPartOf":{"@id":"https:\/\/www.mojabochnia.pl\/?p=6885"},"author":{"name":"administrator","@id":"https:\/\/www.mojabochnia.pl\/#\/schema\/person\/c00e1f64e6fa0e6de6d410f2c340017f"},"headline":"PSP 5: konkurs recytatorski","datePublished":"2009-03-24T16:10:28+00:00","dateModified":"2011-07-26T09:07:24+00:00","mainEntityOfPage":{"@id":"https:\/\/www.mojabochnia.pl\/?p=6885"},"wordCount":181,"commentCount":0,"publisher":{"@id":"https:\/\/www.mojabochnia.pl\/#organization"},"keywords":["alicja goli\u0144ska","etap","konkurs","patriotyzm","poezja","powiat","psp 5","recytacja","reprezentanci","sala gimnastyczna","szko\u0142a","szko\u0142y podstawowe","uczniowie"],"articleSection":["kultura"],"inLanguage":"pl-PL","potentialAction":[{"@type":"CommentAction","name":"Comment","target":["https:\/\/www.mojabochnia.pl\/?p=6885#respond"]}]},{"@type":"WebPage","@id":"https:\/\/www.mojabochnia.pl\/?p=6885","url":"https:\/\/www.mojabochnia.pl\/?p=6885","name":"PSP 5: konkurs recytatorski - mojabochnia.pl - portal informacyjny","isPartOf":{"@id":"https:\/\/www.mojabochnia.pl\/#website"},"datePublished":"2009-03-24T16:10:28+00:00","dateModified":"2011-07-26T09:07:24+00:00","breadcrumb":{"@id":"https:\/\/www.mojabochnia.pl\/?p=6885#breadcrumb"},"inLanguage":"pl-PL","potentialAction":[{"@type":"ReadAction","target":["https:\/\/www.mojabochnia.pl\/?p=6885"]}]},{"@type":"BreadcrumbList","@id":"https:\/\/www.mojabochnia.pl\/?p=6885#breadcrumb","itemListElement":[{"@type":"ListItem","position":1,"name":"Home","item":"https:\/\/www.mojabochnia.pl\/"},{"@type":"ListItem","position":2,"name":"PSP 5: konkurs recytatorski"}]},{"@type":"WebSite","@id":"https:\/\/www.mojabochnia.pl\/#website","url":"https:\/\/www.mojabochnia.pl\/","name":"mojabochnia.pl - portal informacyjny","description":"mojaBochnia to portal informacyjny o Bochni. Codziennie o Bochni piszemy i pokazujemy najwa\u017cniejsze wydarzenia","publisher":{"@id":"https:\/\/www.mojabochnia.pl\/#organization"},"potentialAction":[{"@type":"SearchAction","target":{"@type":"EntryPoint","urlTemplate":"https:\/\/www.mojabochnia.pl\/?s={search_term_string}"},"query-input":{"@type":"PropertyValueSpecification","valueRequired":true,"valueName":"search_term_string"}}],"inLanguage":"pl-PL"},{"@type":"Organization","@id":"https:\/\/www.mojabochnia.pl\/#organization","name":"mojabochnia.pl - portal informacyjny","url":"https:\/\/www.mojabochnia.pl\/","logo":{"@type":"ImageObject","inLanguage":"pl-PL","@id":"https:\/\/www.mojabochnia.pl\/#\/schema\/logo\/image\/","url":"https:\/\/www.mojabochnia.pl\/wp-content\/uploads\/2017\/08\/logo-mb-opt.png","contentUrl":"https:\/\/www.mojabochnia.pl\/wp-content\/uploads\/2017\/08\/logo-mb-opt.png","width":250,"height":48,"caption":"mojabochnia.pl - portal informacyjny"},"image":{"@id":"https:\/\/www.mojabochnia.pl\/#\/schema\/logo\/image\/"},"sameAs":["https:\/\/www.facebook.com\/mojabochnia"]},{"@type":"Person","@id":"https:\/\/www.mojabochnia.pl\/#\/schema\/person\/c00e1f64e6fa0e6de6d410f2c340017f","name":"administrator","url":"https:\/\/www.mojabochnia.pl\/?author=1"}]}},"_links":{"self":[{"href":"https:\/\/www.mojabochnia.pl\/index.php?rest_route=\/wp\/v2\/posts\/6885","targetHints":{"allow":["GET"]}}],"collection":[{"href":"https:\/\/www.mojabochnia.pl\/index.php?rest_route=\/wp\/v2\/posts"}],"about":[{"href":"https:\/\/www.mojabochnia.pl\/index.php?rest_route=\/wp\/v2\/types\/post"}],"author":[{"embeddable":true,"href":"https:\/\/www.mojabochnia.pl\/index.php?rest_route=\/wp\/v2\/users\/1"}],"replies":[{"embeddable":true,"href":"https:\/\/www.mojabochnia.pl\/index.php?rest_route=%2Fwp%2Fv2%2Fcomments&post=6885"}],"version-history":[{"count":2,"href":"https:\/\/www.mojabochnia.pl\/index.php?rest_route=\/wp\/v2\/posts\/6885\/revisions"}],"predecessor-version":[{"id":56094,"href":"https:\/\/www.mojabochnia.pl\/index.php?rest_route=\/wp\/v2\/posts\/6885\/revisions\/56094"}],"wp:attachment":[{"href":"https:\/\/www.mojabochnia.pl\/index.php?rest_route=%2Fwp%2Fv2%2Fmedia&parent=6885"}],"wp:term":[{"taxonomy":"category","embeddable":true,"href":"https:\/\/www.mojabochnia.pl\/index.php?rest_route=%2Fwp%2Fv2%2Fcategories&post=6885"},{"taxonomy":"post_tag","embeddable":true,"href":"https:\/\/www.mojabochnia.pl\/index.php?rest_route=%2Fwp%2Fv2%2Ftags&post=6885"}],"curies":[{"name":"wp","href":"https:\/\/api.w.org\/{rel}","templated":true}]}}