{"id":68833,"date":"2012-03-22T12:47:58","date_gmt":"2012-03-22T11:47:58","guid":{"rendered":"http:\/\/www.mojabochnia.pl\/?p=68833"},"modified":"2012-03-22T15:08:25","modified_gmt":"2012-03-22T14:08:25","slug":"gm-bochnia-reforma-4-szkol-przyniesie-do-15-mln-zl-oszczednosci","status":"publish","type":"post","link":"https:\/\/www.mojabochnia.pl\/?p=68833","title":{"rendered":"Gm. Bochnia: reorganizacja 4 szk\u00f3\u0142 przyniesie do 1,5 mln z\u0142 oszcz\u0119dno\u015bci"},"content":{"rendered":"<p>Przypomnijmy, kilka tygodni temu, radni zdecydowali o likwidacji 4 plac\u00f3wek. Jak m\u00f3wi w\u00f3jt Jerzy Lysy, nie dojdzie jednak do tego. Uchwa\u0142a okaza\u0142a si\u0119 by\u0107 wystarczaj\u0105cym argumentem, aby mi\u0119dzy szko\u0142ami oraz rodzicami dosz\u0142o do porozumienia. Dzi\u0119ki temu mo\u017cna m\u00f3wi\u0107 o oszcz\u0119dno\u015bciach.<\/p>\n<p><em>Mamy du\u017cy uzysk. A\u017c 15 oddzia\u0142\u00f3w nam znika. No bo trudno, \u017ceby dla siedmiorga dzieci robi\u0107 klas\u0119. W s\u0105siedniej wsi jest o\u015bmioro czy dziewi\u0119cioro dzieci i wsp\u00f3lna klasa dawa\u0142aby oszcz\u0119dno\u015b\u0107, o kt\u00f3rej m\u00f3wi\u0119. Jak wspomnia\u0142em, jest to 15 oddzia\u0142\u00f3w, \u015brednio jest to 25 nauczycieli, \u015brednio jest to ok. 1,2-1,5 mln z\u0142 w skali roku <\/em>\u2013 wylicza w\u00f3jt Jerzy Lysy.<\/p>\n<p>Zmiany wejd\u0105 w \u017cycie od 1 wrze\u015bnia w szko\u0142ach w Pogwizdowie i Nieszkowicach Wielkich oraz Nieszkowicach Ma\u0142ych i Siedlcu. W pierwszym przypadku szko\u0142y le\u017c\u0105 900 m od siebie, w drugim dziel\u0105 je 2 km. <\/p>\n","protected":false},"excerpt":{"rendered":"<p>Nawet 1,5 mln z\u0142 wynios\u0105 roczne oszcz\u0119dno\u015bci w wyniku reorganizacji 4 szk\u00f3\u0142 w gminie Bochnia. Chodzi o plac\u00f3wki w Pogwizdowie, Nieszkowicach Wielkich, Nieszkowicach Ma\u0142ych oraz Siedlcu.<\/p>\n","protected":false},"author":4,"featured_media":0,"comment_status":"open","ping_status":"closed","sticky":false,"template":"","format":"standard","meta":{"_acf_changed":false,"footnotes":""},"categories":[5,6251,6250],"tags":[17225,17215,756,1726,521,17532,17117,17249,17493],"class_list":["post-68833","post","type-post","status-publish","format-standard","hentry","category-biezace-wydarzenia","category-polityka-i-wydarzenia","category-tematyka","tag-gmina-bochnia","tag-jerzy-lysy","tag-nieszkowice-male","tag-nieszkowice-wielkie","tag-pogwizdow","tag-reforma","tag-siedlec","tag-szkola","tag-wojt","main_tag-gmina-bochnia"],"acf":[],"yoast_head":"<!-- This site is optimized with the Yoast SEO plugin v26.9 - https:\/\/yoast.com\/product\/yoast-seo-wordpress\/ -->\n<title>Gm. Bochnia: reorganizacja 4 szk\u00f3\u0142 przyniesie do 1,5 mln z\u0142 oszcz\u0119dno\u015bci - mojabochnia.pl - portal informacyjny<\/title>\n<meta name=\"robots\" content=\"index, follow, max-snippet:-1, max-image-preview:large, max-video-preview:-1\" \/>\n<link rel=\"canonical\" href=\"https:\/\/www.mojabochnia.pl\/?p=68833\" \/>\n<meta property=\"og:locale\" content=\"pl_PL\" \/>\n<meta property=\"og:type\" content=\"article\" \/>\n<meta property=\"og:title\" content=\"Gm. Bochnia: reorganizacja 4 szk\u00f3\u0142 przyniesie do 1,5 mln z\u0142 oszcz\u0119dno\u015bci - mojabochnia.pl - portal informacyjny\" \/>\n<meta property=\"og:description\" content=\"Nawet 1,5 mln z\u0142 wynios\u0105 roczne oszcz\u0119dno\u015bci w wyniku reorganizacji 4 szk\u00f3\u0142 w gminie Bochnia. Chodzi o plac\u00f3wki w Pogwizdowie, Nieszkowicach Wielkich, Nieszkowicach Ma\u0142ych oraz Siedlcu.\" \/>\n<meta property=\"og:url\" content=\"https:\/\/www.mojabochnia.pl\/?p=68833\" \/>\n<meta property=\"og:site_name\" content=\"mojabochnia.pl - portal informacyjny\" \/>\n<meta property=\"article:publisher\" content=\"https:\/\/www.facebook.com\/mojabochnia\" \/>\n<meta property=\"article:published_time\" content=\"2012-03-22T11:47:58+00:00\" \/>\n<meta property=\"article:modified_time\" content=\"2012-03-22T14:08:25+00:00\" \/>\n<meta name=\"author\" content=\"Pawe\u0142 Michalczyk\" \/>\n<meta name=\"twitter:card\" content=\"summary_large_image\" \/>\n<meta name=\"twitter:label1\" content=\"Written by\" \/>\n\t<meta name=\"twitter:data1\" content=\"Pawe\u0142 Michalczyk\" \/>\n\t<meta name=\"twitter:label2\" content=\"Est. reading time\" \/>\n\t<meta name=\"twitter:data2\" content=\"1 minuta\" \/>\n<script type=\"application\/ld+json\" class=\"yoast-schema-graph\">{\"@context\":\"https:\/\/schema.org\",\"@graph\":[{\"@type\":\"Article\",\"@id\":\"https:\/\/www.mojabochnia.pl\/?p=68833#article\",\"isPartOf\":{\"@id\":\"https:\/\/www.mojabochnia.pl\/?p=68833\"},\"author\":{\"name\":\"Pawe\u0142 Michalczyk\",\"@id\":\"https:\/\/www.mojabochnia.pl\/#\/schema\/person\/ea042e4724a77627963f02166828ead4\"},\"headline\":\"Gm. Bochnia: reorganizacja 4 szk\u00f3\u0142 przyniesie do 1,5 mln z\u0142 oszcz\u0119dno\u015bci\",\"datePublished\":\"2012-03-22T11:47:58+00:00\",\"dateModified\":\"2012-03-22T14:08:25+00:00\",\"mainEntityOfPage\":{\"@id\":\"https:\/\/www.mojabochnia.pl\/?p=68833\"},\"wordCount\":167,\"commentCount\":0,\"publisher\":{\"@id\":\"https:\/\/www.mojabochnia.pl\/#organization\"},\"keywords\":[\"gmina bochnia\",\"jerzy lysy\",\"nieszkowice ma\u0142e\",\"nieszkowice wielkie\",\"pogwizd\u00f3w\",\"reforma\",\"siedlec\",\"szko\u0142a\",\"w\u00f3jt\"],\"articleSection\":[\"2_ostatnie\",\"polityka i wydarzenia\",\"tematyka\"],\"inLanguage\":\"pl-PL\",\"potentialAction\":[{\"@type\":\"CommentAction\",\"name\":\"Comment\",\"target\":[\"https:\/\/www.mojabochnia.pl\/?p=68833#respond\"]}]},{\"@type\":\"WebPage\",\"@id\":\"https:\/\/www.mojabochnia.pl\/?p=68833\",\"url\":\"https:\/\/www.mojabochnia.pl\/?p=68833\",\"name\":\"Gm. Bochnia: reorganizacja 4 szk\u00f3\u0142 przyniesie do 1,5 mln z\u0142 oszcz\u0119dno\u015bci - mojabochnia.pl - portal informacyjny\",\"isPartOf\":{\"@id\":\"https:\/\/www.mojabochnia.pl\/#website\"},\"datePublished\":\"2012-03-22T11:47:58+00:00\",\"dateModified\":\"2012-03-22T14:08:25+00:00\",\"breadcrumb\":{\"@id\":\"https:\/\/www.mojabochnia.pl\/?p=68833#breadcrumb\"},\"inLanguage\":\"pl-PL\",\"potentialAction\":[{\"@type\":\"ReadAction\",\"target\":[\"https:\/\/www.mojabochnia.pl\/?p=68833\"]}]},{\"@type\":\"BreadcrumbList\",\"@id\":\"https:\/\/www.mojabochnia.pl\/?p=68833#breadcrumb\",\"itemListElement\":[{\"@type\":\"ListItem\",\"position\":1,\"name\":\"Home\",\"item\":\"https:\/\/www.mojabochnia.pl\/\"},{\"@type\":\"ListItem\",\"position\":2,\"name\":\"Gm. Bochnia: reorganizacja 4 szk\u00f3\u0142 przyniesie do 1,5 mln z\u0142 oszcz\u0119dno\u015bci\"}]},{\"@type\":\"WebSite\",\"@id\":\"https:\/\/www.mojabochnia.pl\/#website\",\"url\":\"https:\/\/www.mojabochnia.pl\/\",\"name\":\"mojabochnia.pl - portal informacyjny\",\"description\":\"mojaBochnia to portal informacyjny o Bochni. Codziennie o Bochni piszemy i pokazujemy najwa\u017cniejsze wydarzenia\",\"publisher\":{\"@id\":\"https:\/\/www.mojabochnia.pl\/#organization\"},\"potentialAction\":[{\"@type\":\"SearchAction\",\"target\":{\"@type\":\"EntryPoint\",\"urlTemplate\":\"https:\/\/www.mojabochnia.pl\/?s={search_term_string}\"},\"query-input\":{\"@type\":\"PropertyValueSpecification\",\"valueRequired\":true,\"valueName\":\"search_term_string\"}}],\"inLanguage\":\"pl-PL\"},{\"@type\":\"Organization\",\"@id\":\"https:\/\/www.mojabochnia.pl\/#organization\",\"name\":\"mojabochnia.pl - portal informacyjny\",\"url\":\"https:\/\/www.mojabochnia.pl\/\",\"logo\":{\"@type\":\"ImageObject\",\"inLanguage\":\"pl-PL\",\"@id\":\"https:\/\/www.mojabochnia.pl\/#\/schema\/logo\/image\/\",\"url\":\"https:\/\/www.mojabochnia.pl\/wp-content\/uploads\/2017\/08\/logo-mb-opt.png\",\"contentUrl\":\"https:\/\/www.mojabochnia.pl\/wp-content\/uploads\/2017\/08\/logo-mb-opt.png\",\"width\":250,\"height\":48,\"caption\":\"mojabochnia.pl - portal informacyjny\"},\"image\":{\"@id\":\"https:\/\/www.mojabochnia.pl\/#\/schema\/logo\/image\/\"},\"sameAs\":[\"https:\/\/www.facebook.com\/mojabochnia\"]},{\"@type\":\"Person\",\"@id\":\"https:\/\/www.mojabochnia.pl\/#\/schema\/person\/ea042e4724a77627963f02166828ead4\",\"name\":\"Pawe\u0142 Michalczyk\",\"url\":\"https:\/\/www.mojabochnia.pl\/?author=4\"}]}<\/script>\n<!-- \/ Yoast SEO plugin. -->","yoast_head_json":{"title":"Gm. Bochnia: reorganizacja 4 szk\u00f3\u0142 przyniesie do 1,5 mln z\u0142 oszcz\u0119dno\u015bci - mojabochnia.pl - portal informacyjny","robots":{"index":"index","follow":"follow","max-snippet":"max-snippet:-1","max-image-preview":"max-image-preview:large","max-video-preview":"max-video-preview:-1"},"canonical":"https:\/\/www.mojabochnia.pl\/?p=68833","og_locale":"pl_PL","og_type":"article","og_title":"Gm. Bochnia: reorganizacja 4 szk\u00f3\u0142 przyniesie do 1,5 mln z\u0142 oszcz\u0119dno\u015bci - mojabochnia.pl - portal informacyjny","og_description":"Nawet 1,5 mln z\u0142 wynios\u0105 roczne oszcz\u0119dno\u015bci w wyniku reorganizacji 4 szk\u00f3\u0142 w gminie Bochnia. Chodzi o plac\u00f3wki w Pogwizdowie, Nieszkowicach Wielkich, Nieszkowicach Ma\u0142ych oraz Siedlcu.","og_url":"https:\/\/www.mojabochnia.pl\/?p=68833","og_site_name":"mojabochnia.pl - portal informacyjny","article_publisher":"https:\/\/www.facebook.com\/mojabochnia","article_published_time":"2012-03-22T11:47:58+00:00","article_modified_time":"2012-03-22T14:08:25+00:00","author":"Pawe\u0142 Michalczyk","twitter_card":"summary_large_image","twitter_misc":{"Written by":"Pawe\u0142 Michalczyk","Est. reading time":"1 minuta"},"schema":{"@context":"https:\/\/schema.org","@graph":[{"@type":"Article","@id":"https:\/\/www.mojabochnia.pl\/?p=68833#article","isPartOf":{"@id":"https:\/\/www.mojabochnia.pl\/?p=68833"},"author":{"name":"Pawe\u0142 Michalczyk","@id":"https:\/\/www.mojabochnia.pl\/#\/schema\/person\/ea042e4724a77627963f02166828ead4"},"headline":"Gm. Bochnia: reorganizacja 4 szk\u00f3\u0142 przyniesie do 1,5 mln z\u0142 oszcz\u0119dno\u015bci","datePublished":"2012-03-22T11:47:58+00:00","dateModified":"2012-03-22T14:08:25+00:00","mainEntityOfPage":{"@id":"https:\/\/www.mojabochnia.pl\/?p=68833"},"wordCount":167,"commentCount":0,"publisher":{"@id":"https:\/\/www.mojabochnia.pl\/#organization"},"keywords":["gmina bochnia","jerzy lysy","nieszkowice ma\u0142e","nieszkowice wielkie","pogwizd\u00f3w","reforma","siedlec","szko\u0142a","w\u00f3jt"],"articleSection":["2_ostatnie","polityka i wydarzenia","tematyka"],"inLanguage":"pl-PL","potentialAction":[{"@type":"CommentAction","name":"Comment","target":["https:\/\/www.mojabochnia.pl\/?p=68833#respond"]}]},{"@type":"WebPage","@id":"https:\/\/www.mojabochnia.pl\/?p=68833","url":"https:\/\/www.mojabochnia.pl\/?p=68833","name":"Gm. Bochnia: reorganizacja 4 szk\u00f3\u0142 przyniesie do 1,5 mln z\u0142 oszcz\u0119dno\u015bci - mojabochnia.pl - portal informacyjny","isPartOf":{"@id":"https:\/\/www.mojabochnia.pl\/#website"},"datePublished":"2012-03-22T11:47:58+00:00","dateModified":"2012-03-22T14:08:25+00:00","breadcrumb":{"@id":"https:\/\/www.mojabochnia.pl\/?p=68833#breadcrumb"},"inLanguage":"pl-PL","potentialAction":[{"@type":"ReadAction","target":["https:\/\/www.mojabochnia.pl\/?p=68833"]}]},{"@type":"BreadcrumbList","@id":"https:\/\/www.mojabochnia.pl\/?p=68833#breadcrumb","itemListElement":[{"@type":"ListItem","position":1,"name":"Home","item":"https:\/\/www.mojabochnia.pl\/"},{"@type":"ListItem","position":2,"name":"Gm. Bochnia: reorganizacja 4 szk\u00f3\u0142 przyniesie do 1,5 mln z\u0142 oszcz\u0119dno\u015bci"}]},{"@type":"WebSite","@id":"https:\/\/www.mojabochnia.pl\/#website","url":"https:\/\/www.mojabochnia.pl\/","name":"mojabochnia.pl - portal informacyjny","description":"mojaBochnia to portal informacyjny o Bochni. Codziennie o Bochni piszemy i pokazujemy najwa\u017cniejsze wydarzenia","publisher":{"@id":"https:\/\/www.mojabochnia.pl\/#organization"},"potentialAction":[{"@type":"SearchAction","target":{"@type":"EntryPoint","urlTemplate":"https:\/\/www.mojabochnia.pl\/?s={search_term_string}"},"query-input":{"@type":"PropertyValueSpecification","valueRequired":true,"valueName":"search_term_string"}}],"inLanguage":"pl-PL"},{"@type":"Organization","@id":"https:\/\/www.mojabochnia.pl\/#organization","name":"mojabochnia.pl - portal informacyjny","url":"https:\/\/www.mojabochnia.pl\/","logo":{"@type":"ImageObject","inLanguage":"pl-PL","@id":"https:\/\/www.mojabochnia.pl\/#\/schema\/logo\/image\/","url":"https:\/\/www.mojabochnia.pl\/wp-content\/uploads\/2017\/08\/logo-mb-opt.png","contentUrl":"https:\/\/www.mojabochnia.pl\/wp-content\/uploads\/2017\/08\/logo-mb-opt.png","width":250,"height":48,"caption":"mojabochnia.pl - portal informacyjny"},"image":{"@id":"https:\/\/www.mojabochnia.pl\/#\/schema\/logo\/image\/"},"sameAs":["https:\/\/www.facebook.com\/mojabochnia"]},{"@type":"Person","@id":"https:\/\/www.mojabochnia.pl\/#\/schema\/person\/ea042e4724a77627963f02166828ead4","name":"Pawe\u0142 Michalczyk","url":"https:\/\/www.mojabochnia.pl\/?author=4"}]}},"_links":{"self":[{"href":"https:\/\/www.mojabochnia.pl\/index.php?rest_route=\/wp\/v2\/posts\/68833","targetHints":{"allow":["GET"]}}],"collection":[{"href":"https:\/\/www.mojabochnia.pl\/index.php?rest_route=\/wp\/v2\/posts"}],"about":[{"href":"https:\/\/www.mojabochnia.pl\/index.php?rest_route=\/wp\/v2\/types\/post"}],"author":[{"embeddable":true,"href":"https:\/\/www.mojabochnia.pl\/index.php?rest_route=\/wp\/v2\/users\/4"}],"replies":[{"embeddable":true,"href":"https:\/\/www.mojabochnia.pl\/index.php?rest_route=%2Fwp%2Fv2%2Fcomments&post=68833"}],"version-history":[{"count":6,"href":"https:\/\/www.mojabochnia.pl\/index.php?rest_route=\/wp\/v2\/posts\/68833\/revisions"}],"predecessor-version":[{"id":68842,"href":"https:\/\/www.mojabochnia.pl\/index.php?rest_route=\/wp\/v2\/posts\/68833\/revisions\/68842"}],"wp:attachment":[{"href":"https:\/\/www.mojabochnia.pl\/index.php?rest_route=%2Fwp%2Fv2%2Fmedia&parent=68833"}],"wp:term":[{"taxonomy":"category","embeddable":true,"href":"https:\/\/www.mojabochnia.pl\/index.php?rest_route=%2Fwp%2Fv2%2Fcategories&post=68833"},{"taxonomy":"post_tag","embeddable":true,"href":"https:\/\/www.mojabochnia.pl\/index.php?rest_route=%2Fwp%2Fv2%2Ftags&post=68833"}],"curies":[{"name":"wp","href":"https:\/\/api.w.org\/{rel}","templated":true}]}}