{"id":68829,"date":"2012-03-22T11:36:31","date_gmt":"2012-03-22T10:36:31","guid":{"rendered":"http:\/\/www.mojabochnia.pl\/?p=68829"},"modified":"2012-03-22T10:37:29","modified_gmt":"2012-03-22T09:37:29","slug":"strefy-kibica-w-ogrodkach-piwnych-na-rynku","status":"publish","type":"post","link":"https:\/\/www.mojabochnia.pl\/?p=68829","title":{"rendered":"Strefy kibica w ogr\u00f3dkach piwnych na Rynku?"},"content":{"rendered":"<p>Z powodu Euro 2012 do bud\u017cetu Bochni trafi wi\u0119cej pieni\u0119dzy. Przetarg na dzier\u017caw\u0119 ogr\u00f3dk\u00f3w piwnych na p\u0142ycie Rynku zaskoczy\u0142 same w\u0142adze. Rok temu nikt do niego nie wystartowa\u0142, teraz ch\u0119tnych by\u0142o wielu. Dzi\u0119ki temu cen\u0119 wywo\u0142awcz\u0105 uda\u0142o si\u0119 przebi\u0107 blisko dwukrotnie.<\/p>\n<p><em>To mi\u0142a niespodzianka dla nas jako w\u0142odarzy<\/em> \u2013 m\u00f3wi wiceburmistrz Tomasz Przyby\u0142o. Rok temu zainteresowanie ogr\u00f3dkami piwnymi by\u0142o marne. em>Podejrzewam, \u017ce przedsi\u0119biorcy licz\u0105 na wi\u0119ksz\u0105 ilo\u015b\u0107 klient\u00f3w w ogr\u00f3dkach w zwi\u0105zku z Mistrzostwami Europy. Pewnie b\u0119d\u0105 chcieli zainstalowa\u0107 na terenie ogr\u00f3dk\u00f3w telebimy i zrobi\u0107 z nich ma\u0142e strefy kibica<\/em>.<\/p>\n<p>Tym razem na jeden ogr\u00f3dek by\u0142o troje ch\u0119tnych, na drugi dwoje. Cena wywo\u0142awcza wynosi\u0142a 5,9 tys. z\u0142, cena wylicytowana to odpowiednio 9,5 oraz 10 tys. z\u0142. <\/p>\n<p>Ogr\u00f3dki piwne na p\u0142ycie Rynku w Bochni pojawi\u0105 si\u0119 w po\u0142owie kwietnia b\u0119d\u0105 tam do wrze\u015bnia.<\/p>\n","protected":false},"excerpt":{"rendered":"<p>Wiele wskazuje na to, \u017ce na Rynku w Bochni powstan\u0105 strefy kibica podczas Mistrzostw Europy w pi\u0142ce no\u017cnej. Zainteresowanie dzier\u017caw\u0105 ogr\u00f3dk\u00f3w piwnych przeros\u0142o oczekiwania w\u0142adz miejskich.<\/p>\n","protected":false},"author":4,"featured_media":0,"comment_status":"open","ping_status":"closed","sticky":false,"template":"","format":"standard","meta":{"_acf_changed":false,"footnotes":""},"categories":[5,6251,6250],"tags":[17266,17639,10798,10797,17339,17348,17106,10799],"class_list":["post-68829","post","type-post","status-publish","format-standard","hentry","category-biezace-wydarzenia","category-polityka-i-wydarzenia","category-tematyka","tag-euro-2012","tag-kibice","tag-mistrzostwa-europy","tag-ogrodki-piwne","tag-przetarg","tag-rynek","tag-sport","tag-strefa-kibica","main_tag-rynek"],"acf":[],"yoast_head":"<!-- This site is optimized with the Yoast SEO plugin v26.9 - https:\/\/yoast.com\/product\/yoast-seo-wordpress\/ -->\n<title>Strefy kibica w ogr\u00f3dkach piwnych na Rynku? - mojabochnia.pl - portal informacyjny<\/title>\n<meta name=\"robots\" content=\"index, follow, max-snippet:-1, max-image-preview:large, max-video-preview:-1\" \/>\n<link rel=\"canonical\" href=\"https:\/\/www.mojabochnia.pl\/?p=68829\" \/>\n<meta property=\"og:locale\" content=\"pl_PL\" \/>\n<meta property=\"og:type\" content=\"article\" \/>\n<meta property=\"og:title\" content=\"Strefy kibica w ogr\u00f3dkach piwnych na Rynku? - mojabochnia.pl - portal informacyjny\" \/>\n<meta property=\"og:description\" content=\"Wiele wskazuje na to, \u017ce na Rynku w Bochni powstan\u0105 strefy kibica podczas Mistrzostw Europy w pi\u0142ce no\u017cnej. Zainteresowanie dzier\u017caw\u0105 ogr\u00f3dk\u00f3w piwnych przeros\u0142o oczekiwania w\u0142adz miejskich.\" \/>\n<meta property=\"og:url\" content=\"https:\/\/www.mojabochnia.pl\/?p=68829\" \/>\n<meta property=\"og:site_name\" content=\"mojabochnia.pl - portal informacyjny\" \/>\n<meta property=\"article:publisher\" content=\"https:\/\/www.facebook.com\/mojabochnia\" \/>\n<meta property=\"article:published_time\" content=\"2012-03-22T10:36:31+00:00\" \/>\n<meta name=\"author\" content=\"Pawe\u0142 Michalczyk\" \/>\n<meta name=\"twitter:card\" content=\"summary_large_image\" \/>\n<meta name=\"twitter:label1\" content=\"Written by\" \/>\n\t<meta name=\"twitter:data1\" content=\"Pawe\u0142 Michalczyk\" \/>\n\t<meta name=\"twitter:label2\" content=\"Est. reading time\" \/>\n\t<meta name=\"twitter:data2\" content=\"1 minuta\" \/>\n<script type=\"application\/ld+json\" class=\"yoast-schema-graph\">{\"@context\":\"https:\/\/schema.org\",\"@graph\":[{\"@type\":\"Article\",\"@id\":\"https:\/\/www.mojabochnia.pl\/?p=68829#article\",\"isPartOf\":{\"@id\":\"https:\/\/www.mojabochnia.pl\/?p=68829\"},\"author\":{\"name\":\"Pawe\u0142 Michalczyk\",\"@id\":\"https:\/\/www.mojabochnia.pl\/#\/schema\/person\/ea042e4724a77627963f02166828ead4\"},\"headline\":\"Strefy kibica w ogr\u00f3dkach piwnych na Rynku?\",\"datePublished\":\"2012-03-22T10:36:31+00:00\",\"mainEntityOfPage\":{\"@id\":\"https:\/\/www.mojabochnia.pl\/?p=68829\"},\"wordCount\":174,\"commentCount\":0,\"publisher\":{\"@id\":\"https:\/\/www.mojabochnia.pl\/#organization\"},\"keywords\":[\"euro 2012\",\"kibice\",\"mistrzostwa europy\",\"ogr\u00f3dki piwne\",\"przetarg\",\"rynek\",\"sport\",\"strefa kibica\"],\"articleSection\":[\"2_ostatnie\",\"polityka i wydarzenia\",\"tematyka\"],\"inLanguage\":\"pl-PL\",\"potentialAction\":[{\"@type\":\"CommentAction\",\"name\":\"Comment\",\"target\":[\"https:\/\/www.mojabochnia.pl\/?p=68829#respond\"]}]},{\"@type\":\"WebPage\",\"@id\":\"https:\/\/www.mojabochnia.pl\/?p=68829\",\"url\":\"https:\/\/www.mojabochnia.pl\/?p=68829\",\"name\":\"Strefy kibica w ogr\u00f3dkach piwnych na Rynku? - mojabochnia.pl - portal informacyjny\",\"isPartOf\":{\"@id\":\"https:\/\/www.mojabochnia.pl\/#website\"},\"datePublished\":\"2012-03-22T10:36:31+00:00\",\"breadcrumb\":{\"@id\":\"https:\/\/www.mojabochnia.pl\/?p=68829#breadcrumb\"},\"inLanguage\":\"pl-PL\",\"potentialAction\":[{\"@type\":\"ReadAction\",\"target\":[\"https:\/\/www.mojabochnia.pl\/?p=68829\"]}]},{\"@type\":\"BreadcrumbList\",\"@id\":\"https:\/\/www.mojabochnia.pl\/?p=68829#breadcrumb\",\"itemListElement\":[{\"@type\":\"ListItem\",\"position\":1,\"name\":\"Home\",\"item\":\"https:\/\/www.mojabochnia.pl\/\"},{\"@type\":\"ListItem\",\"position\":2,\"name\":\"Strefy kibica w ogr\u00f3dkach piwnych na Rynku?\"}]},{\"@type\":\"WebSite\",\"@id\":\"https:\/\/www.mojabochnia.pl\/#website\",\"url\":\"https:\/\/www.mojabochnia.pl\/\",\"name\":\"mojabochnia.pl - portal informacyjny\",\"description\":\"mojaBochnia to portal informacyjny o Bochni. Codziennie o Bochni piszemy i pokazujemy najwa\u017cniejsze wydarzenia\",\"publisher\":{\"@id\":\"https:\/\/www.mojabochnia.pl\/#organization\"},\"potentialAction\":[{\"@type\":\"SearchAction\",\"target\":{\"@type\":\"EntryPoint\",\"urlTemplate\":\"https:\/\/www.mojabochnia.pl\/?s={search_term_string}\"},\"query-input\":{\"@type\":\"PropertyValueSpecification\",\"valueRequired\":true,\"valueName\":\"search_term_string\"}}],\"inLanguage\":\"pl-PL\"},{\"@type\":\"Organization\",\"@id\":\"https:\/\/www.mojabochnia.pl\/#organization\",\"name\":\"mojabochnia.pl - portal informacyjny\",\"url\":\"https:\/\/www.mojabochnia.pl\/\",\"logo\":{\"@type\":\"ImageObject\",\"inLanguage\":\"pl-PL\",\"@id\":\"https:\/\/www.mojabochnia.pl\/#\/schema\/logo\/image\/\",\"url\":\"https:\/\/www.mojabochnia.pl\/wp-content\/uploads\/2017\/08\/logo-mb-opt.png\",\"contentUrl\":\"https:\/\/www.mojabochnia.pl\/wp-content\/uploads\/2017\/08\/logo-mb-opt.png\",\"width\":250,\"height\":48,\"caption\":\"mojabochnia.pl - portal informacyjny\"},\"image\":{\"@id\":\"https:\/\/www.mojabochnia.pl\/#\/schema\/logo\/image\/\"},\"sameAs\":[\"https:\/\/www.facebook.com\/mojabochnia\"]},{\"@type\":\"Person\",\"@id\":\"https:\/\/www.mojabochnia.pl\/#\/schema\/person\/ea042e4724a77627963f02166828ead4\",\"name\":\"Pawe\u0142 Michalczyk\",\"url\":\"https:\/\/www.mojabochnia.pl\/?author=4\"}]}<\/script>\n<!-- \/ Yoast SEO plugin. -->","yoast_head_json":{"title":"Strefy kibica w ogr\u00f3dkach piwnych na Rynku? - mojabochnia.pl - portal informacyjny","robots":{"index":"index","follow":"follow","max-snippet":"max-snippet:-1","max-image-preview":"max-image-preview:large","max-video-preview":"max-video-preview:-1"},"canonical":"https:\/\/www.mojabochnia.pl\/?p=68829","og_locale":"pl_PL","og_type":"article","og_title":"Strefy kibica w ogr\u00f3dkach piwnych na Rynku? - mojabochnia.pl - portal informacyjny","og_description":"Wiele wskazuje na to, \u017ce na Rynku w Bochni powstan\u0105 strefy kibica podczas Mistrzostw Europy w pi\u0142ce no\u017cnej. Zainteresowanie dzier\u017caw\u0105 ogr\u00f3dk\u00f3w piwnych przeros\u0142o oczekiwania w\u0142adz miejskich.","og_url":"https:\/\/www.mojabochnia.pl\/?p=68829","og_site_name":"mojabochnia.pl - portal informacyjny","article_publisher":"https:\/\/www.facebook.com\/mojabochnia","article_published_time":"2012-03-22T10:36:31+00:00","author":"Pawe\u0142 Michalczyk","twitter_card":"summary_large_image","twitter_misc":{"Written by":"Pawe\u0142 Michalczyk","Est. reading time":"1 minuta"},"schema":{"@context":"https:\/\/schema.org","@graph":[{"@type":"Article","@id":"https:\/\/www.mojabochnia.pl\/?p=68829#article","isPartOf":{"@id":"https:\/\/www.mojabochnia.pl\/?p=68829"},"author":{"name":"Pawe\u0142 Michalczyk","@id":"https:\/\/www.mojabochnia.pl\/#\/schema\/person\/ea042e4724a77627963f02166828ead4"},"headline":"Strefy kibica w ogr\u00f3dkach piwnych na Rynku?","datePublished":"2012-03-22T10:36:31+00:00","mainEntityOfPage":{"@id":"https:\/\/www.mojabochnia.pl\/?p=68829"},"wordCount":174,"commentCount":0,"publisher":{"@id":"https:\/\/www.mojabochnia.pl\/#organization"},"keywords":["euro 2012","kibice","mistrzostwa europy","ogr\u00f3dki piwne","przetarg","rynek","sport","strefa kibica"],"articleSection":["2_ostatnie","polityka i wydarzenia","tematyka"],"inLanguage":"pl-PL","potentialAction":[{"@type":"CommentAction","name":"Comment","target":["https:\/\/www.mojabochnia.pl\/?p=68829#respond"]}]},{"@type":"WebPage","@id":"https:\/\/www.mojabochnia.pl\/?p=68829","url":"https:\/\/www.mojabochnia.pl\/?p=68829","name":"Strefy kibica w ogr\u00f3dkach piwnych na Rynku? - mojabochnia.pl - portal informacyjny","isPartOf":{"@id":"https:\/\/www.mojabochnia.pl\/#website"},"datePublished":"2012-03-22T10:36:31+00:00","breadcrumb":{"@id":"https:\/\/www.mojabochnia.pl\/?p=68829#breadcrumb"},"inLanguage":"pl-PL","potentialAction":[{"@type":"ReadAction","target":["https:\/\/www.mojabochnia.pl\/?p=68829"]}]},{"@type":"BreadcrumbList","@id":"https:\/\/www.mojabochnia.pl\/?p=68829#breadcrumb","itemListElement":[{"@type":"ListItem","position":1,"name":"Home","item":"https:\/\/www.mojabochnia.pl\/"},{"@type":"ListItem","position":2,"name":"Strefy kibica w ogr\u00f3dkach piwnych na Rynku?"}]},{"@type":"WebSite","@id":"https:\/\/www.mojabochnia.pl\/#website","url":"https:\/\/www.mojabochnia.pl\/","name":"mojabochnia.pl - portal informacyjny","description":"mojaBochnia to portal informacyjny o Bochni. Codziennie o Bochni piszemy i pokazujemy najwa\u017cniejsze wydarzenia","publisher":{"@id":"https:\/\/www.mojabochnia.pl\/#organization"},"potentialAction":[{"@type":"SearchAction","target":{"@type":"EntryPoint","urlTemplate":"https:\/\/www.mojabochnia.pl\/?s={search_term_string}"},"query-input":{"@type":"PropertyValueSpecification","valueRequired":true,"valueName":"search_term_string"}}],"inLanguage":"pl-PL"},{"@type":"Organization","@id":"https:\/\/www.mojabochnia.pl\/#organization","name":"mojabochnia.pl - portal informacyjny","url":"https:\/\/www.mojabochnia.pl\/","logo":{"@type":"ImageObject","inLanguage":"pl-PL","@id":"https:\/\/www.mojabochnia.pl\/#\/schema\/logo\/image\/","url":"https:\/\/www.mojabochnia.pl\/wp-content\/uploads\/2017\/08\/logo-mb-opt.png","contentUrl":"https:\/\/www.mojabochnia.pl\/wp-content\/uploads\/2017\/08\/logo-mb-opt.png","width":250,"height":48,"caption":"mojabochnia.pl - portal informacyjny"},"image":{"@id":"https:\/\/www.mojabochnia.pl\/#\/schema\/logo\/image\/"},"sameAs":["https:\/\/www.facebook.com\/mojabochnia"]},{"@type":"Person","@id":"https:\/\/www.mojabochnia.pl\/#\/schema\/person\/ea042e4724a77627963f02166828ead4","name":"Pawe\u0142 Michalczyk","url":"https:\/\/www.mojabochnia.pl\/?author=4"}]}},"_links":{"self":[{"href":"https:\/\/www.mojabochnia.pl\/index.php?rest_route=\/wp\/v2\/posts\/68829","targetHints":{"allow":["GET"]}}],"collection":[{"href":"https:\/\/www.mojabochnia.pl\/index.php?rest_route=\/wp\/v2\/posts"}],"about":[{"href":"https:\/\/www.mojabochnia.pl\/index.php?rest_route=\/wp\/v2\/types\/post"}],"author":[{"embeddable":true,"href":"https:\/\/www.mojabochnia.pl\/index.php?rest_route=\/wp\/v2\/users\/4"}],"replies":[{"embeddable":true,"href":"https:\/\/www.mojabochnia.pl\/index.php?rest_route=%2Fwp%2Fv2%2Fcomments&post=68829"}],"version-history":[{"count":2,"href":"https:\/\/www.mojabochnia.pl\/index.php?rest_route=\/wp\/v2\/posts\/68829\/revisions"}],"predecessor-version":[{"id":68832,"href":"https:\/\/www.mojabochnia.pl\/index.php?rest_route=\/wp\/v2\/posts\/68829\/revisions\/68832"}],"wp:attachment":[{"href":"https:\/\/www.mojabochnia.pl\/index.php?rest_route=%2Fwp%2Fv2%2Fmedia&parent=68829"}],"wp:term":[{"taxonomy":"category","embeddable":true,"href":"https:\/\/www.mojabochnia.pl\/index.php?rest_route=%2Fwp%2Fv2%2Fcategories&post=68829"},{"taxonomy":"post_tag","embeddable":true,"href":"https:\/\/www.mojabochnia.pl\/index.php?rest_route=%2Fwp%2Fv2%2Ftags&post=68829"}],"curies":[{"name":"wp","href":"https:\/\/api.w.org\/{rel}","templated":true}]}}