{"id":6867,"date":"2009-03-24T15:53:41","date_gmt":"2009-03-24T14:53:41","guid":{"rendered":"http:\/\/www.mojabochnia.pl\/?p=6867"},"modified":"2009-03-24T13:59:44","modified_gmt":"2009-03-24T12:59:44","slug":"czy-mlodziez-zna-pismo-sw","status":"publish","type":"post","link":"https:\/\/www.mojabochnia.pl\/?p=6867","title":{"rendered":"Czy m\u0142odzie\u017c zna Pismo \u015aw.?"},"content":{"rendered":"<p>20 marca odby\u0142 si\u0119 szkolny etap konkursowych zmaga\u0144, wy\u0142oni on trzech finalist\u00f3w, kt\u00f3rzy na poziomie diecezjalnym, 21 kwietnia, b\u0119d\u0105 mierzy\u0107 si\u0119 zar\u00f3wno z cz\u0119\u015bci\u0105 ustn\u0105 jak i pisemn\u0105 turnieju. Og\u00f3lnopolski fina\u0142, na kt\u00f3ry pojedzie najlepsze tr\u00f3jka z ka\u017cdej diecezji, b\u0119dzie mia\u0142 miejsce w Niepokalanowie w czerwcu i przyniesie on zn\u00f3w trzem triumfatorom indeksy na katolickie uczelnie wy\u017csze.<\/p>\n<p>W miniony pi\u0105tek do konkursowych rozgrywek stan\u0119li uczniowie z dw\u00f3ch boche\u0144skich szk\u00f3\u0142, 34 osoby z Zespo\u0142u Szk\u00f3\u0142 nr 2 i 28 os\u00f3b z I LO. Z roku na rok liczby te jednak rosn\u0105, bo jak twierdz\u0105 sami uczniowie, pytani dlaczego bior\u0105 udzia\u0142 w konkursie, chc\u0105 si\u0119 sprawdzi\u0107, a poza tym konkurs to dobra motywacja do g\u0142\u0119bszego poznania Pisma \u015aw. <\/p>\n<p><em>&#8211; W tym roku pytania przygotowywa\u0142 KUL. Nie da si\u0119 ukry\u0107, \u017ce s\u0105 one trudne i bez wcze\u015bniejszego, porz\u0105dnego przygotowania nikt sobie z nimi nie poradzi. Konkurs obj\u0105\u0142 zakresem tre\u015b\u0107 Ewangelii Synoptycznych:\u015aw. Mateusza, \u015aw. Marka i \u015aw. \u0141ukasza, wi\u0119c kto\u015b, kto podszed\u0142 do tego powa\u017cnie, mia\u0142 sporo pracy &#8211; <\/em> komentuje ks. Marek Ga\u0142, katecheta z Budowlanki.<\/p>\n","protected":false},"excerpt":{"rendered":"<p>Ju\u017c po raz trzynasty Stowarzyszenie \u201eCivitas Christiana\u201d zorganizowa\u0142o Og\u00f3lnopolski Konkurs Wiedzy Biblijnej dla uczni\u00f3w szk\u00f3\u0142 ponadgimnazjalnych, nad kt\u00f3rym patronat obj\u0105\u0142 Prymas Polski kard. J\u00f3zef Glemp.<\/p>\n","protected":false},"author":1,"featured_media":0,"comment_status":"open","ping_status":"closed","sticky":false,"template":"","format":"standard","meta":{"_acf_changed":false,"footnotes":""},"categories":[1342],"tags":[2841,3092,17625,600,17122,2716,3094,1151,17234,3093,110],"class_list":["post-6867","post","type-post","status-publish","format-standard","hentry","category-zycie-religijne","tag-eliminacje","tag-final","tag-i-lo","tag-katolickie-stowarzyszenie-civitas-christiana","tag-konkurs","tag-ks-marek-gal","tag-kul","tag-rywalizacja","tag-stowarzyszenie","tag-uczelnie-wyzsze","tag-zespol-szkol-nr-2"],"acf":[],"yoast_head":"<!-- This site is optimized with the Yoast SEO plugin v26.9 - https:\/\/yoast.com\/product\/yoast-seo-wordpress\/ -->\n<title>Czy m\u0142odzie\u017c zna Pismo \u015aw.? - mojabochnia.pl - portal informacyjny<\/title>\n<meta name=\"robots\" content=\"index, follow, max-snippet:-1, max-image-preview:large, max-video-preview:-1\" \/>\n<link rel=\"canonical\" href=\"https:\/\/www.mojabochnia.pl\/?p=6867\" \/>\n<meta property=\"og:locale\" content=\"pl_PL\" \/>\n<meta property=\"og:type\" content=\"article\" \/>\n<meta property=\"og:title\" content=\"Czy m\u0142odzie\u017c zna Pismo \u015aw.? - mojabochnia.pl - portal informacyjny\" \/>\n<meta property=\"og:description\" content=\"Ju\u017c po raz trzynasty Stowarzyszenie \u201eCivitas Christiana\u201d zorganizowa\u0142o Og\u00f3lnopolski Konkurs Wiedzy Biblijnej dla uczni\u00f3w szk\u00f3\u0142 ponadgimnazjalnych, nad kt\u00f3rym patronat obj\u0105\u0142 Prymas Polski kard. J\u00f3zef Glemp.\" \/>\n<meta property=\"og:url\" content=\"https:\/\/www.mojabochnia.pl\/?p=6867\" \/>\n<meta property=\"og:site_name\" content=\"mojabochnia.pl - portal informacyjny\" \/>\n<meta property=\"article:publisher\" content=\"https:\/\/www.facebook.com\/mojabochnia\" \/>\n<meta property=\"article:published_time\" content=\"2009-03-24T14:53:41+00:00\" \/>\n<meta name=\"author\" content=\"administrator\" \/>\n<meta name=\"twitter:card\" content=\"summary_large_image\" \/>\n<meta name=\"twitter:label1\" content=\"Written by\" \/>\n\t<meta name=\"twitter:data1\" content=\"administrator\" \/>\n\t<meta name=\"twitter:label2\" content=\"Est. reading time\" \/>\n\t<meta name=\"twitter:data2\" content=\"1 minuta\" \/>\n<script type=\"application\/ld+json\" class=\"yoast-schema-graph\">{\"@context\":\"https:\/\/schema.org\",\"@graph\":[{\"@type\":\"Article\",\"@id\":\"https:\/\/www.mojabochnia.pl\/?p=6867#article\",\"isPartOf\":{\"@id\":\"https:\/\/www.mojabochnia.pl\/?p=6867\"},\"author\":{\"name\":\"administrator\",\"@id\":\"https:\/\/www.mojabochnia.pl\/#\/schema\/person\/c00e1f64e6fa0e6de6d410f2c340017f\"},\"headline\":\"Czy m\u0142odzie\u017c zna Pismo \u015aw.?\",\"datePublished\":\"2009-03-24T14:53:41+00:00\",\"mainEntityOfPage\":{\"@id\":\"https:\/\/www.mojabochnia.pl\/?p=6867\"},\"wordCount\":198,\"commentCount\":1,\"publisher\":{\"@id\":\"https:\/\/www.mojabochnia.pl\/#organization\"},\"keywords\":[\"eliminacje\",\"fina\u0142\",\"I LO\",\"katolickie stowarzyszenie civitas christiana\",\"konkurs\",\"ks. marek ga\u0142\",\"kul\",\"rywalizacja\",\"stowarzyszenie\",\"uczelnie wy\u017csze\",\"zesp\u00f3\u0142 szk\u00f3\u0142 nr 2\"],\"articleSection\":[\"\u017bycie religijne\"],\"inLanguage\":\"pl-PL\",\"potentialAction\":[{\"@type\":\"CommentAction\",\"name\":\"Comment\",\"target\":[\"https:\/\/www.mojabochnia.pl\/?p=6867#respond\"]}]},{\"@type\":\"WebPage\",\"@id\":\"https:\/\/www.mojabochnia.pl\/?p=6867\",\"url\":\"https:\/\/www.mojabochnia.pl\/?p=6867\",\"name\":\"Czy m\u0142odzie\u017c zna Pismo \u015aw.? - mojabochnia.pl - portal informacyjny\",\"isPartOf\":{\"@id\":\"https:\/\/www.mojabochnia.pl\/#website\"},\"datePublished\":\"2009-03-24T14:53:41+00:00\",\"breadcrumb\":{\"@id\":\"https:\/\/www.mojabochnia.pl\/?p=6867#breadcrumb\"},\"inLanguage\":\"pl-PL\",\"potentialAction\":[{\"@type\":\"ReadAction\",\"target\":[\"https:\/\/www.mojabochnia.pl\/?p=6867\"]}]},{\"@type\":\"BreadcrumbList\",\"@id\":\"https:\/\/www.mojabochnia.pl\/?p=6867#breadcrumb\",\"itemListElement\":[{\"@type\":\"ListItem\",\"position\":1,\"name\":\"Home\",\"item\":\"https:\/\/www.mojabochnia.pl\/\"},{\"@type\":\"ListItem\",\"position\":2,\"name\":\"Czy m\u0142odzie\u017c zna Pismo \u015aw.?\"}]},{\"@type\":\"WebSite\",\"@id\":\"https:\/\/www.mojabochnia.pl\/#website\",\"url\":\"https:\/\/www.mojabochnia.pl\/\",\"name\":\"mojabochnia.pl - portal informacyjny\",\"description\":\"mojaBochnia to portal informacyjny o Bochni. Codziennie o Bochni piszemy i pokazujemy najwa\u017cniejsze wydarzenia\",\"publisher\":{\"@id\":\"https:\/\/www.mojabochnia.pl\/#organization\"},\"potentialAction\":[{\"@type\":\"SearchAction\",\"target\":{\"@type\":\"EntryPoint\",\"urlTemplate\":\"https:\/\/www.mojabochnia.pl\/?s={search_term_string}\"},\"query-input\":{\"@type\":\"PropertyValueSpecification\",\"valueRequired\":true,\"valueName\":\"search_term_string\"}}],\"inLanguage\":\"pl-PL\"},{\"@type\":\"Organization\",\"@id\":\"https:\/\/www.mojabochnia.pl\/#organization\",\"name\":\"mojabochnia.pl - portal informacyjny\",\"url\":\"https:\/\/www.mojabochnia.pl\/\",\"logo\":{\"@type\":\"ImageObject\",\"inLanguage\":\"pl-PL\",\"@id\":\"https:\/\/www.mojabochnia.pl\/#\/schema\/logo\/image\/\",\"url\":\"https:\/\/www.mojabochnia.pl\/wp-content\/uploads\/2017\/08\/logo-mb-opt.png\",\"contentUrl\":\"https:\/\/www.mojabochnia.pl\/wp-content\/uploads\/2017\/08\/logo-mb-opt.png\",\"width\":250,\"height\":48,\"caption\":\"mojabochnia.pl - portal informacyjny\"},\"image\":{\"@id\":\"https:\/\/www.mojabochnia.pl\/#\/schema\/logo\/image\/\"},\"sameAs\":[\"https:\/\/www.facebook.com\/mojabochnia\"]},{\"@type\":\"Person\",\"@id\":\"https:\/\/www.mojabochnia.pl\/#\/schema\/person\/c00e1f64e6fa0e6de6d410f2c340017f\",\"name\":\"administrator\",\"url\":\"https:\/\/www.mojabochnia.pl\/?author=1\"}]}<\/script>\n<!-- \/ Yoast SEO plugin. -->","yoast_head_json":{"title":"Czy m\u0142odzie\u017c zna Pismo \u015aw.? - mojabochnia.pl - portal informacyjny","robots":{"index":"index","follow":"follow","max-snippet":"max-snippet:-1","max-image-preview":"max-image-preview:large","max-video-preview":"max-video-preview:-1"},"canonical":"https:\/\/www.mojabochnia.pl\/?p=6867","og_locale":"pl_PL","og_type":"article","og_title":"Czy m\u0142odzie\u017c zna Pismo \u015aw.? - mojabochnia.pl - portal informacyjny","og_description":"Ju\u017c po raz trzynasty Stowarzyszenie \u201eCivitas Christiana\u201d zorganizowa\u0142o Og\u00f3lnopolski Konkurs Wiedzy Biblijnej dla uczni\u00f3w szk\u00f3\u0142 ponadgimnazjalnych, nad kt\u00f3rym patronat obj\u0105\u0142 Prymas Polski kard. J\u00f3zef Glemp.","og_url":"https:\/\/www.mojabochnia.pl\/?p=6867","og_site_name":"mojabochnia.pl - portal informacyjny","article_publisher":"https:\/\/www.facebook.com\/mojabochnia","article_published_time":"2009-03-24T14:53:41+00:00","author":"administrator","twitter_card":"summary_large_image","twitter_misc":{"Written by":"administrator","Est. reading time":"1 minuta"},"schema":{"@context":"https:\/\/schema.org","@graph":[{"@type":"Article","@id":"https:\/\/www.mojabochnia.pl\/?p=6867#article","isPartOf":{"@id":"https:\/\/www.mojabochnia.pl\/?p=6867"},"author":{"name":"administrator","@id":"https:\/\/www.mojabochnia.pl\/#\/schema\/person\/c00e1f64e6fa0e6de6d410f2c340017f"},"headline":"Czy m\u0142odzie\u017c zna Pismo \u015aw.?","datePublished":"2009-03-24T14:53:41+00:00","mainEntityOfPage":{"@id":"https:\/\/www.mojabochnia.pl\/?p=6867"},"wordCount":198,"commentCount":1,"publisher":{"@id":"https:\/\/www.mojabochnia.pl\/#organization"},"keywords":["eliminacje","fina\u0142","I LO","katolickie stowarzyszenie civitas christiana","konkurs","ks. marek ga\u0142","kul","rywalizacja","stowarzyszenie","uczelnie wy\u017csze","zesp\u00f3\u0142 szk\u00f3\u0142 nr 2"],"articleSection":["\u017bycie religijne"],"inLanguage":"pl-PL","potentialAction":[{"@type":"CommentAction","name":"Comment","target":["https:\/\/www.mojabochnia.pl\/?p=6867#respond"]}]},{"@type":"WebPage","@id":"https:\/\/www.mojabochnia.pl\/?p=6867","url":"https:\/\/www.mojabochnia.pl\/?p=6867","name":"Czy m\u0142odzie\u017c zna Pismo \u015aw.? - mojabochnia.pl - portal informacyjny","isPartOf":{"@id":"https:\/\/www.mojabochnia.pl\/#website"},"datePublished":"2009-03-24T14:53:41+00:00","breadcrumb":{"@id":"https:\/\/www.mojabochnia.pl\/?p=6867#breadcrumb"},"inLanguage":"pl-PL","potentialAction":[{"@type":"ReadAction","target":["https:\/\/www.mojabochnia.pl\/?p=6867"]}]},{"@type":"BreadcrumbList","@id":"https:\/\/www.mojabochnia.pl\/?p=6867#breadcrumb","itemListElement":[{"@type":"ListItem","position":1,"name":"Home","item":"https:\/\/www.mojabochnia.pl\/"},{"@type":"ListItem","position":2,"name":"Czy m\u0142odzie\u017c zna Pismo \u015aw.?"}]},{"@type":"WebSite","@id":"https:\/\/www.mojabochnia.pl\/#website","url":"https:\/\/www.mojabochnia.pl\/","name":"mojabochnia.pl - portal informacyjny","description":"mojaBochnia to portal informacyjny o Bochni. Codziennie o Bochni piszemy i pokazujemy najwa\u017cniejsze wydarzenia","publisher":{"@id":"https:\/\/www.mojabochnia.pl\/#organization"},"potentialAction":[{"@type":"SearchAction","target":{"@type":"EntryPoint","urlTemplate":"https:\/\/www.mojabochnia.pl\/?s={search_term_string}"},"query-input":{"@type":"PropertyValueSpecification","valueRequired":true,"valueName":"search_term_string"}}],"inLanguage":"pl-PL"},{"@type":"Organization","@id":"https:\/\/www.mojabochnia.pl\/#organization","name":"mojabochnia.pl - portal informacyjny","url":"https:\/\/www.mojabochnia.pl\/","logo":{"@type":"ImageObject","inLanguage":"pl-PL","@id":"https:\/\/www.mojabochnia.pl\/#\/schema\/logo\/image\/","url":"https:\/\/www.mojabochnia.pl\/wp-content\/uploads\/2017\/08\/logo-mb-opt.png","contentUrl":"https:\/\/www.mojabochnia.pl\/wp-content\/uploads\/2017\/08\/logo-mb-opt.png","width":250,"height":48,"caption":"mojabochnia.pl - portal informacyjny"},"image":{"@id":"https:\/\/www.mojabochnia.pl\/#\/schema\/logo\/image\/"},"sameAs":["https:\/\/www.facebook.com\/mojabochnia"]},{"@type":"Person","@id":"https:\/\/www.mojabochnia.pl\/#\/schema\/person\/c00e1f64e6fa0e6de6d410f2c340017f","name":"administrator","url":"https:\/\/www.mojabochnia.pl\/?author=1"}]}},"_links":{"self":[{"href":"https:\/\/www.mojabochnia.pl\/index.php?rest_route=\/wp\/v2\/posts\/6867","targetHints":{"allow":["GET"]}}],"collection":[{"href":"https:\/\/www.mojabochnia.pl\/index.php?rest_route=\/wp\/v2\/posts"}],"about":[{"href":"https:\/\/www.mojabochnia.pl\/index.php?rest_route=\/wp\/v2\/types\/post"}],"author":[{"embeddable":true,"href":"https:\/\/www.mojabochnia.pl\/index.php?rest_route=\/wp\/v2\/users\/1"}],"replies":[{"embeddable":true,"href":"https:\/\/www.mojabochnia.pl\/index.php?rest_route=%2Fwp%2Fv2%2Fcomments&post=6867"}],"version-history":[{"count":0,"href":"https:\/\/www.mojabochnia.pl\/index.php?rest_route=\/wp\/v2\/posts\/6867\/revisions"}],"wp:attachment":[{"href":"https:\/\/www.mojabochnia.pl\/index.php?rest_route=%2Fwp%2Fv2%2Fmedia&parent=6867"}],"wp:term":[{"taxonomy":"category","embeddable":true,"href":"https:\/\/www.mojabochnia.pl\/index.php?rest_route=%2Fwp%2Fv2%2Fcategories&post=6867"},{"taxonomy":"post_tag","embeddable":true,"href":"https:\/\/www.mojabochnia.pl\/index.php?rest_route=%2Fwp%2Fv2%2Ftags&post=6867"}],"curies":[{"name":"wp","href":"https:\/\/api.w.org\/{rel}","templated":true}]}}