{"id":68649,"date":"2012-03-20T12:23:51","date_gmt":"2012-03-20T11:23:51","guid":{"rendered":"http:\/\/www.mojabochnia.pl\/?p=68649"},"modified":"2012-03-19T18:26:33","modified_gmt":"2012-03-19T17:26:33","slug":"wyklady-z-historii-rocka-the-police","status":"publish","type":"post","link":"https:\/\/www.mojabochnia.pl\/?p=68649","title":{"rendered":"Wyk\u0142ady z historii rocka: The Police"},"content":{"rendered":"<p><em>Byli\u015bmy za m\u0142odzi na Woodstock, ale za starzy na punk. Przez pierwsze dziewi\u0119\u0107 miesi\u0119cy by\u0142o nam bardzo ci\u0119\u017cko\u2026 Dorabiali\u015bmy jako muzycy sesyjni\u2026Do reklamy robionej dla TV utlenili\u015bmy sobie w\u0142osy\u2026 Min\u0119\u0142o mn\u00f3stwo czasu zanim odnale\u017ali\u015bmy sw\u00f3j w\u0142asny styl\u2026<\/em> &#8211; tak o pocz\u0105tkach The Police m\u00f3wili: Sting, Andy ummers i Steward Copeland.<\/p>\n<p>Grupa sta\u0142a si\u0119 znana we wczesnych latach 80, graj\u0105c muzyk\u0119 rockow\u0105 z elementami jazzu, reggae oraz punk rocka. Ich pi\u0105ty, ostatni jak do tej pory album <em>Synchronicity<\/em>, wydany w 1983 roku, dotar\u0142 do pierwszego miejsca list w Wielkiej Brytanii i Stanach Zjednoczonych, sprzedaj\u0105c si\u0119 tam w ponad o\u015bmiomilionowym nak\u0142adzie. Zesp\u00f3\u0142 rozpad\u0142 si\u0119 w po\u0142owie lat 80, po czym jednak reaktywowa\u0142 si\u0119 w 2007 roku. Zagra\u0142 m.in. w Chorzowie.<\/p>\n<p>red. Jerzy Skar\u017cy\u0144ski \u2013 Ilustrowana muzyka historia rocka. Wyk\u0142ad nr XXXVIII:  The Police<\/p>\n<p>23 marca (pi\u0105tek) 2012, godz. 18:30 cafe aquarium, Kryta Plywalnia w Prosz\u00f3wkach (wst\u0119p wolny)<\/p>\n","protected":false},"excerpt":{"rendered":"<p>Legenda rocka, The Police, b\u0119dzie przedmiotem najbli\u017cszego wyk\u0142adu Jerzego Skar\u017cy\u0144skiego w Prosz\u00f3wkach. Trio w sk\u0142adzie Sting, Andy Summers i Steward Copeland nagra\u0142o zaledwie 5 p\u0142yt, jednak na zawsze zmieni\u0142o oblicze muzyki popularnej.<\/p>\n","protected":false},"author":4,"featured_media":0,"comment_status":"open","ping_status":"closed","sticky":false,"template":"","format":"standard","meta":{"_acf_changed":false,"footnotes":""},"categories":[5,92,6250],"tags":[1731,123,10788,5981],"class_list":["post-68649","post","type-post","status-publish","format-standard","hentry","category-biezace-wydarzenia","category-kultura","category-tematyka","tag-jerzy-skarzynski","tag-rock","tag-the-police","tag-wyklady-z-historii-rocka","main_tag-ilustrowana-muzyka-historia-rocka"],"acf":[],"yoast_head":"<!-- This site is optimized with the Yoast SEO plugin v26.9 - https:\/\/yoast.com\/product\/yoast-seo-wordpress\/ -->\n<title>Wyk\u0142ady z historii rocka: The Police - mojabochnia.pl - portal informacyjny<\/title>\n<meta name=\"robots\" content=\"index, follow, max-snippet:-1, max-image-preview:large, max-video-preview:-1\" \/>\n<link rel=\"canonical\" href=\"https:\/\/www.mojabochnia.pl\/?p=68649\" \/>\n<meta property=\"og:locale\" content=\"pl_PL\" \/>\n<meta property=\"og:type\" content=\"article\" \/>\n<meta property=\"og:title\" content=\"Wyk\u0142ady z historii rocka: The Police - mojabochnia.pl - portal informacyjny\" \/>\n<meta property=\"og:description\" content=\"Legenda rocka, The Police, b\u0119dzie przedmiotem najbli\u017cszego wyk\u0142adu Jerzego Skar\u017cy\u0144skiego w Prosz\u00f3wkach. Trio w sk\u0142adzie Sting, Andy Summers i Steward Copeland nagra\u0142o zaledwie 5 p\u0142yt, jednak na zawsze zmieni\u0142o oblicze muzyki popularnej.\" \/>\n<meta property=\"og:url\" content=\"https:\/\/www.mojabochnia.pl\/?p=68649\" \/>\n<meta property=\"og:site_name\" content=\"mojabochnia.pl - portal informacyjny\" \/>\n<meta property=\"article:publisher\" content=\"https:\/\/www.facebook.com\/mojabochnia\" \/>\n<meta property=\"article:published_time\" content=\"2012-03-20T11:23:51+00:00\" \/>\n<meta name=\"author\" content=\"Pawe\u0142 Michalczyk\" \/>\n<meta name=\"twitter:card\" content=\"summary_large_image\" \/>\n<meta name=\"twitter:label1\" content=\"Written by\" \/>\n\t<meta name=\"twitter:data1\" content=\"Pawe\u0142 Michalczyk\" \/>\n\t<meta name=\"twitter:label2\" content=\"Est. reading time\" \/>\n\t<meta name=\"twitter:data2\" content=\"1 minuta\" \/>\n<script type=\"application\/ld+json\" class=\"yoast-schema-graph\">{\"@context\":\"https:\/\/schema.org\",\"@graph\":[{\"@type\":\"Article\",\"@id\":\"https:\/\/www.mojabochnia.pl\/?p=68649#article\",\"isPartOf\":{\"@id\":\"https:\/\/www.mojabochnia.pl\/?p=68649\"},\"author\":{\"name\":\"Pawe\u0142 Michalczyk\",\"@id\":\"https:\/\/www.mojabochnia.pl\/#\/schema\/person\/ea042e4724a77627963f02166828ead4\"},\"headline\":\"Wyk\u0142ady z historii rocka: The Police\",\"datePublished\":\"2012-03-20T11:23:51+00:00\",\"mainEntityOfPage\":{\"@id\":\"https:\/\/www.mojabochnia.pl\/?p=68649\"},\"wordCount\":175,\"commentCount\":0,\"publisher\":{\"@id\":\"https:\/\/www.mojabochnia.pl\/#organization\"},\"keywords\":[\"jerzy skar\u017cy\u0144ski\",\"rock\",\"the police\",\"wyk\u0142ady z historii rocka\"],\"articleSection\":[\"2_ostatnie\",\"kultura\",\"tematyka\"],\"inLanguage\":\"pl-PL\",\"potentialAction\":[{\"@type\":\"CommentAction\",\"name\":\"Comment\",\"target\":[\"https:\/\/www.mojabochnia.pl\/?p=68649#respond\"]}]},{\"@type\":\"WebPage\",\"@id\":\"https:\/\/www.mojabochnia.pl\/?p=68649\",\"url\":\"https:\/\/www.mojabochnia.pl\/?p=68649\",\"name\":\"Wyk\u0142ady z historii rocka: The Police - mojabochnia.pl - portal informacyjny\",\"isPartOf\":{\"@id\":\"https:\/\/www.mojabochnia.pl\/#website\"},\"datePublished\":\"2012-03-20T11:23:51+00:00\",\"breadcrumb\":{\"@id\":\"https:\/\/www.mojabochnia.pl\/?p=68649#breadcrumb\"},\"inLanguage\":\"pl-PL\",\"potentialAction\":[{\"@type\":\"ReadAction\",\"target\":[\"https:\/\/www.mojabochnia.pl\/?p=68649\"]}]},{\"@type\":\"BreadcrumbList\",\"@id\":\"https:\/\/www.mojabochnia.pl\/?p=68649#breadcrumb\",\"itemListElement\":[{\"@type\":\"ListItem\",\"position\":1,\"name\":\"Home\",\"item\":\"https:\/\/www.mojabochnia.pl\/\"},{\"@type\":\"ListItem\",\"position\":2,\"name\":\"Wyk\u0142ady z historii rocka: The Police\"}]},{\"@type\":\"WebSite\",\"@id\":\"https:\/\/www.mojabochnia.pl\/#website\",\"url\":\"https:\/\/www.mojabochnia.pl\/\",\"name\":\"mojabochnia.pl - portal informacyjny\",\"description\":\"mojaBochnia to portal informacyjny o Bochni. Codziennie o Bochni piszemy i pokazujemy najwa\u017cniejsze wydarzenia\",\"publisher\":{\"@id\":\"https:\/\/www.mojabochnia.pl\/#organization\"},\"potentialAction\":[{\"@type\":\"SearchAction\",\"target\":{\"@type\":\"EntryPoint\",\"urlTemplate\":\"https:\/\/www.mojabochnia.pl\/?s={search_term_string}\"},\"query-input\":{\"@type\":\"PropertyValueSpecification\",\"valueRequired\":true,\"valueName\":\"search_term_string\"}}],\"inLanguage\":\"pl-PL\"},{\"@type\":\"Organization\",\"@id\":\"https:\/\/www.mojabochnia.pl\/#organization\",\"name\":\"mojabochnia.pl - portal informacyjny\",\"url\":\"https:\/\/www.mojabochnia.pl\/\",\"logo\":{\"@type\":\"ImageObject\",\"inLanguage\":\"pl-PL\",\"@id\":\"https:\/\/www.mojabochnia.pl\/#\/schema\/logo\/image\/\",\"url\":\"https:\/\/www.mojabochnia.pl\/wp-content\/uploads\/2017\/08\/logo-mb-opt.png\",\"contentUrl\":\"https:\/\/www.mojabochnia.pl\/wp-content\/uploads\/2017\/08\/logo-mb-opt.png\",\"width\":250,\"height\":48,\"caption\":\"mojabochnia.pl - portal informacyjny\"},\"image\":{\"@id\":\"https:\/\/www.mojabochnia.pl\/#\/schema\/logo\/image\/\"},\"sameAs\":[\"https:\/\/www.facebook.com\/mojabochnia\"]},{\"@type\":\"Person\",\"@id\":\"https:\/\/www.mojabochnia.pl\/#\/schema\/person\/ea042e4724a77627963f02166828ead4\",\"name\":\"Pawe\u0142 Michalczyk\",\"url\":\"https:\/\/www.mojabochnia.pl\/?author=4\"}]}<\/script>\n<!-- \/ Yoast SEO plugin. -->","yoast_head_json":{"title":"Wyk\u0142ady z historii rocka: The Police - mojabochnia.pl - portal informacyjny","robots":{"index":"index","follow":"follow","max-snippet":"max-snippet:-1","max-image-preview":"max-image-preview:large","max-video-preview":"max-video-preview:-1"},"canonical":"https:\/\/www.mojabochnia.pl\/?p=68649","og_locale":"pl_PL","og_type":"article","og_title":"Wyk\u0142ady z historii rocka: The Police - mojabochnia.pl - portal informacyjny","og_description":"Legenda rocka, The Police, b\u0119dzie przedmiotem najbli\u017cszego wyk\u0142adu Jerzego Skar\u017cy\u0144skiego w Prosz\u00f3wkach. Trio w sk\u0142adzie Sting, Andy Summers i Steward Copeland nagra\u0142o zaledwie 5 p\u0142yt, jednak na zawsze zmieni\u0142o oblicze muzyki popularnej.","og_url":"https:\/\/www.mojabochnia.pl\/?p=68649","og_site_name":"mojabochnia.pl - portal informacyjny","article_publisher":"https:\/\/www.facebook.com\/mojabochnia","article_published_time":"2012-03-20T11:23:51+00:00","author":"Pawe\u0142 Michalczyk","twitter_card":"summary_large_image","twitter_misc":{"Written by":"Pawe\u0142 Michalczyk","Est. reading time":"1 minuta"},"schema":{"@context":"https:\/\/schema.org","@graph":[{"@type":"Article","@id":"https:\/\/www.mojabochnia.pl\/?p=68649#article","isPartOf":{"@id":"https:\/\/www.mojabochnia.pl\/?p=68649"},"author":{"name":"Pawe\u0142 Michalczyk","@id":"https:\/\/www.mojabochnia.pl\/#\/schema\/person\/ea042e4724a77627963f02166828ead4"},"headline":"Wyk\u0142ady z historii rocka: The Police","datePublished":"2012-03-20T11:23:51+00:00","mainEntityOfPage":{"@id":"https:\/\/www.mojabochnia.pl\/?p=68649"},"wordCount":175,"commentCount":0,"publisher":{"@id":"https:\/\/www.mojabochnia.pl\/#organization"},"keywords":["jerzy skar\u017cy\u0144ski","rock","the police","wyk\u0142ady z historii rocka"],"articleSection":["2_ostatnie","kultura","tematyka"],"inLanguage":"pl-PL","potentialAction":[{"@type":"CommentAction","name":"Comment","target":["https:\/\/www.mojabochnia.pl\/?p=68649#respond"]}]},{"@type":"WebPage","@id":"https:\/\/www.mojabochnia.pl\/?p=68649","url":"https:\/\/www.mojabochnia.pl\/?p=68649","name":"Wyk\u0142ady z historii rocka: The Police - mojabochnia.pl - portal informacyjny","isPartOf":{"@id":"https:\/\/www.mojabochnia.pl\/#website"},"datePublished":"2012-03-20T11:23:51+00:00","breadcrumb":{"@id":"https:\/\/www.mojabochnia.pl\/?p=68649#breadcrumb"},"inLanguage":"pl-PL","potentialAction":[{"@type":"ReadAction","target":["https:\/\/www.mojabochnia.pl\/?p=68649"]}]},{"@type":"BreadcrumbList","@id":"https:\/\/www.mojabochnia.pl\/?p=68649#breadcrumb","itemListElement":[{"@type":"ListItem","position":1,"name":"Home","item":"https:\/\/www.mojabochnia.pl\/"},{"@type":"ListItem","position":2,"name":"Wyk\u0142ady z historii rocka: The Police"}]},{"@type":"WebSite","@id":"https:\/\/www.mojabochnia.pl\/#website","url":"https:\/\/www.mojabochnia.pl\/","name":"mojabochnia.pl - portal informacyjny","description":"mojaBochnia to portal informacyjny o Bochni. Codziennie o Bochni piszemy i pokazujemy najwa\u017cniejsze wydarzenia","publisher":{"@id":"https:\/\/www.mojabochnia.pl\/#organization"},"potentialAction":[{"@type":"SearchAction","target":{"@type":"EntryPoint","urlTemplate":"https:\/\/www.mojabochnia.pl\/?s={search_term_string}"},"query-input":{"@type":"PropertyValueSpecification","valueRequired":true,"valueName":"search_term_string"}}],"inLanguage":"pl-PL"},{"@type":"Organization","@id":"https:\/\/www.mojabochnia.pl\/#organization","name":"mojabochnia.pl - portal informacyjny","url":"https:\/\/www.mojabochnia.pl\/","logo":{"@type":"ImageObject","inLanguage":"pl-PL","@id":"https:\/\/www.mojabochnia.pl\/#\/schema\/logo\/image\/","url":"https:\/\/www.mojabochnia.pl\/wp-content\/uploads\/2017\/08\/logo-mb-opt.png","contentUrl":"https:\/\/www.mojabochnia.pl\/wp-content\/uploads\/2017\/08\/logo-mb-opt.png","width":250,"height":48,"caption":"mojabochnia.pl - portal informacyjny"},"image":{"@id":"https:\/\/www.mojabochnia.pl\/#\/schema\/logo\/image\/"},"sameAs":["https:\/\/www.facebook.com\/mojabochnia"]},{"@type":"Person","@id":"https:\/\/www.mojabochnia.pl\/#\/schema\/person\/ea042e4724a77627963f02166828ead4","name":"Pawe\u0142 Michalczyk","url":"https:\/\/www.mojabochnia.pl\/?author=4"}]}},"_links":{"self":[{"href":"https:\/\/www.mojabochnia.pl\/index.php?rest_route=\/wp\/v2\/posts\/68649","targetHints":{"allow":["GET"]}}],"collection":[{"href":"https:\/\/www.mojabochnia.pl\/index.php?rest_route=\/wp\/v2\/posts"}],"about":[{"href":"https:\/\/www.mojabochnia.pl\/index.php?rest_route=\/wp\/v2\/types\/post"}],"author":[{"embeddable":true,"href":"https:\/\/www.mojabochnia.pl\/index.php?rest_route=\/wp\/v2\/users\/4"}],"replies":[{"embeddable":true,"href":"https:\/\/www.mojabochnia.pl\/index.php?rest_route=%2Fwp%2Fv2%2Fcomments&post=68649"}],"version-history":[{"count":4,"href":"https:\/\/www.mojabochnia.pl\/index.php?rest_route=\/wp\/v2\/posts\/68649\/revisions"}],"predecessor-version":[{"id":68653,"href":"https:\/\/www.mojabochnia.pl\/index.php?rest_route=\/wp\/v2\/posts\/68649\/revisions\/68653"}],"wp:attachment":[{"href":"https:\/\/www.mojabochnia.pl\/index.php?rest_route=%2Fwp%2Fv2%2Fmedia&parent=68649"}],"wp:term":[{"taxonomy":"category","embeddable":true,"href":"https:\/\/www.mojabochnia.pl\/index.php?rest_route=%2Fwp%2Fv2%2Fcategories&post=68649"},{"taxonomy":"post_tag","embeddable":true,"href":"https:\/\/www.mojabochnia.pl\/index.php?rest_route=%2Fwp%2Fv2%2Ftags&post=68649"}],"curies":[{"name":"wp","href":"https:\/\/api.w.org\/{rel}","templated":true}]}}