{"id":68516,"date":"2012-03-20T20:24:19","date_gmt":"2012-03-20T19:24:19","guid":{"rendered":"http:\/\/www.mojabochnia.pl\/?p=68516"},"modified":"2012-03-20T20:45:57","modified_gmt":"2012-03-20T19:45:57","slug":"kamienica-rynek-13-na-sprzedaz-za-12-mln-zl","status":"publish","type":"post","link":"https:\/\/www.mojabochnia.pl\/?p=68516","title":{"rendered":"Kamienica Rynek 13 na sprzeda\u017c za 1,2 mln z\u0142"},"content":{"rendered":"<p>Powierzchnia u\u017cytkowa us\u0142ugowa budynku to 131,10 m2, powierzchnia u\u017cytkowa mieszkalna 132,35 m2, powierzchnia u\u017cytkowa pomocnicza 105,85 m2, za\u015b kubatura 1880 m3. Kamienica wpisana jest do rejestru zabytk\u00f3w wojew\u00f3dztwa ma\u0142opolskiego pod numerem 101\/13\/60 z 9 kwietnia 1960 roku.<br \/>\n<em><br \/>\nW 2009 r. Kamienica Rynek 13 w Bochni uleg\u0142a cz\u0119\u015bciowemu uszkodzeniu. W zwi\u0105zku z tym wydane zosta\u0142y zalecenia konserwatorskie, kt\u00f3rych g\u0142\u00f3wnym za\u0142o\u017ceniem jest odbudowanie oraz przywr\u00f3cenie kamienicy do stanu pierwotnego. Realizacja ich powinna nast\u0105pi\u0107 w ci\u0105gu 2 lat od nabycia nieruchomo\u015bci<\/em> &#8211; czytamy w og\u0142oszeniu o przetargu. <\/p>\n<p>Przetarg odb\u0119dzie si\u0119 30 kwietnia w budynku Urz\u0119du Miasta Bochnia, przy<br \/>\nul. Kazimierza Wielkiego 2 w pok. nr 129, o godz.11.00. Cena wywo\u0142awcza \u2013 1,2 mln z\u0142. Wadium &#8211; 200 tys. z\u0142.<\/p>\n<p>Od ceny ustalonej w wyniku przetargu, w zwi\u0105zku z wpisaniem nieruchomo\u015bci do rejestru zabytk\u00f3w, b\u0119dzie zastosowana bonifikata w wysoko\u015bci 1%.<\/p>\n","protected":false},"excerpt":{"rendered":"<p>XVIII-wieczna kamienica przy Rynku zosta\u0142a wystawiona na sprzeda\u017c. Budynek jest cz\u0119\u015bciowo uszkodzony w wyniku katastrofy budowlanej z 2009 r. Cena wywo\u0142awcza: 1,2 mln z\u0142. <\/p>\n","protected":false},"author":4,"featured_media":0,"comment_status":"open","ping_status":"closed","sticky":false,"template":"","format":"standard","meta":{"_acf_changed":false,"footnotes":""},"categories":[5,6251,6250],"tags":[17294,849,17339,17348,6255,5926],"class_list":["post-68516","post","type-post","status-publish","format-standard","hentry","category-biezace-wydarzenia","category-polityka-i-wydarzenia","category-tematyka","tag-kamienica","tag-katastrofa-budowlana","tag-przetarg","tag-rynek","tag-rynek-13","tag-sprzedaz","main_tag-kamienica"],"acf":[],"yoast_head":"<!-- This site is optimized with the Yoast SEO plugin v26.9 - https:\/\/yoast.com\/product\/yoast-seo-wordpress\/ -->\n<title>Kamienica Rynek 13 na sprzeda\u017c za 1,2 mln z\u0142 - mojabochnia.pl - portal informacyjny<\/title>\n<meta name=\"robots\" content=\"index, follow, max-snippet:-1, max-image-preview:large, max-video-preview:-1\" \/>\n<link rel=\"canonical\" href=\"https:\/\/www.mojabochnia.pl\/?p=68516\" \/>\n<meta property=\"og:locale\" content=\"pl_PL\" \/>\n<meta property=\"og:type\" content=\"article\" \/>\n<meta property=\"og:title\" content=\"Kamienica Rynek 13 na sprzeda\u017c za 1,2 mln z\u0142 - mojabochnia.pl - portal informacyjny\" \/>\n<meta property=\"og:description\" content=\"XVIII-wieczna kamienica przy Rynku zosta\u0142a wystawiona na sprzeda\u017c. Budynek jest cz\u0119\u015bciowo uszkodzony w wyniku katastrofy budowlanej z 2009 r. Cena wywo\u0142awcza: 1,2 mln z\u0142.\" \/>\n<meta property=\"og:url\" content=\"https:\/\/www.mojabochnia.pl\/?p=68516\" \/>\n<meta property=\"og:site_name\" content=\"mojabochnia.pl - portal informacyjny\" \/>\n<meta property=\"article:publisher\" content=\"https:\/\/www.facebook.com\/mojabochnia\" \/>\n<meta property=\"article:published_time\" content=\"2012-03-20T19:24:19+00:00\" \/>\n<meta property=\"article:modified_time\" content=\"2012-03-20T19:45:57+00:00\" \/>\n<meta name=\"author\" content=\"Pawe\u0142 Michalczyk\" \/>\n<meta name=\"twitter:card\" content=\"summary_large_image\" \/>\n<meta name=\"twitter:label1\" content=\"Written by\" \/>\n\t<meta name=\"twitter:data1\" content=\"Pawe\u0142 Michalczyk\" \/>\n\t<meta name=\"twitter:label2\" content=\"Est. reading time\" \/>\n\t<meta name=\"twitter:data2\" content=\"1 minuta\" \/>\n<script type=\"application\/ld+json\" class=\"yoast-schema-graph\">{\"@context\":\"https:\/\/schema.org\",\"@graph\":[{\"@type\":\"Article\",\"@id\":\"https:\/\/www.mojabochnia.pl\/?p=68516#article\",\"isPartOf\":{\"@id\":\"https:\/\/www.mojabochnia.pl\/?p=68516\"},\"author\":{\"name\":\"Pawe\u0142 Michalczyk\",\"@id\":\"https:\/\/www.mojabochnia.pl\/#\/schema\/person\/ea042e4724a77627963f02166828ead4\"},\"headline\":\"Kamienica Rynek 13 na sprzeda\u017c za 1,2 mln z\u0142\",\"datePublished\":\"2012-03-20T19:24:19+00:00\",\"dateModified\":\"2012-03-20T19:45:57+00:00\",\"mainEntityOfPage\":{\"@id\":\"https:\/\/www.mojabochnia.pl\/?p=68516\"},\"wordCount\":154,\"commentCount\":0,\"publisher\":{\"@id\":\"https:\/\/www.mojabochnia.pl\/#organization\"},\"keywords\":[\"kamienica\",\"katastrofa budowlana\",\"przetarg\",\"rynek\",\"rynek 13\",\"sprzeda\u017c\"],\"articleSection\":[\"2_ostatnie\",\"polityka i wydarzenia\",\"tematyka\"],\"inLanguage\":\"pl-PL\",\"potentialAction\":[{\"@type\":\"CommentAction\",\"name\":\"Comment\",\"target\":[\"https:\/\/www.mojabochnia.pl\/?p=68516#respond\"]}]},{\"@type\":\"WebPage\",\"@id\":\"https:\/\/www.mojabochnia.pl\/?p=68516\",\"url\":\"https:\/\/www.mojabochnia.pl\/?p=68516\",\"name\":\"Kamienica Rynek 13 na sprzeda\u017c za 1,2 mln z\u0142 - mojabochnia.pl - portal informacyjny\",\"isPartOf\":{\"@id\":\"https:\/\/www.mojabochnia.pl\/#website\"},\"datePublished\":\"2012-03-20T19:24:19+00:00\",\"dateModified\":\"2012-03-20T19:45:57+00:00\",\"breadcrumb\":{\"@id\":\"https:\/\/www.mojabochnia.pl\/?p=68516#breadcrumb\"},\"inLanguage\":\"pl-PL\",\"potentialAction\":[{\"@type\":\"ReadAction\",\"target\":[\"https:\/\/www.mojabochnia.pl\/?p=68516\"]}]},{\"@type\":\"BreadcrumbList\",\"@id\":\"https:\/\/www.mojabochnia.pl\/?p=68516#breadcrumb\",\"itemListElement\":[{\"@type\":\"ListItem\",\"position\":1,\"name\":\"Home\",\"item\":\"https:\/\/www.mojabochnia.pl\/\"},{\"@type\":\"ListItem\",\"position\":2,\"name\":\"Kamienica Rynek 13 na sprzeda\u017c za 1,2 mln z\u0142\"}]},{\"@type\":\"WebSite\",\"@id\":\"https:\/\/www.mojabochnia.pl\/#website\",\"url\":\"https:\/\/www.mojabochnia.pl\/\",\"name\":\"mojabochnia.pl - portal informacyjny\",\"description\":\"mojaBochnia to portal informacyjny o Bochni. Codziennie o Bochni piszemy i pokazujemy najwa\u017cniejsze wydarzenia\",\"publisher\":{\"@id\":\"https:\/\/www.mojabochnia.pl\/#organization\"},\"potentialAction\":[{\"@type\":\"SearchAction\",\"target\":{\"@type\":\"EntryPoint\",\"urlTemplate\":\"https:\/\/www.mojabochnia.pl\/?s={search_term_string}\"},\"query-input\":{\"@type\":\"PropertyValueSpecification\",\"valueRequired\":true,\"valueName\":\"search_term_string\"}}],\"inLanguage\":\"pl-PL\"},{\"@type\":\"Organization\",\"@id\":\"https:\/\/www.mojabochnia.pl\/#organization\",\"name\":\"mojabochnia.pl - portal informacyjny\",\"url\":\"https:\/\/www.mojabochnia.pl\/\",\"logo\":{\"@type\":\"ImageObject\",\"inLanguage\":\"pl-PL\",\"@id\":\"https:\/\/www.mojabochnia.pl\/#\/schema\/logo\/image\/\",\"url\":\"https:\/\/www.mojabochnia.pl\/wp-content\/uploads\/2017\/08\/logo-mb-opt.png\",\"contentUrl\":\"https:\/\/www.mojabochnia.pl\/wp-content\/uploads\/2017\/08\/logo-mb-opt.png\",\"width\":250,\"height\":48,\"caption\":\"mojabochnia.pl - portal informacyjny\"},\"image\":{\"@id\":\"https:\/\/www.mojabochnia.pl\/#\/schema\/logo\/image\/\"},\"sameAs\":[\"https:\/\/www.facebook.com\/mojabochnia\"]},{\"@type\":\"Person\",\"@id\":\"https:\/\/www.mojabochnia.pl\/#\/schema\/person\/ea042e4724a77627963f02166828ead4\",\"name\":\"Pawe\u0142 Michalczyk\",\"url\":\"https:\/\/www.mojabochnia.pl\/?author=4\"}]}<\/script>\n<!-- \/ Yoast SEO plugin. -->","yoast_head_json":{"title":"Kamienica Rynek 13 na sprzeda\u017c za 1,2 mln z\u0142 - mojabochnia.pl - portal informacyjny","robots":{"index":"index","follow":"follow","max-snippet":"max-snippet:-1","max-image-preview":"max-image-preview:large","max-video-preview":"max-video-preview:-1"},"canonical":"https:\/\/www.mojabochnia.pl\/?p=68516","og_locale":"pl_PL","og_type":"article","og_title":"Kamienica Rynek 13 na sprzeda\u017c za 1,2 mln z\u0142 - mojabochnia.pl - portal informacyjny","og_description":"XVIII-wieczna kamienica przy Rynku zosta\u0142a wystawiona na sprzeda\u017c. Budynek jest cz\u0119\u015bciowo uszkodzony w wyniku katastrofy budowlanej z 2009 r. Cena wywo\u0142awcza: 1,2 mln z\u0142.","og_url":"https:\/\/www.mojabochnia.pl\/?p=68516","og_site_name":"mojabochnia.pl - portal informacyjny","article_publisher":"https:\/\/www.facebook.com\/mojabochnia","article_published_time":"2012-03-20T19:24:19+00:00","article_modified_time":"2012-03-20T19:45:57+00:00","author":"Pawe\u0142 Michalczyk","twitter_card":"summary_large_image","twitter_misc":{"Written by":"Pawe\u0142 Michalczyk","Est. reading time":"1 minuta"},"schema":{"@context":"https:\/\/schema.org","@graph":[{"@type":"Article","@id":"https:\/\/www.mojabochnia.pl\/?p=68516#article","isPartOf":{"@id":"https:\/\/www.mojabochnia.pl\/?p=68516"},"author":{"name":"Pawe\u0142 Michalczyk","@id":"https:\/\/www.mojabochnia.pl\/#\/schema\/person\/ea042e4724a77627963f02166828ead4"},"headline":"Kamienica Rynek 13 na sprzeda\u017c za 1,2 mln z\u0142","datePublished":"2012-03-20T19:24:19+00:00","dateModified":"2012-03-20T19:45:57+00:00","mainEntityOfPage":{"@id":"https:\/\/www.mojabochnia.pl\/?p=68516"},"wordCount":154,"commentCount":0,"publisher":{"@id":"https:\/\/www.mojabochnia.pl\/#organization"},"keywords":["kamienica","katastrofa budowlana","przetarg","rynek","rynek 13","sprzeda\u017c"],"articleSection":["2_ostatnie","polityka i wydarzenia","tematyka"],"inLanguage":"pl-PL","potentialAction":[{"@type":"CommentAction","name":"Comment","target":["https:\/\/www.mojabochnia.pl\/?p=68516#respond"]}]},{"@type":"WebPage","@id":"https:\/\/www.mojabochnia.pl\/?p=68516","url":"https:\/\/www.mojabochnia.pl\/?p=68516","name":"Kamienica Rynek 13 na sprzeda\u017c za 1,2 mln z\u0142 - mojabochnia.pl - portal informacyjny","isPartOf":{"@id":"https:\/\/www.mojabochnia.pl\/#website"},"datePublished":"2012-03-20T19:24:19+00:00","dateModified":"2012-03-20T19:45:57+00:00","breadcrumb":{"@id":"https:\/\/www.mojabochnia.pl\/?p=68516#breadcrumb"},"inLanguage":"pl-PL","potentialAction":[{"@type":"ReadAction","target":["https:\/\/www.mojabochnia.pl\/?p=68516"]}]},{"@type":"BreadcrumbList","@id":"https:\/\/www.mojabochnia.pl\/?p=68516#breadcrumb","itemListElement":[{"@type":"ListItem","position":1,"name":"Home","item":"https:\/\/www.mojabochnia.pl\/"},{"@type":"ListItem","position":2,"name":"Kamienica Rynek 13 na sprzeda\u017c za 1,2 mln z\u0142"}]},{"@type":"WebSite","@id":"https:\/\/www.mojabochnia.pl\/#website","url":"https:\/\/www.mojabochnia.pl\/","name":"mojabochnia.pl - portal informacyjny","description":"mojaBochnia to portal informacyjny o Bochni. Codziennie o Bochni piszemy i pokazujemy najwa\u017cniejsze wydarzenia","publisher":{"@id":"https:\/\/www.mojabochnia.pl\/#organization"},"potentialAction":[{"@type":"SearchAction","target":{"@type":"EntryPoint","urlTemplate":"https:\/\/www.mojabochnia.pl\/?s={search_term_string}"},"query-input":{"@type":"PropertyValueSpecification","valueRequired":true,"valueName":"search_term_string"}}],"inLanguage":"pl-PL"},{"@type":"Organization","@id":"https:\/\/www.mojabochnia.pl\/#organization","name":"mojabochnia.pl - portal informacyjny","url":"https:\/\/www.mojabochnia.pl\/","logo":{"@type":"ImageObject","inLanguage":"pl-PL","@id":"https:\/\/www.mojabochnia.pl\/#\/schema\/logo\/image\/","url":"https:\/\/www.mojabochnia.pl\/wp-content\/uploads\/2017\/08\/logo-mb-opt.png","contentUrl":"https:\/\/www.mojabochnia.pl\/wp-content\/uploads\/2017\/08\/logo-mb-opt.png","width":250,"height":48,"caption":"mojabochnia.pl - portal informacyjny"},"image":{"@id":"https:\/\/www.mojabochnia.pl\/#\/schema\/logo\/image\/"},"sameAs":["https:\/\/www.facebook.com\/mojabochnia"]},{"@type":"Person","@id":"https:\/\/www.mojabochnia.pl\/#\/schema\/person\/ea042e4724a77627963f02166828ead4","name":"Pawe\u0142 Michalczyk","url":"https:\/\/www.mojabochnia.pl\/?author=4"}]}},"_links":{"self":[{"href":"https:\/\/www.mojabochnia.pl\/index.php?rest_route=\/wp\/v2\/posts\/68516","targetHints":{"allow":["GET"]}}],"collection":[{"href":"https:\/\/www.mojabochnia.pl\/index.php?rest_route=\/wp\/v2\/posts"}],"about":[{"href":"https:\/\/www.mojabochnia.pl\/index.php?rest_route=\/wp\/v2\/types\/post"}],"author":[{"embeddable":true,"href":"https:\/\/www.mojabochnia.pl\/index.php?rest_route=\/wp\/v2\/users\/4"}],"replies":[{"embeddable":true,"href":"https:\/\/www.mojabochnia.pl\/index.php?rest_route=%2Fwp%2Fv2%2Fcomments&post=68516"}],"version-history":[{"count":6,"href":"https:\/\/www.mojabochnia.pl\/index.php?rest_route=\/wp\/v2\/posts\/68516\/revisions"}],"predecessor-version":[{"id":68707,"href":"https:\/\/www.mojabochnia.pl\/index.php?rest_route=\/wp\/v2\/posts\/68516\/revisions\/68707"}],"wp:attachment":[{"href":"https:\/\/www.mojabochnia.pl\/index.php?rest_route=%2Fwp%2Fv2%2Fmedia&parent=68516"}],"wp:term":[{"taxonomy":"category","embeddable":true,"href":"https:\/\/www.mojabochnia.pl\/index.php?rest_route=%2Fwp%2Fv2%2Fcategories&post=68516"},{"taxonomy":"post_tag","embeddable":true,"href":"https:\/\/www.mojabochnia.pl\/index.php?rest_route=%2Fwp%2Fv2%2Ftags&post=68516"}],"curies":[{"name":"wp","href":"https:\/\/api.w.org\/{rel}","templated":true}]}}