{"id":6847,"date":"2009-03-24T12:25:03","date_gmt":"2009-03-24T11:25:03","guid":{"rendered":"http:\/\/www.mojabochnia.pl\/?p=6847"},"modified":"2009-03-24T12:28:40","modified_gmt":"2009-03-24T11:28:40","slug":"pawel-mej-%e2%80%93-spolecznik-z-baczkowa","status":"publish","type":"post","link":"https:\/\/www.mojabochnia.pl\/?p=6847","title":{"rendered":"Pawe\u0142 Mej \u2013 spo\u0142ecznik z Baczkowa"},"content":{"rendered":"<p>Wszystko zacz\u0119\u0142o si\u0119 na pocz\u0105tku zesz\u0142ego roku, kiedy Pawe\u0142 Mej us\u0142ysza\u0142 w telewizji o organizowanej akcji \u201eTesco dla szk\u00f3\u0142\u201d. Akcja polega\u0142a na zbieraniu punkt\u00f3w (ka\u017cda wydana z\u0142ot\u00f3wka to jeden punkt) i trwa\u0142a od 15 lutego do 14 maja we wszystkich sklepach sieci Tesco. Przy kasie ekspedientki wydawa\u0142y kupony i ka\u017cdy m\u00f3g\u0142 wybra\u0107 szko\u0142\u0119, na jaka przeznaczy zebrane punkty. <\/p>\n<p>\u2013 <em>Pomy\u015bla\u0142em, \u017ce zaczn\u0119 zbiera\u0107 te punkty, tak od siebie, dlaczego mia\u0142bym nie pom\u00f3c? Poszed\u0142em do mojej szko\u0142y w Baczkowie z informacj\u0105, \u017ce jest taka akcja. Wyb\u00f3r pad\u0142 na krakowskie Tesco, poniewa\u017c ogromna liczba ludzi robi tam zakupy. Poszed\u0142em r\u00f3wnie\u017c do szko\u0142y w Prosz\u00f3wkach, gdzie poproszono mnie, o zapocz\u0105tkowanie zbierania kupon\u00f3w<\/em> \u2013 opowiada Pawe\u0142 Mej.<\/p>\n<p>W zwi\u0105zku z jego cz\u0119stymi podr\u00f3\u017cami do Krakowa, co najmniej 3-4 razy w tygodniu, dyrektor Zespo\u0142u Szk\u00f3\u0142 w Prosz\u00f3wkach zwr\u00f3ci\u0142 si\u0119 z pro\u015bb\u0105 do prywatnej firmy przewozowej &#8222;Globus&#8221;, o zwolnienie Paw\u0142a Meja z op\u0142at przejazdowych. \u2013 <em>Podczas ka\u017cdej wyprawy do Tesco, przez 5-6 godzin zbiera\u0142em punkty. Prosi\u0142em ludzi o paragony, a oni z mi\u0142\u0105 ch\u0119ci\u0105 odst\u0119powali mi swoje kupony<\/em> \u2013 kontynuuje.<\/p>\n<p>Zapytany o motywy swojego niespotykanego post\u0119powania odpowiada: <em>&#8211; Jestem spo\u0142ecznikiem od wielu lat. Zosta\u0142em adoptowany jako dziecko. Kto\u015b mi pom\u00f3g\u0142 w \u017cyciu i teraz si\u0119 odwdzi\u0119czam pomoc\u0105 dla innych.<\/em><\/p>\n<p>Pomoc otrzyma\u0142y w sumie 4 szko\u0142y, kt\u00f3re uzyska\u0142y kolejno: Szko\u0142a w Dziewinie \u2013 ok. 20 tys. punkt\u00f3w, Szko\u0142a w Mikluszowicach  &#8211; ok. 50 tys. punkt\u00f3w, Szko\u0142a w Baczkowie \u2013 ok. 208 tys. punkt\u00f3w i Szko\u0142a w Prosz\u00f3wkach \u2013 230 tys. punkt\u00f3w. Taki wynik zapewni\u0142 Szkole w Prosz\u00f3wkach pierwsze miejsce w powiecie, poniewa\u017c uczniowie r\u00f3wnie\u017c w\u0142\u0105czyli si\u0119 w akcj\u0119. Za zebrane kupony, szko\u0142y otrzyma\u0142y nagrody rzeczowe m.in. zestawy lektur, sprz\u0119t sportowy, sprz\u0119t nag\u0142a\u015bniaj\u0105cy, oraz sprz\u0119t RTV.<\/p>\n<p>Podczas zorganizowanej w Prosz\u00f3wkach akademii uczniowie oraz grono pedagogiczne podzi\u0119kowali Paw\u0142owi Mejowi za bezinteresowne zaanga\u017cowanie. <em>\u2013 Za rok te\u017c przy\u0142\u0105cz\u0119 si\u0119 do akcji, bo to jest bardzo \u0142adna i skuteczna pomoc \u2013 <\/em>deklaruje Pawe\u0142 Mej.<\/p>\n<p>Aleksandra Nizio\u0142ek, Natalia \u015awiegoda<\/p>\n","protected":false},"excerpt":{"rendered":"<p>W obecnych czasach coraz trudniej jest liczy\u0107 na pomoc i zaanga\u017cowanie innych, tym bardziej gdy, takie dzia\u0142ania s\u0105 bezinteresowne. Raz otrzymana pomoc, budzi potrzeb\u0119 rewan\u017cu za otrzymane dobro, co udowadnia historia Paw\u0142a Meja.<\/p>\n","protected":false},"author":1,"featured_media":0,"comment_status":"open","ping_status":"closed","sticky":false,"template":"","format":"standard","meta":{"_acf_changed":false,"footnotes":""},"categories":[5],"tags":[17184,17278,3058,709,3087,17422,17391,1789,17582,3089,17436,17187,3088,17334],"class_list":["post-6847","post","type-post","status-publish","format-standard","hentry","category-biezace-wydarzenia","tag-akcja","tag-baczkow","tag-dyrektor-szkoly","tag-dziewin","tag-kupon","tag-mikluszowice","tag-mlodziez","tag-nagrody","tag-pawel-mej","tag-podziekowanie","tag-pomoc","tag-proszowki","tag-punkty","tag-szkoly"],"acf":[],"yoast_head":"<!-- This site is optimized with the Yoast SEO plugin v26.9 - https:\/\/yoast.com\/product\/yoast-seo-wordpress\/ -->\n<title>Pawe\u0142 Mej \u2013 spo\u0142ecznik z Baczkowa - mojabochnia.pl - portal informacyjny<\/title>\n<meta name=\"robots\" content=\"index, follow, max-snippet:-1, max-image-preview:large, max-video-preview:-1\" \/>\n<link rel=\"canonical\" href=\"https:\/\/www.mojabochnia.pl\/?p=6847\" \/>\n<meta property=\"og:locale\" content=\"pl_PL\" \/>\n<meta property=\"og:type\" content=\"article\" \/>\n<meta property=\"og:title\" content=\"Pawe\u0142 Mej \u2013 spo\u0142ecznik z Baczkowa - mojabochnia.pl - portal informacyjny\" \/>\n<meta property=\"og:description\" content=\"W obecnych czasach coraz trudniej jest liczy\u0107 na pomoc i zaanga\u017cowanie innych, tym bardziej gdy, takie dzia\u0142ania s\u0105 bezinteresowne. Raz otrzymana pomoc, budzi potrzeb\u0119 rewan\u017cu za otrzymane dobro, co udowadnia historia Paw\u0142a Meja.\" \/>\n<meta property=\"og:url\" content=\"https:\/\/www.mojabochnia.pl\/?p=6847\" \/>\n<meta property=\"og:site_name\" content=\"mojabochnia.pl - portal informacyjny\" \/>\n<meta property=\"article:publisher\" content=\"https:\/\/www.facebook.com\/mojabochnia\" \/>\n<meta property=\"article:published_time\" content=\"2009-03-24T11:25:03+00:00\" \/>\n<meta property=\"article:modified_time\" content=\"2009-03-24T11:28:40+00:00\" \/>\n<meta name=\"author\" content=\"administrator\" \/>\n<meta name=\"twitter:card\" content=\"summary_large_image\" \/>\n<meta name=\"twitter:label1\" content=\"Written by\" \/>\n\t<meta name=\"twitter:data1\" content=\"administrator\" \/>\n\t<meta name=\"twitter:label2\" content=\"Est. reading time\" \/>\n\t<meta name=\"twitter:data2\" content=\"2 minuty\" \/>\n<script type=\"application\/ld+json\" class=\"yoast-schema-graph\">{\"@context\":\"https:\/\/schema.org\",\"@graph\":[{\"@type\":\"Article\",\"@id\":\"https:\/\/www.mojabochnia.pl\/?p=6847#article\",\"isPartOf\":{\"@id\":\"https:\/\/www.mojabochnia.pl\/?p=6847\"},\"author\":{\"name\":\"administrator\",\"@id\":\"https:\/\/www.mojabochnia.pl\/#\/schema\/person\/c00e1f64e6fa0e6de6d410f2c340017f\"},\"headline\":\"Pawe\u0142 Mej \u2013 spo\u0142ecznik z Baczkowa\",\"datePublished\":\"2009-03-24T11:25:03+00:00\",\"dateModified\":\"2009-03-24T11:28:40+00:00\",\"mainEntityOfPage\":{\"@id\":\"https:\/\/www.mojabochnia.pl\/?p=6847\"},\"wordCount\":383,\"commentCount\":0,\"publisher\":{\"@id\":\"https:\/\/www.mojabochnia.pl\/#organization\"},\"keywords\":[\"akcja\",\"baczk\u00f3w\",\"dyrektor szko\u0142y\",\"dziewin\",\"kupon\",\"mikluszowice\",\"m\u0142odzie\u017c\",\"nagrody\",\"pawe\u0142 mej\",\"podzi\u0119kowanie\",\"pomoc\",\"prosz\u00f3wki\",\"punkty\",\"szko\u0142y\"],\"articleSection\":[\"2_ostatnie\"],\"inLanguage\":\"pl-PL\",\"potentialAction\":[{\"@type\":\"CommentAction\",\"name\":\"Comment\",\"target\":[\"https:\/\/www.mojabochnia.pl\/?p=6847#respond\"]}]},{\"@type\":\"WebPage\",\"@id\":\"https:\/\/www.mojabochnia.pl\/?p=6847\",\"url\":\"https:\/\/www.mojabochnia.pl\/?p=6847\",\"name\":\"Pawe\u0142 Mej \u2013 spo\u0142ecznik z Baczkowa - mojabochnia.pl - portal informacyjny\",\"isPartOf\":{\"@id\":\"https:\/\/www.mojabochnia.pl\/#website\"},\"datePublished\":\"2009-03-24T11:25:03+00:00\",\"dateModified\":\"2009-03-24T11:28:40+00:00\",\"breadcrumb\":{\"@id\":\"https:\/\/www.mojabochnia.pl\/?p=6847#breadcrumb\"},\"inLanguage\":\"pl-PL\",\"potentialAction\":[{\"@type\":\"ReadAction\",\"target\":[\"https:\/\/www.mojabochnia.pl\/?p=6847\"]}]},{\"@type\":\"BreadcrumbList\",\"@id\":\"https:\/\/www.mojabochnia.pl\/?p=6847#breadcrumb\",\"itemListElement\":[{\"@type\":\"ListItem\",\"position\":1,\"name\":\"Home\",\"item\":\"https:\/\/www.mojabochnia.pl\/\"},{\"@type\":\"ListItem\",\"position\":2,\"name\":\"Pawe\u0142 Mej \u2013 spo\u0142ecznik z Baczkowa\"}]},{\"@type\":\"WebSite\",\"@id\":\"https:\/\/www.mojabochnia.pl\/#website\",\"url\":\"https:\/\/www.mojabochnia.pl\/\",\"name\":\"mojabochnia.pl - portal informacyjny\",\"description\":\"mojaBochnia to portal informacyjny o Bochni. Codziennie o Bochni piszemy i pokazujemy najwa\u017cniejsze wydarzenia\",\"publisher\":{\"@id\":\"https:\/\/www.mojabochnia.pl\/#organization\"},\"potentialAction\":[{\"@type\":\"SearchAction\",\"target\":{\"@type\":\"EntryPoint\",\"urlTemplate\":\"https:\/\/www.mojabochnia.pl\/?s={search_term_string}\"},\"query-input\":{\"@type\":\"PropertyValueSpecification\",\"valueRequired\":true,\"valueName\":\"search_term_string\"}}],\"inLanguage\":\"pl-PL\"},{\"@type\":\"Organization\",\"@id\":\"https:\/\/www.mojabochnia.pl\/#organization\",\"name\":\"mojabochnia.pl - portal informacyjny\",\"url\":\"https:\/\/www.mojabochnia.pl\/\",\"logo\":{\"@type\":\"ImageObject\",\"inLanguage\":\"pl-PL\",\"@id\":\"https:\/\/www.mojabochnia.pl\/#\/schema\/logo\/image\/\",\"url\":\"https:\/\/www.mojabochnia.pl\/wp-content\/uploads\/2017\/08\/logo-mb-opt.png\",\"contentUrl\":\"https:\/\/www.mojabochnia.pl\/wp-content\/uploads\/2017\/08\/logo-mb-opt.png\",\"width\":250,\"height\":48,\"caption\":\"mojabochnia.pl - portal informacyjny\"},\"image\":{\"@id\":\"https:\/\/www.mojabochnia.pl\/#\/schema\/logo\/image\/\"},\"sameAs\":[\"https:\/\/www.facebook.com\/mojabochnia\"]},{\"@type\":\"Person\",\"@id\":\"https:\/\/www.mojabochnia.pl\/#\/schema\/person\/c00e1f64e6fa0e6de6d410f2c340017f\",\"name\":\"administrator\",\"url\":\"https:\/\/www.mojabochnia.pl\/?author=1\"}]}<\/script>\n<!-- \/ Yoast SEO plugin. -->","yoast_head_json":{"title":"Pawe\u0142 Mej \u2013 spo\u0142ecznik z Baczkowa - mojabochnia.pl - portal informacyjny","robots":{"index":"index","follow":"follow","max-snippet":"max-snippet:-1","max-image-preview":"max-image-preview:large","max-video-preview":"max-video-preview:-1"},"canonical":"https:\/\/www.mojabochnia.pl\/?p=6847","og_locale":"pl_PL","og_type":"article","og_title":"Pawe\u0142 Mej \u2013 spo\u0142ecznik z Baczkowa - mojabochnia.pl - portal informacyjny","og_description":"W obecnych czasach coraz trudniej jest liczy\u0107 na pomoc i zaanga\u017cowanie innych, tym bardziej gdy, takie dzia\u0142ania s\u0105 bezinteresowne. Raz otrzymana pomoc, budzi potrzeb\u0119 rewan\u017cu za otrzymane dobro, co udowadnia historia Paw\u0142a Meja.","og_url":"https:\/\/www.mojabochnia.pl\/?p=6847","og_site_name":"mojabochnia.pl - portal informacyjny","article_publisher":"https:\/\/www.facebook.com\/mojabochnia","article_published_time":"2009-03-24T11:25:03+00:00","article_modified_time":"2009-03-24T11:28:40+00:00","author":"administrator","twitter_card":"summary_large_image","twitter_misc":{"Written by":"administrator","Est. reading time":"2 minuty"},"schema":{"@context":"https:\/\/schema.org","@graph":[{"@type":"Article","@id":"https:\/\/www.mojabochnia.pl\/?p=6847#article","isPartOf":{"@id":"https:\/\/www.mojabochnia.pl\/?p=6847"},"author":{"name":"administrator","@id":"https:\/\/www.mojabochnia.pl\/#\/schema\/person\/c00e1f64e6fa0e6de6d410f2c340017f"},"headline":"Pawe\u0142 Mej \u2013 spo\u0142ecznik z Baczkowa","datePublished":"2009-03-24T11:25:03+00:00","dateModified":"2009-03-24T11:28:40+00:00","mainEntityOfPage":{"@id":"https:\/\/www.mojabochnia.pl\/?p=6847"},"wordCount":383,"commentCount":0,"publisher":{"@id":"https:\/\/www.mojabochnia.pl\/#organization"},"keywords":["akcja","baczk\u00f3w","dyrektor szko\u0142y","dziewin","kupon","mikluszowice","m\u0142odzie\u017c","nagrody","pawe\u0142 mej","podzi\u0119kowanie","pomoc","prosz\u00f3wki","punkty","szko\u0142y"],"articleSection":["2_ostatnie"],"inLanguage":"pl-PL","potentialAction":[{"@type":"CommentAction","name":"Comment","target":["https:\/\/www.mojabochnia.pl\/?p=6847#respond"]}]},{"@type":"WebPage","@id":"https:\/\/www.mojabochnia.pl\/?p=6847","url":"https:\/\/www.mojabochnia.pl\/?p=6847","name":"Pawe\u0142 Mej \u2013 spo\u0142ecznik z Baczkowa - mojabochnia.pl - portal informacyjny","isPartOf":{"@id":"https:\/\/www.mojabochnia.pl\/#website"},"datePublished":"2009-03-24T11:25:03+00:00","dateModified":"2009-03-24T11:28:40+00:00","breadcrumb":{"@id":"https:\/\/www.mojabochnia.pl\/?p=6847#breadcrumb"},"inLanguage":"pl-PL","potentialAction":[{"@type":"ReadAction","target":["https:\/\/www.mojabochnia.pl\/?p=6847"]}]},{"@type":"BreadcrumbList","@id":"https:\/\/www.mojabochnia.pl\/?p=6847#breadcrumb","itemListElement":[{"@type":"ListItem","position":1,"name":"Home","item":"https:\/\/www.mojabochnia.pl\/"},{"@type":"ListItem","position":2,"name":"Pawe\u0142 Mej \u2013 spo\u0142ecznik z Baczkowa"}]},{"@type":"WebSite","@id":"https:\/\/www.mojabochnia.pl\/#website","url":"https:\/\/www.mojabochnia.pl\/","name":"mojabochnia.pl - portal informacyjny","description":"mojaBochnia to portal informacyjny o Bochni. Codziennie o Bochni piszemy i pokazujemy najwa\u017cniejsze wydarzenia","publisher":{"@id":"https:\/\/www.mojabochnia.pl\/#organization"},"potentialAction":[{"@type":"SearchAction","target":{"@type":"EntryPoint","urlTemplate":"https:\/\/www.mojabochnia.pl\/?s={search_term_string}"},"query-input":{"@type":"PropertyValueSpecification","valueRequired":true,"valueName":"search_term_string"}}],"inLanguage":"pl-PL"},{"@type":"Organization","@id":"https:\/\/www.mojabochnia.pl\/#organization","name":"mojabochnia.pl - portal informacyjny","url":"https:\/\/www.mojabochnia.pl\/","logo":{"@type":"ImageObject","inLanguage":"pl-PL","@id":"https:\/\/www.mojabochnia.pl\/#\/schema\/logo\/image\/","url":"https:\/\/www.mojabochnia.pl\/wp-content\/uploads\/2017\/08\/logo-mb-opt.png","contentUrl":"https:\/\/www.mojabochnia.pl\/wp-content\/uploads\/2017\/08\/logo-mb-opt.png","width":250,"height":48,"caption":"mojabochnia.pl - portal informacyjny"},"image":{"@id":"https:\/\/www.mojabochnia.pl\/#\/schema\/logo\/image\/"},"sameAs":["https:\/\/www.facebook.com\/mojabochnia"]},{"@type":"Person","@id":"https:\/\/www.mojabochnia.pl\/#\/schema\/person\/c00e1f64e6fa0e6de6d410f2c340017f","name":"administrator","url":"https:\/\/www.mojabochnia.pl\/?author=1"}]}},"_links":{"self":[{"href":"https:\/\/www.mojabochnia.pl\/index.php?rest_route=\/wp\/v2\/posts\/6847","targetHints":{"allow":["GET"]}}],"collection":[{"href":"https:\/\/www.mojabochnia.pl\/index.php?rest_route=\/wp\/v2\/posts"}],"about":[{"href":"https:\/\/www.mojabochnia.pl\/index.php?rest_route=\/wp\/v2\/types\/post"}],"author":[{"embeddable":true,"href":"https:\/\/www.mojabochnia.pl\/index.php?rest_route=\/wp\/v2\/users\/1"}],"replies":[{"embeddable":true,"href":"https:\/\/www.mojabochnia.pl\/index.php?rest_route=%2Fwp%2Fv2%2Fcomments&post=6847"}],"version-history":[{"count":0,"href":"https:\/\/www.mojabochnia.pl\/index.php?rest_route=\/wp\/v2\/posts\/6847\/revisions"}],"wp:attachment":[{"href":"https:\/\/www.mojabochnia.pl\/index.php?rest_route=%2Fwp%2Fv2%2Fmedia&parent=6847"}],"wp:term":[{"taxonomy":"category","embeddable":true,"href":"https:\/\/www.mojabochnia.pl\/index.php?rest_route=%2Fwp%2Fv2%2Fcategories&post=6847"},{"taxonomy":"post_tag","embeddable":true,"href":"https:\/\/www.mojabochnia.pl\/index.php?rest_route=%2Fwp%2Fv2%2Ftags&post=6847"}],"curies":[{"name":"wp","href":"https:\/\/api.w.org\/{rel}","templated":true}]}}