{"id":68310,"date":"2012-03-09T09:49:40","date_gmt":"2012-03-09T08:49:40","guid":{"rendered":"http:\/\/www.mojabochnia.pl\/?p=68310"},"modified":"2012-07-24T14:16:45","modified_gmt":"2012-07-24T12:16:45","slug":"mikluszowice-bedzie-remont-mostu-wiszacego","status":"publish","type":"post","link":"https:\/\/www.mojabochnia.pl\/?p=68310","title":{"rendered":"Mikluszowice: b\u0119dzie remont mostu wisz\u0105cego"},"content":{"rendered":"<p>Tym razem prace b\u0119d\u0105 wykonywane wraz z gmin\u0105 Drwinia, bo most \u0142\u0105czy oba samorz\u0105dy. <em>Wyst\u0105pili\u015bmy o pieni\u0105dze na ten most wsp\u00f3lnie z gmin\u0105 Drwinia. Wsp\u00f3lny wniosek dw\u00f3ch samorz\u0105d\u00f3w ma zdecydowanie wi\u0119ksze szanse powodzenia. Koszty na tym mo\u015bcie s\u0105 mniejsze, dlatego \u017ce by\u0142 on stosunkowo dobrze utrzymany. Zakres remontowy nie jest a\u017c tak wielki, jak w Damienicach, ale jest to koszt ok. 800 tys. z\u0142<\/em> &#8211; m\u00f3wi w\u00f3jt Jerzy Lysy.<\/p>\n<p>Na remont mostu w Mikluszowicach uda\u0142o si\u0119 zdoby\u0107 600 tys. z\u0142. Remont ma by\u0107 wykonany do ko\u0144ca tego roku.<\/p>\n","protected":false},"excerpt":{"rendered":"<p>Most wisz\u0105cy na Rabie \u0142\u0105cz\u0105cy Mikluszowice i Majkowice zostanie odnowiony. W 2011 roku gmina Bochnia dzi\u0119ki dotacji od wojewody wyremontowa\u0142a dwa mosty: w Krzy\u017canowicach i Damienicach. Ten ostatni wsp\u00f3lnie z Bochni\u0105.<\/p>\n","protected":false},"author":4,"featured_media":0,"comment_status":"open","ping_status":"closed","sticky":true,"template":"","format":"standard","meta":{"_acf_changed":false,"footnotes":""},"categories":[5,6251,6250],"tags":[17214,17225,8043,17215,7242,704,17422,2988,1106,17223,17300,935],"class_list":["post-68310","post","type-post","status-publish","format-standard","hentry","category-biezace-wydarzenia","category-polityka-i-wydarzenia","category-tematyka","tag-drwinia","tag-gmina-bochnia","tag-jan-pajak","tag-jerzy-lysy","tag-kladka","tag-majkowice","tag-mikluszowice","tag-most-wiszacy","tag-mswia","tag-raba","tag-remont","tag-traba-powietrzna","main_tag-most"],"acf":[],"yoast_head":"<!-- This site is optimized with the Yoast SEO plugin v26.9 - https:\/\/yoast.com\/product\/yoast-seo-wordpress\/ -->\n<title>Mikluszowice: b\u0119dzie remont mostu wisz\u0105cego - mojabochnia.pl - portal informacyjny<\/title>\n<meta name=\"robots\" content=\"index, follow, max-snippet:-1, max-image-preview:large, max-video-preview:-1\" \/>\n<link rel=\"canonical\" href=\"https:\/\/www.mojabochnia.pl\/?p=68310\" \/>\n<meta property=\"og:locale\" content=\"pl_PL\" \/>\n<meta property=\"og:type\" content=\"article\" \/>\n<meta property=\"og:title\" content=\"Mikluszowice: b\u0119dzie remont mostu wisz\u0105cego - mojabochnia.pl - portal informacyjny\" \/>\n<meta property=\"og:description\" content=\"Most wisz\u0105cy na Rabie \u0142\u0105cz\u0105cy Mikluszowice i Majkowice zostanie odnowiony. W 2011 roku gmina Bochnia dzi\u0119ki dotacji od wojewody wyremontowa\u0142a dwa mosty: w Krzy\u017canowicach i Damienicach. Ten ostatni wsp\u00f3lnie z Bochni\u0105.\" \/>\n<meta property=\"og:url\" content=\"https:\/\/www.mojabochnia.pl\/?p=68310\" \/>\n<meta property=\"og:site_name\" content=\"mojabochnia.pl - portal informacyjny\" \/>\n<meta property=\"article:publisher\" content=\"https:\/\/www.facebook.com\/mojabochnia\" \/>\n<meta property=\"article:published_time\" content=\"2012-03-09T08:49:40+00:00\" \/>\n<meta property=\"article:modified_time\" content=\"2012-07-24T12:16:45+00:00\" \/>\n<meta name=\"author\" content=\"Pawe\u0142 Michalczyk\" \/>\n<meta name=\"twitter:card\" content=\"summary_large_image\" \/>\n<meta name=\"twitter:label1\" content=\"Written by\" \/>\n\t<meta name=\"twitter:data1\" content=\"Pawe\u0142 Michalczyk\" \/>\n\t<meta name=\"twitter:label2\" content=\"Est. reading time\" \/>\n\t<meta name=\"twitter:data2\" content=\"1 minuta\" \/>\n<script type=\"application\/ld+json\" class=\"yoast-schema-graph\">{\"@context\":\"https:\/\/schema.org\",\"@graph\":[{\"@type\":\"Article\",\"@id\":\"https:\/\/www.mojabochnia.pl\/?p=68310#article\",\"isPartOf\":{\"@id\":\"https:\/\/www.mojabochnia.pl\/?p=68310\"},\"author\":{\"name\":\"Pawe\u0142 Michalczyk\",\"@id\":\"https:\/\/www.mojabochnia.pl\/#\/schema\/person\/ea042e4724a77627963f02166828ead4\"},\"headline\":\"Mikluszowice: b\u0119dzie remont mostu wisz\u0105cego\",\"datePublished\":\"2012-03-09T08:49:40+00:00\",\"dateModified\":\"2012-07-24T12:16:45+00:00\",\"mainEntityOfPage\":{\"@id\":\"https:\/\/www.mojabochnia.pl\/?p=68310\"},\"wordCount\":109,\"commentCount\":0,\"publisher\":{\"@id\":\"https:\/\/www.mojabochnia.pl\/#organization\"},\"keywords\":[\"Drwinia\",\"gmina bochnia\",\"jan paj\u0105k\",\"jerzy lysy\",\"k\u0142adka\",\"majkowice\",\"mikluszowice\",\"most wisz\u0105cy\",\"mswia\",\"raba\",\"remont\",\"tr\u0105ba powietrzna\"],\"articleSection\":[\"2_ostatnie\",\"polityka i wydarzenia\",\"tematyka\"],\"inLanguage\":\"pl-PL\",\"potentialAction\":[{\"@type\":\"CommentAction\",\"name\":\"Comment\",\"target\":[\"https:\/\/www.mojabochnia.pl\/?p=68310#respond\"]}]},{\"@type\":\"WebPage\",\"@id\":\"https:\/\/www.mojabochnia.pl\/?p=68310\",\"url\":\"https:\/\/www.mojabochnia.pl\/?p=68310\",\"name\":\"Mikluszowice: b\u0119dzie remont mostu wisz\u0105cego - mojabochnia.pl - portal informacyjny\",\"isPartOf\":{\"@id\":\"https:\/\/www.mojabochnia.pl\/#website\"},\"datePublished\":\"2012-03-09T08:49:40+00:00\",\"dateModified\":\"2012-07-24T12:16:45+00:00\",\"breadcrumb\":{\"@id\":\"https:\/\/www.mojabochnia.pl\/?p=68310#breadcrumb\"},\"inLanguage\":\"pl-PL\",\"potentialAction\":[{\"@type\":\"ReadAction\",\"target\":[\"https:\/\/www.mojabochnia.pl\/?p=68310\"]}]},{\"@type\":\"BreadcrumbList\",\"@id\":\"https:\/\/www.mojabochnia.pl\/?p=68310#breadcrumb\",\"itemListElement\":[{\"@type\":\"ListItem\",\"position\":1,\"name\":\"Home\",\"item\":\"https:\/\/www.mojabochnia.pl\/\"},{\"@type\":\"ListItem\",\"position\":2,\"name\":\"Mikluszowice: b\u0119dzie remont mostu wisz\u0105cego\"}]},{\"@type\":\"WebSite\",\"@id\":\"https:\/\/www.mojabochnia.pl\/#website\",\"url\":\"https:\/\/www.mojabochnia.pl\/\",\"name\":\"mojabochnia.pl - portal informacyjny\",\"description\":\"mojaBochnia to portal informacyjny o Bochni. Codziennie o Bochni piszemy i pokazujemy najwa\u017cniejsze wydarzenia\",\"publisher\":{\"@id\":\"https:\/\/www.mojabochnia.pl\/#organization\"},\"potentialAction\":[{\"@type\":\"SearchAction\",\"target\":{\"@type\":\"EntryPoint\",\"urlTemplate\":\"https:\/\/www.mojabochnia.pl\/?s={search_term_string}\"},\"query-input\":{\"@type\":\"PropertyValueSpecification\",\"valueRequired\":true,\"valueName\":\"search_term_string\"}}],\"inLanguage\":\"pl-PL\"},{\"@type\":\"Organization\",\"@id\":\"https:\/\/www.mojabochnia.pl\/#organization\",\"name\":\"mojabochnia.pl - portal informacyjny\",\"url\":\"https:\/\/www.mojabochnia.pl\/\",\"logo\":{\"@type\":\"ImageObject\",\"inLanguage\":\"pl-PL\",\"@id\":\"https:\/\/www.mojabochnia.pl\/#\/schema\/logo\/image\/\",\"url\":\"https:\/\/www.mojabochnia.pl\/wp-content\/uploads\/2017\/08\/logo-mb-opt.png\",\"contentUrl\":\"https:\/\/www.mojabochnia.pl\/wp-content\/uploads\/2017\/08\/logo-mb-opt.png\",\"width\":250,\"height\":48,\"caption\":\"mojabochnia.pl - portal informacyjny\"},\"image\":{\"@id\":\"https:\/\/www.mojabochnia.pl\/#\/schema\/logo\/image\/\"},\"sameAs\":[\"https:\/\/www.facebook.com\/mojabochnia\"]},{\"@type\":\"Person\",\"@id\":\"https:\/\/www.mojabochnia.pl\/#\/schema\/person\/ea042e4724a77627963f02166828ead4\",\"name\":\"Pawe\u0142 Michalczyk\",\"url\":\"https:\/\/www.mojabochnia.pl\/?author=4\"}]}<\/script>\n<!-- \/ Yoast SEO plugin. -->","yoast_head_json":{"title":"Mikluszowice: b\u0119dzie remont mostu wisz\u0105cego - mojabochnia.pl - portal informacyjny","robots":{"index":"index","follow":"follow","max-snippet":"max-snippet:-1","max-image-preview":"max-image-preview:large","max-video-preview":"max-video-preview:-1"},"canonical":"https:\/\/www.mojabochnia.pl\/?p=68310","og_locale":"pl_PL","og_type":"article","og_title":"Mikluszowice: b\u0119dzie remont mostu wisz\u0105cego - mojabochnia.pl - portal informacyjny","og_description":"Most wisz\u0105cy na Rabie \u0142\u0105cz\u0105cy Mikluszowice i Majkowice zostanie odnowiony. W 2011 roku gmina Bochnia dzi\u0119ki dotacji od wojewody wyremontowa\u0142a dwa mosty: w Krzy\u017canowicach i Damienicach. Ten ostatni wsp\u00f3lnie z Bochni\u0105.","og_url":"https:\/\/www.mojabochnia.pl\/?p=68310","og_site_name":"mojabochnia.pl - portal informacyjny","article_publisher":"https:\/\/www.facebook.com\/mojabochnia","article_published_time":"2012-03-09T08:49:40+00:00","article_modified_time":"2012-07-24T12:16:45+00:00","author":"Pawe\u0142 Michalczyk","twitter_card":"summary_large_image","twitter_misc":{"Written by":"Pawe\u0142 Michalczyk","Est. reading time":"1 minuta"},"schema":{"@context":"https:\/\/schema.org","@graph":[{"@type":"Article","@id":"https:\/\/www.mojabochnia.pl\/?p=68310#article","isPartOf":{"@id":"https:\/\/www.mojabochnia.pl\/?p=68310"},"author":{"name":"Pawe\u0142 Michalczyk","@id":"https:\/\/www.mojabochnia.pl\/#\/schema\/person\/ea042e4724a77627963f02166828ead4"},"headline":"Mikluszowice: b\u0119dzie remont mostu wisz\u0105cego","datePublished":"2012-03-09T08:49:40+00:00","dateModified":"2012-07-24T12:16:45+00:00","mainEntityOfPage":{"@id":"https:\/\/www.mojabochnia.pl\/?p=68310"},"wordCount":109,"commentCount":0,"publisher":{"@id":"https:\/\/www.mojabochnia.pl\/#organization"},"keywords":["Drwinia","gmina bochnia","jan paj\u0105k","jerzy lysy","k\u0142adka","majkowice","mikluszowice","most wisz\u0105cy","mswia","raba","remont","tr\u0105ba powietrzna"],"articleSection":["2_ostatnie","polityka i wydarzenia","tematyka"],"inLanguage":"pl-PL","potentialAction":[{"@type":"CommentAction","name":"Comment","target":["https:\/\/www.mojabochnia.pl\/?p=68310#respond"]}]},{"@type":"WebPage","@id":"https:\/\/www.mojabochnia.pl\/?p=68310","url":"https:\/\/www.mojabochnia.pl\/?p=68310","name":"Mikluszowice: b\u0119dzie remont mostu wisz\u0105cego - mojabochnia.pl - portal informacyjny","isPartOf":{"@id":"https:\/\/www.mojabochnia.pl\/#website"},"datePublished":"2012-03-09T08:49:40+00:00","dateModified":"2012-07-24T12:16:45+00:00","breadcrumb":{"@id":"https:\/\/www.mojabochnia.pl\/?p=68310#breadcrumb"},"inLanguage":"pl-PL","potentialAction":[{"@type":"ReadAction","target":["https:\/\/www.mojabochnia.pl\/?p=68310"]}]},{"@type":"BreadcrumbList","@id":"https:\/\/www.mojabochnia.pl\/?p=68310#breadcrumb","itemListElement":[{"@type":"ListItem","position":1,"name":"Home","item":"https:\/\/www.mojabochnia.pl\/"},{"@type":"ListItem","position":2,"name":"Mikluszowice: b\u0119dzie remont mostu wisz\u0105cego"}]},{"@type":"WebSite","@id":"https:\/\/www.mojabochnia.pl\/#website","url":"https:\/\/www.mojabochnia.pl\/","name":"mojabochnia.pl - portal informacyjny","description":"mojaBochnia to portal informacyjny o Bochni. Codziennie o Bochni piszemy i pokazujemy najwa\u017cniejsze wydarzenia","publisher":{"@id":"https:\/\/www.mojabochnia.pl\/#organization"},"potentialAction":[{"@type":"SearchAction","target":{"@type":"EntryPoint","urlTemplate":"https:\/\/www.mojabochnia.pl\/?s={search_term_string}"},"query-input":{"@type":"PropertyValueSpecification","valueRequired":true,"valueName":"search_term_string"}}],"inLanguage":"pl-PL"},{"@type":"Organization","@id":"https:\/\/www.mojabochnia.pl\/#organization","name":"mojabochnia.pl - portal informacyjny","url":"https:\/\/www.mojabochnia.pl\/","logo":{"@type":"ImageObject","inLanguage":"pl-PL","@id":"https:\/\/www.mojabochnia.pl\/#\/schema\/logo\/image\/","url":"https:\/\/www.mojabochnia.pl\/wp-content\/uploads\/2017\/08\/logo-mb-opt.png","contentUrl":"https:\/\/www.mojabochnia.pl\/wp-content\/uploads\/2017\/08\/logo-mb-opt.png","width":250,"height":48,"caption":"mojabochnia.pl - portal informacyjny"},"image":{"@id":"https:\/\/www.mojabochnia.pl\/#\/schema\/logo\/image\/"},"sameAs":["https:\/\/www.facebook.com\/mojabochnia"]},{"@type":"Person","@id":"https:\/\/www.mojabochnia.pl\/#\/schema\/person\/ea042e4724a77627963f02166828ead4","name":"Pawe\u0142 Michalczyk","url":"https:\/\/www.mojabochnia.pl\/?author=4"}]}},"_links":{"self":[{"href":"https:\/\/www.mojabochnia.pl\/index.php?rest_route=\/wp\/v2\/posts\/68310","targetHints":{"allow":["GET"]}}],"collection":[{"href":"https:\/\/www.mojabochnia.pl\/index.php?rest_route=\/wp\/v2\/posts"}],"about":[{"href":"https:\/\/www.mojabochnia.pl\/index.php?rest_route=\/wp\/v2\/types\/post"}],"author":[{"embeddable":true,"href":"https:\/\/www.mojabochnia.pl\/index.php?rest_route=\/wp\/v2\/users\/4"}],"replies":[{"embeddable":true,"href":"https:\/\/www.mojabochnia.pl\/index.php?rest_route=%2Fwp%2Fv2%2Fcomments&post=68310"}],"version-history":[{"count":5,"href":"https:\/\/www.mojabochnia.pl\/index.php?rest_route=\/wp\/v2\/posts\/68310\/revisions"}],"predecessor-version":[{"id":75461,"href":"https:\/\/www.mojabochnia.pl\/index.php?rest_route=\/wp\/v2\/posts\/68310\/revisions\/75461"}],"wp:attachment":[{"href":"https:\/\/www.mojabochnia.pl\/index.php?rest_route=%2Fwp%2Fv2%2Fmedia&parent=68310"}],"wp:term":[{"taxonomy":"category","embeddable":true,"href":"https:\/\/www.mojabochnia.pl\/index.php?rest_route=%2Fwp%2Fv2%2Fcategories&post=68310"},{"taxonomy":"post_tag","embeddable":true,"href":"https:\/\/www.mojabochnia.pl\/index.php?rest_route=%2Fwp%2Fv2%2Ftags&post=68310"}],"curies":[{"name":"wp","href":"https:\/\/api.w.org\/{rel}","templated":true}]}}