{"id":68284,"date":"2012-03-09T08:14:19","date_gmt":"2012-03-09T07:14:19","guid":{"rendered":"http:\/\/www.mojabochnia.pl\/?p=68284"},"modified":"2012-03-09T09:05:31","modified_gmt":"2012-03-09T08:05:31","slug":"proszowki-w-sobote-lodowe-show-na-lodowisku","status":"publish","type":"post","link":"https:\/\/www.mojabochnia.pl\/?p=68284","title":{"rendered":"Prosz\u00f3wki: w sobot\u0119 Lodowe Show na lodowisku"},"content":{"rendered":"<p><strong><br \/>\nProgram:<\/strong><\/p>\n<p>godz. 10:00 \u2013 Pokaz m\u0142odzik\u00f3w w \u0142y\u017cwiarstwie figurowym na lodzie<br \/>\nPokaz wykonany zostanie przez dzieci i m\u0142odzie\u017c trenuj\u0105ce w Klubie Jazdy Figurowej na Lodzie \u201eLajkonik\u201d. Elementy jazdy sportowej i ta\u0144c\u00f3w na lodzie zespo\u0142owych i indywidualnych.<br \/>\ngodz. 10:45 \u2013 Ma\u0142a Rewia na Lodzie<br \/>\n&#8211; pokaz jazdy figurowej w wykonaniu uczni\u00f3w III klasy SP Prosz\u00f3wki<br \/>\ngodz. 11:00 \u2013 Elementy hokeja na Lodzie<br \/>\n&#8211; pokaz w wykonaniu uczni\u00f3w Gimnazjum w Prosz\u00f3wkach<br \/>\ngodz. 11:15 \u2013 Zawody \u0141y\u017cwiarskie<br \/>\n&#8211; konkurencje sprawno\u015bciowe dla uczni\u00f3w szk\u00f3\u0142 podstawowych oraz gimnazjum.<\/p>\n<p>Organizatorzy przewidzieli nagrody dla wszystkich uczestnik\u00f3w zmaga\u0144 sportowych oraz pami\u0105tki dla uczestnik\u00f3w pokaz\u00f3w. Dla publiczno\u015bci tego dnia lodowisko czynne b\u0119dzie w godz. 15:00 \u2013 20:00.<\/p>\n<p><em>Pomimo tego, i\u017c jest to ju\u017c trzeci sezon dzia\u0142alno\u015bci Krytego Lodowiska w Prosz\u00f3wkach jego popularno\u015b\u0107 nie maleje. W dalszym ci\u0105gu pojawiaj\u0105 si\u0119 sympatycy jazdy na \u0142y\u017cwach \u2013 co mo\u017ce by\u0107 nieco zaskakuj\u0105ce nawet z miast w kt\u00f3rych lodowiska funkcjonuj\u0105  (Brzesko, Wieliczka). Wygl\u0105da na to, \u017ce w naszym rejonie zwolennicy aktywnego wypoczynku w zale\u017cno\u015bci od pory roku zmieniaj\u0105 tylko \u0142y\u017cwy na \u0142y\u017cworolki b\u0105d\u017a tez odwrotnie<\/em> &#8211; m\u00f3wi Jaros\u0142aw Skrzypek, dyrektor Krytej P\u0142ywalni w Prosz\u00f3wkach.<\/p>\n<p>miejsce: Sztuczne Lodowisko w Prosz\u00f3wkach<br \/>\ntermin: sobota  &#8211; 10 marca 2012, godz. 10:00 \u2013 14:00<br \/>\norganizator: Kryta P\u0142ywalnia w Prosz\u00f3wkach, GCKCiS w Bochni, Klub \u0141y\u017cwiarstwa Figurowego Lajkonik &#8211; Krak\u00f3w<br \/>\npatronat: w\u00f3jt gminy Bochnia.<\/p>\n","protected":false},"excerpt":{"rendered":"<p>Pokaz m\u0142odzik\u00f3w w \u0142y\u017cwiarstwie figurowym na lodzie, ma\u0142a rewia, elementy hokeja, zawody \u0142y\u017cwiarskie &#8211; to wszystko w sobot\u0119 na sztucznym lodowisku w Prosz\u00f3wkach. <\/p>\n","protected":false},"author":4,"featured_media":0,"comment_status":"open","ping_status":"closed","sticky":false,"template":"","format":"standard","meta":{"_acf_changed":false,"footnotes":""},"categories":[5,6251,6250],"tags":[1963,8031,10741,17330,2556,4199,17388,17387],"class_list":["post-68284","post","type-post","status-publish","format-standard","hentry","category-biezace-wydarzenia","category-polityka-i-wydarzenia","category-tematyka","tag-jaroslaw-skrzypek","tag-lod","tag-lodowe-show","tag-lodowisko","tag-lyzwy","tag-proszoki","tag-snieg","tag-zima","main_tag-lodowisko"],"acf":[],"yoast_head":"<!-- This site is optimized with the Yoast SEO plugin v26.9 - https:\/\/yoast.com\/product\/yoast-seo-wordpress\/ -->\n<title>Prosz\u00f3wki: w sobot\u0119 Lodowe Show na lodowisku - mojabochnia.pl - portal informacyjny<\/title>\n<meta name=\"robots\" content=\"index, follow, max-snippet:-1, max-image-preview:large, max-video-preview:-1\" \/>\n<link rel=\"canonical\" href=\"https:\/\/www.mojabochnia.pl\/?p=68284\" \/>\n<meta property=\"og:locale\" content=\"pl_PL\" \/>\n<meta property=\"og:type\" content=\"article\" \/>\n<meta property=\"og:title\" content=\"Prosz\u00f3wki: w sobot\u0119 Lodowe Show na lodowisku - mojabochnia.pl - portal informacyjny\" \/>\n<meta property=\"og:description\" content=\"Pokaz m\u0142odzik\u00f3w w \u0142y\u017cwiarstwie figurowym na lodzie, ma\u0142a rewia, elementy hokeja, zawody \u0142y\u017cwiarskie - to wszystko w sobot\u0119 na sztucznym lodowisku w Prosz\u00f3wkach.\" \/>\n<meta property=\"og:url\" content=\"https:\/\/www.mojabochnia.pl\/?p=68284\" \/>\n<meta property=\"og:site_name\" content=\"mojabochnia.pl - portal informacyjny\" \/>\n<meta property=\"article:publisher\" content=\"https:\/\/www.facebook.com\/mojabochnia\" \/>\n<meta property=\"article:published_time\" content=\"2012-03-09T07:14:19+00:00\" \/>\n<meta property=\"article:modified_time\" content=\"2012-03-09T08:05:31+00:00\" \/>\n<meta name=\"author\" content=\"Pawe\u0142 Michalczyk\" \/>\n<meta name=\"twitter:card\" content=\"summary_large_image\" \/>\n<meta name=\"twitter:label1\" content=\"Written by\" \/>\n\t<meta name=\"twitter:data1\" content=\"Pawe\u0142 Michalczyk\" \/>\n\t<meta name=\"twitter:label2\" content=\"Est. reading time\" \/>\n\t<meta name=\"twitter:data2\" content=\"1 minuta\" \/>\n<script type=\"application\/ld+json\" class=\"yoast-schema-graph\">{\"@context\":\"https:\/\/schema.org\",\"@graph\":[{\"@type\":\"Article\",\"@id\":\"https:\/\/www.mojabochnia.pl\/?p=68284#article\",\"isPartOf\":{\"@id\":\"https:\/\/www.mojabochnia.pl\/?p=68284\"},\"author\":{\"name\":\"Pawe\u0142 Michalczyk\",\"@id\":\"https:\/\/www.mojabochnia.pl\/#\/schema\/person\/ea042e4724a77627963f02166828ead4\"},\"headline\":\"Prosz\u00f3wki: w sobot\u0119 Lodowe Show na lodowisku\",\"datePublished\":\"2012-03-09T07:14:19+00:00\",\"dateModified\":\"2012-03-09T08:05:31+00:00\",\"mainEntityOfPage\":{\"@id\":\"https:\/\/www.mojabochnia.pl\/?p=68284\"},\"wordCount\":251,\"commentCount\":0,\"publisher\":{\"@id\":\"https:\/\/www.mojabochnia.pl\/#organization\"},\"keywords\":[\"jaros\u0142aw skrzypek\",\"l\u00f3d\",\"lodowe show\",\"lodowisko\",\"\u0142y\u017cwy\",\"prosz\u00f3ki\",\"\u015bnieg\",\"zima\"],\"articleSection\":[\"2_ostatnie\",\"polityka i wydarzenia\",\"tematyka\"],\"inLanguage\":\"pl-PL\",\"potentialAction\":[{\"@type\":\"CommentAction\",\"name\":\"Comment\",\"target\":[\"https:\/\/www.mojabochnia.pl\/?p=68284#respond\"]}]},{\"@type\":\"WebPage\",\"@id\":\"https:\/\/www.mojabochnia.pl\/?p=68284\",\"url\":\"https:\/\/www.mojabochnia.pl\/?p=68284\",\"name\":\"Prosz\u00f3wki: w sobot\u0119 Lodowe Show na lodowisku - mojabochnia.pl - portal informacyjny\",\"isPartOf\":{\"@id\":\"https:\/\/www.mojabochnia.pl\/#website\"},\"datePublished\":\"2012-03-09T07:14:19+00:00\",\"dateModified\":\"2012-03-09T08:05:31+00:00\",\"breadcrumb\":{\"@id\":\"https:\/\/www.mojabochnia.pl\/?p=68284#breadcrumb\"},\"inLanguage\":\"pl-PL\",\"potentialAction\":[{\"@type\":\"ReadAction\",\"target\":[\"https:\/\/www.mojabochnia.pl\/?p=68284\"]}]},{\"@type\":\"BreadcrumbList\",\"@id\":\"https:\/\/www.mojabochnia.pl\/?p=68284#breadcrumb\",\"itemListElement\":[{\"@type\":\"ListItem\",\"position\":1,\"name\":\"Home\",\"item\":\"https:\/\/www.mojabochnia.pl\/\"},{\"@type\":\"ListItem\",\"position\":2,\"name\":\"Prosz\u00f3wki: w sobot\u0119 Lodowe Show na lodowisku\"}]},{\"@type\":\"WebSite\",\"@id\":\"https:\/\/www.mojabochnia.pl\/#website\",\"url\":\"https:\/\/www.mojabochnia.pl\/\",\"name\":\"mojabochnia.pl - portal informacyjny\",\"description\":\"mojaBochnia to portal informacyjny o Bochni. Codziennie o Bochni piszemy i pokazujemy najwa\u017cniejsze wydarzenia\",\"publisher\":{\"@id\":\"https:\/\/www.mojabochnia.pl\/#organization\"},\"potentialAction\":[{\"@type\":\"SearchAction\",\"target\":{\"@type\":\"EntryPoint\",\"urlTemplate\":\"https:\/\/www.mojabochnia.pl\/?s={search_term_string}\"},\"query-input\":{\"@type\":\"PropertyValueSpecification\",\"valueRequired\":true,\"valueName\":\"search_term_string\"}}],\"inLanguage\":\"pl-PL\"},{\"@type\":\"Organization\",\"@id\":\"https:\/\/www.mojabochnia.pl\/#organization\",\"name\":\"mojabochnia.pl - portal informacyjny\",\"url\":\"https:\/\/www.mojabochnia.pl\/\",\"logo\":{\"@type\":\"ImageObject\",\"inLanguage\":\"pl-PL\",\"@id\":\"https:\/\/www.mojabochnia.pl\/#\/schema\/logo\/image\/\",\"url\":\"https:\/\/www.mojabochnia.pl\/wp-content\/uploads\/2017\/08\/logo-mb-opt.png\",\"contentUrl\":\"https:\/\/www.mojabochnia.pl\/wp-content\/uploads\/2017\/08\/logo-mb-opt.png\",\"width\":250,\"height\":48,\"caption\":\"mojabochnia.pl - portal informacyjny\"},\"image\":{\"@id\":\"https:\/\/www.mojabochnia.pl\/#\/schema\/logo\/image\/\"},\"sameAs\":[\"https:\/\/www.facebook.com\/mojabochnia\"]},{\"@type\":\"Person\",\"@id\":\"https:\/\/www.mojabochnia.pl\/#\/schema\/person\/ea042e4724a77627963f02166828ead4\",\"name\":\"Pawe\u0142 Michalczyk\",\"url\":\"https:\/\/www.mojabochnia.pl\/?author=4\"}]}<\/script>\n<!-- \/ Yoast SEO plugin. -->","yoast_head_json":{"title":"Prosz\u00f3wki: w sobot\u0119 Lodowe Show na lodowisku - mojabochnia.pl - portal informacyjny","robots":{"index":"index","follow":"follow","max-snippet":"max-snippet:-1","max-image-preview":"max-image-preview:large","max-video-preview":"max-video-preview:-1"},"canonical":"https:\/\/www.mojabochnia.pl\/?p=68284","og_locale":"pl_PL","og_type":"article","og_title":"Prosz\u00f3wki: w sobot\u0119 Lodowe Show na lodowisku - mojabochnia.pl - portal informacyjny","og_description":"Pokaz m\u0142odzik\u00f3w w \u0142y\u017cwiarstwie figurowym na lodzie, ma\u0142a rewia, elementy hokeja, zawody \u0142y\u017cwiarskie - to wszystko w sobot\u0119 na sztucznym lodowisku w Prosz\u00f3wkach.","og_url":"https:\/\/www.mojabochnia.pl\/?p=68284","og_site_name":"mojabochnia.pl - portal informacyjny","article_publisher":"https:\/\/www.facebook.com\/mojabochnia","article_published_time":"2012-03-09T07:14:19+00:00","article_modified_time":"2012-03-09T08:05:31+00:00","author":"Pawe\u0142 Michalczyk","twitter_card":"summary_large_image","twitter_misc":{"Written by":"Pawe\u0142 Michalczyk","Est. reading time":"1 minuta"},"schema":{"@context":"https:\/\/schema.org","@graph":[{"@type":"Article","@id":"https:\/\/www.mojabochnia.pl\/?p=68284#article","isPartOf":{"@id":"https:\/\/www.mojabochnia.pl\/?p=68284"},"author":{"name":"Pawe\u0142 Michalczyk","@id":"https:\/\/www.mojabochnia.pl\/#\/schema\/person\/ea042e4724a77627963f02166828ead4"},"headline":"Prosz\u00f3wki: w sobot\u0119 Lodowe Show na lodowisku","datePublished":"2012-03-09T07:14:19+00:00","dateModified":"2012-03-09T08:05:31+00:00","mainEntityOfPage":{"@id":"https:\/\/www.mojabochnia.pl\/?p=68284"},"wordCount":251,"commentCount":0,"publisher":{"@id":"https:\/\/www.mojabochnia.pl\/#organization"},"keywords":["jaros\u0142aw skrzypek","l\u00f3d","lodowe show","lodowisko","\u0142y\u017cwy","prosz\u00f3ki","\u015bnieg","zima"],"articleSection":["2_ostatnie","polityka i wydarzenia","tematyka"],"inLanguage":"pl-PL","potentialAction":[{"@type":"CommentAction","name":"Comment","target":["https:\/\/www.mojabochnia.pl\/?p=68284#respond"]}]},{"@type":"WebPage","@id":"https:\/\/www.mojabochnia.pl\/?p=68284","url":"https:\/\/www.mojabochnia.pl\/?p=68284","name":"Prosz\u00f3wki: w sobot\u0119 Lodowe Show na lodowisku - mojabochnia.pl - portal informacyjny","isPartOf":{"@id":"https:\/\/www.mojabochnia.pl\/#website"},"datePublished":"2012-03-09T07:14:19+00:00","dateModified":"2012-03-09T08:05:31+00:00","breadcrumb":{"@id":"https:\/\/www.mojabochnia.pl\/?p=68284#breadcrumb"},"inLanguage":"pl-PL","potentialAction":[{"@type":"ReadAction","target":["https:\/\/www.mojabochnia.pl\/?p=68284"]}]},{"@type":"BreadcrumbList","@id":"https:\/\/www.mojabochnia.pl\/?p=68284#breadcrumb","itemListElement":[{"@type":"ListItem","position":1,"name":"Home","item":"https:\/\/www.mojabochnia.pl\/"},{"@type":"ListItem","position":2,"name":"Prosz\u00f3wki: w sobot\u0119 Lodowe Show na lodowisku"}]},{"@type":"WebSite","@id":"https:\/\/www.mojabochnia.pl\/#website","url":"https:\/\/www.mojabochnia.pl\/","name":"mojabochnia.pl - portal informacyjny","description":"mojaBochnia to portal informacyjny o Bochni. Codziennie o Bochni piszemy i pokazujemy najwa\u017cniejsze wydarzenia","publisher":{"@id":"https:\/\/www.mojabochnia.pl\/#organization"},"potentialAction":[{"@type":"SearchAction","target":{"@type":"EntryPoint","urlTemplate":"https:\/\/www.mojabochnia.pl\/?s={search_term_string}"},"query-input":{"@type":"PropertyValueSpecification","valueRequired":true,"valueName":"search_term_string"}}],"inLanguage":"pl-PL"},{"@type":"Organization","@id":"https:\/\/www.mojabochnia.pl\/#organization","name":"mojabochnia.pl - portal informacyjny","url":"https:\/\/www.mojabochnia.pl\/","logo":{"@type":"ImageObject","inLanguage":"pl-PL","@id":"https:\/\/www.mojabochnia.pl\/#\/schema\/logo\/image\/","url":"https:\/\/www.mojabochnia.pl\/wp-content\/uploads\/2017\/08\/logo-mb-opt.png","contentUrl":"https:\/\/www.mojabochnia.pl\/wp-content\/uploads\/2017\/08\/logo-mb-opt.png","width":250,"height":48,"caption":"mojabochnia.pl - portal informacyjny"},"image":{"@id":"https:\/\/www.mojabochnia.pl\/#\/schema\/logo\/image\/"},"sameAs":["https:\/\/www.facebook.com\/mojabochnia"]},{"@type":"Person","@id":"https:\/\/www.mojabochnia.pl\/#\/schema\/person\/ea042e4724a77627963f02166828ead4","name":"Pawe\u0142 Michalczyk","url":"https:\/\/www.mojabochnia.pl\/?author=4"}]}},"_links":{"self":[{"href":"https:\/\/www.mojabochnia.pl\/index.php?rest_route=\/wp\/v2\/posts\/68284","targetHints":{"allow":["GET"]}}],"collection":[{"href":"https:\/\/www.mojabochnia.pl\/index.php?rest_route=\/wp\/v2\/posts"}],"about":[{"href":"https:\/\/www.mojabochnia.pl\/index.php?rest_route=\/wp\/v2\/types\/post"}],"author":[{"embeddable":true,"href":"https:\/\/www.mojabochnia.pl\/index.php?rest_route=\/wp\/v2\/users\/4"}],"replies":[{"embeddable":true,"href":"https:\/\/www.mojabochnia.pl\/index.php?rest_route=%2Fwp%2Fv2%2Fcomments&post=68284"}],"version-history":[{"count":5,"href":"https:\/\/www.mojabochnia.pl\/index.php?rest_route=\/wp\/v2\/posts\/68284\/revisions"}],"predecessor-version":[{"id":68309,"href":"https:\/\/www.mojabochnia.pl\/index.php?rest_route=\/wp\/v2\/posts\/68284\/revisions\/68309"}],"wp:attachment":[{"href":"https:\/\/www.mojabochnia.pl\/index.php?rest_route=%2Fwp%2Fv2%2Fmedia&parent=68284"}],"wp:term":[{"taxonomy":"category","embeddable":true,"href":"https:\/\/www.mojabochnia.pl\/index.php?rest_route=%2Fwp%2Fv2%2Fcategories&post=68284"},{"taxonomy":"post_tag","embeddable":true,"href":"https:\/\/www.mojabochnia.pl\/index.php?rest_route=%2Fwp%2Fv2%2Ftags&post=68284"}],"curies":[{"name":"wp","href":"https:\/\/api.w.org\/{rel}","templated":true}]}}