{"id":68272,"date":"2012-03-08T11:59:32","date_gmt":"2012-03-08T10:59:32","guid":{"rendered":"http:\/\/www.mojabochnia.pl\/?p=68272"},"modified":"2012-03-08T20:16:16","modified_gmt":"2012-03-08T19:16:16","slug":"trzciana-pracownicy-%e2%80%9eexodusa%e2%80%9d-niepewni-swej-przyszlosci","status":"publish","type":"post","link":"https:\/\/www.mojabochnia.pl\/?p=68272","title":{"rendered":"Trzciana: pracownicy \u201eExodusa\u201d obawiaj\u0105 si\u0119 o sw\u00f3j los"},"content":{"rendered":"<p>Zak\u0142ad Uboju i Przetw\u00f3rstwa Drobiu jest jednym z najwi\u0119kszych pracodawc\u00f3w w gminie Trzciana. Z ko\u0144cem lutego zmieni\u0142 w\u0142a\u015bciciela. <em>Z dnia na dzie\u0144 pracownicy zostali pozbawieni mo\u017cliwo\u015bci \u015bwiadczenia pracy, pomimo gotowo\u015bci, kt\u00f3r\u0105 zg\u0142aszali. Zostali\u015bmy poinformowani, \u017ce w sp\u00f3\u0142ce powo\u0142any zosta\u0142 nowy zarz\u0105d, jednak\u017ce nikt z jego cz\u0142onk\u00f3w z nami si\u0119 nie skontaktowa\u0142<\/em> \u2013 m\u00f3wi Pawe\u0142 Baster, jeden z pracownik\u00f3w. <\/p>\n<p>23 lutego w zak\u0142adzie pojawi\u0142 si\u0119 pe\u0142nomocnik nowego prezesa zarz\u0105du, jednak \u2013 wed\u0142ug pracownik\u00f3w &#8211; nie przed\u0142o\u017cy\u0142 stosownego pe\u0142nomocnictwa. <em>Nie by\u0142 r\u00f3wnie\u017c w stanie udzieli\u0107 nam informacji na temat naszej dalszej przysz\u0142o\u015bci. Jeste\u015bmy g\u0142\u0119boko zaniepokojeni ca\u0142a sytuacj\u0105 panuj\u0105c\u0105 w naszym zak\u0142adzie pracy  i wyra\u017camy obaw\u0119 co do naszej dalszej przysz\u0142o\u015bci. Formalnie jeste\u015bmy nadal pracownikami, gdy\u017c stosunki pracy nie zosta\u0142y z nami rozwi\u0105zane, nie zosta\u0142y nam wr\u0119czone wypowiedzenia, nie otrzymali\u015bmy tym samym \u015bwiadectw pracy<\/em>.<\/p>\n<p>Pracownicy s\u0105 te\u017c zaniepokojeni tym, kto jest teraz ich szefem. <em>Okaza\u0142o si\u0119, \u017ce to jest osoba, kt\u00f3ra trudni si\u0119 skupowaniem upad\u0142ych sp\u00f3\u0142ek lub sp\u00f3\u0142ek w z\u0142ym stanie finansowym. Ma ich na siebie bodaj\u017ce oko\u0142o trzystu. Bardzo nas to zaniepokoi\u0142o. Nadal jeste\u015bmy pracownikami firmy \u201eExodus\u201d, wykazujemy gotowo\u015b\u0107 do pracy, natomiast nawet nie mo\u017cemy si\u0119 skontaktowa\u0107 z naszym nowym w\u0142a\u015bcicielem, z naszym nowym prezesem<\/em> \u2013 m\u00f3wi Pawe\u0142 Baster.<\/p>\n<p>Ewentualne zwolnienie dla wielu rodzin b\u0119dzie oznacza\u0142o drastyczne pogorszenie warunk\u00f3w \u017cycia. Co wi\u0119cej, pracownicy nie maj\u0105 nawet aktualnego dowodu ubezpieczenia. <em>My, pracownicy znajdujemy si\u0119 w trudnej sytuacji \u017cyciowej, wi\u0119kszo\u015b\u0107 z nas jest jedynymi \u017cywicielami rodziny. Zak\u0142ad pracy nie funkcjonuje, brama wjazdowa jest zamkni\u0119ta, nie mamy \u017cadnego kontaktu z nowymi, ani z dotychczasowymi cz\u0142onkami zarz\u0105du. Nie mo\u017cemy si\u0119 tak\u017ce zarejestrowa\u0107 jako osoby bezrobotne w Powiatowym Urz\u0119dzie Pracy, gdy\u017c formalnie w dalszym ci\u0105gu jeste\u015bmy pracownikami sp\u00f3\u0142ki &#8222;Exodus&#8221;<\/em>.<\/p>\n<p>Prezes Zarz\u0105du sp\u00f3\u0142ki, kt\u00f3ra przej\u0119\u0142a zak\u0142ad w Trzcianie, nie mia\u0142 dzisiaj czasu na rozmow\u0119 z nami.<\/p>\n","protected":false},"excerpt":{"rendered":"<p>39 pracownik\u00f3w Zak\u0142adu Uboju i Przetw\u00f3rstwa Drobiu \u201eExodus\u201d w Trzcianie obawia si\u0119 utraty zatrudnienia. Za\u0142oga dowiedzia\u0142a si\u0119, \u017ce firma zosta\u0142a sprzedana podmiotowi trudni\u0105cemu si\u0119 skupem zad\u0142u\u017conych sp\u00f3\u0142ek. <\/p>\n","protected":false},"author":4,"featured_media":0,"comment_status":"open","ping_status":"closed","sticky":true,"template":"","format":"standard","meta":{"_acf_changed":false,"footnotes":""},"categories":[5,6251,6250],"tags":[415,18101,10739,17259,4077,17169,2139,2779],"class_list":["post-68272","post","type-post","status-publish","format-standard","hentry","category-biezace-wydarzenia","category-polityka-i-wydarzenia","category-tematyka","tag-bezrobocie","tag-exodus","tag-pawel-baster","tag-praca","tag-spolka","tag-trzciana","tag-zadluzenie","tag-zaklad","main_tag-trzciana"],"acf":[],"yoast_head":"<!-- This site is optimized with the Yoast SEO plugin v26.9 - https:\/\/yoast.com\/product\/yoast-seo-wordpress\/ -->\n<title>Trzciana: pracownicy \u201eExodusa\u201d obawiaj\u0105 si\u0119 o sw\u00f3j los - mojabochnia.pl - portal informacyjny<\/title>\n<meta name=\"robots\" content=\"index, follow, max-snippet:-1, max-image-preview:large, max-video-preview:-1\" \/>\n<link rel=\"canonical\" href=\"https:\/\/www.mojabochnia.pl\/?p=68272\" \/>\n<meta property=\"og:locale\" content=\"pl_PL\" \/>\n<meta property=\"og:type\" content=\"article\" \/>\n<meta property=\"og:title\" content=\"Trzciana: pracownicy \u201eExodusa\u201d obawiaj\u0105 si\u0119 o sw\u00f3j los - mojabochnia.pl - portal informacyjny\" \/>\n<meta property=\"og:description\" content=\"39 pracownik\u00f3w Zak\u0142adu Uboju i Przetw\u00f3rstwa Drobiu \u201eExodus\u201d w Trzcianie obawia si\u0119 utraty zatrudnienia. Za\u0142oga dowiedzia\u0142a si\u0119, \u017ce firma zosta\u0142a sprzedana podmiotowi trudni\u0105cemu si\u0119 skupem zad\u0142u\u017conych sp\u00f3\u0142ek.\" \/>\n<meta property=\"og:url\" content=\"https:\/\/www.mojabochnia.pl\/?p=68272\" \/>\n<meta property=\"og:site_name\" content=\"mojabochnia.pl - portal informacyjny\" \/>\n<meta property=\"article:publisher\" content=\"https:\/\/www.facebook.com\/mojabochnia\" \/>\n<meta property=\"article:published_time\" content=\"2012-03-08T10:59:32+00:00\" \/>\n<meta property=\"article:modified_time\" content=\"2012-03-08T19:16:16+00:00\" \/>\n<meta name=\"author\" content=\"Pawe\u0142 Michalczyk\" \/>\n<meta name=\"twitter:card\" content=\"summary_large_image\" \/>\n<meta name=\"twitter:label1\" content=\"Written by\" \/>\n\t<meta name=\"twitter:data1\" content=\"Pawe\u0142 Michalczyk\" \/>\n\t<meta name=\"twitter:label2\" content=\"Est. reading time\" \/>\n\t<meta name=\"twitter:data2\" content=\"2 minuty\" \/>\n<script type=\"application\/ld+json\" class=\"yoast-schema-graph\">{\"@context\":\"https:\/\/schema.org\",\"@graph\":[{\"@type\":\"Article\",\"@id\":\"https:\/\/www.mojabochnia.pl\/?p=68272#article\",\"isPartOf\":{\"@id\":\"https:\/\/www.mojabochnia.pl\/?p=68272\"},\"author\":{\"name\":\"Pawe\u0142 Michalczyk\",\"@id\":\"https:\/\/www.mojabochnia.pl\/#\/schema\/person\/ea042e4724a77627963f02166828ead4\"},\"headline\":\"Trzciana: pracownicy \u201eExodusa\u201d obawiaj\u0105 si\u0119 o sw\u00f3j los\",\"datePublished\":\"2012-03-08T10:59:32+00:00\",\"dateModified\":\"2012-03-08T19:16:16+00:00\",\"mainEntityOfPage\":{\"@id\":\"https:\/\/www.mojabochnia.pl\/?p=68272\"},\"wordCount\":373,\"commentCount\":0,\"publisher\":{\"@id\":\"https:\/\/www.mojabochnia.pl\/#organization\"},\"keywords\":[\"bezrobocie\",\"exodus\",\"Pawe\u0142 Baster\",\"praca\",\"sp\u00f3\u0142ka\",\"Trzciana\",\"zad\u0142u\u017cenie\",\"zak\u0142ad\"],\"articleSection\":[\"2_ostatnie\",\"polityka i wydarzenia\",\"tematyka\"],\"inLanguage\":\"pl-PL\",\"potentialAction\":[{\"@type\":\"CommentAction\",\"name\":\"Comment\",\"target\":[\"https:\/\/www.mojabochnia.pl\/?p=68272#respond\"]}]},{\"@type\":\"WebPage\",\"@id\":\"https:\/\/www.mojabochnia.pl\/?p=68272\",\"url\":\"https:\/\/www.mojabochnia.pl\/?p=68272\",\"name\":\"Trzciana: pracownicy \u201eExodusa\u201d obawiaj\u0105 si\u0119 o sw\u00f3j los - mojabochnia.pl - portal informacyjny\",\"isPartOf\":{\"@id\":\"https:\/\/www.mojabochnia.pl\/#website\"},\"datePublished\":\"2012-03-08T10:59:32+00:00\",\"dateModified\":\"2012-03-08T19:16:16+00:00\",\"breadcrumb\":{\"@id\":\"https:\/\/www.mojabochnia.pl\/?p=68272#breadcrumb\"},\"inLanguage\":\"pl-PL\",\"potentialAction\":[{\"@type\":\"ReadAction\",\"target\":[\"https:\/\/www.mojabochnia.pl\/?p=68272\"]}]},{\"@type\":\"BreadcrumbList\",\"@id\":\"https:\/\/www.mojabochnia.pl\/?p=68272#breadcrumb\",\"itemListElement\":[{\"@type\":\"ListItem\",\"position\":1,\"name\":\"Home\",\"item\":\"https:\/\/www.mojabochnia.pl\/\"},{\"@type\":\"ListItem\",\"position\":2,\"name\":\"Trzciana: pracownicy \u201eExodusa\u201d obawiaj\u0105 si\u0119 o sw\u00f3j los\"}]},{\"@type\":\"WebSite\",\"@id\":\"https:\/\/www.mojabochnia.pl\/#website\",\"url\":\"https:\/\/www.mojabochnia.pl\/\",\"name\":\"mojabochnia.pl - portal informacyjny\",\"description\":\"mojaBochnia to portal informacyjny o Bochni. Codziennie o Bochni piszemy i pokazujemy najwa\u017cniejsze wydarzenia\",\"publisher\":{\"@id\":\"https:\/\/www.mojabochnia.pl\/#organization\"},\"potentialAction\":[{\"@type\":\"SearchAction\",\"target\":{\"@type\":\"EntryPoint\",\"urlTemplate\":\"https:\/\/www.mojabochnia.pl\/?s={search_term_string}\"},\"query-input\":{\"@type\":\"PropertyValueSpecification\",\"valueRequired\":true,\"valueName\":\"search_term_string\"}}],\"inLanguage\":\"pl-PL\"},{\"@type\":\"Organization\",\"@id\":\"https:\/\/www.mojabochnia.pl\/#organization\",\"name\":\"mojabochnia.pl - portal informacyjny\",\"url\":\"https:\/\/www.mojabochnia.pl\/\",\"logo\":{\"@type\":\"ImageObject\",\"inLanguage\":\"pl-PL\",\"@id\":\"https:\/\/www.mojabochnia.pl\/#\/schema\/logo\/image\/\",\"url\":\"https:\/\/www.mojabochnia.pl\/wp-content\/uploads\/2017\/08\/logo-mb-opt.png\",\"contentUrl\":\"https:\/\/www.mojabochnia.pl\/wp-content\/uploads\/2017\/08\/logo-mb-opt.png\",\"width\":250,\"height\":48,\"caption\":\"mojabochnia.pl - portal informacyjny\"},\"image\":{\"@id\":\"https:\/\/www.mojabochnia.pl\/#\/schema\/logo\/image\/\"},\"sameAs\":[\"https:\/\/www.facebook.com\/mojabochnia\"]},{\"@type\":\"Person\",\"@id\":\"https:\/\/www.mojabochnia.pl\/#\/schema\/person\/ea042e4724a77627963f02166828ead4\",\"name\":\"Pawe\u0142 Michalczyk\",\"url\":\"https:\/\/www.mojabochnia.pl\/?author=4\"}]}<\/script>\n<!-- \/ Yoast SEO plugin. -->","yoast_head_json":{"title":"Trzciana: pracownicy \u201eExodusa\u201d obawiaj\u0105 si\u0119 o sw\u00f3j los - mojabochnia.pl - portal informacyjny","robots":{"index":"index","follow":"follow","max-snippet":"max-snippet:-1","max-image-preview":"max-image-preview:large","max-video-preview":"max-video-preview:-1"},"canonical":"https:\/\/www.mojabochnia.pl\/?p=68272","og_locale":"pl_PL","og_type":"article","og_title":"Trzciana: pracownicy \u201eExodusa\u201d obawiaj\u0105 si\u0119 o sw\u00f3j los - mojabochnia.pl - portal informacyjny","og_description":"39 pracownik\u00f3w Zak\u0142adu Uboju i Przetw\u00f3rstwa Drobiu \u201eExodus\u201d w Trzcianie obawia si\u0119 utraty zatrudnienia. Za\u0142oga dowiedzia\u0142a si\u0119, \u017ce firma zosta\u0142a sprzedana podmiotowi trudni\u0105cemu si\u0119 skupem zad\u0142u\u017conych sp\u00f3\u0142ek.","og_url":"https:\/\/www.mojabochnia.pl\/?p=68272","og_site_name":"mojabochnia.pl - portal informacyjny","article_publisher":"https:\/\/www.facebook.com\/mojabochnia","article_published_time":"2012-03-08T10:59:32+00:00","article_modified_time":"2012-03-08T19:16:16+00:00","author":"Pawe\u0142 Michalczyk","twitter_card":"summary_large_image","twitter_misc":{"Written by":"Pawe\u0142 Michalczyk","Est. reading time":"2 minuty"},"schema":{"@context":"https:\/\/schema.org","@graph":[{"@type":"Article","@id":"https:\/\/www.mojabochnia.pl\/?p=68272#article","isPartOf":{"@id":"https:\/\/www.mojabochnia.pl\/?p=68272"},"author":{"name":"Pawe\u0142 Michalczyk","@id":"https:\/\/www.mojabochnia.pl\/#\/schema\/person\/ea042e4724a77627963f02166828ead4"},"headline":"Trzciana: pracownicy \u201eExodusa\u201d obawiaj\u0105 si\u0119 o sw\u00f3j los","datePublished":"2012-03-08T10:59:32+00:00","dateModified":"2012-03-08T19:16:16+00:00","mainEntityOfPage":{"@id":"https:\/\/www.mojabochnia.pl\/?p=68272"},"wordCount":373,"commentCount":0,"publisher":{"@id":"https:\/\/www.mojabochnia.pl\/#organization"},"keywords":["bezrobocie","exodus","Pawe\u0142 Baster","praca","sp\u00f3\u0142ka","Trzciana","zad\u0142u\u017cenie","zak\u0142ad"],"articleSection":["2_ostatnie","polityka i wydarzenia","tematyka"],"inLanguage":"pl-PL","potentialAction":[{"@type":"CommentAction","name":"Comment","target":["https:\/\/www.mojabochnia.pl\/?p=68272#respond"]}]},{"@type":"WebPage","@id":"https:\/\/www.mojabochnia.pl\/?p=68272","url":"https:\/\/www.mojabochnia.pl\/?p=68272","name":"Trzciana: pracownicy \u201eExodusa\u201d obawiaj\u0105 si\u0119 o sw\u00f3j los - mojabochnia.pl - portal informacyjny","isPartOf":{"@id":"https:\/\/www.mojabochnia.pl\/#website"},"datePublished":"2012-03-08T10:59:32+00:00","dateModified":"2012-03-08T19:16:16+00:00","breadcrumb":{"@id":"https:\/\/www.mojabochnia.pl\/?p=68272#breadcrumb"},"inLanguage":"pl-PL","potentialAction":[{"@type":"ReadAction","target":["https:\/\/www.mojabochnia.pl\/?p=68272"]}]},{"@type":"BreadcrumbList","@id":"https:\/\/www.mojabochnia.pl\/?p=68272#breadcrumb","itemListElement":[{"@type":"ListItem","position":1,"name":"Home","item":"https:\/\/www.mojabochnia.pl\/"},{"@type":"ListItem","position":2,"name":"Trzciana: pracownicy \u201eExodusa\u201d obawiaj\u0105 si\u0119 o sw\u00f3j los"}]},{"@type":"WebSite","@id":"https:\/\/www.mojabochnia.pl\/#website","url":"https:\/\/www.mojabochnia.pl\/","name":"mojabochnia.pl - portal informacyjny","description":"mojaBochnia to portal informacyjny o Bochni. Codziennie o Bochni piszemy i pokazujemy najwa\u017cniejsze wydarzenia","publisher":{"@id":"https:\/\/www.mojabochnia.pl\/#organization"},"potentialAction":[{"@type":"SearchAction","target":{"@type":"EntryPoint","urlTemplate":"https:\/\/www.mojabochnia.pl\/?s={search_term_string}"},"query-input":{"@type":"PropertyValueSpecification","valueRequired":true,"valueName":"search_term_string"}}],"inLanguage":"pl-PL"},{"@type":"Organization","@id":"https:\/\/www.mojabochnia.pl\/#organization","name":"mojabochnia.pl - portal informacyjny","url":"https:\/\/www.mojabochnia.pl\/","logo":{"@type":"ImageObject","inLanguage":"pl-PL","@id":"https:\/\/www.mojabochnia.pl\/#\/schema\/logo\/image\/","url":"https:\/\/www.mojabochnia.pl\/wp-content\/uploads\/2017\/08\/logo-mb-opt.png","contentUrl":"https:\/\/www.mojabochnia.pl\/wp-content\/uploads\/2017\/08\/logo-mb-opt.png","width":250,"height":48,"caption":"mojabochnia.pl - portal informacyjny"},"image":{"@id":"https:\/\/www.mojabochnia.pl\/#\/schema\/logo\/image\/"},"sameAs":["https:\/\/www.facebook.com\/mojabochnia"]},{"@type":"Person","@id":"https:\/\/www.mojabochnia.pl\/#\/schema\/person\/ea042e4724a77627963f02166828ead4","name":"Pawe\u0142 Michalczyk","url":"https:\/\/www.mojabochnia.pl\/?author=4"}]}},"_links":{"self":[{"href":"https:\/\/www.mojabochnia.pl\/index.php?rest_route=\/wp\/v2\/posts\/68272","targetHints":{"allow":["GET"]}}],"collection":[{"href":"https:\/\/www.mojabochnia.pl\/index.php?rest_route=\/wp\/v2\/posts"}],"about":[{"href":"https:\/\/www.mojabochnia.pl\/index.php?rest_route=\/wp\/v2\/types\/post"}],"author":[{"embeddable":true,"href":"https:\/\/www.mojabochnia.pl\/index.php?rest_route=\/wp\/v2\/users\/4"}],"replies":[{"embeddable":true,"href":"https:\/\/www.mojabochnia.pl\/index.php?rest_route=%2Fwp%2Fv2%2Fcomments&post=68272"}],"version-history":[{"count":8,"href":"https:\/\/www.mojabochnia.pl\/index.php?rest_route=\/wp\/v2\/posts\/68272\/revisions"}],"predecessor-version":[{"id":68287,"href":"https:\/\/www.mojabochnia.pl\/index.php?rest_route=\/wp\/v2\/posts\/68272\/revisions\/68287"}],"wp:attachment":[{"href":"https:\/\/www.mojabochnia.pl\/index.php?rest_route=%2Fwp%2Fv2%2Fmedia&parent=68272"}],"wp:term":[{"taxonomy":"category","embeddable":true,"href":"https:\/\/www.mojabochnia.pl\/index.php?rest_route=%2Fwp%2Fv2%2Fcategories&post=68272"},{"taxonomy":"post_tag","embeddable":true,"href":"https:\/\/www.mojabochnia.pl\/index.php?rest_route=%2Fwp%2Fv2%2Ftags&post=68272"}],"curies":[{"name":"wp","href":"https:\/\/api.w.org\/{rel}","templated":true}]}}