{"id":68264,"date":"2012-03-08T07:24:51","date_gmt":"2012-03-08T06:24:51","guid":{"rendered":"http:\/\/www.mojabochnia.pl\/?p=68264"},"modified":"2013-11-20T17:10:24","modified_gmt":"2013-11-20T16:10:24","slug":"wisnicz-dlug-na-koniec-2011-r-wyniosl-627","status":"publish","type":"post","link":"https:\/\/www.mojabochnia.pl\/?p=68264","title":{"rendered":"Wi\u015bnicz: d\u0142ug na koniec 2011 r. wyni\u00f3s\u0142 wg RIO 62,7%"},"content":{"rendered":"<p><em>D\u0142ug Gminy na 31.12.2011 r. wykazany w z\u0142o\u017conych sprawozdaniach wyni\u00f3s\u0142 (po odliczeniu d\u0142ugu dokonanym zgodnie z przepisem art. 170 ust 3 ustawy o finansach publicznych \u2013 tj. d\u0142ugu na prefinansowanie i wsp\u00f3\u0142finansowanie projekt\u00f3w unijnych) 62,7 % przy dopuszczalnym progu 60% (d\u0142ug\/do zrealizowanych dochod\u00f3w)<\/em> &#8211; informuje Miros\u0142aw Legutko, rzecznik Regionalnej Izby Obrachunkowej w Krakowie.<\/p>\n<p>Pracownicy RIO wci\u0105\u017c kontroluj\u0105 finanse gminy. Zako\u0144czenie kontroli przewidywane jest na koniec marca. <em>Je\u017celi w wyniku kontroli potwierdzona zostanie prawid\u0142owo\u015b\u0107 wykazania d\u0142ugu to wystarczaj\u0105ce powinno by\u0107 obni\u017cenie d\u0142ugu w trakcie roku bud\u017cetowego 2012 i doprowadzenie do zgodno\u015bci z prawem. W minionych latach w takich przypadkach gminy obni\u017ca\u0142y zad\u0142u\u017cenie do progu wymaganego ustaw\u0105 ju\u017c w pierwszym kwartale kolejnego roku bud\u017cetowego<\/em> &#8211; dodaje Miros\u0142aw Legutko.<\/p>\n<p>Wed\u0142ug Wieloletniej Prognozy Finansowej Gminy Nowy Wi\u015bnicz na lata 2012 \u2013 2022 zad\u0142u\u017cenie na rok 2012 przewiduje si\u0119 w wysoko\u015bci 52% dochod\u00f3w.<\/p>\n<p>&#8212;&#8212;&#8212;&#8212;&#8212;&#8212;&#8212;&#8212;&#8212;&#8212;&#8212;&#8212;&#8212;&#8212;&#8212;-<\/p>\n<p><strong>Aktualizacja:<\/strong><\/p>\n<p>W pi\u0105tek 9 marca 2012 o godz. 08:33 na stronie internetowej miasta i gminy Nowy Wi\u015bnicz pojawi\u0142 si\u0119 nast\u0119puj\u0105cy komunikat:<br \/>\n<em><br \/>\n<strong>D\u0142ug Gminy Nowy Wi\u015bnicz na koniec 2011 roku wyni\u00f3s\u0142 57,4%<br \/>\n<\/strong><br \/>\nW z\u0142o\u017conych sprawozdaniach za rok 2011 do Regionalnej Izby Obrachunkowej, Gmina Nowy Wi\u015bnicz nie odliczy\u0142a d\u0142ugu na wsp\u00f3\u0142finansowanie realizowanego projektu unijnego w kwocie 1 963 418 z\u0142. Zgodnie z art. 170 ust 3 Ustawy o finansach publicznych d\u0142ug ten powinien by\u0107 odliczony przy wyliczaniu wska\u017anika procentowego d\u0142ugu do zrealizowanych dochod\u00f3w. Zatem po korekcie, rzeczywiste zad\u0142u\u017cenie gminy wynosi 57,4%.<\/em><\/p>\n","protected":false},"excerpt":{"rendered":"<p>Regionalna Izba Obrachunkowa kontroluje finanse gminy Nowy Wi\u015bnicz. Jak dot\u0105d ustalono, \u017ce samorz\u0105d przekroczy\u0142 na koniec 2011 r. dopuszczalny 60-procentowy poziom zad\u0142u\u017cenia. Tymczasem w\u0142adze gminy uwa\u017caj\u0105, \u017ce d\u0142ug wyni\u00f3s\u0142 57,4%.<\/p>\n","protected":false},"author":4,"featured_media":0,"comment_status":"open","ping_status":"closed","sticky":true,"template":"","format":"standard","meta":{"_acf_changed":false,"footnotes":""},"categories":[5,6251,6250],"tags":[17336,17945,17118,5976,3549,2139],"class_list":["post-68264","post","type-post","status-publish","format-standard","hentry","category-biezace-wydarzenia","category-polityka-i-wydarzenia","category-tematyka","tag-budzet","tag-dlug","tag-wisnicz","tag-regionalna-izba-obrachunkowa","tag-rio","tag-zadluzenie","main_tag-nowy-wisnicz"],"acf":[],"yoast_head":"<!-- This site is optimized with the Yoast SEO plugin v26.9 - https:\/\/yoast.com\/product\/yoast-seo-wordpress\/ -->\n<title>Wi\u015bnicz: d\u0142ug na koniec 2011 r. wyni\u00f3s\u0142 wg RIO 62,7% - mojabochnia.pl - portal informacyjny<\/title>\n<meta name=\"robots\" content=\"index, follow, max-snippet:-1, max-image-preview:large, max-video-preview:-1\" \/>\n<link rel=\"canonical\" href=\"https:\/\/www.mojabochnia.pl\/?p=68264\" \/>\n<meta property=\"og:locale\" content=\"pl_PL\" \/>\n<meta property=\"og:type\" content=\"article\" \/>\n<meta property=\"og:title\" content=\"Wi\u015bnicz: d\u0142ug na koniec 2011 r. wyni\u00f3s\u0142 wg RIO 62,7% - mojabochnia.pl - portal informacyjny\" \/>\n<meta property=\"og:description\" content=\"Regionalna Izba Obrachunkowa kontroluje finanse gminy Nowy Wi\u015bnicz. Jak dot\u0105d ustalono, \u017ce samorz\u0105d przekroczy\u0142 na koniec 2011 r. dopuszczalny 60-procentowy poziom zad\u0142u\u017cenia. Tymczasem w\u0142adze gminy uwa\u017caj\u0105, \u017ce d\u0142ug wyni\u00f3s\u0142 57,4%.\" \/>\n<meta property=\"og:url\" content=\"https:\/\/www.mojabochnia.pl\/?p=68264\" \/>\n<meta property=\"og:site_name\" content=\"mojabochnia.pl - portal informacyjny\" \/>\n<meta property=\"article:publisher\" content=\"https:\/\/www.facebook.com\/mojabochnia\" \/>\n<meta property=\"article:published_time\" content=\"2012-03-08T06:24:51+00:00\" \/>\n<meta property=\"article:modified_time\" content=\"2013-11-20T16:10:24+00:00\" \/>\n<meta name=\"author\" content=\"Pawe\u0142 Michalczyk\" \/>\n<meta name=\"twitter:card\" content=\"summary_large_image\" \/>\n<meta name=\"twitter:label1\" content=\"Written by\" \/>\n\t<meta name=\"twitter:data1\" content=\"Pawe\u0142 Michalczyk\" \/>\n\t<meta name=\"twitter:label2\" content=\"Est. reading time\" \/>\n\t<meta name=\"twitter:data2\" content=\"1 minuta\" \/>\n<script type=\"application\/ld+json\" class=\"yoast-schema-graph\">{\"@context\":\"https:\/\/schema.org\",\"@graph\":[{\"@type\":\"Article\",\"@id\":\"https:\/\/www.mojabochnia.pl\/?p=68264#article\",\"isPartOf\":{\"@id\":\"https:\/\/www.mojabochnia.pl\/?p=68264\"},\"author\":{\"name\":\"Pawe\u0142 Michalczyk\",\"@id\":\"https:\/\/www.mojabochnia.pl\/#\/schema\/person\/ea042e4724a77627963f02166828ead4\"},\"headline\":\"Wi\u015bnicz: d\u0142ug na koniec 2011 r. wyni\u00f3s\u0142 wg RIO 62,7%\",\"datePublished\":\"2012-03-08T06:24:51+00:00\",\"dateModified\":\"2013-11-20T16:10:24+00:00\",\"mainEntityOfPage\":{\"@id\":\"https:\/\/www.mojabochnia.pl\/?p=68264\"},\"wordCount\":266,\"commentCount\":0,\"publisher\":{\"@id\":\"https:\/\/www.mojabochnia.pl\/#organization\"},\"keywords\":[\"bud\u017cet\",\"d\u0142ug\",\"Nowy Wi\u015bnicz\",\"regionalna izba obrachunkowa\",\"rio\",\"zad\u0142u\u017cenie\"],\"articleSection\":[\"2_ostatnie\",\"polityka i wydarzenia\",\"tematyka\"],\"inLanguage\":\"pl-PL\",\"potentialAction\":[{\"@type\":\"CommentAction\",\"name\":\"Comment\",\"target\":[\"https:\/\/www.mojabochnia.pl\/?p=68264#respond\"]}]},{\"@type\":\"WebPage\",\"@id\":\"https:\/\/www.mojabochnia.pl\/?p=68264\",\"url\":\"https:\/\/www.mojabochnia.pl\/?p=68264\",\"name\":\"Wi\u015bnicz: d\u0142ug na koniec 2011 r. wyni\u00f3s\u0142 wg RIO 62,7% - mojabochnia.pl - portal informacyjny\",\"isPartOf\":{\"@id\":\"https:\/\/www.mojabochnia.pl\/#website\"},\"datePublished\":\"2012-03-08T06:24:51+00:00\",\"dateModified\":\"2013-11-20T16:10:24+00:00\",\"breadcrumb\":{\"@id\":\"https:\/\/www.mojabochnia.pl\/?p=68264#breadcrumb\"},\"inLanguage\":\"pl-PL\",\"potentialAction\":[{\"@type\":\"ReadAction\",\"target\":[\"https:\/\/www.mojabochnia.pl\/?p=68264\"]}]},{\"@type\":\"BreadcrumbList\",\"@id\":\"https:\/\/www.mojabochnia.pl\/?p=68264#breadcrumb\",\"itemListElement\":[{\"@type\":\"ListItem\",\"position\":1,\"name\":\"Home\",\"item\":\"https:\/\/www.mojabochnia.pl\/\"},{\"@type\":\"ListItem\",\"position\":2,\"name\":\"Wi\u015bnicz: d\u0142ug na koniec 2011 r. wyni\u00f3s\u0142 wg RIO 62,7%\"}]},{\"@type\":\"WebSite\",\"@id\":\"https:\/\/www.mojabochnia.pl\/#website\",\"url\":\"https:\/\/www.mojabochnia.pl\/\",\"name\":\"mojabochnia.pl - portal informacyjny\",\"description\":\"mojaBochnia to portal informacyjny o Bochni. Codziennie o Bochni piszemy i pokazujemy najwa\u017cniejsze wydarzenia\",\"publisher\":{\"@id\":\"https:\/\/www.mojabochnia.pl\/#organization\"},\"potentialAction\":[{\"@type\":\"SearchAction\",\"target\":{\"@type\":\"EntryPoint\",\"urlTemplate\":\"https:\/\/www.mojabochnia.pl\/?s={search_term_string}\"},\"query-input\":{\"@type\":\"PropertyValueSpecification\",\"valueRequired\":true,\"valueName\":\"search_term_string\"}}],\"inLanguage\":\"pl-PL\"},{\"@type\":\"Organization\",\"@id\":\"https:\/\/www.mojabochnia.pl\/#organization\",\"name\":\"mojabochnia.pl - portal informacyjny\",\"url\":\"https:\/\/www.mojabochnia.pl\/\",\"logo\":{\"@type\":\"ImageObject\",\"inLanguage\":\"pl-PL\",\"@id\":\"https:\/\/www.mojabochnia.pl\/#\/schema\/logo\/image\/\",\"url\":\"https:\/\/www.mojabochnia.pl\/wp-content\/uploads\/2017\/08\/logo-mb-opt.png\",\"contentUrl\":\"https:\/\/www.mojabochnia.pl\/wp-content\/uploads\/2017\/08\/logo-mb-opt.png\",\"width\":250,\"height\":48,\"caption\":\"mojabochnia.pl - portal informacyjny\"},\"image\":{\"@id\":\"https:\/\/www.mojabochnia.pl\/#\/schema\/logo\/image\/\"},\"sameAs\":[\"https:\/\/www.facebook.com\/mojabochnia\"]},{\"@type\":\"Person\",\"@id\":\"https:\/\/www.mojabochnia.pl\/#\/schema\/person\/ea042e4724a77627963f02166828ead4\",\"name\":\"Pawe\u0142 Michalczyk\",\"url\":\"https:\/\/www.mojabochnia.pl\/?author=4\"}]}<\/script>\n<!-- \/ Yoast SEO plugin. -->","yoast_head_json":{"title":"Wi\u015bnicz: d\u0142ug na koniec 2011 r. wyni\u00f3s\u0142 wg RIO 62,7% - mojabochnia.pl - portal informacyjny","robots":{"index":"index","follow":"follow","max-snippet":"max-snippet:-1","max-image-preview":"max-image-preview:large","max-video-preview":"max-video-preview:-1"},"canonical":"https:\/\/www.mojabochnia.pl\/?p=68264","og_locale":"pl_PL","og_type":"article","og_title":"Wi\u015bnicz: d\u0142ug na koniec 2011 r. wyni\u00f3s\u0142 wg RIO 62,7% - mojabochnia.pl - portal informacyjny","og_description":"Regionalna Izba Obrachunkowa kontroluje finanse gminy Nowy Wi\u015bnicz. Jak dot\u0105d ustalono, \u017ce samorz\u0105d przekroczy\u0142 na koniec 2011 r. dopuszczalny 60-procentowy poziom zad\u0142u\u017cenia. Tymczasem w\u0142adze gminy uwa\u017caj\u0105, \u017ce d\u0142ug wyni\u00f3s\u0142 57,4%.","og_url":"https:\/\/www.mojabochnia.pl\/?p=68264","og_site_name":"mojabochnia.pl - portal informacyjny","article_publisher":"https:\/\/www.facebook.com\/mojabochnia","article_published_time":"2012-03-08T06:24:51+00:00","article_modified_time":"2013-11-20T16:10:24+00:00","author":"Pawe\u0142 Michalczyk","twitter_card":"summary_large_image","twitter_misc":{"Written by":"Pawe\u0142 Michalczyk","Est. reading time":"1 minuta"},"schema":{"@context":"https:\/\/schema.org","@graph":[{"@type":"Article","@id":"https:\/\/www.mojabochnia.pl\/?p=68264#article","isPartOf":{"@id":"https:\/\/www.mojabochnia.pl\/?p=68264"},"author":{"name":"Pawe\u0142 Michalczyk","@id":"https:\/\/www.mojabochnia.pl\/#\/schema\/person\/ea042e4724a77627963f02166828ead4"},"headline":"Wi\u015bnicz: d\u0142ug na koniec 2011 r. wyni\u00f3s\u0142 wg RIO 62,7%","datePublished":"2012-03-08T06:24:51+00:00","dateModified":"2013-11-20T16:10:24+00:00","mainEntityOfPage":{"@id":"https:\/\/www.mojabochnia.pl\/?p=68264"},"wordCount":266,"commentCount":0,"publisher":{"@id":"https:\/\/www.mojabochnia.pl\/#organization"},"keywords":["bud\u017cet","d\u0142ug","Nowy Wi\u015bnicz","regionalna izba obrachunkowa","rio","zad\u0142u\u017cenie"],"articleSection":["2_ostatnie","polityka i wydarzenia","tematyka"],"inLanguage":"pl-PL","potentialAction":[{"@type":"CommentAction","name":"Comment","target":["https:\/\/www.mojabochnia.pl\/?p=68264#respond"]}]},{"@type":"WebPage","@id":"https:\/\/www.mojabochnia.pl\/?p=68264","url":"https:\/\/www.mojabochnia.pl\/?p=68264","name":"Wi\u015bnicz: d\u0142ug na koniec 2011 r. wyni\u00f3s\u0142 wg RIO 62,7% - mojabochnia.pl - portal informacyjny","isPartOf":{"@id":"https:\/\/www.mojabochnia.pl\/#website"},"datePublished":"2012-03-08T06:24:51+00:00","dateModified":"2013-11-20T16:10:24+00:00","breadcrumb":{"@id":"https:\/\/www.mojabochnia.pl\/?p=68264#breadcrumb"},"inLanguage":"pl-PL","potentialAction":[{"@type":"ReadAction","target":["https:\/\/www.mojabochnia.pl\/?p=68264"]}]},{"@type":"BreadcrumbList","@id":"https:\/\/www.mojabochnia.pl\/?p=68264#breadcrumb","itemListElement":[{"@type":"ListItem","position":1,"name":"Home","item":"https:\/\/www.mojabochnia.pl\/"},{"@type":"ListItem","position":2,"name":"Wi\u015bnicz: d\u0142ug na koniec 2011 r. wyni\u00f3s\u0142 wg RIO 62,7%"}]},{"@type":"WebSite","@id":"https:\/\/www.mojabochnia.pl\/#website","url":"https:\/\/www.mojabochnia.pl\/","name":"mojabochnia.pl - portal informacyjny","description":"mojaBochnia to portal informacyjny o Bochni. Codziennie o Bochni piszemy i pokazujemy najwa\u017cniejsze wydarzenia","publisher":{"@id":"https:\/\/www.mojabochnia.pl\/#organization"},"potentialAction":[{"@type":"SearchAction","target":{"@type":"EntryPoint","urlTemplate":"https:\/\/www.mojabochnia.pl\/?s={search_term_string}"},"query-input":{"@type":"PropertyValueSpecification","valueRequired":true,"valueName":"search_term_string"}}],"inLanguage":"pl-PL"},{"@type":"Organization","@id":"https:\/\/www.mojabochnia.pl\/#organization","name":"mojabochnia.pl - portal informacyjny","url":"https:\/\/www.mojabochnia.pl\/","logo":{"@type":"ImageObject","inLanguage":"pl-PL","@id":"https:\/\/www.mojabochnia.pl\/#\/schema\/logo\/image\/","url":"https:\/\/www.mojabochnia.pl\/wp-content\/uploads\/2017\/08\/logo-mb-opt.png","contentUrl":"https:\/\/www.mojabochnia.pl\/wp-content\/uploads\/2017\/08\/logo-mb-opt.png","width":250,"height":48,"caption":"mojabochnia.pl - portal informacyjny"},"image":{"@id":"https:\/\/www.mojabochnia.pl\/#\/schema\/logo\/image\/"},"sameAs":["https:\/\/www.facebook.com\/mojabochnia"]},{"@type":"Person","@id":"https:\/\/www.mojabochnia.pl\/#\/schema\/person\/ea042e4724a77627963f02166828ead4","name":"Pawe\u0142 Michalczyk","url":"https:\/\/www.mojabochnia.pl\/?author=4"}]}},"_links":{"self":[{"href":"https:\/\/www.mojabochnia.pl\/index.php?rest_route=\/wp\/v2\/posts\/68264","targetHints":{"allow":["GET"]}}],"collection":[{"href":"https:\/\/www.mojabochnia.pl\/index.php?rest_route=\/wp\/v2\/posts"}],"about":[{"href":"https:\/\/www.mojabochnia.pl\/index.php?rest_route=\/wp\/v2\/types\/post"}],"author":[{"embeddable":true,"href":"https:\/\/www.mojabochnia.pl\/index.php?rest_route=\/wp\/v2\/users\/4"}],"replies":[{"embeddable":true,"href":"https:\/\/www.mojabochnia.pl\/index.php?rest_route=%2Fwp%2Fv2%2Fcomments&post=68264"}],"version-history":[{"count":13,"href":"https:\/\/www.mojabochnia.pl\/index.php?rest_route=\/wp\/v2\/posts\/68264\/revisions"}],"predecessor-version":[{"id":100623,"href":"https:\/\/www.mojabochnia.pl\/index.php?rest_route=\/wp\/v2\/posts\/68264\/revisions\/100623"}],"wp:attachment":[{"href":"https:\/\/www.mojabochnia.pl\/index.php?rest_route=%2Fwp%2Fv2%2Fmedia&parent=68264"}],"wp:term":[{"taxonomy":"category","embeddable":true,"href":"https:\/\/www.mojabochnia.pl\/index.php?rest_route=%2Fwp%2Fv2%2Fcategories&post=68264"},{"taxonomy":"post_tag","embeddable":true,"href":"https:\/\/www.mojabochnia.pl\/index.php?rest_route=%2Fwp%2Fv2%2Ftags&post=68264"}],"curies":[{"name":"wp","href":"https:\/\/api.w.org\/{rel}","templated":true}]}}