{"id":68258,"date":"2012-03-07T15:35:49","date_gmt":"2012-03-07T14:35:49","guid":{"rendered":"http:\/\/www.mojabochnia.pl\/?p=68258"},"modified":"2012-03-07T15:36:35","modified_gmt":"2012-03-07T14:36:35","slug":"samochod-z-chlebem-znaleziony-zlodziej-odstawil-chleb-pod-plebanie","status":"publish","type":"post","link":"https:\/\/www.mojabochnia.pl\/?p=68258","title":{"rendered":"Samoch\u00f3d z chlebem znaleziony. Z\u0142odziej odstawi\u0142 chleb pod plebani\u0119"},"content":{"rendered":"<p>Nad ranem 5 marca o godz. 4.20 w Bochni na ul. Langera nieznany sprawca skrad\u0142 samoch\u00f3d dostawczy marki Volkswagen Transporter T-4 koloru bia\u0142ego warto\u015bci oko\u0142o 10 tys. z\u0142. Z\u0142odziej wykorzysta\u0142 nieuwag\u0119 pracownika piekarni, kt\u00f3ry pozostawi\u0142 otwarty, uruchomiony pojazd i wszed\u0142 do budynku piekarni. Samoch\u00f3d by\u0142 za\u0142adowany \u015bwie\u017cym pieczywem. <\/p>\n<p>Jeszcze tego samego dnia oko\u0142o godz. 18.00 policjanci Ogniwa Patrolowo-Interwencyjnego Wydzia\u0142u Prewencji zauwa\u017cyli poszukiwany pojazd na ul. \u0141ych\u00f3w w Bochni. Podj\u0119li pr\u00f3b\u0119 jego zatrzymania, jednak kieruj\u0105cy nie zwa\u017caj\u0105c na przeszkody ucieka\u0142, uszkadzaj\u0105c przy tym skradzione auto. Policjanci rozpoznali kieruj\u0105cego i zmuszeni byli przerwa\u0107 po\u015bcig z uwagi na ryzyko uszkodzenia radiowozu. Uciekaj\u0105cy zmuszony by\u0142 jednak zatrzyma\u0107 samoch\u00f3d i w\u00f3wczas policjanci pr\u00f3bowali zatrzyma\u0107 go w po\u015bcigu pieszym. Okoliczne zaro\u015bla i  nocna pora pomog\u0142a mu w ucieczce i w r\u0119ce policji trafi\u0142 kolejnego dnia we godzinach rannych. 28-letni mieszkaniec Bochni zosta\u0142 zatrzymany przez policjant\u00f3w Wydzia\u0142u Kryminalnego w miejscu zamieszkania. Trafi\u0142 do aresztu w celu wykonania dalszych czynno\u015bci procesowych. Wobec niego toczy\u0142o si\u0119 ju\u017c post\u0119powanie dotycz\u0105ce umy\u015blnego zniszczenia mienia w dniu 26 stycznia, tj. uszkodzenia lusterka zewn\u0119trznego w samochodzie Toyota RAV 4. <\/p>\n<p>Kilka dni p\u00f3\u017aniej rozbi\u0142 m\u0142otkiem reflektor w tym samym samochodzie. Nast\u0119pnie w\u0142ama\u0142 si\u0119 do gara\u017cu z kt\u00f3rego skrad\u0142 meble. Tu\u017c przed kradzie\u017c\u0105 samochodu w nocy wybi\u0142 donic\u0105 podw\u00f3jn\u0105 szyb\u0119 w drzwiach do budynku handlowego w Bochni przy ul. Trudnej. Us\u0142ysza\u0142 r\u00f3wnie\u017c zarzut uporczywego n\u0119kania dw\u00f3ch kobiet, tak\u017ce telefonicznego i za pomoc\u0105 SMS-\u00f3w. W wi\u0119kszo\u015bci opisanych przest\u0119pstw poszkodowan\u0105 by\u0142a jedna z kobiet. Wszystko to dzia\u0142o si\u0119 w warunkach powrotu do przest\u0119pstwa tzw. recydywy. Dlatego te\u017c policja wyst\u0105pi\u0142a z wnioskiem do Prokuratora Rejonowego o zastosowanie \u015brodka zapobiegawczego w postaci tymczasowego aresztowania. Grozi mu kara pozbawienia wolno\u015bci od roku do lat 10. <\/p>\n<p>Samoch\u00f3d odzyskano, a skradzione kosze z chlebem z\u0142odziej wy\u0142adowa\u0142 w nocy pod plebani\u0105 w Rzezawie. Pani pracuj\u0105ca na plebani by\u0142a przekonana, i\u017c jest to dar od osoby, kt\u00f3ra chce zachowa\u0107 anonimowo\u015b\u0107.<\/p>\n","protected":false},"excerpt":{"rendered":"<p>Samoch\u00f3d skradziony w Bochni 5 marca zosta\u0142 odzyskany. Skradzione kosze z chlebem z\u0142odziej wy\u0142adowa\u0142 w nocy pod plebani\u0105 w Rzezawie. Kobieta pracuj\u0105ca na plebani by\u0142a przekonana, i\u017c jest to dar od osoby, kt\u00f3ra chce zachowa\u0107 anonimowo\u015b\u0107.<\/p>\n","protected":false},"author":8,"featured_media":0,"comment_status":"open","ping_status":"closed","sticky":false,"template":"","format":"standard","meta":{"_acf_changed":false,"footnotes":""},"categories":[5,6251,6250],"tags":[6915,17238,10737,17155,17395],"class_list":["post-68258","post","type-post","status-publish","format-standard","hentry","category-biezace-wydarzenia","category-polityka-i-wydarzenia","category-tematyka","tag-chleb","tag-leszek-machaj","tag-pieczywo","tag-policja","tag-samochod","main_tag-policja"],"acf":[],"yoast_head":"<!-- This site is optimized with the Yoast SEO plugin v26.9 - https:\/\/yoast.com\/product\/yoast-seo-wordpress\/ -->\n<title>Samoch\u00f3d z chlebem znaleziony. Z\u0142odziej odstawi\u0142 chleb pod plebani\u0119 - mojabochnia.pl - portal informacyjny<\/title>\n<meta name=\"robots\" content=\"index, follow, max-snippet:-1, max-image-preview:large, max-video-preview:-1\" \/>\n<link rel=\"canonical\" href=\"https:\/\/www.mojabochnia.pl\/?p=68258\" \/>\n<meta property=\"og:locale\" content=\"pl_PL\" \/>\n<meta property=\"og:type\" content=\"article\" \/>\n<meta property=\"og:title\" content=\"Samoch\u00f3d z chlebem znaleziony. Z\u0142odziej odstawi\u0142 chleb pod plebani\u0119 - mojabochnia.pl - portal informacyjny\" \/>\n<meta property=\"og:description\" content=\"Samoch\u00f3d skradziony w Bochni 5 marca zosta\u0142 odzyskany. Skradzione kosze z chlebem z\u0142odziej wy\u0142adowa\u0142 w nocy pod plebani\u0105 w Rzezawie. Kobieta pracuj\u0105ca na plebani by\u0142a przekonana, i\u017c jest to dar od osoby, kt\u00f3ra chce zachowa\u0107 anonimowo\u015b\u0107.\" \/>\n<meta property=\"og:url\" content=\"https:\/\/www.mojabochnia.pl\/?p=68258\" \/>\n<meta property=\"og:site_name\" content=\"mojabochnia.pl - portal informacyjny\" \/>\n<meta property=\"article:publisher\" content=\"https:\/\/www.facebook.com\/mojabochnia\" \/>\n<meta property=\"article:published_time\" content=\"2012-03-07T14:35:49+00:00\" \/>\n<meta property=\"article:modified_time\" content=\"2012-03-07T14:36:35+00:00\" \/>\n<meta name=\"author\" content=\"informacja prasowa\" \/>\n<meta name=\"twitter:card\" content=\"summary_large_image\" \/>\n<meta name=\"twitter:label1\" content=\"Written by\" \/>\n\t<meta name=\"twitter:data1\" content=\"informacja prasowa\" \/>\n\t<meta name=\"twitter:label2\" content=\"Est. reading time\" \/>\n\t<meta name=\"twitter:data2\" content=\"2 minuty\" \/>\n<script type=\"application\/ld+json\" class=\"yoast-schema-graph\">{\"@context\":\"https:\/\/schema.org\",\"@graph\":[{\"@type\":\"Article\",\"@id\":\"https:\/\/www.mojabochnia.pl\/?p=68258#article\",\"isPartOf\":{\"@id\":\"https:\/\/www.mojabochnia.pl\/?p=68258\"},\"author\":{\"name\":\"informacja prasowa\",\"@id\":\"https:\/\/www.mojabochnia.pl\/#\/schema\/person\/9e15cf1bcb74043790f124a3130fe41e\"},\"headline\":\"Samoch\u00f3d z chlebem znaleziony. Z\u0142odziej odstawi\u0142 chleb pod plebani\u0119\",\"datePublished\":\"2012-03-07T14:35:49+00:00\",\"dateModified\":\"2012-03-07T14:36:35+00:00\",\"mainEntityOfPage\":{\"@id\":\"https:\/\/www.mojabochnia.pl\/?p=68258\"},\"wordCount\":375,\"commentCount\":0,\"publisher\":{\"@id\":\"https:\/\/www.mojabochnia.pl\/#organization\"},\"keywords\":[\"chleb\",\"leszek machaj\",\"pieczywo\",\"policja\",\"samoch\u00f3d\"],\"articleSection\":[\"2_ostatnie\",\"polityka i wydarzenia\",\"tematyka\"],\"inLanguage\":\"pl-PL\",\"potentialAction\":[{\"@type\":\"CommentAction\",\"name\":\"Comment\",\"target\":[\"https:\/\/www.mojabochnia.pl\/?p=68258#respond\"]}]},{\"@type\":\"WebPage\",\"@id\":\"https:\/\/www.mojabochnia.pl\/?p=68258\",\"url\":\"https:\/\/www.mojabochnia.pl\/?p=68258\",\"name\":\"Samoch\u00f3d z chlebem znaleziony. Z\u0142odziej odstawi\u0142 chleb pod plebani\u0119 - mojabochnia.pl - portal informacyjny\",\"isPartOf\":{\"@id\":\"https:\/\/www.mojabochnia.pl\/#website\"},\"datePublished\":\"2012-03-07T14:35:49+00:00\",\"dateModified\":\"2012-03-07T14:36:35+00:00\",\"breadcrumb\":{\"@id\":\"https:\/\/www.mojabochnia.pl\/?p=68258#breadcrumb\"},\"inLanguage\":\"pl-PL\",\"potentialAction\":[{\"@type\":\"ReadAction\",\"target\":[\"https:\/\/www.mojabochnia.pl\/?p=68258\"]}]},{\"@type\":\"BreadcrumbList\",\"@id\":\"https:\/\/www.mojabochnia.pl\/?p=68258#breadcrumb\",\"itemListElement\":[{\"@type\":\"ListItem\",\"position\":1,\"name\":\"Home\",\"item\":\"https:\/\/www.mojabochnia.pl\/\"},{\"@type\":\"ListItem\",\"position\":2,\"name\":\"Samoch\u00f3d z chlebem znaleziony. Z\u0142odziej odstawi\u0142 chleb pod plebani\u0119\"}]},{\"@type\":\"WebSite\",\"@id\":\"https:\/\/www.mojabochnia.pl\/#website\",\"url\":\"https:\/\/www.mojabochnia.pl\/\",\"name\":\"mojabochnia.pl - portal informacyjny\",\"description\":\"mojaBochnia to portal informacyjny o Bochni. Codziennie o Bochni piszemy i pokazujemy najwa\u017cniejsze wydarzenia\",\"publisher\":{\"@id\":\"https:\/\/www.mojabochnia.pl\/#organization\"},\"potentialAction\":[{\"@type\":\"SearchAction\",\"target\":{\"@type\":\"EntryPoint\",\"urlTemplate\":\"https:\/\/www.mojabochnia.pl\/?s={search_term_string}\"},\"query-input\":{\"@type\":\"PropertyValueSpecification\",\"valueRequired\":true,\"valueName\":\"search_term_string\"}}],\"inLanguage\":\"pl-PL\"},{\"@type\":\"Organization\",\"@id\":\"https:\/\/www.mojabochnia.pl\/#organization\",\"name\":\"mojabochnia.pl - portal informacyjny\",\"url\":\"https:\/\/www.mojabochnia.pl\/\",\"logo\":{\"@type\":\"ImageObject\",\"inLanguage\":\"pl-PL\",\"@id\":\"https:\/\/www.mojabochnia.pl\/#\/schema\/logo\/image\/\",\"url\":\"https:\/\/www.mojabochnia.pl\/wp-content\/uploads\/2017\/08\/logo-mb-opt.png\",\"contentUrl\":\"https:\/\/www.mojabochnia.pl\/wp-content\/uploads\/2017\/08\/logo-mb-opt.png\",\"width\":250,\"height\":48,\"caption\":\"mojabochnia.pl - portal informacyjny\"},\"image\":{\"@id\":\"https:\/\/www.mojabochnia.pl\/#\/schema\/logo\/image\/\"},\"sameAs\":[\"https:\/\/www.facebook.com\/mojabochnia\"]},{\"@type\":\"Person\",\"@id\":\"https:\/\/www.mojabochnia.pl\/#\/schema\/person\/9e15cf1bcb74043790f124a3130fe41e\",\"name\":\"informacja prasowa\",\"sameAs\":[\"http:\/\/\"],\"url\":\"https:\/\/www.mojabochnia.pl\/?author=8\"}]}<\/script>\n<!-- \/ Yoast SEO plugin. -->","yoast_head_json":{"title":"Samoch\u00f3d z chlebem znaleziony. Z\u0142odziej odstawi\u0142 chleb pod plebani\u0119 - mojabochnia.pl - portal informacyjny","robots":{"index":"index","follow":"follow","max-snippet":"max-snippet:-1","max-image-preview":"max-image-preview:large","max-video-preview":"max-video-preview:-1"},"canonical":"https:\/\/www.mojabochnia.pl\/?p=68258","og_locale":"pl_PL","og_type":"article","og_title":"Samoch\u00f3d z chlebem znaleziony. Z\u0142odziej odstawi\u0142 chleb pod plebani\u0119 - mojabochnia.pl - portal informacyjny","og_description":"Samoch\u00f3d skradziony w Bochni 5 marca zosta\u0142 odzyskany. Skradzione kosze z chlebem z\u0142odziej wy\u0142adowa\u0142 w nocy pod plebani\u0105 w Rzezawie. Kobieta pracuj\u0105ca na plebani by\u0142a przekonana, i\u017c jest to dar od osoby, kt\u00f3ra chce zachowa\u0107 anonimowo\u015b\u0107.","og_url":"https:\/\/www.mojabochnia.pl\/?p=68258","og_site_name":"mojabochnia.pl - portal informacyjny","article_publisher":"https:\/\/www.facebook.com\/mojabochnia","article_published_time":"2012-03-07T14:35:49+00:00","article_modified_time":"2012-03-07T14:36:35+00:00","author":"informacja prasowa","twitter_card":"summary_large_image","twitter_misc":{"Written by":"informacja prasowa","Est. reading time":"2 minuty"},"schema":{"@context":"https:\/\/schema.org","@graph":[{"@type":"Article","@id":"https:\/\/www.mojabochnia.pl\/?p=68258#article","isPartOf":{"@id":"https:\/\/www.mojabochnia.pl\/?p=68258"},"author":{"name":"informacja prasowa","@id":"https:\/\/www.mojabochnia.pl\/#\/schema\/person\/9e15cf1bcb74043790f124a3130fe41e"},"headline":"Samoch\u00f3d z chlebem znaleziony. Z\u0142odziej odstawi\u0142 chleb pod plebani\u0119","datePublished":"2012-03-07T14:35:49+00:00","dateModified":"2012-03-07T14:36:35+00:00","mainEntityOfPage":{"@id":"https:\/\/www.mojabochnia.pl\/?p=68258"},"wordCount":375,"commentCount":0,"publisher":{"@id":"https:\/\/www.mojabochnia.pl\/#organization"},"keywords":["chleb","leszek machaj","pieczywo","policja","samoch\u00f3d"],"articleSection":["2_ostatnie","polityka i wydarzenia","tematyka"],"inLanguage":"pl-PL","potentialAction":[{"@type":"CommentAction","name":"Comment","target":["https:\/\/www.mojabochnia.pl\/?p=68258#respond"]}]},{"@type":"WebPage","@id":"https:\/\/www.mojabochnia.pl\/?p=68258","url":"https:\/\/www.mojabochnia.pl\/?p=68258","name":"Samoch\u00f3d z chlebem znaleziony. Z\u0142odziej odstawi\u0142 chleb pod plebani\u0119 - mojabochnia.pl - portal informacyjny","isPartOf":{"@id":"https:\/\/www.mojabochnia.pl\/#website"},"datePublished":"2012-03-07T14:35:49+00:00","dateModified":"2012-03-07T14:36:35+00:00","breadcrumb":{"@id":"https:\/\/www.mojabochnia.pl\/?p=68258#breadcrumb"},"inLanguage":"pl-PL","potentialAction":[{"@type":"ReadAction","target":["https:\/\/www.mojabochnia.pl\/?p=68258"]}]},{"@type":"BreadcrumbList","@id":"https:\/\/www.mojabochnia.pl\/?p=68258#breadcrumb","itemListElement":[{"@type":"ListItem","position":1,"name":"Home","item":"https:\/\/www.mojabochnia.pl\/"},{"@type":"ListItem","position":2,"name":"Samoch\u00f3d z chlebem znaleziony. Z\u0142odziej odstawi\u0142 chleb pod plebani\u0119"}]},{"@type":"WebSite","@id":"https:\/\/www.mojabochnia.pl\/#website","url":"https:\/\/www.mojabochnia.pl\/","name":"mojabochnia.pl - portal informacyjny","description":"mojaBochnia to portal informacyjny o Bochni. Codziennie o Bochni piszemy i pokazujemy najwa\u017cniejsze wydarzenia","publisher":{"@id":"https:\/\/www.mojabochnia.pl\/#organization"},"potentialAction":[{"@type":"SearchAction","target":{"@type":"EntryPoint","urlTemplate":"https:\/\/www.mojabochnia.pl\/?s={search_term_string}"},"query-input":{"@type":"PropertyValueSpecification","valueRequired":true,"valueName":"search_term_string"}}],"inLanguage":"pl-PL"},{"@type":"Organization","@id":"https:\/\/www.mojabochnia.pl\/#organization","name":"mojabochnia.pl - portal informacyjny","url":"https:\/\/www.mojabochnia.pl\/","logo":{"@type":"ImageObject","inLanguage":"pl-PL","@id":"https:\/\/www.mojabochnia.pl\/#\/schema\/logo\/image\/","url":"https:\/\/www.mojabochnia.pl\/wp-content\/uploads\/2017\/08\/logo-mb-opt.png","contentUrl":"https:\/\/www.mojabochnia.pl\/wp-content\/uploads\/2017\/08\/logo-mb-opt.png","width":250,"height":48,"caption":"mojabochnia.pl - portal informacyjny"},"image":{"@id":"https:\/\/www.mojabochnia.pl\/#\/schema\/logo\/image\/"},"sameAs":["https:\/\/www.facebook.com\/mojabochnia"]},{"@type":"Person","@id":"https:\/\/www.mojabochnia.pl\/#\/schema\/person\/9e15cf1bcb74043790f124a3130fe41e","name":"informacja prasowa","sameAs":["http:\/\/"],"url":"https:\/\/www.mojabochnia.pl\/?author=8"}]}},"_links":{"self":[{"href":"https:\/\/www.mojabochnia.pl\/index.php?rest_route=\/wp\/v2\/posts\/68258","targetHints":{"allow":["GET"]}}],"collection":[{"href":"https:\/\/www.mojabochnia.pl\/index.php?rest_route=\/wp\/v2\/posts"}],"about":[{"href":"https:\/\/www.mojabochnia.pl\/index.php?rest_route=\/wp\/v2\/types\/post"}],"author":[{"embeddable":true,"href":"https:\/\/www.mojabochnia.pl\/index.php?rest_route=\/wp\/v2\/users\/8"}],"replies":[{"embeddable":true,"href":"https:\/\/www.mojabochnia.pl\/index.php?rest_route=%2Fwp%2Fv2%2Fcomments&post=68258"}],"version-history":[{"count":4,"href":"https:\/\/www.mojabochnia.pl\/index.php?rest_route=\/wp\/v2\/posts\/68258\/revisions"}],"predecessor-version":[{"id":68263,"href":"https:\/\/www.mojabochnia.pl\/index.php?rest_route=\/wp\/v2\/posts\/68258\/revisions\/68263"}],"wp:attachment":[{"href":"https:\/\/www.mojabochnia.pl\/index.php?rest_route=%2Fwp%2Fv2%2Fmedia&parent=68258"}],"wp:term":[{"taxonomy":"category","embeddable":true,"href":"https:\/\/www.mojabochnia.pl\/index.php?rest_route=%2Fwp%2Fv2%2Fcategories&post=68258"},{"taxonomy":"post_tag","embeddable":true,"href":"https:\/\/www.mojabochnia.pl\/index.php?rest_route=%2Fwp%2Fv2%2Ftags&post=68258"}],"curies":[{"name":"wp","href":"https:\/\/api.w.org\/{rel}","templated":true}]}}