{"id":68250,"date":"2012-03-07T10:21:01","date_gmt":"2012-03-07T09:21:01","guid":{"rendered":"http:\/\/www.mojabochnia.pl\/?p=68250"},"modified":"2012-03-07T10:21:01","modified_gmt":"2012-03-07T09:21:01","slug":"przyszlosc-sanepidu-wciaz-niepewna","status":"publish","type":"post","link":"https:\/\/www.mojabochnia.pl\/?p=68250","title":{"rendered":"Przysz\u0142o\u015b\u0107 Sanepidu wci\u0105\u017c niepewna"},"content":{"rendered":"<p>O sprawie plan\u00f3w likwidacji Sanepidu w Bochni szef jednostki m\u00f3wi\u0142 ju\u017c rok temu podczas sesji rady powiatu. W 2010 r. trwa\u0142a walka o ocalenie stacji sanitarnej od likwidacji i przy\u0142\u0105czenia powiatu boche\u0144skiego do stacji w Brzesku. Jesieni\u0105 2011 r. wojewoda Stanis\u0142aw Kracik, wizytuj\u0105c boche\u0144ski Sanepid, deklarowa\u0142, \u017ce nie b\u0119dzie on likwidowany. Jak si\u0119 jednak okazuje, po zmianie na stanowisku wojewody sytuacja nadal nie jest pewna.<\/p>\n<p><em>Zagro\u017cone s\u0105 tzw. ma\u0142e stacje: Bochnia, Brzesko, Miech\u00f3w, Gorlice. S\u0105 to stacje ma\u0142e, ze wzgl\u0119du na to, \u017ce powiat nie jest du\u017cy. Na pewno utrzymaj\u0105 si\u0119 dawne stacje wojew\u00f3dzkie, czyli Tarn\u00f3w, Nowy S\u0105cz. A ma\u0142e, nie wiadomo. Poza tym m\u00f3wi si\u0119, \u017ce stacje maj\u0105 by\u0107 \u0142\u0105czone. Kt\u00f3ra z kt\u00f3r\u0105, trudno powiedzie\u0107<\/em> \u2013 m\u00f3wi Stanis\u0142aw Weiss, Pa\u0144stwowy Powiatowy Inspektor Sanitarny w Bochni.<\/p>\n<p>Reorganizacja mia\u0142aby na celu oszcz\u0119dno\u015bci na administracji. Jednak zdaniem szefa Sanepidu w Bochni likwidacja niekt\u00f3rych jednostek poci\u0105ga\u0142aby za sob\u0105 skutki uboczne. <em>Mo\u017ce to spowodowa\u0107 uwstecznienie niekt\u00f3rych inspekcji sanitarnych ze wzgl\u0119du na odleg\u0142o\u015b\u0107 od szefostwa, od struktur administracyjnych, kt\u00f3re kieruj\u0105 dan\u0105 jednostk\u0105. Wi\u0119c trzeba si\u0119 zastanowi\u0107, czy to ma sens i jaki to ma sens<\/em>.<\/p>\n<p>W boche\u0144skiej stacji sanitarno-epidemiologicznej pracuj\u0105 33 osoby. Tutejsze laboratorium wykonuje badania nie tylko dla Bochni i Boche\u0144szczyzny, ale r\u00f3wnie\u017c dla powiat\u00f3w wielickiego, proszowickiego i limanowskiego.<\/p>\n","protected":false},"excerpt":{"rendered":"<p>Niepokoj\u0105ce wie\u015bci p\u0142yn\u0105 z boche\u0144skiego Sanepidu. Wed\u0142ug za\u0142o\u017ce\u0144 wojewody, liczba stacji sanitarnych w wojew\u00f3dztwie ma zosta\u0107 pomniejszona. Nadal nie wiadomo, czy likwidacja nie dotknie boche\u0144skiej jednostki.<\/p>\n","protected":false},"author":4,"featured_media":0,"comment_status":"open","ping_status":"closed","sticky":true,"template":"","format":"standard","meta":{"_acf_changed":false,"footnotes":""},"categories":[5,6251,6250],"tags":[1300,2726,2234,17180,380,17698],"class_list":["post-68250","post","type-post","status-publish","format-standard","hentry","category-biezace-wydarzenia","category-polityka-i-wydarzenia","category-tematyka","tag-administracja","tag-likwidacja","tag-oszczednosci","tag-sanepid","tag-stanislaw-weiss","tag-wojewoda","main_tag-sanepid"],"acf":[],"yoast_head":"<!-- This site is optimized with the Yoast SEO plugin v26.9 - https:\/\/yoast.com\/product\/yoast-seo-wordpress\/ -->\n<title>Przysz\u0142o\u015b\u0107 Sanepidu wci\u0105\u017c niepewna - mojabochnia.pl - portal informacyjny<\/title>\n<meta name=\"robots\" content=\"index, follow, max-snippet:-1, max-image-preview:large, max-video-preview:-1\" \/>\n<link rel=\"canonical\" href=\"https:\/\/www.mojabochnia.pl\/?p=68250\" \/>\n<meta property=\"og:locale\" content=\"pl_PL\" \/>\n<meta property=\"og:type\" content=\"article\" \/>\n<meta property=\"og:title\" content=\"Przysz\u0142o\u015b\u0107 Sanepidu wci\u0105\u017c niepewna - mojabochnia.pl - portal informacyjny\" \/>\n<meta property=\"og:description\" content=\"Niepokoj\u0105ce wie\u015bci p\u0142yn\u0105 z boche\u0144skiego Sanepidu. Wed\u0142ug za\u0142o\u017ce\u0144 wojewody, liczba stacji sanitarnych w wojew\u00f3dztwie ma zosta\u0107 pomniejszona. Nadal nie wiadomo, czy likwidacja nie dotknie boche\u0144skiej jednostki.\" \/>\n<meta property=\"og:url\" content=\"https:\/\/www.mojabochnia.pl\/?p=68250\" \/>\n<meta property=\"og:site_name\" content=\"mojabochnia.pl - portal informacyjny\" \/>\n<meta property=\"article:publisher\" content=\"https:\/\/www.facebook.com\/mojabochnia\" \/>\n<meta property=\"article:published_time\" content=\"2012-03-07T09:21:01+00:00\" \/>\n<meta name=\"author\" content=\"Pawe\u0142 Michalczyk\" \/>\n<meta name=\"twitter:card\" content=\"summary_large_image\" \/>\n<meta name=\"twitter:label1\" content=\"Written by\" \/>\n\t<meta name=\"twitter:data1\" content=\"Pawe\u0142 Michalczyk\" \/>\n\t<meta name=\"twitter:label2\" content=\"Est. reading time\" \/>\n\t<meta name=\"twitter:data2\" content=\"1 minuta\" \/>\n<script type=\"application\/ld+json\" class=\"yoast-schema-graph\">{\"@context\":\"https:\/\/schema.org\",\"@graph\":[{\"@type\":\"Article\",\"@id\":\"https:\/\/www.mojabochnia.pl\/?p=68250#article\",\"isPartOf\":{\"@id\":\"https:\/\/www.mojabochnia.pl\/?p=68250\"},\"author\":{\"name\":\"Pawe\u0142 Michalczyk\",\"@id\":\"https:\/\/www.mojabochnia.pl\/#\/schema\/person\/ea042e4724a77627963f02166828ead4\"},\"headline\":\"Przysz\u0142o\u015b\u0107 Sanepidu wci\u0105\u017c niepewna\",\"datePublished\":\"2012-03-07T09:21:01+00:00\",\"mainEntityOfPage\":{\"@id\":\"https:\/\/www.mojabochnia.pl\/?p=68250\"},\"wordCount\":247,\"commentCount\":0,\"publisher\":{\"@id\":\"https:\/\/www.mojabochnia.pl\/#organization\"},\"keywords\":[\"administracja\",\"likwidacja\",\"oszcz\u0119dno\u015bci\",\"sanepid\",\"stanis\u0142aw weiss\",\"wojewoda\"],\"articleSection\":[\"2_ostatnie\",\"polityka i wydarzenia\",\"tematyka\"],\"inLanguage\":\"pl-PL\",\"potentialAction\":[{\"@type\":\"CommentAction\",\"name\":\"Comment\",\"target\":[\"https:\/\/www.mojabochnia.pl\/?p=68250#respond\"]}]},{\"@type\":\"WebPage\",\"@id\":\"https:\/\/www.mojabochnia.pl\/?p=68250\",\"url\":\"https:\/\/www.mojabochnia.pl\/?p=68250\",\"name\":\"Przysz\u0142o\u015b\u0107 Sanepidu wci\u0105\u017c niepewna - mojabochnia.pl - portal informacyjny\",\"isPartOf\":{\"@id\":\"https:\/\/www.mojabochnia.pl\/#website\"},\"datePublished\":\"2012-03-07T09:21:01+00:00\",\"breadcrumb\":{\"@id\":\"https:\/\/www.mojabochnia.pl\/?p=68250#breadcrumb\"},\"inLanguage\":\"pl-PL\",\"potentialAction\":[{\"@type\":\"ReadAction\",\"target\":[\"https:\/\/www.mojabochnia.pl\/?p=68250\"]}]},{\"@type\":\"BreadcrumbList\",\"@id\":\"https:\/\/www.mojabochnia.pl\/?p=68250#breadcrumb\",\"itemListElement\":[{\"@type\":\"ListItem\",\"position\":1,\"name\":\"Home\",\"item\":\"https:\/\/www.mojabochnia.pl\/\"},{\"@type\":\"ListItem\",\"position\":2,\"name\":\"Przysz\u0142o\u015b\u0107 Sanepidu wci\u0105\u017c niepewna\"}]},{\"@type\":\"WebSite\",\"@id\":\"https:\/\/www.mojabochnia.pl\/#website\",\"url\":\"https:\/\/www.mojabochnia.pl\/\",\"name\":\"mojabochnia.pl - portal informacyjny\",\"description\":\"mojaBochnia to portal informacyjny o Bochni. Codziennie o Bochni piszemy i pokazujemy najwa\u017cniejsze wydarzenia\",\"publisher\":{\"@id\":\"https:\/\/www.mojabochnia.pl\/#organization\"},\"potentialAction\":[{\"@type\":\"SearchAction\",\"target\":{\"@type\":\"EntryPoint\",\"urlTemplate\":\"https:\/\/www.mojabochnia.pl\/?s={search_term_string}\"},\"query-input\":{\"@type\":\"PropertyValueSpecification\",\"valueRequired\":true,\"valueName\":\"search_term_string\"}}],\"inLanguage\":\"pl-PL\"},{\"@type\":\"Organization\",\"@id\":\"https:\/\/www.mojabochnia.pl\/#organization\",\"name\":\"mojabochnia.pl - portal informacyjny\",\"url\":\"https:\/\/www.mojabochnia.pl\/\",\"logo\":{\"@type\":\"ImageObject\",\"inLanguage\":\"pl-PL\",\"@id\":\"https:\/\/www.mojabochnia.pl\/#\/schema\/logo\/image\/\",\"url\":\"https:\/\/www.mojabochnia.pl\/wp-content\/uploads\/2017\/08\/logo-mb-opt.png\",\"contentUrl\":\"https:\/\/www.mojabochnia.pl\/wp-content\/uploads\/2017\/08\/logo-mb-opt.png\",\"width\":250,\"height\":48,\"caption\":\"mojabochnia.pl - portal informacyjny\"},\"image\":{\"@id\":\"https:\/\/www.mojabochnia.pl\/#\/schema\/logo\/image\/\"},\"sameAs\":[\"https:\/\/www.facebook.com\/mojabochnia\"]},{\"@type\":\"Person\",\"@id\":\"https:\/\/www.mojabochnia.pl\/#\/schema\/person\/ea042e4724a77627963f02166828ead4\",\"name\":\"Pawe\u0142 Michalczyk\",\"url\":\"https:\/\/www.mojabochnia.pl\/?author=4\"}]}<\/script>\n<!-- \/ Yoast SEO plugin. -->","yoast_head_json":{"title":"Przysz\u0142o\u015b\u0107 Sanepidu wci\u0105\u017c niepewna - mojabochnia.pl - portal informacyjny","robots":{"index":"index","follow":"follow","max-snippet":"max-snippet:-1","max-image-preview":"max-image-preview:large","max-video-preview":"max-video-preview:-1"},"canonical":"https:\/\/www.mojabochnia.pl\/?p=68250","og_locale":"pl_PL","og_type":"article","og_title":"Przysz\u0142o\u015b\u0107 Sanepidu wci\u0105\u017c niepewna - mojabochnia.pl - portal informacyjny","og_description":"Niepokoj\u0105ce wie\u015bci p\u0142yn\u0105 z boche\u0144skiego Sanepidu. Wed\u0142ug za\u0142o\u017ce\u0144 wojewody, liczba stacji sanitarnych w wojew\u00f3dztwie ma zosta\u0107 pomniejszona. Nadal nie wiadomo, czy likwidacja nie dotknie boche\u0144skiej jednostki.","og_url":"https:\/\/www.mojabochnia.pl\/?p=68250","og_site_name":"mojabochnia.pl - portal informacyjny","article_publisher":"https:\/\/www.facebook.com\/mojabochnia","article_published_time":"2012-03-07T09:21:01+00:00","author":"Pawe\u0142 Michalczyk","twitter_card":"summary_large_image","twitter_misc":{"Written by":"Pawe\u0142 Michalczyk","Est. reading time":"1 minuta"},"schema":{"@context":"https:\/\/schema.org","@graph":[{"@type":"Article","@id":"https:\/\/www.mojabochnia.pl\/?p=68250#article","isPartOf":{"@id":"https:\/\/www.mojabochnia.pl\/?p=68250"},"author":{"name":"Pawe\u0142 Michalczyk","@id":"https:\/\/www.mojabochnia.pl\/#\/schema\/person\/ea042e4724a77627963f02166828ead4"},"headline":"Przysz\u0142o\u015b\u0107 Sanepidu wci\u0105\u017c niepewna","datePublished":"2012-03-07T09:21:01+00:00","mainEntityOfPage":{"@id":"https:\/\/www.mojabochnia.pl\/?p=68250"},"wordCount":247,"commentCount":0,"publisher":{"@id":"https:\/\/www.mojabochnia.pl\/#organization"},"keywords":["administracja","likwidacja","oszcz\u0119dno\u015bci","sanepid","stanis\u0142aw weiss","wojewoda"],"articleSection":["2_ostatnie","polityka i wydarzenia","tematyka"],"inLanguage":"pl-PL","potentialAction":[{"@type":"CommentAction","name":"Comment","target":["https:\/\/www.mojabochnia.pl\/?p=68250#respond"]}]},{"@type":"WebPage","@id":"https:\/\/www.mojabochnia.pl\/?p=68250","url":"https:\/\/www.mojabochnia.pl\/?p=68250","name":"Przysz\u0142o\u015b\u0107 Sanepidu wci\u0105\u017c niepewna - mojabochnia.pl - portal informacyjny","isPartOf":{"@id":"https:\/\/www.mojabochnia.pl\/#website"},"datePublished":"2012-03-07T09:21:01+00:00","breadcrumb":{"@id":"https:\/\/www.mojabochnia.pl\/?p=68250#breadcrumb"},"inLanguage":"pl-PL","potentialAction":[{"@type":"ReadAction","target":["https:\/\/www.mojabochnia.pl\/?p=68250"]}]},{"@type":"BreadcrumbList","@id":"https:\/\/www.mojabochnia.pl\/?p=68250#breadcrumb","itemListElement":[{"@type":"ListItem","position":1,"name":"Home","item":"https:\/\/www.mojabochnia.pl\/"},{"@type":"ListItem","position":2,"name":"Przysz\u0142o\u015b\u0107 Sanepidu wci\u0105\u017c niepewna"}]},{"@type":"WebSite","@id":"https:\/\/www.mojabochnia.pl\/#website","url":"https:\/\/www.mojabochnia.pl\/","name":"mojabochnia.pl - portal informacyjny","description":"mojaBochnia to portal informacyjny o Bochni. Codziennie o Bochni piszemy i pokazujemy najwa\u017cniejsze wydarzenia","publisher":{"@id":"https:\/\/www.mojabochnia.pl\/#organization"},"potentialAction":[{"@type":"SearchAction","target":{"@type":"EntryPoint","urlTemplate":"https:\/\/www.mojabochnia.pl\/?s={search_term_string}"},"query-input":{"@type":"PropertyValueSpecification","valueRequired":true,"valueName":"search_term_string"}}],"inLanguage":"pl-PL"},{"@type":"Organization","@id":"https:\/\/www.mojabochnia.pl\/#organization","name":"mojabochnia.pl - portal informacyjny","url":"https:\/\/www.mojabochnia.pl\/","logo":{"@type":"ImageObject","inLanguage":"pl-PL","@id":"https:\/\/www.mojabochnia.pl\/#\/schema\/logo\/image\/","url":"https:\/\/www.mojabochnia.pl\/wp-content\/uploads\/2017\/08\/logo-mb-opt.png","contentUrl":"https:\/\/www.mojabochnia.pl\/wp-content\/uploads\/2017\/08\/logo-mb-opt.png","width":250,"height":48,"caption":"mojabochnia.pl - portal informacyjny"},"image":{"@id":"https:\/\/www.mojabochnia.pl\/#\/schema\/logo\/image\/"},"sameAs":["https:\/\/www.facebook.com\/mojabochnia"]},{"@type":"Person","@id":"https:\/\/www.mojabochnia.pl\/#\/schema\/person\/ea042e4724a77627963f02166828ead4","name":"Pawe\u0142 Michalczyk","url":"https:\/\/www.mojabochnia.pl\/?author=4"}]}},"_links":{"self":[{"href":"https:\/\/www.mojabochnia.pl\/index.php?rest_route=\/wp\/v2\/posts\/68250","targetHints":{"allow":["GET"]}}],"collection":[{"href":"https:\/\/www.mojabochnia.pl\/index.php?rest_route=\/wp\/v2\/posts"}],"about":[{"href":"https:\/\/www.mojabochnia.pl\/index.php?rest_route=\/wp\/v2\/types\/post"}],"author":[{"embeddable":true,"href":"https:\/\/www.mojabochnia.pl\/index.php?rest_route=\/wp\/v2\/users\/4"}],"replies":[{"embeddable":true,"href":"https:\/\/www.mojabochnia.pl\/index.php?rest_route=%2Fwp%2Fv2%2Fcomments&post=68250"}],"version-history":[{"count":4,"href":"https:\/\/www.mojabochnia.pl\/index.php?rest_route=\/wp\/v2\/posts\/68250\/revisions"}],"predecessor-version":[{"id":68254,"href":"https:\/\/www.mojabochnia.pl\/index.php?rest_route=\/wp\/v2\/posts\/68250\/revisions\/68254"}],"wp:attachment":[{"href":"https:\/\/www.mojabochnia.pl\/index.php?rest_route=%2Fwp%2Fv2%2Fmedia&parent=68250"}],"wp:term":[{"taxonomy":"category","embeddable":true,"href":"https:\/\/www.mojabochnia.pl\/index.php?rest_route=%2Fwp%2Fv2%2Fcategories&post=68250"},{"taxonomy":"post_tag","embeddable":true,"href":"https:\/\/www.mojabochnia.pl\/index.php?rest_route=%2Fwp%2Fv2%2Ftags&post=68250"}],"curies":[{"name":"wp","href":"https:\/\/api.w.org\/{rel}","templated":true}]}}