{"id":68047,"date":"2012-03-03T16:12:01","date_gmt":"2012-03-03T15:12:01","guid":{"rendered":"http:\/\/www.mojabochnia.pl\/?p=68047"},"modified":"2012-03-03T16:12:01","modified_gmt":"2012-03-03T15:12:01","slug":"ponad-13-mln-zl-z-msw-na-remont-drog-i-mostow-w-powiecie-bochenskim","status":"publish","type":"post","link":"https:\/\/www.mojabochnia.pl\/?p=68047","title":{"rendered":"Ponad 13 mln z\u0142 z MSW na remont dr\u00f3g i most\u00f3w w powiecie boche\u0144skim"},"content":{"rendered":"<p>Dotacja przeznaczona jest na usuwanie skutk\u00f3w kl\u0119sk \u017cywio\u0142owych. Promesa w wysoko\u015bci 6 milion\u00f3w z\u0142otych dla powiatu zostanie przeznaczona na odbudow\u0119 infrastruktury drogowej, kt\u00f3ra zosta\u0142a mocno uszkodzona podczas powodzi w 2010 roku.<\/p>\n<p>Rz\u0105dowa dotacja zostanie przeznaczona na odbudow\u0119 trzech most\u00f3w w Kobylcu, Lipnicy G\u00f3rnej i Bogucicach oraz remont drogi powiatowej na odcinku Ostr\u00f3w Kr\u00f3lewski &#8211; Rzezawa.<br \/>\n<em><br \/>\nOtrzymanie tych \u015brodk\u00f3w to niew\u0105tpliwie kolejny sukces powiatu, dzi\u0119ki pracy wielu ludzi, za kt\u00f3r\u0105 im dzi\u0119kuj\u0119, b\u0119dzie mo\u017cliwa modernizacja obiekt\u00f3w, kt\u00f3rych stan techniczny wp\u0142ywa na bezpiecze\u0144stwo mieszka\u0144c\u00f3w naszego powiatu<\/em> &#8211; m\u00f3wi Jacek Paj\u0105k starosta boche\u0144ski.<\/p>\n<p><em>Prace przy tych obiektach rozpoczn\u0105 si\u0119 zaraz po wy\u0142onieniu wykonawcy w trybie ustawy zam\u00f3wie\u0144 publicznych, a trwa\u0107 b\u0119d\u0105 do ko\u0144ca roku<\/em> &#8211; dodaje starosta.<\/p>\n<p>Z terenu Powiatu Boche\u0144skiego promesy otrzyma\u0142y tak\u017ce <strong>wszystkie samorz\u0105dy gmin i miast<\/strong>:<\/p>\n<p><strong>Gmina Bochnia  1 200 000 tys. z\u0142otych na zadania:<\/strong><br \/>\n&#8211; Remont k\u0142adki wisz\u0105cej nad rzek\u0105 Rab\u0105 \u0142\u0105cz\u0105cej Damienice z Bochni\u0105<br \/>\n&#8211; Remont k\u0142adki wisz\u0105cej nad rzek\u0105 Rab\u0105 \u0142\u0105cz\u0105cej Majkowice z Mikluszowicami<br \/>\n&#8211; Remont infrastruktury drogowej &#8211; droga Prosz\u00f3wki Rajszula &#8211; II etap<br \/>\n&#8211; Remont infrastruktury drogowej &#8211; droga Siedlec<\/p>\n<p><strong>Miasto Bochnia 300 000 z\u0142otych na zadania:<\/strong><br \/>\n&#8211; Remont ul. Urbana &#8211; Si\u0119gacz 1<br \/>\n&#8211; Remont ul. Urbana &#8211; Si\u0119gacz<br \/>\n&#8211; Budowa ul. Kaima boczna  <\/p>\n<p><strong>Gmina Drwinia 600 000 z\u0142otych na zadania:<\/strong><br \/>\n&#8211; Remont drogi przez  Podborze od dr. woj. do dr. powiatowej<br \/>\n&#8211; Remont  elewacji O\u015brodka Zdrowia  w \u015awiniarach &#8211; z uk\u0142adem  komunikacji wewn\u0119trznej<br \/>\n&#8211; Remont drogi Obwodnica w Ispini<br \/>\n&#8211; Remont drogi Gaw\u0142\u00f3wek &#8211; Bajka  w Gaw\u0142\u00f3wku<br \/>\n&#8211; Remont drogi Galop\u00f3wka  do szko\u0142y <\/p>\n<p><strong>Gmina Lipnica Murowana 850 000 z\u0142otych na zadania:<\/strong><br \/>\n&#8211; Remont drogi &#8222;Wysoki Dzia\u0142&#8221; &#8211; Lipnica G\u00f3rna km<br \/>\n&#8211; Remont drogi &#8222;Dominiczna G\u00f3ra &#8211; zbiorniki&#8221; &#8211; Rajbrot oraz rzeki Uszwicy<br \/>\n&#8211; Remont drogi &#8222;Uliczka pod Ko\u015bcio\u0142em&#8221; &#8211; Lipnica Murowana<br \/>\n&#8211; Remont drogi &#8222;Brzeziny&#8221; &#8211; Rajbrot<br \/>\n&#8211; Remont drogi &#8222;Podlas&#8221; &#8211; Lipnica Dolna oraz rzeki Uszwicy<br \/>\n<strong><br \/>\nGmina \u0141apan\u00f3w 3 100 000 z\u0142otych na zadania:<\/strong><br \/>\n&#8211; Odbudowa boiska sportowego w \u0141apanowie<br \/>\n&#8211; Remont drogi gminnej nr K 580189 Kobylec &#8211; Wielka G\u00f3ra &#8211; Kanada wraz z remontem uszkodzonych dw\u00f3ch przepust\u00f3w w ci\u0105gu w\/w drogi<br \/>\n&#8211; Remont drogi gminnej nr K 580194 Lubomierz &#8211; Kurniki &#8211; do rzeki  w msc. Lubomierz etap I<br \/>\n&#8211; Remont drogi gminnej nr K 580206 Sobol\u00f3w &#8211; Cmentarz &#8211; Buczyna<br \/>\n&#8211; Remont drogi gminnej nr K 580163 Bocz\u00f3w &#8211; Brzezowa <\/p>\n<p><strong>Gmina i Miasto Nowy Wi\u015bnicz 700 000 z\u0142otych na zadania:<\/strong><br \/>\n&#8211; remont drogi gminnej G580284K Kopaliny &#8211; Stary Wi\u015bnicz<br \/>\n&#8211; remont mostu, betonowy sklepiony na potoku Leksandr\u00f3wka<br \/>\n&#8211; remont Boiska sportowego LKS &#8222;Gryf&#8221; <\/p>\n<p><strong>Gmina Rzezawa 280 000 z\u0142otych na zadania:<\/strong><br \/>\n&#8211; Remont drogi gminnej do o\u015b.Piaski k\/Kowalczyka w m. Borek<br \/>\n&#8211; Remont drogi gminnej za szko\u0142\u0105 k. Gorczycy w m. Krzecz\u00f3w<br \/>\n&#8211; Remont drogi gminnej w m. Bratucice<br \/>\n&#8211; Remont drogi gminnej w m. Rzezawa-ul. Gaj <\/p>\n<p><strong>Gmina Trzciana 250 000 z\u0142otych na zadania:<\/strong><br \/>\n&#8211; Odbudowa drogi Kamionna &#8211; Stolarnia<br \/>\n&#8211; Odbudowa drogi \u0141\u0105kta Dolna &#8211; Pasternik <\/p>\n<p><strong>Gmina \u017begocina 1 100 000 z\u0142otych na zadania:<\/strong><br \/>\n&#8211; Odbudowa cz\u0119\u015bci mechanicznej oczyszczalni \u015bciek\u00f3w w \u0141\u0105kcie<br \/>\n&#8211; Odbudowa drogi gminnej &#8222;Przys\u0142op&#8221; w \u017begocinie<br \/>\n&#8211; Odbudowa drogi gminnej \u017begocina \u2013 Mariany<br \/>\n&#8211; Odbudowa drogi gminnej Be\u0142dno \u2013 Krzy\u017c\u00f3wka \u2013 Wie\u015b<br \/>\n&#8211; Odbudowa drogi gminnej &#8222;Skolnik&#8221; w Rozdzielu <\/p>\n<p><em>Jako powiat w\u0142\u0105czyli\u015bmy si\u0119 r\u00f3wnie\u017c w starania o pozyskanie \u015brodk\u00f3w na remont drogi wojew\u00f3dzkiej w Drwini, na kt\u00f3r\u0105 uda\u0142o si\u0119 uzyska\u0107 dofinansowanie na wykonanie \u0142\u0105cznie prawie 1,5 km nawierzchni oraz 6 przepust\u00f3w<\/em> \u2013 m\u00f3wi Tomasz Ca\u0142ka wicestarosta.<\/p>\n<p>Wr\u0119czenie promes odb\u0119dzie si\u0119 13 marca w Ma\u0142opolskim Urz\u0119dzie Wojew\u00f3dzkim. Pieni\u0105dze na usuwanie skutk\u00f3w powodzi pochodz\u0105 z rezerwy celowej bud\u017cetu pa\u0144stwa. Samorz\u0105dy otrzymaj\u0105 dotacje po wy\u0142onieniu wykonawc\u00f3w inwestycji i podpisaniu um\u00f3w z wojewod\u0105 ma\u0142opolskim. Samorz\u0105dy musz\u0105 przeznaczy\u0107 otrzymane dofinansowanie na odbudow\u0119 tych obiekt\u00f3w, kt\u00f3re zosta\u0142y uwzgl\u0119dnione wcze\u015bniej w protoko\u0142ach komisji wojewody ds. weryfikowania szacunk\u00f3w strat w infrastrukturze komunalnej.<\/p>\n","protected":false},"excerpt":{"rendered":"<p>Kolejna \u015bwietna wiadomo\u015b\u0107 dla Boche\u0144szczyzny. Ministerstwo Spraw Wewn\u0119trznych przeka\u017ce z tzw. powodzi\u00f3wki powiatowi 6 mln z\u0142, a gminom ponad 7,5 mln z\u0142. Dzi\u0119ki temu odnowionych zostanie kilkadziesi\u0105t odcink\u00f3w dr\u00f3g, kilka most\u00f3w i innych obiekt\u00f3w.<\/p>\n","protected":false},"author":8,"featured_media":0,"comment_status":"open","ping_status":"closed","sticky":false,"template":"","format":"standard","meta":{"_acf_changed":false,"footnotes":""},"categories":[5,6251,6250],"tags":[17253,17357,975,17356,10714,1106,17398,17774,17300],"class_list":["post-68047","post","type-post","status-publish","format-standard","hentry","category-biezace-wydarzenia","category-polityka-i-wydarzenia","category-tematyka","tag-dotacja","tag-droga","tag-gmina","tag-most","tag-msw","tag-mswia","tag-powiat","tag-powodz","tag-remont","main_tag-dotacja"],"acf":[],"yoast_head":"<!-- This site is optimized with the Yoast SEO plugin v26.9 - https:\/\/yoast.com\/product\/yoast-seo-wordpress\/ -->\n<title>Ponad 13 mln z\u0142 z MSW na remont dr\u00f3g i most\u00f3w w powiecie boche\u0144skim - mojabochnia.pl - portal informacyjny<\/title>\n<meta name=\"robots\" content=\"index, follow, max-snippet:-1, max-image-preview:large, max-video-preview:-1\" \/>\n<link rel=\"canonical\" href=\"https:\/\/www.mojabochnia.pl\/?p=68047\" \/>\n<meta property=\"og:locale\" content=\"pl_PL\" \/>\n<meta property=\"og:type\" content=\"article\" \/>\n<meta property=\"og:title\" content=\"Ponad 13 mln z\u0142 z MSW na remont dr\u00f3g i most\u00f3w w powiecie boche\u0144skim - mojabochnia.pl - portal informacyjny\" \/>\n<meta property=\"og:description\" content=\"Kolejna \u015bwietna wiadomo\u015b\u0107 dla Boche\u0144szczyzny. Ministerstwo Spraw Wewn\u0119trznych przeka\u017ce z tzw. powodzi\u00f3wki powiatowi 6 mln z\u0142, a gminom ponad 7,5 mln z\u0142. Dzi\u0119ki temu odnowionych zostanie kilkadziesi\u0105t odcink\u00f3w dr\u00f3g, kilka most\u00f3w i innych obiekt\u00f3w.\" \/>\n<meta property=\"og:url\" content=\"https:\/\/www.mojabochnia.pl\/?p=68047\" \/>\n<meta property=\"og:site_name\" content=\"mojabochnia.pl - portal informacyjny\" \/>\n<meta property=\"article:publisher\" content=\"https:\/\/www.facebook.com\/mojabochnia\" \/>\n<meta property=\"article:published_time\" content=\"2012-03-03T15:12:01+00:00\" \/>\n<meta name=\"author\" content=\"informacja prasowa\" \/>\n<meta name=\"twitter:card\" content=\"summary_large_image\" \/>\n<meta name=\"twitter:label1\" content=\"Written by\" \/>\n\t<meta name=\"twitter:data1\" content=\"informacja prasowa\" \/>\n\t<meta name=\"twitter:label2\" content=\"Est. reading time\" \/>\n\t<meta name=\"twitter:data2\" content=\"4 minuty\" \/>\n<script type=\"application\/ld+json\" class=\"yoast-schema-graph\">{\"@context\":\"https:\/\/schema.org\",\"@graph\":[{\"@type\":\"Article\",\"@id\":\"https:\/\/www.mojabochnia.pl\/?p=68047#article\",\"isPartOf\":{\"@id\":\"https:\/\/www.mojabochnia.pl\/?p=68047\"},\"author\":{\"name\":\"informacja prasowa\",\"@id\":\"https:\/\/www.mojabochnia.pl\/#\/schema\/person\/9e15cf1bcb74043790f124a3130fe41e\"},\"headline\":\"Ponad 13 mln z\u0142 z MSW na remont dr\u00f3g i most\u00f3w w powiecie boche\u0144skim\",\"datePublished\":\"2012-03-03T15:12:01+00:00\",\"mainEntityOfPage\":{\"@id\":\"https:\/\/www.mojabochnia.pl\/?p=68047\"},\"wordCount\":717,\"commentCount\":0,\"publisher\":{\"@id\":\"https:\/\/www.mojabochnia.pl\/#organization\"},\"keywords\":[\"dotacja\",\"droga\",\"gmina\",\"most\",\"msw\",\"mswia\",\"powiat\",\"pow\u00f3d\u017a\",\"remont\"],\"articleSection\":[\"2_ostatnie\",\"polityka i wydarzenia\",\"tematyka\"],\"inLanguage\":\"pl-PL\",\"potentialAction\":[{\"@type\":\"CommentAction\",\"name\":\"Comment\",\"target\":[\"https:\/\/www.mojabochnia.pl\/?p=68047#respond\"]}]},{\"@type\":\"WebPage\",\"@id\":\"https:\/\/www.mojabochnia.pl\/?p=68047\",\"url\":\"https:\/\/www.mojabochnia.pl\/?p=68047\",\"name\":\"Ponad 13 mln z\u0142 z MSW na remont dr\u00f3g i most\u00f3w w powiecie boche\u0144skim - mojabochnia.pl - portal informacyjny\",\"isPartOf\":{\"@id\":\"https:\/\/www.mojabochnia.pl\/#website\"},\"datePublished\":\"2012-03-03T15:12:01+00:00\",\"breadcrumb\":{\"@id\":\"https:\/\/www.mojabochnia.pl\/?p=68047#breadcrumb\"},\"inLanguage\":\"pl-PL\",\"potentialAction\":[{\"@type\":\"ReadAction\",\"target\":[\"https:\/\/www.mojabochnia.pl\/?p=68047\"]}]},{\"@type\":\"BreadcrumbList\",\"@id\":\"https:\/\/www.mojabochnia.pl\/?p=68047#breadcrumb\",\"itemListElement\":[{\"@type\":\"ListItem\",\"position\":1,\"name\":\"Home\",\"item\":\"https:\/\/www.mojabochnia.pl\/\"},{\"@type\":\"ListItem\",\"position\":2,\"name\":\"Ponad 13 mln z\u0142 z MSW na remont dr\u00f3g i most\u00f3w w powiecie boche\u0144skim\"}]},{\"@type\":\"WebSite\",\"@id\":\"https:\/\/www.mojabochnia.pl\/#website\",\"url\":\"https:\/\/www.mojabochnia.pl\/\",\"name\":\"mojabochnia.pl - portal informacyjny\",\"description\":\"mojaBochnia to portal informacyjny o Bochni. Codziennie o Bochni piszemy i pokazujemy najwa\u017cniejsze wydarzenia\",\"publisher\":{\"@id\":\"https:\/\/www.mojabochnia.pl\/#organization\"},\"potentialAction\":[{\"@type\":\"SearchAction\",\"target\":{\"@type\":\"EntryPoint\",\"urlTemplate\":\"https:\/\/www.mojabochnia.pl\/?s={search_term_string}\"},\"query-input\":{\"@type\":\"PropertyValueSpecification\",\"valueRequired\":true,\"valueName\":\"search_term_string\"}}],\"inLanguage\":\"pl-PL\"},{\"@type\":\"Organization\",\"@id\":\"https:\/\/www.mojabochnia.pl\/#organization\",\"name\":\"mojabochnia.pl - portal informacyjny\",\"url\":\"https:\/\/www.mojabochnia.pl\/\",\"logo\":{\"@type\":\"ImageObject\",\"inLanguage\":\"pl-PL\",\"@id\":\"https:\/\/www.mojabochnia.pl\/#\/schema\/logo\/image\/\",\"url\":\"https:\/\/www.mojabochnia.pl\/wp-content\/uploads\/2017\/08\/logo-mb-opt.png\",\"contentUrl\":\"https:\/\/www.mojabochnia.pl\/wp-content\/uploads\/2017\/08\/logo-mb-opt.png\",\"width\":250,\"height\":48,\"caption\":\"mojabochnia.pl - portal informacyjny\"},\"image\":{\"@id\":\"https:\/\/www.mojabochnia.pl\/#\/schema\/logo\/image\/\"},\"sameAs\":[\"https:\/\/www.facebook.com\/mojabochnia\"]},{\"@type\":\"Person\",\"@id\":\"https:\/\/www.mojabochnia.pl\/#\/schema\/person\/9e15cf1bcb74043790f124a3130fe41e\",\"name\":\"informacja prasowa\",\"sameAs\":[\"http:\/\/\"],\"url\":\"https:\/\/www.mojabochnia.pl\/?author=8\"}]}<\/script>\n<!-- \/ Yoast SEO plugin. -->","yoast_head_json":{"title":"Ponad 13 mln z\u0142 z MSW na remont dr\u00f3g i most\u00f3w w powiecie boche\u0144skim - mojabochnia.pl - portal informacyjny","robots":{"index":"index","follow":"follow","max-snippet":"max-snippet:-1","max-image-preview":"max-image-preview:large","max-video-preview":"max-video-preview:-1"},"canonical":"https:\/\/www.mojabochnia.pl\/?p=68047","og_locale":"pl_PL","og_type":"article","og_title":"Ponad 13 mln z\u0142 z MSW na remont dr\u00f3g i most\u00f3w w powiecie boche\u0144skim - mojabochnia.pl - portal informacyjny","og_description":"Kolejna \u015bwietna wiadomo\u015b\u0107 dla Boche\u0144szczyzny. Ministerstwo Spraw Wewn\u0119trznych przeka\u017ce z tzw. powodzi\u00f3wki powiatowi 6 mln z\u0142, a gminom ponad 7,5 mln z\u0142. Dzi\u0119ki temu odnowionych zostanie kilkadziesi\u0105t odcink\u00f3w dr\u00f3g, kilka most\u00f3w i innych obiekt\u00f3w.","og_url":"https:\/\/www.mojabochnia.pl\/?p=68047","og_site_name":"mojabochnia.pl - portal informacyjny","article_publisher":"https:\/\/www.facebook.com\/mojabochnia","article_published_time":"2012-03-03T15:12:01+00:00","author":"informacja prasowa","twitter_card":"summary_large_image","twitter_misc":{"Written by":"informacja prasowa","Est. reading time":"4 minuty"},"schema":{"@context":"https:\/\/schema.org","@graph":[{"@type":"Article","@id":"https:\/\/www.mojabochnia.pl\/?p=68047#article","isPartOf":{"@id":"https:\/\/www.mojabochnia.pl\/?p=68047"},"author":{"name":"informacja prasowa","@id":"https:\/\/www.mojabochnia.pl\/#\/schema\/person\/9e15cf1bcb74043790f124a3130fe41e"},"headline":"Ponad 13 mln z\u0142 z MSW na remont dr\u00f3g i most\u00f3w w powiecie boche\u0144skim","datePublished":"2012-03-03T15:12:01+00:00","mainEntityOfPage":{"@id":"https:\/\/www.mojabochnia.pl\/?p=68047"},"wordCount":717,"commentCount":0,"publisher":{"@id":"https:\/\/www.mojabochnia.pl\/#organization"},"keywords":["dotacja","droga","gmina","most","msw","mswia","powiat","pow\u00f3d\u017a","remont"],"articleSection":["2_ostatnie","polityka i wydarzenia","tematyka"],"inLanguage":"pl-PL","potentialAction":[{"@type":"CommentAction","name":"Comment","target":["https:\/\/www.mojabochnia.pl\/?p=68047#respond"]}]},{"@type":"WebPage","@id":"https:\/\/www.mojabochnia.pl\/?p=68047","url":"https:\/\/www.mojabochnia.pl\/?p=68047","name":"Ponad 13 mln z\u0142 z MSW na remont dr\u00f3g i most\u00f3w w powiecie boche\u0144skim - mojabochnia.pl - portal informacyjny","isPartOf":{"@id":"https:\/\/www.mojabochnia.pl\/#website"},"datePublished":"2012-03-03T15:12:01+00:00","breadcrumb":{"@id":"https:\/\/www.mojabochnia.pl\/?p=68047#breadcrumb"},"inLanguage":"pl-PL","potentialAction":[{"@type":"ReadAction","target":["https:\/\/www.mojabochnia.pl\/?p=68047"]}]},{"@type":"BreadcrumbList","@id":"https:\/\/www.mojabochnia.pl\/?p=68047#breadcrumb","itemListElement":[{"@type":"ListItem","position":1,"name":"Home","item":"https:\/\/www.mojabochnia.pl\/"},{"@type":"ListItem","position":2,"name":"Ponad 13 mln z\u0142 z MSW na remont dr\u00f3g i most\u00f3w w powiecie boche\u0144skim"}]},{"@type":"WebSite","@id":"https:\/\/www.mojabochnia.pl\/#website","url":"https:\/\/www.mojabochnia.pl\/","name":"mojabochnia.pl - portal informacyjny","description":"mojaBochnia to portal informacyjny o Bochni. Codziennie o Bochni piszemy i pokazujemy najwa\u017cniejsze wydarzenia","publisher":{"@id":"https:\/\/www.mojabochnia.pl\/#organization"},"potentialAction":[{"@type":"SearchAction","target":{"@type":"EntryPoint","urlTemplate":"https:\/\/www.mojabochnia.pl\/?s={search_term_string}"},"query-input":{"@type":"PropertyValueSpecification","valueRequired":true,"valueName":"search_term_string"}}],"inLanguage":"pl-PL"},{"@type":"Organization","@id":"https:\/\/www.mojabochnia.pl\/#organization","name":"mojabochnia.pl - portal informacyjny","url":"https:\/\/www.mojabochnia.pl\/","logo":{"@type":"ImageObject","inLanguage":"pl-PL","@id":"https:\/\/www.mojabochnia.pl\/#\/schema\/logo\/image\/","url":"https:\/\/www.mojabochnia.pl\/wp-content\/uploads\/2017\/08\/logo-mb-opt.png","contentUrl":"https:\/\/www.mojabochnia.pl\/wp-content\/uploads\/2017\/08\/logo-mb-opt.png","width":250,"height":48,"caption":"mojabochnia.pl - portal informacyjny"},"image":{"@id":"https:\/\/www.mojabochnia.pl\/#\/schema\/logo\/image\/"},"sameAs":["https:\/\/www.facebook.com\/mojabochnia"]},{"@type":"Person","@id":"https:\/\/www.mojabochnia.pl\/#\/schema\/person\/9e15cf1bcb74043790f124a3130fe41e","name":"informacja prasowa","sameAs":["http:\/\/"],"url":"https:\/\/www.mojabochnia.pl\/?author=8"}]}},"_links":{"self":[{"href":"https:\/\/www.mojabochnia.pl\/index.php?rest_route=\/wp\/v2\/posts\/68047","targetHints":{"allow":["GET"]}}],"collection":[{"href":"https:\/\/www.mojabochnia.pl\/index.php?rest_route=\/wp\/v2\/posts"}],"about":[{"href":"https:\/\/www.mojabochnia.pl\/index.php?rest_route=\/wp\/v2\/types\/post"}],"author":[{"embeddable":true,"href":"https:\/\/www.mojabochnia.pl\/index.php?rest_route=\/wp\/v2\/users\/8"}],"replies":[{"embeddable":true,"href":"https:\/\/www.mojabochnia.pl\/index.php?rest_route=%2Fwp%2Fv2%2Fcomments&post=68047"}],"version-history":[{"count":7,"href":"https:\/\/www.mojabochnia.pl\/index.php?rest_route=\/wp\/v2\/posts\/68047\/revisions"}],"predecessor-version":[{"id":68097,"href":"https:\/\/www.mojabochnia.pl\/index.php?rest_route=\/wp\/v2\/posts\/68047\/revisions\/68097"}],"wp:attachment":[{"href":"https:\/\/www.mojabochnia.pl\/index.php?rest_route=%2Fwp%2Fv2%2Fmedia&parent=68047"}],"wp:term":[{"taxonomy":"category","embeddable":true,"href":"https:\/\/www.mojabochnia.pl\/index.php?rest_route=%2Fwp%2Fv2%2Fcategories&post=68047"},{"taxonomy":"post_tag","embeddable":true,"href":"https:\/\/www.mojabochnia.pl\/index.php?rest_route=%2Fwp%2Fv2%2Ftags&post=68047"}],"curies":[{"name":"wp","href":"https:\/\/api.w.org\/{rel}","templated":true}]}}