{"id":67986,"date":"2012-03-01T12:02:08","date_gmt":"2012-03-01T11:02:08","guid":{"rendered":"http:\/\/www.mojabochnia.pl\/?p=67986"},"modified":"2012-03-01T12:05:00","modified_gmt":"2012-03-01T11:05:00","slug":"sprawcy-napadu-na-stacje-w-gorzkowie-zatrzymani","status":"publish","type":"post","link":"https:\/\/www.mojabochnia.pl\/?p=67986","title":{"rendered":"Sprawcy napadu na stacj\u0119 w Gorzkowie zatrzymani"},"content":{"rendered":"<p>Napad w Gorzkowie (gm. Bochnia) mia\u0142 miejsce 10 stycznia. <em>Do pomieszcze\u0144 stacji wesz\u0142o dw\u00f3ch m\u0119\u017cczyzn w kominiarkach na twarzy. Jeden z nich mia\u0142 przedmiot przypominaj\u0105cy pistolet (okaza\u0142o si\u0119 \u017ce jest to miotacz gazu), kt\u00f3rym wystrzeli\u0142 w kierunku dw\u00f3ch pracownic stacji. Po zrabowaniu pieni\u0119dzy m\u0119\u017cczy\u017ani wsiedli do zaparkowanego nieopodal samochodu, w kt\u00f3rym oczekiwa\u0142a na nich ich wsp\u00f3lniczka<\/em> &#8211; podaje biuro prasowe Komendy Wojew\u00f3dzkiej Policji w Krakowie<\/p>\n<p>Drugi napad mia\u0142 miejsce 9 lutego w Biertowicach ko\u0142o My\u015blenic. Schemat dzia\u0142ania by\u0142 bardzo podobny. W sumie sprawcy ukradli ok. 50 tys. z\u0142.<\/p>\n<p><em>Policjanci prowadz\u0105cy te sprawy byli niemal pewni, \u017ce w obu przypadkach dzia\u0142a\u0142a ta sama grupa. 23 lutego wszystkich troje sprawc\u00f3w zatrzymano. Wszyscy s\u0105 mieszka\u0144cami Nowego S\u0105cza. 23-letni m\u0119\u017cczyzna oraz 31-letnia kobieta nie byli uprzednio karani. 24-letni zatrzymany jest natomiast bardzo dobrze znany policji. By\u0142 ju\u017c uprzednio karany za seri\u0119 napad\u00f3w na sklepy spo\u017cywcze i stacje paliw<\/em> &#8211; podaje biuro prasowe KWP.<\/p>\n<p>Ca\u0142a tr\u00f3jka us\u0142ysza\u0142a zarzuty rozboj\u00f3w z u\u017cyciem niebezpiecznego narz\u0119dzia. Grozi im za to co najmniej 3 lata wi\u0119zienia.<\/p>\n","protected":false},"excerpt":{"rendered":"<p>Ma\u0142opolscy policjanci wsp\u00f3lnie funkcjonariuszami Centralnego Biura \u015aledczego w Nowym S\u0105czu zatrzymali grup\u0119, kt\u00f3ra dokona\u0142a kilku napad\u00f3w na stacje benzynowe w ca\u0142ym wojew\u00f3dztwie. Pierwszy z nich mia\u0142 miejsce blisko 2 miesi\u0105ce temu w Gorzkowie.<\/p>\n","protected":false},"author":4,"featured_media":0,"comment_status":"open","ping_status":"closed","sticky":false,"template":"","format":"standard","meta":{"_acf_changed":false,"footnotes":""},"categories":[5,6251,6250],"tags":[17285,17492,17155,335,1279],"class_list":["post-67986","post","type-post","status-publish","format-standard","hentry","category-biezace-wydarzenia","category-polityka-i-wydarzenia","category-tematyka","tag-gorzkow","tag-napad","tag-policja","tag-przestepstwo","tag-stacja-benzynowa","main_tag-policja"],"acf":[],"yoast_head":"<!-- This site is optimized with the Yoast SEO plugin v26.9 - https:\/\/yoast.com\/product\/yoast-seo-wordpress\/ -->\n<title>Sprawcy napadu na stacj\u0119 w Gorzkowie zatrzymani - mojabochnia.pl - portal informacyjny<\/title>\n<meta name=\"robots\" content=\"index, follow, max-snippet:-1, max-image-preview:large, max-video-preview:-1\" \/>\n<link rel=\"canonical\" href=\"https:\/\/www.mojabochnia.pl\/?p=67986\" \/>\n<meta property=\"og:locale\" content=\"pl_PL\" \/>\n<meta property=\"og:type\" content=\"article\" \/>\n<meta property=\"og:title\" content=\"Sprawcy napadu na stacj\u0119 w Gorzkowie zatrzymani - mojabochnia.pl - portal informacyjny\" \/>\n<meta property=\"og:description\" content=\"Ma\u0142opolscy policjanci wsp\u00f3lnie funkcjonariuszami Centralnego Biura \u015aledczego w Nowym S\u0105czu zatrzymali grup\u0119, kt\u00f3ra dokona\u0142a kilku napad\u00f3w na stacje benzynowe w ca\u0142ym wojew\u00f3dztwie. Pierwszy z nich mia\u0142 miejsce blisko 2 miesi\u0105ce temu w Gorzkowie.\" \/>\n<meta property=\"og:url\" content=\"https:\/\/www.mojabochnia.pl\/?p=67986\" \/>\n<meta property=\"og:site_name\" content=\"mojabochnia.pl - portal informacyjny\" \/>\n<meta property=\"article:publisher\" content=\"https:\/\/www.facebook.com\/mojabochnia\" \/>\n<meta property=\"article:published_time\" content=\"2012-03-01T11:02:08+00:00\" \/>\n<meta property=\"article:modified_time\" content=\"2012-03-01T11:05:00+00:00\" \/>\n<meta name=\"author\" content=\"Pawe\u0142 Michalczyk\" \/>\n<meta name=\"twitter:card\" content=\"summary_large_image\" \/>\n<meta name=\"twitter:label1\" content=\"Written by\" \/>\n\t<meta name=\"twitter:data1\" content=\"Pawe\u0142 Michalczyk\" \/>\n\t<meta name=\"twitter:label2\" content=\"Est. reading time\" \/>\n\t<meta name=\"twitter:data2\" content=\"1 minuta\" \/>\n<script type=\"application\/ld+json\" class=\"yoast-schema-graph\">{\"@context\":\"https:\/\/schema.org\",\"@graph\":[{\"@type\":\"Article\",\"@id\":\"https:\/\/www.mojabochnia.pl\/?p=67986#article\",\"isPartOf\":{\"@id\":\"https:\/\/www.mojabochnia.pl\/?p=67986\"},\"author\":{\"name\":\"Pawe\u0142 Michalczyk\",\"@id\":\"https:\/\/www.mojabochnia.pl\/#\/schema\/person\/ea042e4724a77627963f02166828ead4\"},\"headline\":\"Sprawcy napadu na stacj\u0119 w Gorzkowie zatrzymani\",\"datePublished\":\"2012-03-01T11:02:08+00:00\",\"dateModified\":\"2012-03-01T11:05:00+00:00\",\"mainEntityOfPage\":{\"@id\":\"https:\/\/www.mojabochnia.pl\/?p=67986\"},\"wordCount\":203,\"commentCount\":0,\"publisher\":{\"@id\":\"https:\/\/www.mojabochnia.pl\/#organization\"},\"keywords\":[\"gorzk\u00f3w\",\"napad\",\"policja\",\"przest\u0119pstwo\",\"stacja benzynowa\"],\"articleSection\":[\"2_ostatnie\",\"polityka i wydarzenia\",\"tematyka\"],\"inLanguage\":\"pl-PL\",\"potentialAction\":[{\"@type\":\"CommentAction\",\"name\":\"Comment\",\"target\":[\"https:\/\/www.mojabochnia.pl\/?p=67986#respond\"]}]},{\"@type\":\"WebPage\",\"@id\":\"https:\/\/www.mojabochnia.pl\/?p=67986\",\"url\":\"https:\/\/www.mojabochnia.pl\/?p=67986\",\"name\":\"Sprawcy napadu na stacj\u0119 w Gorzkowie zatrzymani - mojabochnia.pl - portal informacyjny\",\"isPartOf\":{\"@id\":\"https:\/\/www.mojabochnia.pl\/#website\"},\"datePublished\":\"2012-03-01T11:02:08+00:00\",\"dateModified\":\"2012-03-01T11:05:00+00:00\",\"breadcrumb\":{\"@id\":\"https:\/\/www.mojabochnia.pl\/?p=67986#breadcrumb\"},\"inLanguage\":\"pl-PL\",\"potentialAction\":[{\"@type\":\"ReadAction\",\"target\":[\"https:\/\/www.mojabochnia.pl\/?p=67986\"]}]},{\"@type\":\"BreadcrumbList\",\"@id\":\"https:\/\/www.mojabochnia.pl\/?p=67986#breadcrumb\",\"itemListElement\":[{\"@type\":\"ListItem\",\"position\":1,\"name\":\"Home\",\"item\":\"https:\/\/www.mojabochnia.pl\/\"},{\"@type\":\"ListItem\",\"position\":2,\"name\":\"Sprawcy napadu na stacj\u0119 w Gorzkowie zatrzymani\"}]},{\"@type\":\"WebSite\",\"@id\":\"https:\/\/www.mojabochnia.pl\/#website\",\"url\":\"https:\/\/www.mojabochnia.pl\/\",\"name\":\"mojabochnia.pl - portal informacyjny\",\"description\":\"mojaBochnia to portal informacyjny o Bochni. Codziennie o Bochni piszemy i pokazujemy najwa\u017cniejsze wydarzenia\",\"publisher\":{\"@id\":\"https:\/\/www.mojabochnia.pl\/#organization\"},\"potentialAction\":[{\"@type\":\"SearchAction\",\"target\":{\"@type\":\"EntryPoint\",\"urlTemplate\":\"https:\/\/www.mojabochnia.pl\/?s={search_term_string}\"},\"query-input\":{\"@type\":\"PropertyValueSpecification\",\"valueRequired\":true,\"valueName\":\"search_term_string\"}}],\"inLanguage\":\"pl-PL\"},{\"@type\":\"Organization\",\"@id\":\"https:\/\/www.mojabochnia.pl\/#organization\",\"name\":\"mojabochnia.pl - portal informacyjny\",\"url\":\"https:\/\/www.mojabochnia.pl\/\",\"logo\":{\"@type\":\"ImageObject\",\"inLanguage\":\"pl-PL\",\"@id\":\"https:\/\/www.mojabochnia.pl\/#\/schema\/logo\/image\/\",\"url\":\"https:\/\/www.mojabochnia.pl\/wp-content\/uploads\/2017\/08\/logo-mb-opt.png\",\"contentUrl\":\"https:\/\/www.mojabochnia.pl\/wp-content\/uploads\/2017\/08\/logo-mb-opt.png\",\"width\":250,\"height\":48,\"caption\":\"mojabochnia.pl - portal informacyjny\"},\"image\":{\"@id\":\"https:\/\/www.mojabochnia.pl\/#\/schema\/logo\/image\/\"},\"sameAs\":[\"https:\/\/www.facebook.com\/mojabochnia\"]},{\"@type\":\"Person\",\"@id\":\"https:\/\/www.mojabochnia.pl\/#\/schema\/person\/ea042e4724a77627963f02166828ead4\",\"name\":\"Pawe\u0142 Michalczyk\",\"url\":\"https:\/\/www.mojabochnia.pl\/?author=4\"}]}<\/script>\n<!-- \/ Yoast SEO plugin. -->","yoast_head_json":{"title":"Sprawcy napadu na stacj\u0119 w Gorzkowie zatrzymani - mojabochnia.pl - portal informacyjny","robots":{"index":"index","follow":"follow","max-snippet":"max-snippet:-1","max-image-preview":"max-image-preview:large","max-video-preview":"max-video-preview:-1"},"canonical":"https:\/\/www.mojabochnia.pl\/?p=67986","og_locale":"pl_PL","og_type":"article","og_title":"Sprawcy napadu na stacj\u0119 w Gorzkowie zatrzymani - mojabochnia.pl - portal informacyjny","og_description":"Ma\u0142opolscy policjanci wsp\u00f3lnie funkcjonariuszami Centralnego Biura \u015aledczego w Nowym S\u0105czu zatrzymali grup\u0119, kt\u00f3ra dokona\u0142a kilku napad\u00f3w na stacje benzynowe w ca\u0142ym wojew\u00f3dztwie. Pierwszy z nich mia\u0142 miejsce blisko 2 miesi\u0105ce temu w Gorzkowie.","og_url":"https:\/\/www.mojabochnia.pl\/?p=67986","og_site_name":"mojabochnia.pl - portal informacyjny","article_publisher":"https:\/\/www.facebook.com\/mojabochnia","article_published_time":"2012-03-01T11:02:08+00:00","article_modified_time":"2012-03-01T11:05:00+00:00","author":"Pawe\u0142 Michalczyk","twitter_card":"summary_large_image","twitter_misc":{"Written by":"Pawe\u0142 Michalczyk","Est. reading time":"1 minuta"},"schema":{"@context":"https:\/\/schema.org","@graph":[{"@type":"Article","@id":"https:\/\/www.mojabochnia.pl\/?p=67986#article","isPartOf":{"@id":"https:\/\/www.mojabochnia.pl\/?p=67986"},"author":{"name":"Pawe\u0142 Michalczyk","@id":"https:\/\/www.mojabochnia.pl\/#\/schema\/person\/ea042e4724a77627963f02166828ead4"},"headline":"Sprawcy napadu na stacj\u0119 w Gorzkowie zatrzymani","datePublished":"2012-03-01T11:02:08+00:00","dateModified":"2012-03-01T11:05:00+00:00","mainEntityOfPage":{"@id":"https:\/\/www.mojabochnia.pl\/?p=67986"},"wordCount":203,"commentCount":0,"publisher":{"@id":"https:\/\/www.mojabochnia.pl\/#organization"},"keywords":["gorzk\u00f3w","napad","policja","przest\u0119pstwo","stacja benzynowa"],"articleSection":["2_ostatnie","polityka i wydarzenia","tematyka"],"inLanguage":"pl-PL","potentialAction":[{"@type":"CommentAction","name":"Comment","target":["https:\/\/www.mojabochnia.pl\/?p=67986#respond"]}]},{"@type":"WebPage","@id":"https:\/\/www.mojabochnia.pl\/?p=67986","url":"https:\/\/www.mojabochnia.pl\/?p=67986","name":"Sprawcy napadu na stacj\u0119 w Gorzkowie zatrzymani - mojabochnia.pl - portal informacyjny","isPartOf":{"@id":"https:\/\/www.mojabochnia.pl\/#website"},"datePublished":"2012-03-01T11:02:08+00:00","dateModified":"2012-03-01T11:05:00+00:00","breadcrumb":{"@id":"https:\/\/www.mojabochnia.pl\/?p=67986#breadcrumb"},"inLanguage":"pl-PL","potentialAction":[{"@type":"ReadAction","target":["https:\/\/www.mojabochnia.pl\/?p=67986"]}]},{"@type":"BreadcrumbList","@id":"https:\/\/www.mojabochnia.pl\/?p=67986#breadcrumb","itemListElement":[{"@type":"ListItem","position":1,"name":"Home","item":"https:\/\/www.mojabochnia.pl\/"},{"@type":"ListItem","position":2,"name":"Sprawcy napadu na stacj\u0119 w Gorzkowie zatrzymani"}]},{"@type":"WebSite","@id":"https:\/\/www.mojabochnia.pl\/#website","url":"https:\/\/www.mojabochnia.pl\/","name":"mojabochnia.pl - portal informacyjny","description":"mojaBochnia to portal informacyjny o Bochni. Codziennie o Bochni piszemy i pokazujemy najwa\u017cniejsze wydarzenia","publisher":{"@id":"https:\/\/www.mojabochnia.pl\/#organization"},"potentialAction":[{"@type":"SearchAction","target":{"@type":"EntryPoint","urlTemplate":"https:\/\/www.mojabochnia.pl\/?s={search_term_string}"},"query-input":{"@type":"PropertyValueSpecification","valueRequired":true,"valueName":"search_term_string"}}],"inLanguage":"pl-PL"},{"@type":"Organization","@id":"https:\/\/www.mojabochnia.pl\/#organization","name":"mojabochnia.pl - portal informacyjny","url":"https:\/\/www.mojabochnia.pl\/","logo":{"@type":"ImageObject","inLanguage":"pl-PL","@id":"https:\/\/www.mojabochnia.pl\/#\/schema\/logo\/image\/","url":"https:\/\/www.mojabochnia.pl\/wp-content\/uploads\/2017\/08\/logo-mb-opt.png","contentUrl":"https:\/\/www.mojabochnia.pl\/wp-content\/uploads\/2017\/08\/logo-mb-opt.png","width":250,"height":48,"caption":"mojabochnia.pl - portal informacyjny"},"image":{"@id":"https:\/\/www.mojabochnia.pl\/#\/schema\/logo\/image\/"},"sameAs":["https:\/\/www.facebook.com\/mojabochnia"]},{"@type":"Person","@id":"https:\/\/www.mojabochnia.pl\/#\/schema\/person\/ea042e4724a77627963f02166828ead4","name":"Pawe\u0142 Michalczyk","url":"https:\/\/www.mojabochnia.pl\/?author=4"}]}},"_links":{"self":[{"href":"https:\/\/www.mojabochnia.pl\/index.php?rest_route=\/wp\/v2\/posts\/67986","targetHints":{"allow":["GET"]}}],"collection":[{"href":"https:\/\/www.mojabochnia.pl\/index.php?rest_route=\/wp\/v2\/posts"}],"about":[{"href":"https:\/\/www.mojabochnia.pl\/index.php?rest_route=\/wp\/v2\/types\/post"}],"author":[{"embeddable":true,"href":"https:\/\/www.mojabochnia.pl\/index.php?rest_route=\/wp\/v2\/users\/4"}],"replies":[{"embeddable":true,"href":"https:\/\/www.mojabochnia.pl\/index.php?rest_route=%2Fwp%2Fv2%2Fcomments&post=67986"}],"version-history":[{"count":3,"href":"https:\/\/www.mojabochnia.pl\/index.php?rest_route=\/wp\/v2\/posts\/67986\/revisions"}],"predecessor-version":[{"id":67989,"href":"https:\/\/www.mojabochnia.pl\/index.php?rest_route=\/wp\/v2\/posts\/67986\/revisions\/67989"}],"wp:attachment":[{"href":"https:\/\/www.mojabochnia.pl\/index.php?rest_route=%2Fwp%2Fv2%2Fmedia&parent=67986"}],"wp:term":[{"taxonomy":"category","embeddable":true,"href":"https:\/\/www.mojabochnia.pl\/index.php?rest_route=%2Fwp%2Fv2%2Fcategories&post=67986"},{"taxonomy":"post_tag","embeddable":true,"href":"https:\/\/www.mojabochnia.pl\/index.php?rest_route=%2Fwp%2Fv2%2Ftags&post=67986"}],"curies":[{"name":"wp","href":"https:\/\/api.w.org\/{rel}","templated":true}]}}