{"id":67564,"date":"2012-02-21T11:14:09","date_gmt":"2012-02-21T10:14:09","guid":{"rendered":"http:\/\/www.mojabochnia.pl\/?p=67564"},"modified":"2012-02-21T11:30:29","modified_gmt":"2012-02-21T10:30:29","slug":"zatankowal-i-uciekl-policja-znalazla-sprawce","status":"publish","type":"post","link":"https:\/\/www.mojabochnia.pl\/?p=67564","title":{"rendered":"Zatankowa\u0142 i uciek\u0142. Policja znalaz\u0142a sprawc\u0119"},"content":{"rendered":"<p>Do zdarzenia dosz\u0142o 29 stycznia br. oko\u0142o godz. 0.30 na stacji paliw w Brzezowej w gm. \u0141apan\u00f3w. <em>Kieruj\u0105cy samochodem prawdopodobnie marki Opel Tigra koloru ciemnego zatankowa\u0142 samoch\u00f3d za kwot\u0119 blisk\u0105 250 z\u0142 po czym odjecha\u0142 ze stacji nie p\u0142ac\u0105c za paliwo. Pracownicy stacji paliw usi\u0142owali go zatrzyma\u0107, jednak kierowca z impetem jecha\u0142 wprost na jednego z nich. M\u0119\u017cczyzna unikn\u0105\u0142 potr\u0105cenia odskakuj\u0105c w bok tu\u017c przed nadje\u017cd\u017caj\u0105cym samochodem. W samochodzie by\u0142o dw\u00f3ch m\u0142odych m\u0119\u017cczyzn. O tym zdarzeniu powiadomiono policj\u0119<\/em> &#8211; relacjonuje Leszek Machaj, oficer prasowy boche\u0144skiej policji.<\/p>\n<p>14 lutego oko\u0142o godz. 22.30 patrol policji z Posterunku Policji w Trzcianie zatrzyma\u0142 do kontroli drogowej samoch\u00f3d marki Opel Tigra o numerach pocz\u0105tkowych WB\u2026. <em>W samochodzie podr\u00f3\u017cowa\u0142o trzech m\u0119\u017cczyzn i kobieta w wieku 22-29 lat, mieszkaj\u0105cych na terenie Nowego S\u0105cza i powiatu limanowskiego. Kieruj\u0105cy podczas kontroli poda\u0142 dane personalne swojego brata. Ca\u0142a czw\u00f3rka zosta\u0142a zatrzymana w areszcie boche\u0144skiej komendy Policji w celu wyja\u015bnienia ich udzia\u0142u w opisanej kradzie\u017cy rozb\u00f3jniczej<\/em>. <\/p>\n<p><em>Policjanci Wydzia\u0142u Kryminalnego przy u\u017cyciu urz\u0105dzenia \u201eMorfo-touch\u201d na podstawie linii papilarnych d\u0142oni ustalili prawdziwe dane personalne 32 \u2013 letniego kieruj\u0105cego, kt\u00f3ry ma s\u0105dowy zakaz kierowania pojazdami. Zatrzymani m\u0119\u017cczy\u017ani byli ju\u017c kilkakrotnie karani, w tym za przest\u0119pstwa m.in. przeciwko \u017cyciu i mieniu. Pozosta\u0142e wymienione osoby po przes\u0142uchaniu zosta\u0142y zwolnione<\/em> &#8211; m\u00f3wi Leszek Machaj. <\/p>\n<p>Zatrzymanemu 32-latkowi przedstawiono zarzut kradzie\u017cy rozb\u00f3jniczej z art. 281 kk za co grozi mu kara pozbawienia wolno\u015bci od roku do lat 10. 16 lutego Prokurator Rejonowy w Bochni zastosowa\u0142 wobec niego  \u015brodek zapobiegawczy w postaci dozoru policji i zakazu opuszczania kraju. W sprawie prowadzone jest \u015bledztwo maj\u0105ce na celu ustali\u0107 drugiego uczestnika opisanej kradzie\u017cy rozb\u00f3jniczej. <\/p>\n","protected":false},"excerpt":{"rendered":"<p>Policja zatrzyma\u0142a jednego ze sprawc\u00f3w kradzie\u017cy paliwa ze stacji w Brzezowej (gm. \u0141apan\u00f3w). Dosz\u0142o do niej blisko miesi\u0105c temu. 32-latek us\u0142ysza\u0142 zarzut i ma zakaz opuszczania kraju.<\/p>\n","protected":false},"author":4,"featured_media":0,"comment_status":"open","ping_status":"closed","sticky":false,"template":"","format":"standard","meta":{"_acf_changed":false,"footnotes":""},"categories":[5,6251,6250],"tags":[17304,17238,5820,17155,17228,1279,17448,17537],"class_list":["post-67564","post","type-post","status-publish","format-standard","hentry","category-biezace-wydarzenia","category-polityka-i-wydarzenia","category-tematyka","tag-kradziez","tag-leszek-machaj","tag-paliwo","tag-policja","tag-prokuratura","tag-stacja-benzynowa","tag-zarzuty","tag-zlodziej","main_tag-policja"],"acf":[],"yoast_head":"<!-- This site is optimized with the Yoast SEO plugin v26.9 - https:\/\/yoast.com\/product\/yoast-seo-wordpress\/ -->\n<title>Zatankowa\u0142 i uciek\u0142. Policja znalaz\u0142a sprawc\u0119 - mojabochnia.pl - portal informacyjny<\/title>\n<meta name=\"robots\" content=\"index, follow, max-snippet:-1, max-image-preview:large, max-video-preview:-1\" \/>\n<link rel=\"canonical\" href=\"https:\/\/www.mojabochnia.pl\/?p=67564\" \/>\n<meta property=\"og:locale\" content=\"pl_PL\" \/>\n<meta property=\"og:type\" content=\"article\" \/>\n<meta property=\"og:title\" content=\"Zatankowa\u0142 i uciek\u0142. Policja znalaz\u0142a sprawc\u0119 - mojabochnia.pl - portal informacyjny\" \/>\n<meta property=\"og:description\" content=\"Policja zatrzyma\u0142a jednego ze sprawc\u00f3w kradzie\u017cy paliwa ze stacji w Brzezowej (gm. \u0141apan\u00f3w). Dosz\u0142o do niej blisko miesi\u0105c temu. 32-latek us\u0142ysza\u0142 zarzut i ma zakaz opuszczania kraju.\" \/>\n<meta property=\"og:url\" content=\"https:\/\/www.mojabochnia.pl\/?p=67564\" \/>\n<meta property=\"og:site_name\" content=\"mojabochnia.pl - portal informacyjny\" \/>\n<meta property=\"article:publisher\" content=\"https:\/\/www.facebook.com\/mojabochnia\" \/>\n<meta property=\"article:published_time\" content=\"2012-02-21T10:14:09+00:00\" \/>\n<meta property=\"article:modified_time\" content=\"2012-02-21T10:30:29+00:00\" \/>\n<meta name=\"author\" content=\"Pawe\u0142 Michalczyk\" \/>\n<meta name=\"twitter:card\" content=\"summary_large_image\" \/>\n<meta name=\"twitter:label1\" content=\"Written by\" \/>\n\t<meta name=\"twitter:data1\" content=\"Pawe\u0142 Michalczyk\" \/>\n\t<meta name=\"twitter:label2\" content=\"Est. reading time\" \/>\n\t<meta name=\"twitter:data2\" content=\"2 minuty\" \/>\n<script type=\"application\/ld+json\" class=\"yoast-schema-graph\">{\"@context\":\"https:\/\/schema.org\",\"@graph\":[{\"@type\":\"Article\",\"@id\":\"https:\/\/www.mojabochnia.pl\/?p=67564#article\",\"isPartOf\":{\"@id\":\"https:\/\/www.mojabochnia.pl\/?p=67564\"},\"author\":{\"name\":\"Pawe\u0142 Michalczyk\",\"@id\":\"https:\/\/www.mojabochnia.pl\/#\/schema\/person\/ea042e4724a77627963f02166828ead4\"},\"headline\":\"Zatankowa\u0142 i uciek\u0142. Policja znalaz\u0142a sprawc\u0119\",\"datePublished\":\"2012-02-21T10:14:09+00:00\",\"dateModified\":\"2012-02-21T10:30:29+00:00\",\"mainEntityOfPage\":{\"@id\":\"https:\/\/www.mojabochnia.pl\/?p=67564\"},\"wordCount\":316,\"commentCount\":0,\"publisher\":{\"@id\":\"https:\/\/www.mojabochnia.pl\/#organization\"},\"keywords\":[\"kradzie\u017c\",\"leszek machaj\",\"paliwo\",\"policja\",\"prokuratura\",\"stacja benzynowa\",\"zarzuty\",\"z\u0142odziej\"],\"articleSection\":[\"2_ostatnie\",\"polityka i wydarzenia\",\"tematyka\"],\"inLanguage\":\"pl-PL\",\"potentialAction\":[{\"@type\":\"CommentAction\",\"name\":\"Comment\",\"target\":[\"https:\/\/www.mojabochnia.pl\/?p=67564#respond\"]}]},{\"@type\":\"WebPage\",\"@id\":\"https:\/\/www.mojabochnia.pl\/?p=67564\",\"url\":\"https:\/\/www.mojabochnia.pl\/?p=67564\",\"name\":\"Zatankowa\u0142 i uciek\u0142. Policja znalaz\u0142a sprawc\u0119 - mojabochnia.pl - portal informacyjny\",\"isPartOf\":{\"@id\":\"https:\/\/www.mojabochnia.pl\/#website\"},\"datePublished\":\"2012-02-21T10:14:09+00:00\",\"dateModified\":\"2012-02-21T10:30:29+00:00\",\"breadcrumb\":{\"@id\":\"https:\/\/www.mojabochnia.pl\/?p=67564#breadcrumb\"},\"inLanguage\":\"pl-PL\",\"potentialAction\":[{\"@type\":\"ReadAction\",\"target\":[\"https:\/\/www.mojabochnia.pl\/?p=67564\"]}]},{\"@type\":\"BreadcrumbList\",\"@id\":\"https:\/\/www.mojabochnia.pl\/?p=67564#breadcrumb\",\"itemListElement\":[{\"@type\":\"ListItem\",\"position\":1,\"name\":\"Home\",\"item\":\"https:\/\/www.mojabochnia.pl\/\"},{\"@type\":\"ListItem\",\"position\":2,\"name\":\"Zatankowa\u0142 i uciek\u0142. Policja znalaz\u0142a sprawc\u0119\"}]},{\"@type\":\"WebSite\",\"@id\":\"https:\/\/www.mojabochnia.pl\/#website\",\"url\":\"https:\/\/www.mojabochnia.pl\/\",\"name\":\"mojabochnia.pl - portal informacyjny\",\"description\":\"mojaBochnia to portal informacyjny o Bochni. Codziennie o Bochni piszemy i pokazujemy najwa\u017cniejsze wydarzenia\",\"publisher\":{\"@id\":\"https:\/\/www.mojabochnia.pl\/#organization\"},\"potentialAction\":[{\"@type\":\"SearchAction\",\"target\":{\"@type\":\"EntryPoint\",\"urlTemplate\":\"https:\/\/www.mojabochnia.pl\/?s={search_term_string}\"},\"query-input\":{\"@type\":\"PropertyValueSpecification\",\"valueRequired\":true,\"valueName\":\"search_term_string\"}}],\"inLanguage\":\"pl-PL\"},{\"@type\":\"Organization\",\"@id\":\"https:\/\/www.mojabochnia.pl\/#organization\",\"name\":\"mojabochnia.pl - portal informacyjny\",\"url\":\"https:\/\/www.mojabochnia.pl\/\",\"logo\":{\"@type\":\"ImageObject\",\"inLanguage\":\"pl-PL\",\"@id\":\"https:\/\/www.mojabochnia.pl\/#\/schema\/logo\/image\/\",\"url\":\"https:\/\/www.mojabochnia.pl\/wp-content\/uploads\/2017\/08\/logo-mb-opt.png\",\"contentUrl\":\"https:\/\/www.mojabochnia.pl\/wp-content\/uploads\/2017\/08\/logo-mb-opt.png\",\"width\":250,\"height\":48,\"caption\":\"mojabochnia.pl - portal informacyjny\"},\"image\":{\"@id\":\"https:\/\/www.mojabochnia.pl\/#\/schema\/logo\/image\/\"},\"sameAs\":[\"https:\/\/www.facebook.com\/mojabochnia\"]},{\"@type\":\"Person\",\"@id\":\"https:\/\/www.mojabochnia.pl\/#\/schema\/person\/ea042e4724a77627963f02166828ead4\",\"name\":\"Pawe\u0142 Michalczyk\",\"url\":\"https:\/\/www.mojabochnia.pl\/?author=4\"}]}<\/script>\n<!-- \/ Yoast SEO plugin. -->","yoast_head_json":{"title":"Zatankowa\u0142 i uciek\u0142. Policja znalaz\u0142a sprawc\u0119 - mojabochnia.pl - portal informacyjny","robots":{"index":"index","follow":"follow","max-snippet":"max-snippet:-1","max-image-preview":"max-image-preview:large","max-video-preview":"max-video-preview:-1"},"canonical":"https:\/\/www.mojabochnia.pl\/?p=67564","og_locale":"pl_PL","og_type":"article","og_title":"Zatankowa\u0142 i uciek\u0142. Policja znalaz\u0142a sprawc\u0119 - mojabochnia.pl - portal informacyjny","og_description":"Policja zatrzyma\u0142a jednego ze sprawc\u00f3w kradzie\u017cy paliwa ze stacji w Brzezowej (gm. \u0141apan\u00f3w). Dosz\u0142o do niej blisko miesi\u0105c temu. 32-latek us\u0142ysza\u0142 zarzut i ma zakaz opuszczania kraju.","og_url":"https:\/\/www.mojabochnia.pl\/?p=67564","og_site_name":"mojabochnia.pl - portal informacyjny","article_publisher":"https:\/\/www.facebook.com\/mojabochnia","article_published_time":"2012-02-21T10:14:09+00:00","article_modified_time":"2012-02-21T10:30:29+00:00","author":"Pawe\u0142 Michalczyk","twitter_card":"summary_large_image","twitter_misc":{"Written by":"Pawe\u0142 Michalczyk","Est. reading time":"2 minuty"},"schema":{"@context":"https:\/\/schema.org","@graph":[{"@type":"Article","@id":"https:\/\/www.mojabochnia.pl\/?p=67564#article","isPartOf":{"@id":"https:\/\/www.mojabochnia.pl\/?p=67564"},"author":{"name":"Pawe\u0142 Michalczyk","@id":"https:\/\/www.mojabochnia.pl\/#\/schema\/person\/ea042e4724a77627963f02166828ead4"},"headline":"Zatankowa\u0142 i uciek\u0142. Policja znalaz\u0142a sprawc\u0119","datePublished":"2012-02-21T10:14:09+00:00","dateModified":"2012-02-21T10:30:29+00:00","mainEntityOfPage":{"@id":"https:\/\/www.mojabochnia.pl\/?p=67564"},"wordCount":316,"commentCount":0,"publisher":{"@id":"https:\/\/www.mojabochnia.pl\/#organization"},"keywords":["kradzie\u017c","leszek machaj","paliwo","policja","prokuratura","stacja benzynowa","zarzuty","z\u0142odziej"],"articleSection":["2_ostatnie","polityka i wydarzenia","tematyka"],"inLanguage":"pl-PL","potentialAction":[{"@type":"CommentAction","name":"Comment","target":["https:\/\/www.mojabochnia.pl\/?p=67564#respond"]}]},{"@type":"WebPage","@id":"https:\/\/www.mojabochnia.pl\/?p=67564","url":"https:\/\/www.mojabochnia.pl\/?p=67564","name":"Zatankowa\u0142 i uciek\u0142. Policja znalaz\u0142a sprawc\u0119 - mojabochnia.pl - portal informacyjny","isPartOf":{"@id":"https:\/\/www.mojabochnia.pl\/#website"},"datePublished":"2012-02-21T10:14:09+00:00","dateModified":"2012-02-21T10:30:29+00:00","breadcrumb":{"@id":"https:\/\/www.mojabochnia.pl\/?p=67564#breadcrumb"},"inLanguage":"pl-PL","potentialAction":[{"@type":"ReadAction","target":["https:\/\/www.mojabochnia.pl\/?p=67564"]}]},{"@type":"BreadcrumbList","@id":"https:\/\/www.mojabochnia.pl\/?p=67564#breadcrumb","itemListElement":[{"@type":"ListItem","position":1,"name":"Home","item":"https:\/\/www.mojabochnia.pl\/"},{"@type":"ListItem","position":2,"name":"Zatankowa\u0142 i uciek\u0142. Policja znalaz\u0142a sprawc\u0119"}]},{"@type":"WebSite","@id":"https:\/\/www.mojabochnia.pl\/#website","url":"https:\/\/www.mojabochnia.pl\/","name":"mojabochnia.pl - portal informacyjny","description":"mojaBochnia to portal informacyjny o Bochni. Codziennie o Bochni piszemy i pokazujemy najwa\u017cniejsze wydarzenia","publisher":{"@id":"https:\/\/www.mojabochnia.pl\/#organization"},"potentialAction":[{"@type":"SearchAction","target":{"@type":"EntryPoint","urlTemplate":"https:\/\/www.mojabochnia.pl\/?s={search_term_string}"},"query-input":{"@type":"PropertyValueSpecification","valueRequired":true,"valueName":"search_term_string"}}],"inLanguage":"pl-PL"},{"@type":"Organization","@id":"https:\/\/www.mojabochnia.pl\/#organization","name":"mojabochnia.pl - portal informacyjny","url":"https:\/\/www.mojabochnia.pl\/","logo":{"@type":"ImageObject","inLanguage":"pl-PL","@id":"https:\/\/www.mojabochnia.pl\/#\/schema\/logo\/image\/","url":"https:\/\/www.mojabochnia.pl\/wp-content\/uploads\/2017\/08\/logo-mb-opt.png","contentUrl":"https:\/\/www.mojabochnia.pl\/wp-content\/uploads\/2017\/08\/logo-mb-opt.png","width":250,"height":48,"caption":"mojabochnia.pl - portal informacyjny"},"image":{"@id":"https:\/\/www.mojabochnia.pl\/#\/schema\/logo\/image\/"},"sameAs":["https:\/\/www.facebook.com\/mojabochnia"]},{"@type":"Person","@id":"https:\/\/www.mojabochnia.pl\/#\/schema\/person\/ea042e4724a77627963f02166828ead4","name":"Pawe\u0142 Michalczyk","url":"https:\/\/www.mojabochnia.pl\/?author=4"}]}},"_links":{"self":[{"href":"https:\/\/www.mojabochnia.pl\/index.php?rest_route=\/wp\/v2\/posts\/67564","targetHints":{"allow":["GET"]}}],"collection":[{"href":"https:\/\/www.mojabochnia.pl\/index.php?rest_route=\/wp\/v2\/posts"}],"about":[{"href":"https:\/\/www.mojabochnia.pl\/index.php?rest_route=\/wp\/v2\/types\/post"}],"author":[{"embeddable":true,"href":"https:\/\/www.mojabochnia.pl\/index.php?rest_route=\/wp\/v2\/users\/4"}],"replies":[{"embeddable":true,"href":"https:\/\/www.mojabochnia.pl\/index.php?rest_route=%2Fwp%2Fv2%2Fcomments&post=67564"}],"version-history":[{"count":4,"href":"https:\/\/www.mojabochnia.pl\/index.php?rest_route=\/wp\/v2\/posts\/67564\/revisions"}],"predecessor-version":[{"id":67568,"href":"https:\/\/www.mojabochnia.pl\/index.php?rest_route=\/wp\/v2\/posts\/67564\/revisions\/67568"}],"wp:attachment":[{"href":"https:\/\/www.mojabochnia.pl\/index.php?rest_route=%2Fwp%2Fv2%2Fmedia&parent=67564"}],"wp:term":[{"taxonomy":"category","embeddable":true,"href":"https:\/\/www.mojabochnia.pl\/index.php?rest_route=%2Fwp%2Fv2%2Fcategories&post=67564"},{"taxonomy":"post_tag","embeddable":true,"href":"https:\/\/www.mojabochnia.pl\/index.php?rest_route=%2Fwp%2Fv2%2Ftags&post=67564"}],"curies":[{"name":"wp","href":"https:\/\/api.w.org\/{rel}","templated":true}]}}