{"id":67556,"date":"2012-02-21T08:37:43","date_gmt":"2012-02-21T07:37:43","guid":{"rendered":"http:\/\/www.mojabochnia.pl\/?p=67556"},"modified":"2012-02-21T07:57:44","modified_gmt":"2012-02-21T06:57:44","slug":"fundacja-trzaski-wilkonskiej-doposazyla-szpital-w-11-specjalistycznych-lozek","status":"publish","type":"post","link":"https:\/\/www.mojabochnia.pl\/?p=67556","title":{"rendered":"Szpital dosta\u0142 11 specjalistycznych \u0142\u00f3\u017cek"},"content":{"rendered":"<p>W 2011 roku Fundacja im. dr Trzaski-Wilko\u0144skiej przekaza\u0142a szpitalowi kwot\u0119 ponad 172 tys. z\u0142 na zakup sprz\u0119tu do powstaj\u0105cego w ramach jego struktur Zak\u0142adu Opieku\u0144czo-Leczniczego. Oddzia\u0142 dzia\u0142a ju\u017c od ponad p\u00f3\u0142 roku. Kilka lat wcze\u015bniej Fundacja zainaugurowa\u0142a kwot\u0105 ok. 75 tys. z\u0142 monta\u017c finansowy, dzi\u0119ki kt\u00f3remu zakupiono tomograf komputerowy \u2013 niezwykle potrzebne urz\u0105dzenie diagnostyczne.<\/p>\n<p>Fundacja zosta\u0142a utworzona w 2006 roku przez grono przyjaci\u00f3\u0142 i wsp\u00f3\u0142pracownik\u00f3w przedwcze\u015bnie zmar\u0142ej boche\u0144skiej lekarki. Rad\u0119 Fundacji tworz\u0105: Anna Kosturek, Olgierd Czarniecki, Stanis\u0142aw Wilko\u0144ski i Jerzy Lysy, a w zarz\u0105dzie dzia\u0142aj\u0105 Stanis\u0142aw Gawor i Mariusz Trojak.<\/p>\n<p><em>Wyra\u017camy ogromn\u0105 wdzi\u0119czno\u015b\u0107 wszystkim Darczy\u0144com. Opisane wy\u017cej przedsi\u0119wzi\u0119cia \u015bwiadcz\u0105 o tym, \u017ce Pa\u0144stwa pieni\u0105dze wydatkowane s\u0105 w spos\u00f3b rzetelny i odpowiedzialny<\/em> \u2013 m\u00f3wi Jerzy Lysy, przewodnicz\u0105cy rady fundacji. <em>Jeste\u015bmy te\u017c pe\u0142ni uznania dla dobrych i m\u0105drych dzia\u0142a\u0144 Dyrekcji Szpitala: Wojciecha Szafra\u0144skiego i dr Anny Kosturek oraz du\u017cego zaanga\u017cowania ca\u0142ej za\u0142ogi \u2013 lekarzy, piel\u0119gniarek, administracji i obs\u0142ugi<\/em>.<\/p>\n<p><em>Raz jeszcze dzi\u0119kuj\u0105c za dotychczasow\u0105 \u017cyczliwo\u015b\u0107 Ofiarodawcom, prosimy Pa\u0144stwa o dalsze przekazywanie 1-procentowego odpisu podatku na rzecz naszej Fundacji: KRS 0000255236<\/em> \u2013 dodaje Mariusz Trojak, prezes zarz\u0105du. <\/p>\n","protected":false},"excerpt":{"rendered":"<p>Boche\u0144ski szpital dosta\u0142 11 specjalistycznych \u0142\u00f3\u017cek o warto\u015bci 37 908 z\u0142, kupionych przez Fundacj\u0119 im. dr Anny Trzaski-Wilko\u0144skiej \u201ePomagajmy szpitalowi w Bochni\u201d. To kolejne wsparcie, jakiego Fundacja udzieli\u0142a plac\u00f3wce, obs\u0142uguj\u0105cej 100-tysi\u0119czny powiat.<\/p>\n","protected":false},"author":4,"featured_media":0,"comment_status":"open","ping_status":"closed","sticky":true,"template":"","format":"standard","meta":{"_acf_changed":false,"footnotes":""},"categories":[5,6251,6250],"tags":[2021,328,2501,17215,1421,17324],"class_list":["post-67556","post","type-post","status-publish","format-standard","hentry","category-biezace-wydarzenia","category-polityka-i-wydarzenia","category-tematyka","tag-anna-kosturek","tag-fundacja","tag-fundacja-im-dr-anny-trzaski-wilkonskiej","tag-jerzy-lysy","tag-mariusz-trojak","tag-szpital","main_tag-szpital"],"acf":[],"yoast_head":"<!-- This site is optimized with the Yoast SEO plugin v26.9 - https:\/\/yoast.com\/product\/yoast-seo-wordpress\/ -->\n<title>Szpital dosta\u0142 11 specjalistycznych \u0142\u00f3\u017cek - mojabochnia.pl - portal informacyjny<\/title>\n<meta name=\"robots\" content=\"index, follow, max-snippet:-1, max-image-preview:large, max-video-preview:-1\" \/>\n<link rel=\"canonical\" href=\"https:\/\/www.mojabochnia.pl\/?p=67556\" \/>\n<meta property=\"og:locale\" content=\"pl_PL\" \/>\n<meta property=\"og:type\" content=\"article\" \/>\n<meta property=\"og:title\" content=\"Szpital dosta\u0142 11 specjalistycznych \u0142\u00f3\u017cek - mojabochnia.pl - portal informacyjny\" \/>\n<meta property=\"og:description\" content=\"Boche\u0144ski szpital dosta\u0142 11 specjalistycznych \u0142\u00f3\u017cek o warto\u015bci 37 908 z\u0142, kupionych przez Fundacj\u0119 im. dr Anny Trzaski-Wilko\u0144skiej \u201ePomagajmy szpitalowi w Bochni\u201d. To kolejne wsparcie, jakiego Fundacja udzieli\u0142a plac\u00f3wce, obs\u0142uguj\u0105cej 100-tysi\u0119czny powiat.\" \/>\n<meta property=\"og:url\" content=\"https:\/\/www.mojabochnia.pl\/?p=67556\" \/>\n<meta property=\"og:site_name\" content=\"mojabochnia.pl - portal informacyjny\" \/>\n<meta property=\"article:publisher\" content=\"https:\/\/www.facebook.com\/mojabochnia\" \/>\n<meta property=\"article:published_time\" content=\"2012-02-21T07:37:43+00:00\" \/>\n<meta name=\"author\" content=\"Pawe\u0142 Michalczyk\" \/>\n<meta name=\"twitter:card\" content=\"summary_large_image\" \/>\n<meta name=\"twitter:label1\" content=\"Written by\" \/>\n\t<meta name=\"twitter:data1\" content=\"Pawe\u0142 Michalczyk\" \/>\n\t<meta name=\"twitter:label2\" content=\"Est. reading time\" \/>\n\t<meta name=\"twitter:data2\" content=\"1 minuta\" \/>\n<script type=\"application\/ld+json\" class=\"yoast-schema-graph\">{\"@context\":\"https:\/\/schema.org\",\"@graph\":[{\"@type\":\"Article\",\"@id\":\"https:\/\/www.mojabochnia.pl\/?p=67556#article\",\"isPartOf\":{\"@id\":\"https:\/\/www.mojabochnia.pl\/?p=67556\"},\"author\":{\"name\":\"Pawe\u0142 Michalczyk\",\"@id\":\"https:\/\/www.mojabochnia.pl\/#\/schema\/person\/ea042e4724a77627963f02166828ead4\"},\"headline\":\"Szpital dosta\u0142 11 specjalistycznych \u0142\u00f3\u017cek\",\"datePublished\":\"2012-02-21T07:37:43+00:00\",\"mainEntityOfPage\":{\"@id\":\"https:\/\/www.mojabochnia.pl\/?p=67556\"},\"wordCount\":217,\"commentCount\":0,\"publisher\":{\"@id\":\"https:\/\/www.mojabochnia.pl\/#organization\"},\"keywords\":[\"anna kosturek\",\"fundacja\",\"fundacja im. dr anny trzaski - wilko\u0144skiej\",\"jerzy lysy\",\"mariusz trojak\",\"szpital\"],\"articleSection\":[\"2_ostatnie\",\"polityka i wydarzenia\",\"tematyka\"],\"inLanguage\":\"pl-PL\",\"potentialAction\":[{\"@type\":\"CommentAction\",\"name\":\"Comment\",\"target\":[\"https:\/\/www.mojabochnia.pl\/?p=67556#respond\"]}]},{\"@type\":\"WebPage\",\"@id\":\"https:\/\/www.mojabochnia.pl\/?p=67556\",\"url\":\"https:\/\/www.mojabochnia.pl\/?p=67556\",\"name\":\"Szpital dosta\u0142 11 specjalistycznych \u0142\u00f3\u017cek - mojabochnia.pl - portal informacyjny\",\"isPartOf\":{\"@id\":\"https:\/\/www.mojabochnia.pl\/#website\"},\"datePublished\":\"2012-02-21T07:37:43+00:00\",\"breadcrumb\":{\"@id\":\"https:\/\/www.mojabochnia.pl\/?p=67556#breadcrumb\"},\"inLanguage\":\"pl-PL\",\"potentialAction\":[{\"@type\":\"ReadAction\",\"target\":[\"https:\/\/www.mojabochnia.pl\/?p=67556\"]}]},{\"@type\":\"BreadcrumbList\",\"@id\":\"https:\/\/www.mojabochnia.pl\/?p=67556#breadcrumb\",\"itemListElement\":[{\"@type\":\"ListItem\",\"position\":1,\"name\":\"Home\",\"item\":\"https:\/\/www.mojabochnia.pl\/\"},{\"@type\":\"ListItem\",\"position\":2,\"name\":\"Szpital dosta\u0142 11 specjalistycznych \u0142\u00f3\u017cek\"}]},{\"@type\":\"WebSite\",\"@id\":\"https:\/\/www.mojabochnia.pl\/#website\",\"url\":\"https:\/\/www.mojabochnia.pl\/\",\"name\":\"mojabochnia.pl - portal informacyjny\",\"description\":\"mojaBochnia to portal informacyjny o Bochni. Codziennie o Bochni piszemy i pokazujemy najwa\u017cniejsze wydarzenia\",\"publisher\":{\"@id\":\"https:\/\/www.mojabochnia.pl\/#organization\"},\"potentialAction\":[{\"@type\":\"SearchAction\",\"target\":{\"@type\":\"EntryPoint\",\"urlTemplate\":\"https:\/\/www.mojabochnia.pl\/?s={search_term_string}\"},\"query-input\":{\"@type\":\"PropertyValueSpecification\",\"valueRequired\":true,\"valueName\":\"search_term_string\"}}],\"inLanguage\":\"pl-PL\"},{\"@type\":\"Organization\",\"@id\":\"https:\/\/www.mojabochnia.pl\/#organization\",\"name\":\"mojabochnia.pl - portal informacyjny\",\"url\":\"https:\/\/www.mojabochnia.pl\/\",\"logo\":{\"@type\":\"ImageObject\",\"inLanguage\":\"pl-PL\",\"@id\":\"https:\/\/www.mojabochnia.pl\/#\/schema\/logo\/image\/\",\"url\":\"https:\/\/www.mojabochnia.pl\/wp-content\/uploads\/2017\/08\/logo-mb-opt.png\",\"contentUrl\":\"https:\/\/www.mojabochnia.pl\/wp-content\/uploads\/2017\/08\/logo-mb-opt.png\",\"width\":250,\"height\":48,\"caption\":\"mojabochnia.pl - portal informacyjny\"},\"image\":{\"@id\":\"https:\/\/www.mojabochnia.pl\/#\/schema\/logo\/image\/\"},\"sameAs\":[\"https:\/\/www.facebook.com\/mojabochnia\"]},{\"@type\":\"Person\",\"@id\":\"https:\/\/www.mojabochnia.pl\/#\/schema\/person\/ea042e4724a77627963f02166828ead4\",\"name\":\"Pawe\u0142 Michalczyk\",\"url\":\"https:\/\/www.mojabochnia.pl\/?author=4\"}]}<\/script>\n<!-- \/ Yoast SEO plugin. -->","yoast_head_json":{"title":"Szpital dosta\u0142 11 specjalistycznych \u0142\u00f3\u017cek - mojabochnia.pl - portal informacyjny","robots":{"index":"index","follow":"follow","max-snippet":"max-snippet:-1","max-image-preview":"max-image-preview:large","max-video-preview":"max-video-preview:-1"},"canonical":"https:\/\/www.mojabochnia.pl\/?p=67556","og_locale":"pl_PL","og_type":"article","og_title":"Szpital dosta\u0142 11 specjalistycznych \u0142\u00f3\u017cek - mojabochnia.pl - portal informacyjny","og_description":"Boche\u0144ski szpital dosta\u0142 11 specjalistycznych \u0142\u00f3\u017cek o warto\u015bci 37 908 z\u0142, kupionych przez Fundacj\u0119 im. dr Anny Trzaski-Wilko\u0144skiej \u201ePomagajmy szpitalowi w Bochni\u201d. To kolejne wsparcie, jakiego Fundacja udzieli\u0142a plac\u00f3wce, obs\u0142uguj\u0105cej 100-tysi\u0119czny powiat.","og_url":"https:\/\/www.mojabochnia.pl\/?p=67556","og_site_name":"mojabochnia.pl - portal informacyjny","article_publisher":"https:\/\/www.facebook.com\/mojabochnia","article_published_time":"2012-02-21T07:37:43+00:00","author":"Pawe\u0142 Michalczyk","twitter_card":"summary_large_image","twitter_misc":{"Written by":"Pawe\u0142 Michalczyk","Est. reading time":"1 minuta"},"schema":{"@context":"https:\/\/schema.org","@graph":[{"@type":"Article","@id":"https:\/\/www.mojabochnia.pl\/?p=67556#article","isPartOf":{"@id":"https:\/\/www.mojabochnia.pl\/?p=67556"},"author":{"name":"Pawe\u0142 Michalczyk","@id":"https:\/\/www.mojabochnia.pl\/#\/schema\/person\/ea042e4724a77627963f02166828ead4"},"headline":"Szpital dosta\u0142 11 specjalistycznych \u0142\u00f3\u017cek","datePublished":"2012-02-21T07:37:43+00:00","mainEntityOfPage":{"@id":"https:\/\/www.mojabochnia.pl\/?p=67556"},"wordCount":217,"commentCount":0,"publisher":{"@id":"https:\/\/www.mojabochnia.pl\/#organization"},"keywords":["anna kosturek","fundacja","fundacja im. dr anny trzaski - wilko\u0144skiej","jerzy lysy","mariusz trojak","szpital"],"articleSection":["2_ostatnie","polityka i wydarzenia","tematyka"],"inLanguage":"pl-PL","potentialAction":[{"@type":"CommentAction","name":"Comment","target":["https:\/\/www.mojabochnia.pl\/?p=67556#respond"]}]},{"@type":"WebPage","@id":"https:\/\/www.mojabochnia.pl\/?p=67556","url":"https:\/\/www.mojabochnia.pl\/?p=67556","name":"Szpital dosta\u0142 11 specjalistycznych \u0142\u00f3\u017cek - mojabochnia.pl - portal informacyjny","isPartOf":{"@id":"https:\/\/www.mojabochnia.pl\/#website"},"datePublished":"2012-02-21T07:37:43+00:00","breadcrumb":{"@id":"https:\/\/www.mojabochnia.pl\/?p=67556#breadcrumb"},"inLanguage":"pl-PL","potentialAction":[{"@type":"ReadAction","target":["https:\/\/www.mojabochnia.pl\/?p=67556"]}]},{"@type":"BreadcrumbList","@id":"https:\/\/www.mojabochnia.pl\/?p=67556#breadcrumb","itemListElement":[{"@type":"ListItem","position":1,"name":"Home","item":"https:\/\/www.mojabochnia.pl\/"},{"@type":"ListItem","position":2,"name":"Szpital dosta\u0142 11 specjalistycznych \u0142\u00f3\u017cek"}]},{"@type":"WebSite","@id":"https:\/\/www.mojabochnia.pl\/#website","url":"https:\/\/www.mojabochnia.pl\/","name":"mojabochnia.pl - portal informacyjny","description":"mojaBochnia to portal informacyjny o Bochni. Codziennie o Bochni piszemy i pokazujemy najwa\u017cniejsze wydarzenia","publisher":{"@id":"https:\/\/www.mojabochnia.pl\/#organization"},"potentialAction":[{"@type":"SearchAction","target":{"@type":"EntryPoint","urlTemplate":"https:\/\/www.mojabochnia.pl\/?s={search_term_string}"},"query-input":{"@type":"PropertyValueSpecification","valueRequired":true,"valueName":"search_term_string"}}],"inLanguage":"pl-PL"},{"@type":"Organization","@id":"https:\/\/www.mojabochnia.pl\/#organization","name":"mojabochnia.pl - portal informacyjny","url":"https:\/\/www.mojabochnia.pl\/","logo":{"@type":"ImageObject","inLanguage":"pl-PL","@id":"https:\/\/www.mojabochnia.pl\/#\/schema\/logo\/image\/","url":"https:\/\/www.mojabochnia.pl\/wp-content\/uploads\/2017\/08\/logo-mb-opt.png","contentUrl":"https:\/\/www.mojabochnia.pl\/wp-content\/uploads\/2017\/08\/logo-mb-opt.png","width":250,"height":48,"caption":"mojabochnia.pl - portal informacyjny"},"image":{"@id":"https:\/\/www.mojabochnia.pl\/#\/schema\/logo\/image\/"},"sameAs":["https:\/\/www.facebook.com\/mojabochnia"]},{"@type":"Person","@id":"https:\/\/www.mojabochnia.pl\/#\/schema\/person\/ea042e4724a77627963f02166828ead4","name":"Pawe\u0142 Michalczyk","url":"https:\/\/www.mojabochnia.pl\/?author=4"}]}},"_links":{"self":[{"href":"https:\/\/www.mojabochnia.pl\/index.php?rest_route=\/wp\/v2\/posts\/67556","targetHints":{"allow":["GET"]}}],"collection":[{"href":"https:\/\/www.mojabochnia.pl\/index.php?rest_route=\/wp\/v2\/posts"}],"about":[{"href":"https:\/\/www.mojabochnia.pl\/index.php?rest_route=\/wp\/v2\/types\/post"}],"author":[{"embeddable":true,"href":"https:\/\/www.mojabochnia.pl\/index.php?rest_route=\/wp\/v2\/users\/4"}],"replies":[{"embeddable":true,"href":"https:\/\/www.mojabochnia.pl\/index.php?rest_route=%2Fwp%2Fv2%2Fcomments&post=67556"}],"version-history":[{"count":5,"href":"https:\/\/www.mojabochnia.pl\/index.php?rest_route=\/wp\/v2\/posts\/67556\/revisions"}],"predecessor-version":[{"id":67563,"href":"https:\/\/www.mojabochnia.pl\/index.php?rest_route=\/wp\/v2\/posts\/67556\/revisions\/67563"}],"wp:attachment":[{"href":"https:\/\/www.mojabochnia.pl\/index.php?rest_route=%2Fwp%2Fv2%2Fmedia&parent=67556"}],"wp:term":[{"taxonomy":"category","embeddable":true,"href":"https:\/\/www.mojabochnia.pl\/index.php?rest_route=%2Fwp%2Fv2%2Fcategories&post=67556"},{"taxonomy":"post_tag","embeddable":true,"href":"https:\/\/www.mojabochnia.pl\/index.php?rest_route=%2Fwp%2Fv2%2Ftags&post=67556"}],"curies":[{"name":"wp","href":"https:\/\/api.w.org\/{rel}","templated":true}]}}