{"id":6751,"date":"2009-03-26T10:32:10","date_gmt":"2009-03-26T09:32:10","guid":{"rendered":"http:\/\/www.mojabochnia.pl\/?p=6751"},"modified":"2009-03-25T14:09:12","modified_gmt":"2009-03-25T13:09:12","slug":"w-tarnawie-powstaje-boisko-wielofunkcyjne","status":"publish","type":"post","link":"https:\/\/www.mojabochnia.pl\/?p=6751","title":{"rendered":"W Tarnawie powstaje boisko wielofunkcyjne"},"content":{"rendered":"<p>Ostatnio zdecydowano o wykonaniu bie\u017cni ze skoczni\u0105; stare boisko, kt\u00f3re zosta\u0142o utwardzone, b\u0119dzie r\u00f3wnie\u017c adaptowane na cele sportowe. \u2013 <em>W tej chwili Tarnawa tworzy swoiste centrum, obok Sobolowa i \u0141apanowa. Jest to wie\u015b zorganizowana, z inicjatyw\u0105, stoi tam zabytkowy ko\u015bci\u00f3\u0142, kt\u00f3rego remont jest realizowany od dw\u00f3ch lat, jest tam du\u017ca remiza stra\u017cacka <\/em>\u2013 m\u00f3wi Jan  Kulig, w\u00f3jt gminy \u0141apan\u00f3w. <\/p>\n<p>Prace zwi\u0105zane z budow\u0105 boiska wielofunkcyjnego w Tarnawie maj\u0105 si\u0119 zako\u0144czy\u0107 do maja.<\/p>\n<p>W\u00f3jt przyznaje, \u017ce w Tarnawie jest te\u017c niebezpieczne skrzy\u017cowanie. \u2013 <em>Mo\u017ce uda si\u0119 wykona\u0107 jakie\u015b rondo, \u017ceby wyhamowa\u0107 szybko\u015b\u0107 kierowc\u00f3w jad\u0105cych drog\u0105 powiatow\u0105<\/em> \u2013 m\u00f3wi.<\/p>\n","protected":false},"excerpt":{"rendered":"<p>Tarnawa w gminie \u0141apan\u00f3w ju\u017c lada chwila b\u0119dzie mia\u0142a boisko wielofunkcyjne. Jego budowa obok budynku szko\u0142y trwa ju\u017c od wielu miesi\u0119cy. <\/p>\n","protected":false},"author":4,"featured_media":0,"comment_status":"open","ping_status":"closed","sticky":false,"template":"","format":"standard","meta":{"_acf_changed":false,"footnotes":""},"categories":[5],"tags":[1170,17377,17326,582,17286,2403,17233,17149,503,17614,17369],"class_list":["post-6751","post","type-post","status-publish","format-standard","hentry","category-biezace-wydarzenia","tag-boisko-sportowe","tag-dozywianie","tag-dzieci","tag-gmina-lapanow1","tag-jan-kulig","tag-kolektory-sloneczne","tag-lapanow","tag-rondo","tag-tarnawa","tag-transport","tag-zabytek"],"acf":[],"yoast_head":"<!-- This site is optimized with the Yoast SEO plugin v26.9 - https:\/\/yoast.com\/product\/yoast-seo-wordpress\/ -->\n<title>W Tarnawie powstaje boisko wielofunkcyjne - mojabochnia.pl - portal informacyjny<\/title>\n<meta name=\"robots\" content=\"index, follow, max-snippet:-1, max-image-preview:large, max-video-preview:-1\" \/>\n<link rel=\"canonical\" href=\"https:\/\/www.mojabochnia.pl\/?p=6751\" \/>\n<meta property=\"og:locale\" content=\"pl_PL\" \/>\n<meta property=\"og:type\" content=\"article\" \/>\n<meta property=\"og:title\" content=\"W Tarnawie powstaje boisko wielofunkcyjne - mojabochnia.pl - portal informacyjny\" \/>\n<meta property=\"og:description\" content=\"Tarnawa w gminie \u0141apan\u00f3w ju\u017c lada chwila b\u0119dzie mia\u0142a boisko wielofunkcyjne. Jego budowa obok budynku szko\u0142y trwa ju\u017c od wielu miesi\u0119cy.\" \/>\n<meta property=\"og:url\" content=\"https:\/\/www.mojabochnia.pl\/?p=6751\" \/>\n<meta property=\"og:site_name\" content=\"mojabochnia.pl - portal informacyjny\" \/>\n<meta property=\"article:publisher\" content=\"https:\/\/www.facebook.com\/mojabochnia\" \/>\n<meta property=\"article:published_time\" content=\"2009-03-26T09:32:10+00:00\" \/>\n<meta name=\"author\" content=\"Pawe\u0142 Michalczyk\" \/>\n<meta name=\"twitter:card\" content=\"summary_large_image\" \/>\n<meta name=\"twitter:label1\" content=\"Written by\" \/>\n\t<meta name=\"twitter:data1\" content=\"Pawe\u0142 Michalczyk\" \/>\n\t<meta name=\"twitter:label2\" content=\"Est. reading time\" \/>\n\t<meta name=\"twitter:data2\" content=\"1 minuta\" \/>\n<script type=\"application\/ld+json\" class=\"yoast-schema-graph\">{\"@context\":\"https:\/\/schema.org\",\"@graph\":[{\"@type\":\"Article\",\"@id\":\"https:\/\/www.mojabochnia.pl\/?p=6751#article\",\"isPartOf\":{\"@id\":\"https:\/\/www.mojabochnia.pl\/?p=6751\"},\"author\":{\"name\":\"Pawe\u0142 Michalczyk\",\"@id\":\"https:\/\/www.mojabochnia.pl\/#\/schema\/person\/ea042e4724a77627963f02166828ead4\"},\"headline\":\"W Tarnawie powstaje boisko wielofunkcyjne\",\"datePublished\":\"2009-03-26T09:32:10+00:00\",\"mainEntityOfPage\":{\"@id\":\"https:\/\/www.mojabochnia.pl\/?p=6751\"},\"wordCount\":119,\"commentCount\":0,\"publisher\":{\"@id\":\"https:\/\/www.mojabochnia.pl\/#organization\"},\"keywords\":[\"boisko sportowe\",\"do\u017cywianie\",\"dzieci\",\"gmina \u0142apan\u00f3w\",\"jan kulig\",\"kolektory s\u0142oneczne\",\"\u0141apan\u00f3w\",\"rondo\",\"tarnawa\",\"transport\",\"zabytek\"],\"articleSection\":[\"2_ostatnie\"],\"inLanguage\":\"pl-PL\",\"potentialAction\":[{\"@type\":\"CommentAction\",\"name\":\"Comment\",\"target\":[\"https:\/\/www.mojabochnia.pl\/?p=6751#respond\"]}]},{\"@type\":\"WebPage\",\"@id\":\"https:\/\/www.mojabochnia.pl\/?p=6751\",\"url\":\"https:\/\/www.mojabochnia.pl\/?p=6751\",\"name\":\"W Tarnawie powstaje boisko wielofunkcyjne - mojabochnia.pl - portal informacyjny\",\"isPartOf\":{\"@id\":\"https:\/\/www.mojabochnia.pl\/#website\"},\"datePublished\":\"2009-03-26T09:32:10+00:00\",\"breadcrumb\":{\"@id\":\"https:\/\/www.mojabochnia.pl\/?p=6751#breadcrumb\"},\"inLanguage\":\"pl-PL\",\"potentialAction\":[{\"@type\":\"ReadAction\",\"target\":[\"https:\/\/www.mojabochnia.pl\/?p=6751\"]}]},{\"@type\":\"BreadcrumbList\",\"@id\":\"https:\/\/www.mojabochnia.pl\/?p=6751#breadcrumb\",\"itemListElement\":[{\"@type\":\"ListItem\",\"position\":1,\"name\":\"Home\",\"item\":\"https:\/\/www.mojabochnia.pl\/\"},{\"@type\":\"ListItem\",\"position\":2,\"name\":\"W Tarnawie powstaje boisko wielofunkcyjne\"}]},{\"@type\":\"WebSite\",\"@id\":\"https:\/\/www.mojabochnia.pl\/#website\",\"url\":\"https:\/\/www.mojabochnia.pl\/\",\"name\":\"mojabochnia.pl - portal informacyjny\",\"description\":\"mojaBochnia to portal informacyjny o Bochni. Codziennie o Bochni piszemy i pokazujemy najwa\u017cniejsze wydarzenia\",\"publisher\":{\"@id\":\"https:\/\/www.mojabochnia.pl\/#organization\"},\"potentialAction\":[{\"@type\":\"SearchAction\",\"target\":{\"@type\":\"EntryPoint\",\"urlTemplate\":\"https:\/\/www.mojabochnia.pl\/?s={search_term_string}\"},\"query-input\":{\"@type\":\"PropertyValueSpecification\",\"valueRequired\":true,\"valueName\":\"search_term_string\"}}],\"inLanguage\":\"pl-PL\"},{\"@type\":\"Organization\",\"@id\":\"https:\/\/www.mojabochnia.pl\/#organization\",\"name\":\"mojabochnia.pl - portal informacyjny\",\"url\":\"https:\/\/www.mojabochnia.pl\/\",\"logo\":{\"@type\":\"ImageObject\",\"inLanguage\":\"pl-PL\",\"@id\":\"https:\/\/www.mojabochnia.pl\/#\/schema\/logo\/image\/\",\"url\":\"https:\/\/www.mojabochnia.pl\/wp-content\/uploads\/2017\/08\/logo-mb-opt.png\",\"contentUrl\":\"https:\/\/www.mojabochnia.pl\/wp-content\/uploads\/2017\/08\/logo-mb-opt.png\",\"width\":250,\"height\":48,\"caption\":\"mojabochnia.pl - portal informacyjny\"},\"image\":{\"@id\":\"https:\/\/www.mojabochnia.pl\/#\/schema\/logo\/image\/\"},\"sameAs\":[\"https:\/\/www.facebook.com\/mojabochnia\"]},{\"@type\":\"Person\",\"@id\":\"https:\/\/www.mojabochnia.pl\/#\/schema\/person\/ea042e4724a77627963f02166828ead4\",\"name\":\"Pawe\u0142 Michalczyk\",\"url\":\"https:\/\/www.mojabochnia.pl\/?author=4\"}]}<\/script>\n<!-- \/ Yoast SEO plugin. -->","yoast_head_json":{"title":"W Tarnawie powstaje boisko wielofunkcyjne - mojabochnia.pl - portal informacyjny","robots":{"index":"index","follow":"follow","max-snippet":"max-snippet:-1","max-image-preview":"max-image-preview:large","max-video-preview":"max-video-preview:-1"},"canonical":"https:\/\/www.mojabochnia.pl\/?p=6751","og_locale":"pl_PL","og_type":"article","og_title":"W Tarnawie powstaje boisko wielofunkcyjne - mojabochnia.pl - portal informacyjny","og_description":"Tarnawa w gminie \u0141apan\u00f3w ju\u017c lada chwila b\u0119dzie mia\u0142a boisko wielofunkcyjne. Jego budowa obok budynku szko\u0142y trwa ju\u017c od wielu miesi\u0119cy.","og_url":"https:\/\/www.mojabochnia.pl\/?p=6751","og_site_name":"mojabochnia.pl - portal informacyjny","article_publisher":"https:\/\/www.facebook.com\/mojabochnia","article_published_time":"2009-03-26T09:32:10+00:00","author":"Pawe\u0142 Michalczyk","twitter_card":"summary_large_image","twitter_misc":{"Written by":"Pawe\u0142 Michalczyk","Est. reading time":"1 minuta"},"schema":{"@context":"https:\/\/schema.org","@graph":[{"@type":"Article","@id":"https:\/\/www.mojabochnia.pl\/?p=6751#article","isPartOf":{"@id":"https:\/\/www.mojabochnia.pl\/?p=6751"},"author":{"name":"Pawe\u0142 Michalczyk","@id":"https:\/\/www.mojabochnia.pl\/#\/schema\/person\/ea042e4724a77627963f02166828ead4"},"headline":"W Tarnawie powstaje boisko wielofunkcyjne","datePublished":"2009-03-26T09:32:10+00:00","mainEntityOfPage":{"@id":"https:\/\/www.mojabochnia.pl\/?p=6751"},"wordCount":119,"commentCount":0,"publisher":{"@id":"https:\/\/www.mojabochnia.pl\/#organization"},"keywords":["boisko sportowe","do\u017cywianie","dzieci","gmina \u0142apan\u00f3w","jan kulig","kolektory s\u0142oneczne","\u0141apan\u00f3w","rondo","tarnawa","transport","zabytek"],"articleSection":["2_ostatnie"],"inLanguage":"pl-PL","potentialAction":[{"@type":"CommentAction","name":"Comment","target":["https:\/\/www.mojabochnia.pl\/?p=6751#respond"]}]},{"@type":"WebPage","@id":"https:\/\/www.mojabochnia.pl\/?p=6751","url":"https:\/\/www.mojabochnia.pl\/?p=6751","name":"W Tarnawie powstaje boisko wielofunkcyjne - mojabochnia.pl - portal informacyjny","isPartOf":{"@id":"https:\/\/www.mojabochnia.pl\/#website"},"datePublished":"2009-03-26T09:32:10+00:00","breadcrumb":{"@id":"https:\/\/www.mojabochnia.pl\/?p=6751#breadcrumb"},"inLanguage":"pl-PL","potentialAction":[{"@type":"ReadAction","target":["https:\/\/www.mojabochnia.pl\/?p=6751"]}]},{"@type":"BreadcrumbList","@id":"https:\/\/www.mojabochnia.pl\/?p=6751#breadcrumb","itemListElement":[{"@type":"ListItem","position":1,"name":"Home","item":"https:\/\/www.mojabochnia.pl\/"},{"@type":"ListItem","position":2,"name":"W Tarnawie powstaje boisko wielofunkcyjne"}]},{"@type":"WebSite","@id":"https:\/\/www.mojabochnia.pl\/#website","url":"https:\/\/www.mojabochnia.pl\/","name":"mojabochnia.pl - portal informacyjny","description":"mojaBochnia to portal informacyjny o Bochni. Codziennie o Bochni piszemy i pokazujemy najwa\u017cniejsze wydarzenia","publisher":{"@id":"https:\/\/www.mojabochnia.pl\/#organization"},"potentialAction":[{"@type":"SearchAction","target":{"@type":"EntryPoint","urlTemplate":"https:\/\/www.mojabochnia.pl\/?s={search_term_string}"},"query-input":{"@type":"PropertyValueSpecification","valueRequired":true,"valueName":"search_term_string"}}],"inLanguage":"pl-PL"},{"@type":"Organization","@id":"https:\/\/www.mojabochnia.pl\/#organization","name":"mojabochnia.pl - portal informacyjny","url":"https:\/\/www.mojabochnia.pl\/","logo":{"@type":"ImageObject","inLanguage":"pl-PL","@id":"https:\/\/www.mojabochnia.pl\/#\/schema\/logo\/image\/","url":"https:\/\/www.mojabochnia.pl\/wp-content\/uploads\/2017\/08\/logo-mb-opt.png","contentUrl":"https:\/\/www.mojabochnia.pl\/wp-content\/uploads\/2017\/08\/logo-mb-opt.png","width":250,"height":48,"caption":"mojabochnia.pl - portal informacyjny"},"image":{"@id":"https:\/\/www.mojabochnia.pl\/#\/schema\/logo\/image\/"},"sameAs":["https:\/\/www.facebook.com\/mojabochnia"]},{"@type":"Person","@id":"https:\/\/www.mojabochnia.pl\/#\/schema\/person\/ea042e4724a77627963f02166828ead4","name":"Pawe\u0142 Michalczyk","url":"https:\/\/www.mojabochnia.pl\/?author=4"}]}},"_links":{"self":[{"href":"https:\/\/www.mojabochnia.pl\/index.php?rest_route=\/wp\/v2\/posts\/6751","targetHints":{"allow":["GET"]}}],"collection":[{"href":"https:\/\/www.mojabochnia.pl\/index.php?rest_route=\/wp\/v2\/posts"}],"about":[{"href":"https:\/\/www.mojabochnia.pl\/index.php?rest_route=\/wp\/v2\/types\/post"}],"author":[{"embeddable":true,"href":"https:\/\/www.mojabochnia.pl\/index.php?rest_route=\/wp\/v2\/users\/4"}],"replies":[{"embeddable":true,"href":"https:\/\/www.mojabochnia.pl\/index.php?rest_route=%2Fwp%2Fv2%2Fcomments&post=6751"}],"version-history":[{"count":0,"href":"https:\/\/www.mojabochnia.pl\/index.php?rest_route=\/wp\/v2\/posts\/6751\/revisions"}],"wp:attachment":[{"href":"https:\/\/www.mojabochnia.pl\/index.php?rest_route=%2Fwp%2Fv2%2Fmedia&parent=6751"}],"wp:term":[{"taxonomy":"category","embeddable":true,"href":"https:\/\/www.mojabochnia.pl\/index.php?rest_route=%2Fwp%2Fv2%2Fcategories&post=6751"},{"taxonomy":"post_tag","embeddable":true,"href":"https:\/\/www.mojabochnia.pl\/index.php?rest_route=%2Fwp%2Fv2%2Ftags&post=6751"}],"curies":[{"name":"wp","href":"https:\/\/api.w.org\/{rel}","templated":true}]}}