{"id":6703,"date":"2009-03-18T10:29:37","date_gmt":"2009-03-18T09:29:37","guid":{"rendered":"http:\/\/www.mojabochnia.pl\/?p=6703"},"modified":"2009-11-16T18:43:39","modified_gmt":"2009-11-16T17:43:39","slug":"jerzy-bloniarz-wojt-zegociny-7-mln-zlotych-na-inwestycje-w-tym-roku","status":"publish","type":"post","link":"https:\/\/www.mojabochnia.pl\/?p=6703","title":{"rendered":"Jerzy B\u0142oniarz &#8211; w\u00f3jt \u017begociny: 7 mln z\u0142otych na inwestycje w tym roku"},"content":{"rendered":"","protected":false},"excerpt":{"rendered":"<p>Poranna kawa z w\u00f3jtem gminy \u017begocina &#8211; Jerzym B\u0142oniarzem na temat plan\u00f3w inwestycyjnych na ten rok.<\/p>\n","protected":false},"author":9,"featured_media":0,"comment_status":"open","ping_status":"closed","sticky":false,"template":"","format":"standard","meta":{"_acf_changed":false,"footnotes":""},"categories":[3633,1501],"tags":[17336,2640,2772,918,2369,17318,17714,17115,2491],"class_list":["post-6703","post","type-post","status-publish","format-standard","hentry","category-tv","category-poranna-kawa","tag-budzet","tag-grabie","tag-inwestyce","tag-jerzy-bloniarz","tag-sala-gimnastyczna","tag-telewizja","tag-tv","tag-zegocina","tag-zespol-szkol-w-zegocinie"],"acf":[],"yoast_head":"<!-- This site is optimized with the Yoast SEO plugin v26.9 - https:\/\/yoast.com\/product\/yoast-seo-wordpress\/ -->\n<title>Jerzy B\u0142oniarz - w\u00f3jt \u017begociny: 7 mln z\u0142otych na inwestycje w tym roku - mojabochnia.pl - portal informacyjny<\/title>\n<meta name=\"robots\" content=\"index, follow, max-snippet:-1, max-image-preview:large, max-video-preview:-1\" \/>\n<link rel=\"canonical\" href=\"https:\/\/www.mojabochnia.pl\/?p=6703\" \/>\n<meta property=\"og:locale\" content=\"pl_PL\" \/>\n<meta property=\"og:type\" content=\"article\" \/>\n<meta property=\"og:title\" content=\"Jerzy B\u0142oniarz - w\u00f3jt \u017begociny: 7 mln z\u0142otych na inwestycje w tym roku - mojabochnia.pl - portal informacyjny\" \/>\n<meta property=\"og:description\" content=\"Poranna kawa z w\u00f3jtem gminy \u017begocina - Jerzym B\u0142oniarzem na temat plan\u00f3w inwestycyjnych na ten rok.\" \/>\n<meta property=\"og:url\" content=\"https:\/\/www.mojabochnia.pl\/?p=6703\" \/>\n<meta property=\"og:site_name\" content=\"mojabochnia.pl - portal informacyjny\" \/>\n<meta property=\"article:publisher\" content=\"https:\/\/www.facebook.com\/mojabochnia\" \/>\n<meta property=\"article:published_time\" content=\"2009-03-18T09:29:37+00:00\" \/>\n<meta property=\"article:modified_time\" content=\"2009-11-16T17:43:39+00:00\" \/>\n<meta name=\"author\" content=\"Aleksander Rzepecki\" \/>\n<meta name=\"twitter:card\" content=\"summary_large_image\" \/>\n<meta name=\"twitter:label1\" content=\"Written by\" \/>\n\t<meta name=\"twitter:data1\" content=\"Aleksander Rzepecki\" \/>\n<script type=\"application\/ld+json\" class=\"yoast-schema-graph\">{\"@context\":\"https:\/\/schema.org\",\"@graph\":[{\"@type\":\"Article\",\"@id\":\"https:\/\/www.mojabochnia.pl\/?p=6703#article\",\"isPartOf\":{\"@id\":\"https:\/\/www.mojabochnia.pl\/?p=6703\"},\"author\":{\"name\":\"Aleksander Rzepecki\",\"@id\":\"https:\/\/www.mojabochnia.pl\/#\/schema\/person\/6cc2563b6df80713ce6940e6ed184c6c\"},\"headline\":\"Jerzy B\u0142oniarz &#8211; w\u00f3jt \u017begociny: 7 mln z\u0142otych na inwestycje w tym roku\",\"datePublished\":\"2009-03-18T09:29:37+00:00\",\"dateModified\":\"2009-11-16T17:43:39+00:00\",\"mainEntityOfPage\":{\"@id\":\"https:\/\/www.mojabochnia.pl\/?p=6703\"},\"wordCount\":15,\"commentCount\":4,\"publisher\":{\"@id\":\"https:\/\/www.mojabochnia.pl\/#organization\"},\"keywords\":[\"bud\u017cet\",\"grabie\",\"inwestyce\",\"jerzy b\u0142oniarz\",\"sala gimnastyczna\",\"telewizja\",\"TV\",\"\u017begocina\",\"zesp\u00f3\u0142 szk\u00f3\u0142 w \u017cegocinie\"],\"articleSection\":[\"TV\",\"TV Poranna kawa\"],\"inLanguage\":\"pl-PL\",\"potentialAction\":[{\"@type\":\"CommentAction\",\"name\":\"Comment\",\"target\":[\"https:\/\/www.mojabochnia.pl\/?p=6703#respond\"]}]},{\"@type\":\"WebPage\",\"@id\":\"https:\/\/www.mojabochnia.pl\/?p=6703\",\"url\":\"https:\/\/www.mojabochnia.pl\/?p=6703\",\"name\":\"Jerzy B\u0142oniarz - w\u00f3jt \u017begociny: 7 mln z\u0142otych na inwestycje w tym roku - mojabochnia.pl - portal informacyjny\",\"isPartOf\":{\"@id\":\"https:\/\/www.mojabochnia.pl\/#website\"},\"datePublished\":\"2009-03-18T09:29:37+00:00\",\"dateModified\":\"2009-11-16T17:43:39+00:00\",\"breadcrumb\":{\"@id\":\"https:\/\/www.mojabochnia.pl\/?p=6703#breadcrumb\"},\"inLanguage\":\"pl-PL\",\"potentialAction\":[{\"@type\":\"ReadAction\",\"target\":[\"https:\/\/www.mojabochnia.pl\/?p=6703\"]}]},{\"@type\":\"BreadcrumbList\",\"@id\":\"https:\/\/www.mojabochnia.pl\/?p=6703#breadcrumb\",\"itemListElement\":[{\"@type\":\"ListItem\",\"position\":1,\"name\":\"Home\",\"item\":\"https:\/\/www.mojabochnia.pl\/\"},{\"@type\":\"ListItem\",\"position\":2,\"name\":\"Jerzy B\u0142oniarz &#8211; w\u00f3jt \u017begociny: 7 mln z\u0142otych na inwestycje w tym roku\"}]},{\"@type\":\"WebSite\",\"@id\":\"https:\/\/www.mojabochnia.pl\/#website\",\"url\":\"https:\/\/www.mojabochnia.pl\/\",\"name\":\"mojabochnia.pl - portal informacyjny\",\"description\":\"mojaBochnia to portal informacyjny o Bochni. Codziennie o Bochni piszemy i pokazujemy najwa\u017cniejsze wydarzenia\",\"publisher\":{\"@id\":\"https:\/\/www.mojabochnia.pl\/#organization\"},\"potentialAction\":[{\"@type\":\"SearchAction\",\"target\":{\"@type\":\"EntryPoint\",\"urlTemplate\":\"https:\/\/www.mojabochnia.pl\/?s={search_term_string}\"},\"query-input\":{\"@type\":\"PropertyValueSpecification\",\"valueRequired\":true,\"valueName\":\"search_term_string\"}}],\"inLanguage\":\"pl-PL\"},{\"@type\":\"Organization\",\"@id\":\"https:\/\/www.mojabochnia.pl\/#organization\",\"name\":\"mojabochnia.pl - portal informacyjny\",\"url\":\"https:\/\/www.mojabochnia.pl\/\",\"logo\":{\"@type\":\"ImageObject\",\"inLanguage\":\"pl-PL\",\"@id\":\"https:\/\/www.mojabochnia.pl\/#\/schema\/logo\/image\/\",\"url\":\"https:\/\/www.mojabochnia.pl\/wp-content\/uploads\/2017\/08\/logo-mb-opt.png\",\"contentUrl\":\"https:\/\/www.mojabochnia.pl\/wp-content\/uploads\/2017\/08\/logo-mb-opt.png\",\"width\":250,\"height\":48,\"caption\":\"mojabochnia.pl - portal informacyjny\"},\"image\":{\"@id\":\"https:\/\/www.mojabochnia.pl\/#\/schema\/logo\/image\/\"},\"sameAs\":[\"https:\/\/www.facebook.com\/mojabochnia\"]},{\"@type\":\"Person\",\"@id\":\"https:\/\/www.mojabochnia.pl\/#\/schema\/person\/6cc2563b6df80713ce6940e6ed184c6c\",\"name\":\"Aleksander Rzepecki\",\"url\":\"https:\/\/www.mojabochnia.pl\/?author=9\"}]}<\/script>\n<!-- \/ Yoast SEO plugin. -->","yoast_head_json":{"title":"Jerzy B\u0142oniarz - w\u00f3jt \u017begociny: 7 mln z\u0142otych na inwestycje w tym roku - mojabochnia.pl - portal informacyjny","robots":{"index":"index","follow":"follow","max-snippet":"max-snippet:-1","max-image-preview":"max-image-preview:large","max-video-preview":"max-video-preview:-1"},"canonical":"https:\/\/www.mojabochnia.pl\/?p=6703","og_locale":"pl_PL","og_type":"article","og_title":"Jerzy B\u0142oniarz - w\u00f3jt \u017begociny: 7 mln z\u0142otych na inwestycje w tym roku - mojabochnia.pl - portal informacyjny","og_description":"Poranna kawa z w\u00f3jtem gminy \u017begocina - Jerzym B\u0142oniarzem na temat plan\u00f3w inwestycyjnych na ten rok.","og_url":"https:\/\/www.mojabochnia.pl\/?p=6703","og_site_name":"mojabochnia.pl - portal informacyjny","article_publisher":"https:\/\/www.facebook.com\/mojabochnia","article_published_time":"2009-03-18T09:29:37+00:00","article_modified_time":"2009-11-16T17:43:39+00:00","author":"Aleksander Rzepecki","twitter_card":"summary_large_image","twitter_misc":{"Written by":"Aleksander Rzepecki"},"schema":{"@context":"https:\/\/schema.org","@graph":[{"@type":"Article","@id":"https:\/\/www.mojabochnia.pl\/?p=6703#article","isPartOf":{"@id":"https:\/\/www.mojabochnia.pl\/?p=6703"},"author":{"name":"Aleksander Rzepecki","@id":"https:\/\/www.mojabochnia.pl\/#\/schema\/person\/6cc2563b6df80713ce6940e6ed184c6c"},"headline":"Jerzy B\u0142oniarz &#8211; w\u00f3jt \u017begociny: 7 mln z\u0142otych na inwestycje w tym roku","datePublished":"2009-03-18T09:29:37+00:00","dateModified":"2009-11-16T17:43:39+00:00","mainEntityOfPage":{"@id":"https:\/\/www.mojabochnia.pl\/?p=6703"},"wordCount":15,"commentCount":4,"publisher":{"@id":"https:\/\/www.mojabochnia.pl\/#organization"},"keywords":["bud\u017cet","grabie","inwestyce","jerzy b\u0142oniarz","sala gimnastyczna","telewizja","TV","\u017begocina","zesp\u00f3\u0142 szk\u00f3\u0142 w \u017cegocinie"],"articleSection":["TV","TV Poranna kawa"],"inLanguage":"pl-PL","potentialAction":[{"@type":"CommentAction","name":"Comment","target":["https:\/\/www.mojabochnia.pl\/?p=6703#respond"]}]},{"@type":"WebPage","@id":"https:\/\/www.mojabochnia.pl\/?p=6703","url":"https:\/\/www.mojabochnia.pl\/?p=6703","name":"Jerzy B\u0142oniarz - w\u00f3jt \u017begociny: 7 mln z\u0142otych na inwestycje w tym roku - mojabochnia.pl - portal informacyjny","isPartOf":{"@id":"https:\/\/www.mojabochnia.pl\/#website"},"datePublished":"2009-03-18T09:29:37+00:00","dateModified":"2009-11-16T17:43:39+00:00","breadcrumb":{"@id":"https:\/\/www.mojabochnia.pl\/?p=6703#breadcrumb"},"inLanguage":"pl-PL","potentialAction":[{"@type":"ReadAction","target":["https:\/\/www.mojabochnia.pl\/?p=6703"]}]},{"@type":"BreadcrumbList","@id":"https:\/\/www.mojabochnia.pl\/?p=6703#breadcrumb","itemListElement":[{"@type":"ListItem","position":1,"name":"Home","item":"https:\/\/www.mojabochnia.pl\/"},{"@type":"ListItem","position":2,"name":"Jerzy B\u0142oniarz &#8211; w\u00f3jt \u017begociny: 7 mln z\u0142otych na inwestycje w tym roku"}]},{"@type":"WebSite","@id":"https:\/\/www.mojabochnia.pl\/#website","url":"https:\/\/www.mojabochnia.pl\/","name":"mojabochnia.pl - portal informacyjny","description":"mojaBochnia to portal informacyjny o Bochni. Codziennie o Bochni piszemy i pokazujemy najwa\u017cniejsze wydarzenia","publisher":{"@id":"https:\/\/www.mojabochnia.pl\/#organization"},"potentialAction":[{"@type":"SearchAction","target":{"@type":"EntryPoint","urlTemplate":"https:\/\/www.mojabochnia.pl\/?s={search_term_string}"},"query-input":{"@type":"PropertyValueSpecification","valueRequired":true,"valueName":"search_term_string"}}],"inLanguage":"pl-PL"},{"@type":"Organization","@id":"https:\/\/www.mojabochnia.pl\/#organization","name":"mojabochnia.pl - portal informacyjny","url":"https:\/\/www.mojabochnia.pl\/","logo":{"@type":"ImageObject","inLanguage":"pl-PL","@id":"https:\/\/www.mojabochnia.pl\/#\/schema\/logo\/image\/","url":"https:\/\/www.mojabochnia.pl\/wp-content\/uploads\/2017\/08\/logo-mb-opt.png","contentUrl":"https:\/\/www.mojabochnia.pl\/wp-content\/uploads\/2017\/08\/logo-mb-opt.png","width":250,"height":48,"caption":"mojabochnia.pl - portal informacyjny"},"image":{"@id":"https:\/\/www.mojabochnia.pl\/#\/schema\/logo\/image\/"},"sameAs":["https:\/\/www.facebook.com\/mojabochnia"]},{"@type":"Person","@id":"https:\/\/www.mojabochnia.pl\/#\/schema\/person\/6cc2563b6df80713ce6940e6ed184c6c","name":"Aleksander Rzepecki","url":"https:\/\/www.mojabochnia.pl\/?author=9"}]}},"_links":{"self":[{"href":"https:\/\/www.mojabochnia.pl\/index.php?rest_route=\/wp\/v2\/posts\/6703","targetHints":{"allow":["GET"]}}],"collection":[{"href":"https:\/\/www.mojabochnia.pl\/index.php?rest_route=\/wp\/v2\/posts"}],"about":[{"href":"https:\/\/www.mojabochnia.pl\/index.php?rest_route=\/wp\/v2\/types\/post"}],"author":[{"embeddable":true,"href":"https:\/\/www.mojabochnia.pl\/index.php?rest_route=\/wp\/v2\/users\/9"}],"replies":[{"embeddable":true,"href":"https:\/\/www.mojabochnia.pl\/index.php?rest_route=%2Fwp%2Fv2%2Fcomments&post=6703"}],"version-history":[{"count":0,"href":"https:\/\/www.mojabochnia.pl\/index.php?rest_route=\/wp\/v2\/posts\/6703\/revisions"}],"wp:attachment":[{"href":"https:\/\/www.mojabochnia.pl\/index.php?rest_route=%2Fwp%2Fv2%2Fmedia&parent=6703"}],"wp:term":[{"taxonomy":"category","embeddable":true,"href":"https:\/\/www.mojabochnia.pl\/index.php?rest_route=%2Fwp%2Fv2%2Fcategories&post=6703"},{"taxonomy":"post_tag","embeddable":true,"href":"https:\/\/www.mojabochnia.pl\/index.php?rest_route=%2Fwp%2Fv2%2Ftags&post=6703"}],"curies":[{"name":"wp","href":"https:\/\/api.w.org\/{rel}","templated":true}]}}