{"id":6679,"date":"2009-03-18T09:19:40","date_gmt":"2009-03-18T08:19:40","guid":{"rendered":"http:\/\/www.mojabochnia.pl\/?p=6679"},"modified":"2009-03-17T14:28:52","modified_gmt":"2009-03-17T13:28:52","slug":"rpk-kontrowersje-wokol-wsiadania-przednim-wejsciem","status":"publish","type":"post","link":"https:\/\/www.mojabochnia.pl\/?p=6679","title":{"rendered":"RPK: kontrowersje wok\u00f3\u0142 wsiadania przednim wej\u015bciem"},"content":{"rendered":"<p>W imieniu os\u00f3b starszych z Bochni zwr\u00f3ci\u0142 si\u0119 do nas Zdzis\u0142aw Lisak, cz\u0142onek zarz\u0105du osiedla \u015ar\u00f3dmie\u015bcie \u2013 Campi. Szczeg\u00f3lnie bulwersuje go fakt, \u017ce starsi ludzie musz\u0105 okazywa\u0107 dokumenty \u015bwiadcz\u0105ce o tym, i\u017c maj\u0105 uprawnienia do podr\u00f3\u017cowania za darmo. \u2013 <em>Koliduje to z wchodzeniem po pierwszym pomo\u015bcie, gdzie jest to utrudnione. Kto\u015b wchodzi o kulach, o lasce i jeszcze ma pokaza\u0107 dow\u00f3d osobisty, aby udowodni\u0107, \u017ce ju\u017c ma a\u017c tyle lat, cho\u0107 nieraz wida\u0107 na pierwszy rzut oka \u017ce ma np. 80 lat. Bardziej nietypowe i zabawne jest to, \u017ce pasa\u017cer musi dosta\u0107 od kierowcy tzw. \u015blepy bilet, p\u00f3\u017aniej go skasowa\u0107. A je\u015bli go nie skasuje, grozi mu kara. Nie wiem, komu to jest potrzebne. Przecie\u017c obowi\u0105zuje ustawa, kt\u00f3ra m\u00f3wi, \u017ce osobom powy\u017cej 75. roku \u017cycia przys\u0142uguje przejazd za darmo. Te bilety maj\u0105 przekre\u015blon\u0105 star\u0105 cen\u0119, a s\u0105 z naszym god\u0142em, z kr\u00f3lem Kazimierzem. wcale si\u0119 to naszym mieszka\u0144com nie podoba, zw\u0142aszcza emerytom i rencistom<\/em> \u2013 m\u00f3wi Zdzis\u0142aw Lisak.<\/p>\n<p>Dodaje on, \u017ce kontrolowanie bilet\u00f3w przez kierowc\u0119 podczas wsiadania pasa\u017cer\u00f3w b\u0119dzie za sob\u0105 poci\u0105ga\u0142o op\u00f3\u017anienia autobus\u00f3w. \u2013 <em>Czy matka z w\u00f3zkiem i z dzieckiem te\u017c ma wchodzi\u0107 przednim wej\u015bciem, czy cz\u0142owiek niepe\u0142nosprawny na w\u00f3zku inwalidzkim r\u00f3wnie\u017c? <\/em>\u2013 pyta przedstawiciel osiedla \u015ar\u00f3dmie\u015bcie \u2013 Campi.<\/p>\n","protected":false},"excerpt":{"rendered":"<p>Decyzja prezesa RPK o tym, \u017ce wsiadanie do autobus\u00f3w jest mo\u017cliwe tylko przednim wej\u015bciem wywo\u0142a\u0142a krytyk\u0119 ze strony pasa\u017cer\u00f3w. <\/p>\n","protected":false},"author":4,"featured_media":0,"comment_status":"open","ping_status":"closed","sticky":false,"template":"","format":"standard","meta":{"_acf_changed":false,"footnotes":""},"categories":[5],"tags":[17594,3013,2596,1267,17504,1268,430,3012,17240,3014],"class_list":["post-6679","post","type-post","status-publish","format-standard","hentry","category-biezace-wydarzenia","tag-autobus","tag-campi","tag-edward-sitko","tag-emeryci","tag-kara","tag-rencisci","tag-rpk","tag-srodmiescie","tag-ustawa","tag-zarzad-osiedla"],"acf":[],"yoast_head":"<!-- This site is optimized with the Yoast SEO plugin v26.9 - https:\/\/yoast.com\/product\/yoast-seo-wordpress\/ -->\n<title>RPK: kontrowersje wok\u00f3\u0142 wsiadania przednim wej\u015bciem - mojabochnia.pl - portal informacyjny<\/title>\n<meta name=\"robots\" content=\"index, follow, max-snippet:-1, max-image-preview:large, max-video-preview:-1\" \/>\n<link rel=\"canonical\" href=\"https:\/\/www.mojabochnia.pl\/?p=6679\" \/>\n<meta property=\"og:locale\" content=\"pl_PL\" \/>\n<meta property=\"og:type\" content=\"article\" \/>\n<meta property=\"og:title\" content=\"RPK: kontrowersje wok\u00f3\u0142 wsiadania przednim wej\u015bciem - mojabochnia.pl - portal informacyjny\" \/>\n<meta property=\"og:description\" content=\"Decyzja prezesa RPK o tym, \u017ce wsiadanie do autobus\u00f3w jest mo\u017cliwe tylko przednim wej\u015bciem wywo\u0142a\u0142a krytyk\u0119 ze strony pasa\u017cer\u00f3w.\" \/>\n<meta property=\"og:url\" content=\"https:\/\/www.mojabochnia.pl\/?p=6679\" \/>\n<meta property=\"og:site_name\" content=\"mojabochnia.pl - portal informacyjny\" \/>\n<meta property=\"article:publisher\" content=\"https:\/\/www.facebook.com\/mojabochnia\" \/>\n<meta property=\"article:published_time\" content=\"2009-03-18T08:19:40+00:00\" \/>\n<meta name=\"author\" content=\"Pawe\u0142 Michalczyk\" \/>\n<meta name=\"twitter:card\" content=\"summary_large_image\" \/>\n<meta name=\"twitter:label1\" content=\"Written by\" \/>\n\t<meta name=\"twitter:data1\" content=\"Pawe\u0142 Michalczyk\" \/>\n\t<meta name=\"twitter:label2\" content=\"Est. reading time\" \/>\n\t<meta name=\"twitter:data2\" content=\"1 minuta\" \/>\n<script type=\"application\/ld+json\" class=\"yoast-schema-graph\">{\"@context\":\"https:\/\/schema.org\",\"@graph\":[{\"@type\":\"Article\",\"@id\":\"https:\/\/www.mojabochnia.pl\/?p=6679#article\",\"isPartOf\":{\"@id\":\"https:\/\/www.mojabochnia.pl\/?p=6679\"},\"author\":{\"name\":\"Pawe\u0142 Michalczyk\",\"@id\":\"https:\/\/www.mojabochnia.pl\/#\/schema\/person\/ea042e4724a77627963f02166828ead4\"},\"headline\":\"RPK: kontrowersje wok\u00f3\u0142 wsiadania przednim wej\u015bciem\",\"datePublished\":\"2009-03-18T08:19:40+00:00\",\"mainEntityOfPage\":{\"@id\":\"https:\/\/www.mojabochnia.pl\/?p=6679\"},\"wordCount\":243,\"commentCount\":9,\"publisher\":{\"@id\":\"https:\/\/www.mojabochnia.pl\/#organization\"},\"keywords\":[\"autobus\",\"campi\",\"edward sitko\",\"emeryci\",\"kara\",\"renci\u015bci\",\"RPK\",\"\u015br\u00f3dmie\u015bcie\",\"ustawa\",\"zarz\u0105d osiedla\"],\"articleSection\":[\"2_ostatnie\"],\"inLanguage\":\"pl-PL\",\"potentialAction\":[{\"@type\":\"CommentAction\",\"name\":\"Comment\",\"target\":[\"https:\/\/www.mojabochnia.pl\/?p=6679#respond\"]}]},{\"@type\":\"WebPage\",\"@id\":\"https:\/\/www.mojabochnia.pl\/?p=6679\",\"url\":\"https:\/\/www.mojabochnia.pl\/?p=6679\",\"name\":\"RPK: kontrowersje wok\u00f3\u0142 wsiadania przednim wej\u015bciem - mojabochnia.pl - portal informacyjny\",\"isPartOf\":{\"@id\":\"https:\/\/www.mojabochnia.pl\/#website\"},\"datePublished\":\"2009-03-18T08:19:40+00:00\",\"breadcrumb\":{\"@id\":\"https:\/\/www.mojabochnia.pl\/?p=6679#breadcrumb\"},\"inLanguage\":\"pl-PL\",\"potentialAction\":[{\"@type\":\"ReadAction\",\"target\":[\"https:\/\/www.mojabochnia.pl\/?p=6679\"]}]},{\"@type\":\"BreadcrumbList\",\"@id\":\"https:\/\/www.mojabochnia.pl\/?p=6679#breadcrumb\",\"itemListElement\":[{\"@type\":\"ListItem\",\"position\":1,\"name\":\"Home\",\"item\":\"https:\/\/www.mojabochnia.pl\/\"},{\"@type\":\"ListItem\",\"position\":2,\"name\":\"RPK: kontrowersje wok\u00f3\u0142 wsiadania przednim wej\u015bciem\"}]},{\"@type\":\"WebSite\",\"@id\":\"https:\/\/www.mojabochnia.pl\/#website\",\"url\":\"https:\/\/www.mojabochnia.pl\/\",\"name\":\"mojabochnia.pl - portal informacyjny\",\"description\":\"mojaBochnia to portal informacyjny o Bochni. Codziennie o Bochni piszemy i pokazujemy najwa\u017cniejsze wydarzenia\",\"publisher\":{\"@id\":\"https:\/\/www.mojabochnia.pl\/#organization\"},\"potentialAction\":[{\"@type\":\"SearchAction\",\"target\":{\"@type\":\"EntryPoint\",\"urlTemplate\":\"https:\/\/www.mojabochnia.pl\/?s={search_term_string}\"},\"query-input\":{\"@type\":\"PropertyValueSpecification\",\"valueRequired\":true,\"valueName\":\"search_term_string\"}}],\"inLanguage\":\"pl-PL\"},{\"@type\":\"Organization\",\"@id\":\"https:\/\/www.mojabochnia.pl\/#organization\",\"name\":\"mojabochnia.pl - portal informacyjny\",\"url\":\"https:\/\/www.mojabochnia.pl\/\",\"logo\":{\"@type\":\"ImageObject\",\"inLanguage\":\"pl-PL\",\"@id\":\"https:\/\/www.mojabochnia.pl\/#\/schema\/logo\/image\/\",\"url\":\"https:\/\/www.mojabochnia.pl\/wp-content\/uploads\/2017\/08\/logo-mb-opt.png\",\"contentUrl\":\"https:\/\/www.mojabochnia.pl\/wp-content\/uploads\/2017\/08\/logo-mb-opt.png\",\"width\":250,\"height\":48,\"caption\":\"mojabochnia.pl - portal informacyjny\"},\"image\":{\"@id\":\"https:\/\/www.mojabochnia.pl\/#\/schema\/logo\/image\/\"},\"sameAs\":[\"https:\/\/www.facebook.com\/mojabochnia\"]},{\"@type\":\"Person\",\"@id\":\"https:\/\/www.mojabochnia.pl\/#\/schema\/person\/ea042e4724a77627963f02166828ead4\",\"name\":\"Pawe\u0142 Michalczyk\",\"url\":\"https:\/\/www.mojabochnia.pl\/?author=4\"}]}<\/script>\n<!-- \/ Yoast SEO plugin. -->","yoast_head_json":{"title":"RPK: kontrowersje wok\u00f3\u0142 wsiadania przednim wej\u015bciem - mojabochnia.pl - portal informacyjny","robots":{"index":"index","follow":"follow","max-snippet":"max-snippet:-1","max-image-preview":"max-image-preview:large","max-video-preview":"max-video-preview:-1"},"canonical":"https:\/\/www.mojabochnia.pl\/?p=6679","og_locale":"pl_PL","og_type":"article","og_title":"RPK: kontrowersje wok\u00f3\u0142 wsiadania przednim wej\u015bciem - mojabochnia.pl - portal informacyjny","og_description":"Decyzja prezesa RPK o tym, \u017ce wsiadanie do autobus\u00f3w jest mo\u017cliwe tylko przednim wej\u015bciem wywo\u0142a\u0142a krytyk\u0119 ze strony pasa\u017cer\u00f3w.","og_url":"https:\/\/www.mojabochnia.pl\/?p=6679","og_site_name":"mojabochnia.pl - portal informacyjny","article_publisher":"https:\/\/www.facebook.com\/mojabochnia","article_published_time":"2009-03-18T08:19:40+00:00","author":"Pawe\u0142 Michalczyk","twitter_card":"summary_large_image","twitter_misc":{"Written by":"Pawe\u0142 Michalczyk","Est. reading time":"1 minuta"},"schema":{"@context":"https:\/\/schema.org","@graph":[{"@type":"Article","@id":"https:\/\/www.mojabochnia.pl\/?p=6679#article","isPartOf":{"@id":"https:\/\/www.mojabochnia.pl\/?p=6679"},"author":{"name":"Pawe\u0142 Michalczyk","@id":"https:\/\/www.mojabochnia.pl\/#\/schema\/person\/ea042e4724a77627963f02166828ead4"},"headline":"RPK: kontrowersje wok\u00f3\u0142 wsiadania przednim wej\u015bciem","datePublished":"2009-03-18T08:19:40+00:00","mainEntityOfPage":{"@id":"https:\/\/www.mojabochnia.pl\/?p=6679"},"wordCount":243,"commentCount":9,"publisher":{"@id":"https:\/\/www.mojabochnia.pl\/#organization"},"keywords":["autobus","campi","edward sitko","emeryci","kara","renci\u015bci","RPK","\u015br\u00f3dmie\u015bcie","ustawa","zarz\u0105d osiedla"],"articleSection":["2_ostatnie"],"inLanguage":"pl-PL","potentialAction":[{"@type":"CommentAction","name":"Comment","target":["https:\/\/www.mojabochnia.pl\/?p=6679#respond"]}]},{"@type":"WebPage","@id":"https:\/\/www.mojabochnia.pl\/?p=6679","url":"https:\/\/www.mojabochnia.pl\/?p=6679","name":"RPK: kontrowersje wok\u00f3\u0142 wsiadania przednim wej\u015bciem - mojabochnia.pl - portal informacyjny","isPartOf":{"@id":"https:\/\/www.mojabochnia.pl\/#website"},"datePublished":"2009-03-18T08:19:40+00:00","breadcrumb":{"@id":"https:\/\/www.mojabochnia.pl\/?p=6679#breadcrumb"},"inLanguage":"pl-PL","potentialAction":[{"@type":"ReadAction","target":["https:\/\/www.mojabochnia.pl\/?p=6679"]}]},{"@type":"BreadcrumbList","@id":"https:\/\/www.mojabochnia.pl\/?p=6679#breadcrumb","itemListElement":[{"@type":"ListItem","position":1,"name":"Home","item":"https:\/\/www.mojabochnia.pl\/"},{"@type":"ListItem","position":2,"name":"RPK: kontrowersje wok\u00f3\u0142 wsiadania przednim wej\u015bciem"}]},{"@type":"WebSite","@id":"https:\/\/www.mojabochnia.pl\/#website","url":"https:\/\/www.mojabochnia.pl\/","name":"mojabochnia.pl - portal informacyjny","description":"mojaBochnia to portal informacyjny o Bochni. Codziennie o Bochni piszemy i pokazujemy najwa\u017cniejsze wydarzenia","publisher":{"@id":"https:\/\/www.mojabochnia.pl\/#organization"},"potentialAction":[{"@type":"SearchAction","target":{"@type":"EntryPoint","urlTemplate":"https:\/\/www.mojabochnia.pl\/?s={search_term_string}"},"query-input":{"@type":"PropertyValueSpecification","valueRequired":true,"valueName":"search_term_string"}}],"inLanguage":"pl-PL"},{"@type":"Organization","@id":"https:\/\/www.mojabochnia.pl\/#organization","name":"mojabochnia.pl - portal informacyjny","url":"https:\/\/www.mojabochnia.pl\/","logo":{"@type":"ImageObject","inLanguage":"pl-PL","@id":"https:\/\/www.mojabochnia.pl\/#\/schema\/logo\/image\/","url":"https:\/\/www.mojabochnia.pl\/wp-content\/uploads\/2017\/08\/logo-mb-opt.png","contentUrl":"https:\/\/www.mojabochnia.pl\/wp-content\/uploads\/2017\/08\/logo-mb-opt.png","width":250,"height":48,"caption":"mojabochnia.pl - portal informacyjny"},"image":{"@id":"https:\/\/www.mojabochnia.pl\/#\/schema\/logo\/image\/"},"sameAs":["https:\/\/www.facebook.com\/mojabochnia"]},{"@type":"Person","@id":"https:\/\/www.mojabochnia.pl\/#\/schema\/person\/ea042e4724a77627963f02166828ead4","name":"Pawe\u0142 Michalczyk","url":"https:\/\/www.mojabochnia.pl\/?author=4"}]}},"_links":{"self":[{"href":"https:\/\/www.mojabochnia.pl\/index.php?rest_route=\/wp\/v2\/posts\/6679","targetHints":{"allow":["GET"]}}],"collection":[{"href":"https:\/\/www.mojabochnia.pl\/index.php?rest_route=\/wp\/v2\/posts"}],"about":[{"href":"https:\/\/www.mojabochnia.pl\/index.php?rest_route=\/wp\/v2\/types\/post"}],"author":[{"embeddable":true,"href":"https:\/\/www.mojabochnia.pl\/index.php?rest_route=\/wp\/v2\/users\/4"}],"replies":[{"embeddable":true,"href":"https:\/\/www.mojabochnia.pl\/index.php?rest_route=%2Fwp%2Fv2%2Fcomments&post=6679"}],"version-history":[{"count":0,"href":"https:\/\/www.mojabochnia.pl\/index.php?rest_route=\/wp\/v2\/posts\/6679\/revisions"}],"wp:attachment":[{"href":"https:\/\/www.mojabochnia.pl\/index.php?rest_route=%2Fwp%2Fv2%2Fmedia&parent=6679"}],"wp:term":[{"taxonomy":"category","embeddable":true,"href":"https:\/\/www.mojabochnia.pl\/index.php?rest_route=%2Fwp%2Fv2%2Fcategories&post=6679"},{"taxonomy":"post_tag","embeddable":true,"href":"https:\/\/www.mojabochnia.pl\/index.php?rest_route=%2Fwp%2Fv2%2Ftags&post=6679"}],"curies":[{"name":"wp","href":"https:\/\/api.w.org\/{rel}","templated":true}]}}