{"id":6655,"date":"2009-03-18T08:07:11","date_gmt":"2009-03-18T07:07:11","guid":{"rendered":"http:\/\/www.mojabochnia.pl\/?p=6655"},"modified":"2009-03-17T12:48:25","modified_gmt":"2009-03-17T11:48:25","slug":"pracodawco-przelam-lody","status":"publish","type":"post","link":"https:\/\/www.mojabochnia.pl\/?p=6655","title":{"rendered":"Pracodawco, prze\u0142am lody"},"content":{"rendered":"<p>Celem tego konkursu jest wyr\u00f3\u017cnienie ludzi, firm, czy instytucji, kt\u00f3re anga\u017cuj\u0105 si\u0119 w rozwi\u0105zywanie problem\u00f3w os\u00f3b niepe\u0142nosprawnych, poprzez ich zatrudnianie. Pracodawcy podkre\u015blaj\u0105, \u017ce takie osoby, s\u0105 nie tylko \u015bwietnymi pracownikami, ale maj\u0105 sw\u00f3j udzia\u0142 w wsp\u00f3lnym budowaniu sukces\u00f3w firmy.<\/p>\n<p>Konkurs poza prze\u0142amaniem stereotyp\u00f3w oraz uprzedze\u0144 zwi\u0105zanych z osobami niepe\u0142nosprawnymi, ma stanowi\u0107 zach\u0119t\u0119 do tworzenie nowych miejsc pracy, oraz podnoszenia standardu ju\u017c istniej\u0105cych stanowisk. Lodo\u0142amacze maj\u0105 wypromowa\u0107 firmy kieruj\u0105ce si\u0119 przyjazn\u0105 polityka wobec os\u00f3b niepe\u0142nosprawnych, dla kt\u00f3rych praca jest jednym z element\u00f3w pe\u0142nego uczestnictwa w \u017cyciu spo\u0142ecznym oraz integracji.<\/p>\n<p>Statuetka Lodo\u0142amacza jest wi\u0119c wyr\u00f3\u017cnieniem dla tych, kt\u00f3rzy s\u0105 otwarci na problemy os\u00f3b dotkni\u0119tych niepe\u0142nosprawno\u015bci\u0105, a zatrudniaj\u0105c ich prze\u0142amuj\u0105 bariery oraz podejmuj\u0105 walk\u0119 z niech\u0119ci\u0105 spo\u0142eczn\u0105. W poprzednich latach, wraz z kolejn\u0105 edycj\u0105 zg\u0142asza\u0142o si\u0119 coraz wi\u0119cej pracodawc\u00f3w. W ubieg\u0142ym roku by\u0142o ich a\u017c 342. Idea konkursu to r\u00f3wnie\u017c zainteresowanie i zach\u0119cenie innych do wsp\u00f3\u0142pracy z niepe\u0142nosprawnymi.<\/p>\n<p>Konkurs sk\u0142ada si\u0119 z dw\u00f3ch etap\u00f3w: Regionalnego i Centralnego. Podczas pierwszego etapu, Kapitu\u0142y Regionalne w ca\u0142ej Polsce, na podstawie nades\u0142anych materia\u0142\u00f3w dokonaj\u0105 analizy i wy\u0142oni\u0105 finalist\u00f3w regionalnych. Regionalni zwyci\u0119zcy poszczeg\u00f3lnych kategorii automatycznie wezm\u0105 udzia\u0142 w centralnym etapie Konkursu, w kt\u00f3rym Kapitu\u0142a Centralna wska\u017ce og\u00f3lnopolskich LODO\u0141AMACZY 2009. Tego roczny konkurs odbywa si\u0119 pod Honorowym Patronatem Ma\u0142\u017conki Prezydenta Rzeczpospolitej Polskiej Pani Marii Kaczy\u0144skiej.<\/p>\n<p>Zg\u0142oszenia mo\u017cna dokona\u0107 do 23 marca, a szczeg\u00f3\u0142owe informacje znajduj\u0105 si\u0119 <a onclick=\"javascript:pageTracker._trackPageview('\/outgoing\/www.lodolamacze.info.pl');\"  href=\"http:\/\/www.lodolamacze.info.pl\">tutaj <\/a>.<\/p>\n","protected":false},"excerpt":{"rendered":"<p>Tw\u00f3j szef jest wra\u017cliwy spo\u0142ecznie? Zg\u0142o\u015b go do Lodo\u0142amaczy 2009, ju\u017c IV edycji tego konkursu.<\/p>\n","protected":false},"author":1,"featured_media":0,"comment_status":"open","ping_status":"closed","sticky":false,"template":"","format":"standard","meta":{"_acf_changed":false,"footnotes":""},"categories":[5],"tags":[17547,17122,17221,2872,2996,2998,1231,1847],"class_list":["post-6655","post","type-post","status-publish","format-standard","hentry","category-biezace-wydarzenia","tag-firma","tag-konkurs","tag-niepelnosprawni","tag-pracodawca","tag-pracownik","tag-statuetka","tag-wspolpraca","tag-zatrudnienie"],"acf":[],"yoast_head":"<!-- This site is optimized with the Yoast SEO plugin v26.9 - https:\/\/yoast.com\/product\/yoast-seo-wordpress\/ -->\n<title>Pracodawco, prze\u0142am lody - mojabochnia.pl - portal informacyjny<\/title>\n<meta name=\"robots\" content=\"index, follow, max-snippet:-1, max-image-preview:large, max-video-preview:-1\" \/>\n<link rel=\"canonical\" href=\"https:\/\/www.mojabochnia.pl\/?p=6655\" \/>\n<meta property=\"og:locale\" content=\"pl_PL\" \/>\n<meta property=\"og:type\" content=\"article\" \/>\n<meta property=\"og:title\" content=\"Pracodawco, prze\u0142am lody - mojabochnia.pl - portal informacyjny\" \/>\n<meta property=\"og:description\" content=\"Tw\u00f3j szef jest wra\u017cliwy spo\u0142ecznie? Zg\u0142o\u015b go do Lodo\u0142amaczy 2009, ju\u017c IV edycji tego konkursu.\" \/>\n<meta property=\"og:url\" content=\"https:\/\/www.mojabochnia.pl\/?p=6655\" \/>\n<meta property=\"og:site_name\" content=\"mojabochnia.pl - portal informacyjny\" \/>\n<meta property=\"article:publisher\" content=\"https:\/\/www.facebook.com\/mojabochnia\" \/>\n<meta property=\"article:published_time\" content=\"2009-03-18T07:07:11+00:00\" \/>\n<meta name=\"author\" content=\"administrator\" \/>\n<meta name=\"twitter:card\" content=\"summary_large_image\" \/>\n<meta name=\"twitter:label1\" content=\"Written by\" \/>\n\t<meta name=\"twitter:data1\" content=\"administrator\" \/>\n\t<meta name=\"twitter:label2\" content=\"Est. reading time\" \/>\n\t<meta name=\"twitter:data2\" content=\"1 minuta\" \/>\n<script type=\"application\/ld+json\" class=\"yoast-schema-graph\">{\"@context\":\"https:\/\/schema.org\",\"@graph\":[{\"@type\":\"Article\",\"@id\":\"https:\/\/www.mojabochnia.pl\/?p=6655#article\",\"isPartOf\":{\"@id\":\"https:\/\/www.mojabochnia.pl\/?p=6655\"},\"author\":{\"name\":\"administrator\",\"@id\":\"https:\/\/www.mojabochnia.pl\/#\/schema\/person\/c00e1f64e6fa0e6de6d410f2c340017f\"},\"headline\":\"Pracodawco, prze\u0142am lody\",\"datePublished\":\"2009-03-18T07:07:11+00:00\",\"mainEntityOfPage\":{\"@id\":\"https:\/\/www.mojabochnia.pl\/?p=6655\"},\"wordCount\":287,\"commentCount\":1,\"publisher\":{\"@id\":\"https:\/\/www.mojabochnia.pl\/#organization\"},\"keywords\":[\"firma\",\"konkurs\",\"niepe\u0142nosprawni\",\"pracodawca\",\"pracownik\",\"statuetka\",\"wsp\u00f3\u0142praca\",\"zatrudnienie\"],\"articleSection\":[\"2_ostatnie\"],\"inLanguage\":\"pl-PL\",\"potentialAction\":[{\"@type\":\"CommentAction\",\"name\":\"Comment\",\"target\":[\"https:\/\/www.mojabochnia.pl\/?p=6655#respond\"]}]},{\"@type\":\"WebPage\",\"@id\":\"https:\/\/www.mojabochnia.pl\/?p=6655\",\"url\":\"https:\/\/www.mojabochnia.pl\/?p=6655\",\"name\":\"Pracodawco, prze\u0142am lody - mojabochnia.pl - portal informacyjny\",\"isPartOf\":{\"@id\":\"https:\/\/www.mojabochnia.pl\/#website\"},\"datePublished\":\"2009-03-18T07:07:11+00:00\",\"breadcrumb\":{\"@id\":\"https:\/\/www.mojabochnia.pl\/?p=6655#breadcrumb\"},\"inLanguage\":\"pl-PL\",\"potentialAction\":[{\"@type\":\"ReadAction\",\"target\":[\"https:\/\/www.mojabochnia.pl\/?p=6655\"]}]},{\"@type\":\"BreadcrumbList\",\"@id\":\"https:\/\/www.mojabochnia.pl\/?p=6655#breadcrumb\",\"itemListElement\":[{\"@type\":\"ListItem\",\"position\":1,\"name\":\"Home\",\"item\":\"https:\/\/www.mojabochnia.pl\/\"},{\"@type\":\"ListItem\",\"position\":2,\"name\":\"Pracodawco, prze\u0142am lody\"}]},{\"@type\":\"WebSite\",\"@id\":\"https:\/\/www.mojabochnia.pl\/#website\",\"url\":\"https:\/\/www.mojabochnia.pl\/\",\"name\":\"mojabochnia.pl - portal informacyjny\",\"description\":\"mojaBochnia to portal informacyjny o Bochni. Codziennie o Bochni piszemy i pokazujemy najwa\u017cniejsze wydarzenia\",\"publisher\":{\"@id\":\"https:\/\/www.mojabochnia.pl\/#organization\"},\"potentialAction\":[{\"@type\":\"SearchAction\",\"target\":{\"@type\":\"EntryPoint\",\"urlTemplate\":\"https:\/\/www.mojabochnia.pl\/?s={search_term_string}\"},\"query-input\":{\"@type\":\"PropertyValueSpecification\",\"valueRequired\":true,\"valueName\":\"search_term_string\"}}],\"inLanguage\":\"pl-PL\"},{\"@type\":\"Organization\",\"@id\":\"https:\/\/www.mojabochnia.pl\/#organization\",\"name\":\"mojabochnia.pl - portal informacyjny\",\"url\":\"https:\/\/www.mojabochnia.pl\/\",\"logo\":{\"@type\":\"ImageObject\",\"inLanguage\":\"pl-PL\",\"@id\":\"https:\/\/www.mojabochnia.pl\/#\/schema\/logo\/image\/\",\"url\":\"https:\/\/www.mojabochnia.pl\/wp-content\/uploads\/2017\/08\/logo-mb-opt.png\",\"contentUrl\":\"https:\/\/www.mojabochnia.pl\/wp-content\/uploads\/2017\/08\/logo-mb-opt.png\",\"width\":250,\"height\":48,\"caption\":\"mojabochnia.pl - portal informacyjny\"},\"image\":{\"@id\":\"https:\/\/www.mojabochnia.pl\/#\/schema\/logo\/image\/\"},\"sameAs\":[\"https:\/\/www.facebook.com\/mojabochnia\"]},{\"@type\":\"Person\",\"@id\":\"https:\/\/www.mojabochnia.pl\/#\/schema\/person\/c00e1f64e6fa0e6de6d410f2c340017f\",\"name\":\"administrator\",\"url\":\"https:\/\/www.mojabochnia.pl\/?author=1\"}]}<\/script>\n<!-- \/ Yoast SEO plugin. -->","yoast_head_json":{"title":"Pracodawco, prze\u0142am lody - mojabochnia.pl - portal informacyjny","robots":{"index":"index","follow":"follow","max-snippet":"max-snippet:-1","max-image-preview":"max-image-preview:large","max-video-preview":"max-video-preview:-1"},"canonical":"https:\/\/www.mojabochnia.pl\/?p=6655","og_locale":"pl_PL","og_type":"article","og_title":"Pracodawco, prze\u0142am lody - mojabochnia.pl - portal informacyjny","og_description":"Tw\u00f3j szef jest wra\u017cliwy spo\u0142ecznie? Zg\u0142o\u015b go do Lodo\u0142amaczy 2009, ju\u017c IV edycji tego konkursu.","og_url":"https:\/\/www.mojabochnia.pl\/?p=6655","og_site_name":"mojabochnia.pl - portal informacyjny","article_publisher":"https:\/\/www.facebook.com\/mojabochnia","article_published_time":"2009-03-18T07:07:11+00:00","author":"administrator","twitter_card":"summary_large_image","twitter_misc":{"Written by":"administrator","Est. reading time":"1 minuta"},"schema":{"@context":"https:\/\/schema.org","@graph":[{"@type":"Article","@id":"https:\/\/www.mojabochnia.pl\/?p=6655#article","isPartOf":{"@id":"https:\/\/www.mojabochnia.pl\/?p=6655"},"author":{"name":"administrator","@id":"https:\/\/www.mojabochnia.pl\/#\/schema\/person\/c00e1f64e6fa0e6de6d410f2c340017f"},"headline":"Pracodawco, prze\u0142am lody","datePublished":"2009-03-18T07:07:11+00:00","mainEntityOfPage":{"@id":"https:\/\/www.mojabochnia.pl\/?p=6655"},"wordCount":287,"commentCount":1,"publisher":{"@id":"https:\/\/www.mojabochnia.pl\/#organization"},"keywords":["firma","konkurs","niepe\u0142nosprawni","pracodawca","pracownik","statuetka","wsp\u00f3\u0142praca","zatrudnienie"],"articleSection":["2_ostatnie"],"inLanguage":"pl-PL","potentialAction":[{"@type":"CommentAction","name":"Comment","target":["https:\/\/www.mojabochnia.pl\/?p=6655#respond"]}]},{"@type":"WebPage","@id":"https:\/\/www.mojabochnia.pl\/?p=6655","url":"https:\/\/www.mojabochnia.pl\/?p=6655","name":"Pracodawco, prze\u0142am lody - mojabochnia.pl - portal informacyjny","isPartOf":{"@id":"https:\/\/www.mojabochnia.pl\/#website"},"datePublished":"2009-03-18T07:07:11+00:00","breadcrumb":{"@id":"https:\/\/www.mojabochnia.pl\/?p=6655#breadcrumb"},"inLanguage":"pl-PL","potentialAction":[{"@type":"ReadAction","target":["https:\/\/www.mojabochnia.pl\/?p=6655"]}]},{"@type":"BreadcrumbList","@id":"https:\/\/www.mojabochnia.pl\/?p=6655#breadcrumb","itemListElement":[{"@type":"ListItem","position":1,"name":"Home","item":"https:\/\/www.mojabochnia.pl\/"},{"@type":"ListItem","position":2,"name":"Pracodawco, prze\u0142am lody"}]},{"@type":"WebSite","@id":"https:\/\/www.mojabochnia.pl\/#website","url":"https:\/\/www.mojabochnia.pl\/","name":"mojabochnia.pl - portal informacyjny","description":"mojaBochnia to portal informacyjny o Bochni. Codziennie o Bochni piszemy i pokazujemy najwa\u017cniejsze wydarzenia","publisher":{"@id":"https:\/\/www.mojabochnia.pl\/#organization"},"potentialAction":[{"@type":"SearchAction","target":{"@type":"EntryPoint","urlTemplate":"https:\/\/www.mojabochnia.pl\/?s={search_term_string}"},"query-input":{"@type":"PropertyValueSpecification","valueRequired":true,"valueName":"search_term_string"}}],"inLanguage":"pl-PL"},{"@type":"Organization","@id":"https:\/\/www.mojabochnia.pl\/#organization","name":"mojabochnia.pl - portal informacyjny","url":"https:\/\/www.mojabochnia.pl\/","logo":{"@type":"ImageObject","inLanguage":"pl-PL","@id":"https:\/\/www.mojabochnia.pl\/#\/schema\/logo\/image\/","url":"https:\/\/www.mojabochnia.pl\/wp-content\/uploads\/2017\/08\/logo-mb-opt.png","contentUrl":"https:\/\/www.mojabochnia.pl\/wp-content\/uploads\/2017\/08\/logo-mb-opt.png","width":250,"height":48,"caption":"mojabochnia.pl - portal informacyjny"},"image":{"@id":"https:\/\/www.mojabochnia.pl\/#\/schema\/logo\/image\/"},"sameAs":["https:\/\/www.facebook.com\/mojabochnia"]},{"@type":"Person","@id":"https:\/\/www.mojabochnia.pl\/#\/schema\/person\/c00e1f64e6fa0e6de6d410f2c340017f","name":"administrator","url":"https:\/\/www.mojabochnia.pl\/?author=1"}]}},"_links":{"self":[{"href":"https:\/\/www.mojabochnia.pl\/index.php?rest_route=\/wp\/v2\/posts\/6655","targetHints":{"allow":["GET"]}}],"collection":[{"href":"https:\/\/www.mojabochnia.pl\/index.php?rest_route=\/wp\/v2\/posts"}],"about":[{"href":"https:\/\/www.mojabochnia.pl\/index.php?rest_route=\/wp\/v2\/types\/post"}],"author":[{"embeddable":true,"href":"https:\/\/www.mojabochnia.pl\/index.php?rest_route=\/wp\/v2\/users\/1"}],"replies":[{"embeddable":true,"href":"https:\/\/www.mojabochnia.pl\/index.php?rest_route=%2Fwp%2Fv2%2Fcomments&post=6655"}],"version-history":[{"count":0,"href":"https:\/\/www.mojabochnia.pl\/index.php?rest_route=\/wp\/v2\/posts\/6655\/revisions"}],"wp:attachment":[{"href":"https:\/\/www.mojabochnia.pl\/index.php?rest_route=%2Fwp%2Fv2%2Fmedia&parent=6655"}],"wp:term":[{"taxonomy":"category","embeddable":true,"href":"https:\/\/www.mojabochnia.pl\/index.php?rest_route=%2Fwp%2Fv2%2Fcategories&post=6655"},{"taxonomy":"post_tag","embeddable":true,"href":"https:\/\/www.mojabochnia.pl\/index.php?rest_route=%2Fwp%2Fv2%2Ftags&post=6655"}],"curies":[{"name":"wp","href":"https:\/\/api.w.org\/{rel}","templated":true}]}}