{"id":649,"date":"2008-08-14T13:28:19","date_gmt":"2008-08-14T11:28:19","guid":{"rendered":"http:\/\/beta.mojabochnia.pl\/?p=649"},"modified":"2008-08-25T15:26:11","modified_gmt":"2008-08-25T13:26:11","slug":"nowy-plac-zabaw-i-nowe-przedszkole","status":"publish","type":"post","link":"https:\/\/www.mojabochnia.pl\/?p=649","title":{"rendered":"Nowe przedszkole i nowy plac zabaw"},"content":{"rendered":"<p>Aktualnie trwaj\u0105 prace maj\u0105ce przystosowa\u0107 budynek Miejskiego Przedszkola Nr 1 na potrzeby pedagog\u00f3w oraz dzieci. Remont, kt\u00f3rego koszty szacuje si\u0119 na ok. 44 tys. z\u0142, wykonuje krzeczowska firma &#8222;EDIL &#8211; BUD&#8221;. Termin ca\u0142kowitego zako\u0144czenia inwestycji jest przewidziany na 30 wrze\u015bnia, ale do 22 sierpnia zostan\u0105 zako\u0144czone prace niezb\u0119dne do otwarcia plac\u00f3wki 1 wrze\u015bnia.<\/p>\n<p>Miejsce pod plac zabaw przygotowa\u0142o Miejskie Przedsi\u0119biorstwo Energetyki Cieplnej. Prace polega\u0142y na wykonaniu rob\u00f3t ziemnych i rozbi\u00f3rkowych nawierzchni betonowej na pow. ok. 400m2 z wywozem gruzu, niwelacj\u0105 terenu i zasianiem trawy. Koszt inwestycji zamkn\u0105\u0142 si\u0119 w kwocie 11.224 z\u0142.<\/p>\n<p>W minionym tygodniu zako\u0144czy\u0142 si\u0119 tak\u017ce monta\u017c wyposa\u017cenia placu zabaw. Firma &#8222;Zak\u0142ad Drzewny KORA &#8211; 2&#8221; zainstalowa\u0142a: 2 zestawy rekreacyjno-sportowe, podw\u00f3jn\u0105 hu\u015btawk\u0119 wahad\u0142ow\u0105 z siedziskami kube\u0142kowymi, 2 hu\u015btawki na spr\u0119\u017cynie, karuzel\u0119 i piaskownic\u0119. Ca\u0142kowity koszt tej cz\u0119\u015bci inwestycji wyni\u00f3s\u0142 16.104 z\u0142.<\/p>\n","protected":false},"excerpt":{"rendered":"<p>W zwi\u0105zku z planowanym otwarciem nowego przedszkola na os. Niepodleg\u0142o\u015bci, w\u0142adze miasta zleci\u0142y wykonanie niezb\u0119dnych zada\u0144 inwestycyjnych tj.: adaptacj\u0119 budynku Miejskiego Przedszkola Nr 1 oraz wykonanie placu zabaw na terenie przylegaj\u0105cym do budynku.<\/p>\n","protected":false},"author":8,"featured_media":0,"comment_status":"open","ping_status":"open","sticky":false,"template":"","format":"standard","meta":{"_acf_changed":false,"footnotes":""},"categories":[5],"tags":[17216,202,17280,17279],"class_list":["post-649","post","type-post","status-publish","format-standard","hentry","category-biezace-wydarzenia","tag-inwestycja","tag-osiedle-niepodleglosci","tag-plac-zabaw","tag-przedszkole"],"acf":[],"yoast_head":"<!-- This site is optimized with the Yoast SEO plugin v26.9 - https:\/\/yoast.com\/product\/yoast-seo-wordpress\/ -->\n<title>Nowe przedszkole i nowy plac zabaw - mojabochnia.pl - portal informacyjny<\/title>\n<meta name=\"robots\" content=\"index, follow, max-snippet:-1, max-image-preview:large, max-video-preview:-1\" \/>\n<link rel=\"canonical\" href=\"https:\/\/www.mojabochnia.pl\/?p=649\" \/>\n<meta property=\"og:locale\" content=\"pl_PL\" \/>\n<meta property=\"og:type\" content=\"article\" \/>\n<meta property=\"og:title\" content=\"Nowe przedszkole i nowy plac zabaw - mojabochnia.pl - portal informacyjny\" \/>\n<meta property=\"og:description\" content=\"W zwi\u0105zku z planowanym otwarciem nowego przedszkola na os. Niepodleg\u0142o\u015bci, w\u0142adze miasta zleci\u0142y wykonanie niezb\u0119dnych zada\u0144 inwestycyjnych tj.: adaptacj\u0119 budynku Miejskiego Przedszkola Nr 1 oraz wykonanie placu zabaw na terenie przylegaj\u0105cym do budynku.\" \/>\n<meta property=\"og:url\" content=\"https:\/\/www.mojabochnia.pl\/?p=649\" \/>\n<meta property=\"og:site_name\" content=\"mojabochnia.pl - portal informacyjny\" \/>\n<meta property=\"article:publisher\" content=\"https:\/\/www.facebook.com\/mojabochnia\" \/>\n<meta property=\"article:published_time\" content=\"2008-08-14T11:28:19+00:00\" \/>\n<meta property=\"article:modified_time\" content=\"2008-08-25T13:26:11+00:00\" \/>\n<meta name=\"author\" content=\"informacja prasowa\" \/>\n<meta name=\"twitter:card\" content=\"summary_large_image\" \/>\n<meta name=\"twitter:label1\" content=\"Written by\" \/>\n\t<meta name=\"twitter:data1\" content=\"informacja prasowa\" \/>\n\t<meta name=\"twitter:label2\" content=\"Est. reading time\" \/>\n\t<meta name=\"twitter:data2\" content=\"1 minuta\" \/>\n<script type=\"application\/ld+json\" class=\"yoast-schema-graph\">{\"@context\":\"https:\/\/schema.org\",\"@graph\":[{\"@type\":\"Article\",\"@id\":\"https:\/\/www.mojabochnia.pl\/?p=649#article\",\"isPartOf\":{\"@id\":\"https:\/\/www.mojabochnia.pl\/?p=649\"},\"author\":{\"name\":\"informacja prasowa\",\"@id\":\"https:\/\/www.mojabochnia.pl\/#\/schema\/person\/9e15cf1bcb74043790f124a3130fe41e\"},\"headline\":\"Nowe przedszkole i nowy plac zabaw\",\"datePublished\":\"2008-08-14T11:28:19+00:00\",\"dateModified\":\"2008-08-25T13:26:11+00:00\",\"mainEntityOfPage\":{\"@id\":\"https:\/\/www.mojabochnia.pl\/?p=649\"},\"wordCount\":158,\"commentCount\":1,\"publisher\":{\"@id\":\"https:\/\/www.mojabochnia.pl\/#organization\"},\"keywords\":[\"inwestycja\",\"osiedle niepodleg\u0142o\u015bci\",\"plac zabaw\",\"przedszkole\"],\"articleSection\":[\"2_ostatnie\"],\"inLanguage\":\"pl-PL\",\"potentialAction\":[{\"@type\":\"CommentAction\",\"name\":\"Comment\",\"target\":[\"https:\/\/www.mojabochnia.pl\/?p=649#respond\"]}]},{\"@type\":\"WebPage\",\"@id\":\"https:\/\/www.mojabochnia.pl\/?p=649\",\"url\":\"https:\/\/www.mojabochnia.pl\/?p=649\",\"name\":\"Nowe przedszkole i nowy plac zabaw - mojabochnia.pl - portal informacyjny\",\"isPartOf\":{\"@id\":\"https:\/\/www.mojabochnia.pl\/#website\"},\"datePublished\":\"2008-08-14T11:28:19+00:00\",\"dateModified\":\"2008-08-25T13:26:11+00:00\",\"breadcrumb\":{\"@id\":\"https:\/\/www.mojabochnia.pl\/?p=649#breadcrumb\"},\"inLanguage\":\"pl-PL\",\"potentialAction\":[{\"@type\":\"ReadAction\",\"target\":[\"https:\/\/www.mojabochnia.pl\/?p=649\"]}]},{\"@type\":\"BreadcrumbList\",\"@id\":\"https:\/\/www.mojabochnia.pl\/?p=649#breadcrumb\",\"itemListElement\":[{\"@type\":\"ListItem\",\"position\":1,\"name\":\"Home\",\"item\":\"https:\/\/www.mojabochnia.pl\/\"},{\"@type\":\"ListItem\",\"position\":2,\"name\":\"Nowe przedszkole i nowy plac zabaw\"}]},{\"@type\":\"WebSite\",\"@id\":\"https:\/\/www.mojabochnia.pl\/#website\",\"url\":\"https:\/\/www.mojabochnia.pl\/\",\"name\":\"mojabochnia.pl - portal informacyjny\",\"description\":\"mojaBochnia to portal informacyjny o Bochni. Codziennie o Bochni piszemy i pokazujemy najwa\u017cniejsze wydarzenia\",\"publisher\":{\"@id\":\"https:\/\/www.mojabochnia.pl\/#organization\"},\"potentialAction\":[{\"@type\":\"SearchAction\",\"target\":{\"@type\":\"EntryPoint\",\"urlTemplate\":\"https:\/\/www.mojabochnia.pl\/?s={search_term_string}\"},\"query-input\":{\"@type\":\"PropertyValueSpecification\",\"valueRequired\":true,\"valueName\":\"search_term_string\"}}],\"inLanguage\":\"pl-PL\"},{\"@type\":\"Organization\",\"@id\":\"https:\/\/www.mojabochnia.pl\/#organization\",\"name\":\"mojabochnia.pl - portal informacyjny\",\"url\":\"https:\/\/www.mojabochnia.pl\/\",\"logo\":{\"@type\":\"ImageObject\",\"inLanguage\":\"pl-PL\",\"@id\":\"https:\/\/www.mojabochnia.pl\/#\/schema\/logo\/image\/\",\"url\":\"https:\/\/www.mojabochnia.pl\/wp-content\/uploads\/2017\/08\/logo-mb-opt.png\",\"contentUrl\":\"https:\/\/www.mojabochnia.pl\/wp-content\/uploads\/2017\/08\/logo-mb-opt.png\",\"width\":250,\"height\":48,\"caption\":\"mojabochnia.pl - portal informacyjny\"},\"image\":{\"@id\":\"https:\/\/www.mojabochnia.pl\/#\/schema\/logo\/image\/\"},\"sameAs\":[\"https:\/\/www.facebook.com\/mojabochnia\"]},{\"@type\":\"Person\",\"@id\":\"https:\/\/www.mojabochnia.pl\/#\/schema\/person\/9e15cf1bcb74043790f124a3130fe41e\",\"name\":\"informacja prasowa\",\"sameAs\":[\"http:\/\/\"],\"url\":\"https:\/\/www.mojabochnia.pl\/?author=8\"}]}<\/script>\n<!-- \/ Yoast SEO plugin. -->","yoast_head_json":{"title":"Nowe przedszkole i nowy plac zabaw - mojabochnia.pl - portal informacyjny","robots":{"index":"index","follow":"follow","max-snippet":"max-snippet:-1","max-image-preview":"max-image-preview:large","max-video-preview":"max-video-preview:-1"},"canonical":"https:\/\/www.mojabochnia.pl\/?p=649","og_locale":"pl_PL","og_type":"article","og_title":"Nowe przedszkole i nowy plac zabaw - mojabochnia.pl - portal informacyjny","og_description":"W zwi\u0105zku z planowanym otwarciem nowego przedszkola na os. Niepodleg\u0142o\u015bci, w\u0142adze miasta zleci\u0142y wykonanie niezb\u0119dnych zada\u0144 inwestycyjnych tj.: adaptacj\u0119 budynku Miejskiego Przedszkola Nr 1 oraz wykonanie placu zabaw na terenie przylegaj\u0105cym do budynku.","og_url":"https:\/\/www.mojabochnia.pl\/?p=649","og_site_name":"mojabochnia.pl - portal informacyjny","article_publisher":"https:\/\/www.facebook.com\/mojabochnia","article_published_time":"2008-08-14T11:28:19+00:00","article_modified_time":"2008-08-25T13:26:11+00:00","author":"informacja prasowa","twitter_card":"summary_large_image","twitter_misc":{"Written by":"informacja prasowa","Est. reading time":"1 minuta"},"schema":{"@context":"https:\/\/schema.org","@graph":[{"@type":"Article","@id":"https:\/\/www.mojabochnia.pl\/?p=649#article","isPartOf":{"@id":"https:\/\/www.mojabochnia.pl\/?p=649"},"author":{"name":"informacja prasowa","@id":"https:\/\/www.mojabochnia.pl\/#\/schema\/person\/9e15cf1bcb74043790f124a3130fe41e"},"headline":"Nowe przedszkole i nowy plac zabaw","datePublished":"2008-08-14T11:28:19+00:00","dateModified":"2008-08-25T13:26:11+00:00","mainEntityOfPage":{"@id":"https:\/\/www.mojabochnia.pl\/?p=649"},"wordCount":158,"commentCount":1,"publisher":{"@id":"https:\/\/www.mojabochnia.pl\/#organization"},"keywords":["inwestycja","osiedle niepodleg\u0142o\u015bci","plac zabaw","przedszkole"],"articleSection":["2_ostatnie"],"inLanguage":"pl-PL","potentialAction":[{"@type":"CommentAction","name":"Comment","target":["https:\/\/www.mojabochnia.pl\/?p=649#respond"]}]},{"@type":"WebPage","@id":"https:\/\/www.mojabochnia.pl\/?p=649","url":"https:\/\/www.mojabochnia.pl\/?p=649","name":"Nowe przedszkole i nowy plac zabaw - mojabochnia.pl - portal informacyjny","isPartOf":{"@id":"https:\/\/www.mojabochnia.pl\/#website"},"datePublished":"2008-08-14T11:28:19+00:00","dateModified":"2008-08-25T13:26:11+00:00","breadcrumb":{"@id":"https:\/\/www.mojabochnia.pl\/?p=649#breadcrumb"},"inLanguage":"pl-PL","potentialAction":[{"@type":"ReadAction","target":["https:\/\/www.mojabochnia.pl\/?p=649"]}]},{"@type":"BreadcrumbList","@id":"https:\/\/www.mojabochnia.pl\/?p=649#breadcrumb","itemListElement":[{"@type":"ListItem","position":1,"name":"Home","item":"https:\/\/www.mojabochnia.pl\/"},{"@type":"ListItem","position":2,"name":"Nowe przedszkole i nowy plac zabaw"}]},{"@type":"WebSite","@id":"https:\/\/www.mojabochnia.pl\/#website","url":"https:\/\/www.mojabochnia.pl\/","name":"mojabochnia.pl - portal informacyjny","description":"mojaBochnia to portal informacyjny o Bochni. Codziennie o Bochni piszemy i pokazujemy najwa\u017cniejsze wydarzenia","publisher":{"@id":"https:\/\/www.mojabochnia.pl\/#organization"},"potentialAction":[{"@type":"SearchAction","target":{"@type":"EntryPoint","urlTemplate":"https:\/\/www.mojabochnia.pl\/?s={search_term_string}"},"query-input":{"@type":"PropertyValueSpecification","valueRequired":true,"valueName":"search_term_string"}}],"inLanguage":"pl-PL"},{"@type":"Organization","@id":"https:\/\/www.mojabochnia.pl\/#organization","name":"mojabochnia.pl - portal informacyjny","url":"https:\/\/www.mojabochnia.pl\/","logo":{"@type":"ImageObject","inLanguage":"pl-PL","@id":"https:\/\/www.mojabochnia.pl\/#\/schema\/logo\/image\/","url":"https:\/\/www.mojabochnia.pl\/wp-content\/uploads\/2017\/08\/logo-mb-opt.png","contentUrl":"https:\/\/www.mojabochnia.pl\/wp-content\/uploads\/2017\/08\/logo-mb-opt.png","width":250,"height":48,"caption":"mojabochnia.pl - portal informacyjny"},"image":{"@id":"https:\/\/www.mojabochnia.pl\/#\/schema\/logo\/image\/"},"sameAs":["https:\/\/www.facebook.com\/mojabochnia"]},{"@type":"Person","@id":"https:\/\/www.mojabochnia.pl\/#\/schema\/person\/9e15cf1bcb74043790f124a3130fe41e","name":"informacja prasowa","sameAs":["http:\/\/"],"url":"https:\/\/www.mojabochnia.pl\/?author=8"}]}},"_links":{"self":[{"href":"https:\/\/www.mojabochnia.pl\/index.php?rest_route=\/wp\/v2\/posts\/649","targetHints":{"allow":["GET"]}}],"collection":[{"href":"https:\/\/www.mojabochnia.pl\/index.php?rest_route=\/wp\/v2\/posts"}],"about":[{"href":"https:\/\/www.mojabochnia.pl\/index.php?rest_route=\/wp\/v2\/types\/post"}],"author":[{"embeddable":true,"href":"https:\/\/www.mojabochnia.pl\/index.php?rest_route=\/wp\/v2\/users\/8"}],"replies":[{"embeddable":true,"href":"https:\/\/www.mojabochnia.pl\/index.php?rest_route=%2Fwp%2Fv2%2Fcomments&post=649"}],"version-history":[{"count":0,"href":"https:\/\/www.mojabochnia.pl\/index.php?rest_route=\/wp\/v2\/posts\/649\/revisions"}],"wp:attachment":[{"href":"https:\/\/www.mojabochnia.pl\/index.php?rest_route=%2Fwp%2Fv2%2Fmedia&parent=649"}],"wp:term":[{"taxonomy":"category","embeddable":true,"href":"https:\/\/www.mojabochnia.pl\/index.php?rest_route=%2Fwp%2Fv2%2Fcategories&post=649"},{"taxonomy":"post_tag","embeddable":true,"href":"https:\/\/www.mojabochnia.pl\/index.php?rest_route=%2Fwp%2Fv2%2Ftags&post=649"}],"curies":[{"name":"wp","href":"https:\/\/api.w.org\/{rel}","templated":true}]}}