{"id":64235,"date":"2011-12-12T14:40:57","date_gmt":"2011-12-12T13:40:57","guid":{"rendered":"http:\/\/www.mojabochnia.pl\/?p=64235"},"modified":"2011-12-12T15:11:42","modified_gmt":"2011-12-12T14:11:42","slug":"kiermasz-swiateczny-ii-lo-pomaga-bartoszowi","status":"publish","type":"post","link":"https:\/\/www.mojabochnia.pl\/?p=64235","title":{"rendered":"Kiermasz \u015bwi\u0105teczny &#8211; II LO pomaga Bartoszowi &#8211; galeria zdj\u0119\u0107"},"content":{"rendered":"<p>W kwietniu bie\u017c\u0105cego roku u dwulatka zdiagnozowano nowotw\u00f3r z\u0142o\u015bliwy nerki. Niestety, zaatakowa\u0142 on r\u00f3wnie\u017c drug\u0105 nerk\u0119 oraz p\u0142uca ch\u0142opca. Czeka go dalsze kosztowne leczenie i rehabilitacja.<\/p>\n<p>Kiermasz \u015bwi\u0105teczny zorganizowany zosta\u0142 przez panie: Agnieszk\u0119 Bakalarz, Katarzyn\u0119 Czekaj i El\u017cbiet\u0119 Zag\u00f3rsk\u0105. Uczniowie szko\u0142y odpowiedzialni byli za wsp\u00f3\u0142organizacj\u0119, a tak\u017ce za przeprowadzenie przedsi\u0119wzi\u0119cia.<\/p>\n<p>W godzinach 9:00-14:00 wszyscy ch\u0119tni mogli nabywa\u0107 ciasta i gor\u0105ce napoje czy r\u0119cznie wykonane ozdoby i kartki \u015bwi\u0105teczne. W ich przygotowanie szczeg\u00f3lnie w\u0142\u0105czy\u0142y si\u0119 klasy: I B i II B.<\/p>\n<p>Podczas kiermaszu, w kt\u00f3rym wzi\u0119\u0142a udzia\u0142 ca\u0142a spo\u0142eczno\u015b\u0107 II LO, uda\u0142o si\u0119 zgromadzi\u0107 oko\u0142o 1250 z\u0142. Kwota ta zosta\u0142a przekazana rodzicom Bartosza.<\/p>\n\t  \r\n\t\r\n\t    <div class=\"mb-gallery\">\r\n\t    <a href=\"https:\/\/www.mojabochnia.pl\/?attachment_id=64257\" class=\"\"><img loading=\"lazy\" decoding=\"async\" width=\"100\" height=\"56\" src=\"https:\/\/www.mojabochnia.pl\/wp-content\/uploads\/2011\/12\/ok-DSC_0189-120x67.jpg\" class=\"attachment-100x100 size-100x100\" alt=\"\" srcset=\"https:\/\/www.mojabochnia.pl\/wp-content\/uploads\/2011\/12\/ok-DSC_0189-120x67.jpg 120w, https:\/\/www.mojabochnia.pl\/wp-content\/uploads\/2011\/12\/ok-DSC_0189-468x263.jpg 468w, https:\/\/www.mojabochnia.pl\/wp-content\/uploads\/2011\/12\/ok-DSC_0189-660x371.jpg 660w, https:\/\/www.mojabochnia.pl\/wp-content\/uploads\/2011\/12\/ok-DSC_0189.jpg 800w\" sizes=\"auto, (max-width: 100px) 100vw, 100px\" \/><\/a><a href=\"https:\/\/www.mojabochnia.pl\/?attachment_id=64247\" class=\"\"><img loading=\"lazy\" decoding=\"async\" width=\"100\" height=\"56\" src=\"https:\/\/www.mojabochnia.pl\/wp-content\/uploads\/2011\/12\/ok-DSC_0125-120x67.jpg\" class=\"attachment-100x100 size-100x100\" alt=\"\" srcset=\"https:\/\/www.mojabochnia.pl\/wp-content\/uploads\/2011\/12\/ok-DSC_0125-120x67.jpg 120w, https:\/\/www.mojabochnia.pl\/wp-content\/uploads\/2011\/12\/ok-DSC_0125-468x263.jpg 468w, https:\/\/www.mojabochnia.pl\/wp-content\/uploads\/2011\/12\/ok-DSC_0125-660x371.jpg 660w, https:\/\/www.mojabochnia.pl\/wp-content\/uploads\/2011\/12\/ok-DSC_0125.jpg 800w\" sizes=\"auto, (max-width: 100px) 100vw, 100px\" \/><\/a><a href=\"https:\/\/www.mojabochnia.pl\/?attachment_id=64248\" class=\"\"><img loading=\"lazy\" decoding=\"async\" width=\"100\" height=\"56\" src=\"https:\/\/www.mojabochnia.pl\/wp-content\/uploads\/2011\/12\/ok-DSC_0128-120x67.jpg\" class=\"attachment-100x100 size-100x100\" alt=\"\" srcset=\"https:\/\/www.mojabochnia.pl\/wp-content\/uploads\/2011\/12\/ok-DSC_0128-120x67.jpg 120w, https:\/\/www.mojabochnia.pl\/wp-content\/uploads\/2011\/12\/ok-DSC_0128-468x263.jpg 468w, https:\/\/www.mojabochnia.pl\/wp-content\/uploads\/2011\/12\/ok-DSC_0128-660x371.jpg 660w, https:\/\/www.mojabochnia.pl\/wp-content\/uploads\/2011\/12\/ok-DSC_0128.jpg 800w\" sizes=\"auto, (max-width: 100px) 100vw, 100px\" \/><\/a><a href=\"https:\/\/www.mojabochnia.pl\/?attachment_id=64249\" class=\"\"><img loading=\"lazy\" decoding=\"async\" width=\"100\" height=\"56\" src=\"https:\/\/www.mojabochnia.pl\/wp-content\/uploads\/2011\/12\/ok-DSC_0134-120x67.jpg\" class=\"attachment-100x100 size-100x100\" alt=\"\" srcset=\"https:\/\/www.mojabochnia.pl\/wp-content\/uploads\/2011\/12\/ok-DSC_0134-120x67.jpg 120w, https:\/\/www.mojabochnia.pl\/wp-content\/uploads\/2011\/12\/ok-DSC_0134-468x263.jpg 468w, https:\/\/www.mojabochnia.pl\/wp-content\/uploads\/2011\/12\/ok-DSC_0134-660x371.jpg 660w, https:\/\/www.mojabochnia.pl\/wp-content\/uploads\/2011\/12\/ok-DSC_0134.jpg 800w\" sizes=\"auto, (max-width: 100px) 100vw, 100px\" \/><\/a><a href=\"https:\/\/www.mojabochnia.pl\/?attachment_id=64250\" class=\"\"><img loading=\"lazy\" decoding=\"async\" width=\"100\" height=\"56\" src=\"https:\/\/www.mojabochnia.pl\/wp-content\/uploads\/2011\/12\/ok-DSC_0145-120x67.jpg\" class=\"attachment-100x100 size-100x100\" alt=\"\" srcset=\"https:\/\/www.mojabochnia.pl\/wp-content\/uploads\/2011\/12\/ok-DSC_0145-120x67.jpg 120w, https:\/\/www.mojabochnia.pl\/wp-content\/uploads\/2011\/12\/ok-DSC_0145-468x263.jpg 468w, https:\/\/www.mojabochnia.pl\/wp-content\/uploads\/2011\/12\/ok-DSC_0145-660x371.jpg 660w, https:\/\/www.mojabochnia.pl\/wp-content\/uploads\/2011\/12\/ok-DSC_0145.jpg 800w\" sizes=\"auto, (max-width: 100px) 100vw, 100px\" \/><\/a><a href=\"https:\/\/www.mojabochnia.pl\/?attachment_id=64251\" class=\"\"><img loading=\"lazy\" decoding=\"async\" width=\"100\" height=\"56\" src=\"https:\/\/www.mojabochnia.pl\/wp-content\/uploads\/2011\/12\/ok-DSC_0149-120x67.jpg\" class=\"attachment-100x100 size-100x100\" alt=\"\" srcset=\"https:\/\/www.mojabochnia.pl\/wp-content\/uploads\/2011\/12\/ok-DSC_0149-120x67.jpg 120w, https:\/\/www.mojabochnia.pl\/wp-content\/uploads\/2011\/12\/ok-DSC_0149-468x263.jpg 468w, https:\/\/www.mojabochnia.pl\/wp-content\/uploads\/2011\/12\/ok-DSC_0149-660x371.jpg 660w, https:\/\/www.mojabochnia.pl\/wp-content\/uploads\/2011\/12\/ok-DSC_0149.jpg 800w\" sizes=\"auto, (max-width: 100px) 100vw, 100px\" \/><\/a><a href=\"https:\/\/www.mojabochnia.pl\/?attachment_id=64252\" class=\"\"><img loading=\"lazy\" decoding=\"async\" width=\"100\" height=\"56\" src=\"https:\/\/www.mojabochnia.pl\/wp-content\/uploads\/2011\/12\/ok-DSC_01591-120x67.jpg\" class=\"attachment-100x100 size-100x100\" alt=\"\" srcset=\"https:\/\/www.mojabochnia.pl\/wp-content\/uploads\/2011\/12\/ok-DSC_01591-120x67.jpg 120w, https:\/\/www.mojabochnia.pl\/wp-content\/uploads\/2011\/12\/ok-DSC_01591-468x263.jpg 468w, https:\/\/www.mojabochnia.pl\/wp-content\/uploads\/2011\/12\/ok-DSC_01591-660x371.jpg 660w, https:\/\/www.mojabochnia.pl\/wp-content\/uploads\/2011\/12\/ok-DSC_01591.jpg 800w\" sizes=\"auto, (max-width: 100px) 100vw, 100px\" \/><\/a><a href=\"https:\/\/www.mojabochnia.pl\/?attachment_id=64253\" class=\"\"><img loading=\"lazy\" decoding=\"async\" width=\"100\" height=\"56\" src=\"https:\/\/www.mojabochnia.pl\/wp-content\/uploads\/2011\/12\/ok-DSC_0162-120x67.jpg\" class=\"attachment-100x100 size-100x100\" alt=\"\" srcset=\"https:\/\/www.mojabochnia.pl\/wp-content\/uploads\/2011\/12\/ok-DSC_0162-120x67.jpg 120w, https:\/\/www.mojabochnia.pl\/wp-content\/uploads\/2011\/12\/ok-DSC_0162-468x263.jpg 468w, https:\/\/www.mojabochnia.pl\/wp-content\/uploads\/2011\/12\/ok-DSC_0162-660x371.jpg 660w, https:\/\/www.mojabochnia.pl\/wp-content\/uploads\/2011\/12\/ok-DSC_0162.jpg 800w\" sizes=\"auto, (max-width: 100px) 100vw, 100px\" \/><\/a><a href=\"https:\/\/www.mojabochnia.pl\/?attachment_id=64254\" class=\"\"><img loading=\"lazy\" decoding=\"async\" width=\"100\" height=\"56\" src=\"https:\/\/www.mojabochnia.pl\/wp-content\/uploads\/2011\/12\/ok-DSC_0165-120x67.jpg\" class=\"attachment-100x100 size-100x100\" alt=\"\" srcset=\"https:\/\/www.mojabochnia.pl\/wp-content\/uploads\/2011\/12\/ok-DSC_0165-120x67.jpg 120w, https:\/\/www.mojabochnia.pl\/wp-content\/uploads\/2011\/12\/ok-DSC_0165-468x263.jpg 468w, https:\/\/www.mojabochnia.pl\/wp-content\/uploads\/2011\/12\/ok-DSC_0165-660x371.jpg 660w, https:\/\/www.mojabochnia.pl\/wp-content\/uploads\/2011\/12\/ok-DSC_0165.jpg 800w\" sizes=\"auto, (max-width: 100px) 100vw, 100px\" \/><\/a><a href=\"https:\/\/www.mojabochnia.pl\/?attachment_id=64255\" class=\"\"><img loading=\"lazy\" decoding=\"async\" width=\"100\" height=\"56\" src=\"https:\/\/www.mojabochnia.pl\/wp-content\/uploads\/2011\/12\/ok-DSC_0176-120x67.jpg\" class=\"attachment-100x100 size-100x100\" alt=\"\" srcset=\"https:\/\/www.mojabochnia.pl\/wp-content\/uploads\/2011\/12\/ok-DSC_0176-120x67.jpg 120w, https:\/\/www.mojabochnia.pl\/wp-content\/uploads\/2011\/12\/ok-DSC_0176-468x263.jpg 468w, https:\/\/www.mojabochnia.pl\/wp-content\/uploads\/2011\/12\/ok-DSC_0176-660x371.jpg 660w, https:\/\/www.mojabochnia.pl\/wp-content\/uploads\/2011\/12\/ok-DSC_0176.jpg 800w\" sizes=\"auto, (max-width: 100px) 100vw, 100px\" \/><\/a><a href=\"https:\/\/www.mojabochnia.pl\/?attachment_id=64256\" class=\"\"><img loading=\"lazy\" decoding=\"async\" width=\"100\" height=\"56\" src=\"https:\/\/www.mojabochnia.pl\/wp-content\/uploads\/2011\/12\/ok-DSC_0184-120x67.jpg\" class=\"attachment-100x100 size-100x100\" alt=\"\" srcset=\"https:\/\/www.mojabochnia.pl\/wp-content\/uploads\/2011\/12\/ok-DSC_0184-120x67.jpg 120w, https:\/\/www.mojabochnia.pl\/wp-content\/uploads\/2011\/12\/ok-DSC_0184-468x263.jpg 468w, https:\/\/www.mojabochnia.pl\/wp-content\/uploads\/2011\/12\/ok-DSC_0184-660x371.jpg 660w, https:\/\/www.mojabochnia.pl\/wp-content\/uploads\/2011\/12\/ok-DSC_0184.jpg 800w\" sizes=\"auto, (max-width: 100px) 100vw, 100px\" \/><\/a><a href=\"https:\/\/www.mojabochnia.pl\/?attachment_id=64258\" class=\"\"><img loading=\"lazy\" decoding=\"async\" width=\"100\" height=\"56\" src=\"https:\/\/www.mojabochnia.pl\/wp-content\/uploads\/2011\/12\/ok-DSC_0199-120x67.jpg\" class=\"attachment-100x100 size-100x100\" alt=\"\" srcset=\"https:\/\/www.mojabochnia.pl\/wp-content\/uploads\/2011\/12\/ok-DSC_0199-120x67.jpg 120w, https:\/\/www.mojabochnia.pl\/wp-content\/uploads\/2011\/12\/ok-DSC_0199-468x263.jpg 468w, https:\/\/www.mojabochnia.pl\/wp-content\/uploads\/2011\/12\/ok-DSC_0199-660x371.jpg 660w, https:\/\/www.mojabochnia.pl\/wp-content\/uploads\/2011\/12\/ok-DSC_0199.jpg 800w\" sizes=\"auto, (max-width: 100px) 100vw, 100px\" \/><\/a><a href=\"https:\/\/www.mojabochnia.pl\/?attachment_id=64259\" class=\"\"><img loading=\"lazy\" decoding=\"async\" width=\"100\" height=\"56\" src=\"https:\/\/www.mojabochnia.pl\/wp-content\/uploads\/2011\/12\/ok-DSC_0203-120x67.jpg\" class=\"attachment-100x100 size-100x100\" alt=\"\" srcset=\"https:\/\/www.mojabochnia.pl\/wp-content\/uploads\/2011\/12\/ok-DSC_0203-120x67.jpg 120w, https:\/\/www.mojabochnia.pl\/wp-content\/uploads\/2011\/12\/ok-DSC_0203-468x263.jpg 468w, https:\/\/www.mojabochnia.pl\/wp-content\/uploads\/2011\/12\/ok-DSC_0203-660x371.jpg 660w, https:\/\/www.mojabochnia.pl\/wp-content\/uploads\/2011\/12\/ok-DSC_0203.jpg 800w\" sizes=\"auto, (max-width: 100px) 100vw, 100px\" \/><\/a><a href=\"https:\/\/www.mojabochnia.pl\/?attachment_id=64260\" class=\"\"><img loading=\"lazy\" decoding=\"async\" width=\"100\" height=\"56\" src=\"https:\/\/www.mojabochnia.pl\/wp-content\/uploads\/2011\/12\/ok-DSC_0212-120x67.jpg\" class=\"attachment-100x100 size-100x100\" alt=\"\" srcset=\"https:\/\/www.mojabochnia.pl\/wp-content\/uploads\/2011\/12\/ok-DSC_0212-120x67.jpg 120w, https:\/\/www.mojabochnia.pl\/wp-content\/uploads\/2011\/12\/ok-DSC_0212-468x263.jpg 468w, https:\/\/www.mojabochnia.pl\/wp-content\/uploads\/2011\/12\/ok-DSC_0212-660x371.jpg 660w, https:\/\/www.mojabochnia.pl\/wp-content\/uploads\/2011\/12\/ok-DSC_0212.jpg 800w\" sizes=\"auto, (max-width: 100px) 100vw, 100px\" \/><\/a><a href=\"https:\/\/www.mojabochnia.pl\/?attachment_id=64261\" class=\"\"><img loading=\"lazy\" decoding=\"async\" width=\"100\" height=\"56\" src=\"https:\/\/www.mojabochnia.pl\/wp-content\/uploads\/2011\/12\/ok-DSC_02151-120x67.jpg\" class=\"attachment-100x100 size-100x100\" alt=\"\" srcset=\"https:\/\/www.mojabochnia.pl\/wp-content\/uploads\/2011\/12\/ok-DSC_02151-120x67.jpg 120w, https:\/\/www.mojabochnia.pl\/wp-content\/uploads\/2011\/12\/ok-DSC_02151-468x263.jpg 468w, https:\/\/www.mojabochnia.pl\/wp-content\/uploads\/2011\/12\/ok-DSC_02151-660x371.jpg 660w, https:\/\/www.mojabochnia.pl\/wp-content\/uploads\/2011\/12\/ok-DSC_02151.jpg 800w\" sizes=\"auto, (max-width: 100px) 100vw, 100px\" \/><\/a><a href=\"https:\/\/www.mojabochnia.pl\/?attachment_id=64262\" class=\"\"><img loading=\"lazy\" decoding=\"async\" width=\"100\" height=\"56\" src=\"https:\/\/www.mojabochnia.pl\/wp-content\/uploads\/2011\/12\/ok-DSC_0237-120x67.jpg\" class=\"attachment-100x100 size-100x100\" alt=\"\" srcset=\"https:\/\/www.mojabochnia.pl\/wp-content\/uploads\/2011\/12\/ok-DSC_0237-120x67.jpg 120w, https:\/\/www.mojabochnia.pl\/wp-content\/uploads\/2011\/12\/ok-DSC_0237-468x263.jpg 468w, https:\/\/www.mojabochnia.pl\/wp-content\/uploads\/2011\/12\/ok-DSC_0237-660x371.jpg 660w, https:\/\/www.mojabochnia.pl\/wp-content\/uploads\/2011\/12\/ok-DSC_0237.jpg 800w\" sizes=\"auto, (max-width: 100px) 100vw, 100px\" \/><\/a><a href=\"https:\/\/www.mojabochnia.pl\/?attachment_id=64263\" class=\"\"><img loading=\"lazy\" decoding=\"async\" width=\"100\" height=\"56\" src=\"https:\/\/www.mojabochnia.pl\/wp-content\/uploads\/2011\/12\/ok-DSC_0260-120x67.jpg\" class=\"attachment-100x100 size-100x100\" alt=\"\" srcset=\"https:\/\/www.mojabochnia.pl\/wp-content\/uploads\/2011\/12\/ok-DSC_0260-120x67.jpg 120w, https:\/\/www.mojabochnia.pl\/wp-content\/uploads\/2011\/12\/ok-DSC_0260-468x263.jpg 468w, https:\/\/www.mojabochnia.pl\/wp-content\/uploads\/2011\/12\/ok-DSC_0260-660x371.jpg 660w, https:\/\/www.mojabochnia.pl\/wp-content\/uploads\/2011\/12\/ok-DSC_0260.jpg 800w\" sizes=\"auto, (max-width: 100px) 100vw, 100px\" \/><\/a><a href=\"https:\/\/www.mojabochnia.pl\/?attachment_id=64264\" class=\"\"><img loading=\"lazy\" decoding=\"async\" width=\"100\" height=\"56\" src=\"https:\/\/www.mojabochnia.pl\/wp-content\/uploads\/2011\/12\/ok-DSC_0310-120x67.jpg\" class=\"attachment-100x100 size-100x100\" alt=\"\" srcset=\"https:\/\/www.mojabochnia.pl\/wp-content\/uploads\/2011\/12\/ok-DSC_0310-120x67.jpg 120w, https:\/\/www.mojabochnia.pl\/wp-content\/uploads\/2011\/12\/ok-DSC_0310-468x263.jpg 468w, https:\/\/www.mojabochnia.pl\/wp-content\/uploads\/2011\/12\/ok-DSC_0310-660x371.jpg 660w, https:\/\/www.mojabochnia.pl\/wp-content\/uploads\/2011\/12\/ok-DSC_0310.jpg 800w\" sizes=\"auto, (max-width: 100px) 100vw, 100px\" \/><\/a><a href=\"https:\/\/www.mojabochnia.pl\/?attachment_id=64265\" class=\"\"><img loading=\"lazy\" decoding=\"async\" width=\"100\" height=\"56\" src=\"https:\/\/www.mojabochnia.pl\/wp-content\/uploads\/2011\/12\/ok-DSC_03421-120x67.jpg\" class=\"attachment-100x100 size-100x100\" alt=\"\" srcset=\"https:\/\/www.mojabochnia.pl\/wp-content\/uploads\/2011\/12\/ok-DSC_03421-120x67.jpg 120w, https:\/\/www.mojabochnia.pl\/wp-content\/uploads\/2011\/12\/ok-DSC_03421-468x263.jpg 468w, https:\/\/www.mojabochnia.pl\/wp-content\/uploads\/2011\/12\/ok-DSC_03421-660x371.jpg 660w, https:\/\/www.mojabochnia.pl\/wp-content\/uploads\/2011\/12\/ok-DSC_03421.jpg 800w\" sizes=\"auto, (max-width: 100px) 100vw, 100px\" \/><\/a><a href=\"https:\/\/www.mojabochnia.pl\/?attachment_id=64266\" class=\"\"><img loading=\"lazy\" decoding=\"async\" width=\"100\" height=\"56\" src=\"https:\/\/www.mojabochnia.pl\/wp-content\/uploads\/2011\/12\/ok-DSC_0345-120x67.jpg\" class=\"attachment-100x100 size-100x100\" alt=\"\" srcset=\"https:\/\/www.mojabochnia.pl\/wp-content\/uploads\/2011\/12\/ok-DSC_0345-120x67.jpg 120w, https:\/\/www.mojabochnia.pl\/wp-content\/uploads\/2011\/12\/ok-DSC_0345-468x263.jpg 468w, https:\/\/www.mojabochnia.pl\/wp-content\/uploads\/2011\/12\/ok-DSC_0345-660x371.jpg 660w, https:\/\/www.mojabochnia.pl\/wp-content\/uploads\/2011\/12\/ok-DSC_0345.jpg 800w\" sizes=\"auto, (max-width: 100px) 100vw, 100px\" \/><\/a><a href=\"https:\/\/www.mojabochnia.pl\/?attachment_id=64267\" class=\"\"><img loading=\"lazy\" decoding=\"async\" width=\"100\" height=\"56\" src=\"https:\/\/www.mojabochnia.pl\/wp-content\/uploads\/2011\/12\/ok-DSC_0397-120x67.jpg\" class=\"attachment-100x100 size-100x100\" alt=\"\" srcset=\"https:\/\/www.mojabochnia.pl\/wp-content\/uploads\/2011\/12\/ok-DSC_0397-120x67.jpg 120w, https:\/\/www.mojabochnia.pl\/wp-content\/uploads\/2011\/12\/ok-DSC_0397-468x263.jpg 468w, https:\/\/www.mojabochnia.pl\/wp-content\/uploads\/2011\/12\/ok-DSC_0397-660x371.jpg 660w, https:\/\/www.mojabochnia.pl\/wp-content\/uploads\/2011\/12\/ok-DSC_0397.jpg 800w\" sizes=\"auto, (max-width: 100px) 100vw, 100px\" \/><\/a><a href=\"https:\/\/www.mojabochnia.pl\/?attachment_id=64268\" class=\"\"><img loading=\"lazy\" decoding=\"async\" width=\"100\" height=\"56\" src=\"https:\/\/www.mojabochnia.pl\/wp-content\/uploads\/2011\/12\/ok-DSC_0398-120x67.jpg\" class=\"attachment-100x100 size-100x100\" alt=\"\" srcset=\"https:\/\/www.mojabochnia.pl\/wp-content\/uploads\/2011\/12\/ok-DSC_0398-120x67.jpg 120w, https:\/\/www.mojabochnia.pl\/wp-content\/uploads\/2011\/12\/ok-DSC_0398-468x263.jpg 468w, https:\/\/www.mojabochnia.pl\/wp-content\/uploads\/2011\/12\/ok-DSC_0398-660x371.jpg 660w, https:\/\/www.mojabochnia.pl\/wp-content\/uploads\/2011\/12\/ok-DSC_0398.jpg 800w\" sizes=\"auto, (max-width: 100px) 100vw, 100px\" \/><\/a>\t    <\/div>\r\n\t    ","protected":false},"excerpt":{"rendered":"<p>Okres przed\u015bwi\u0105teczny to niezwyk\u0142y czas, kiedy pomagamy tym, kt\u00f3rzy najbardziej tego potrzebuj\u0105. Od kilku lat w II Liceum Og\u00f3lnokszta\u0142c\u0105cym organizowane s\u0105 kiermasze, a ca\u0142kowity doch\u00f3d przeznaczany jest na pomoc wybranej osobie. Tak by\u0142o r\u00f3wnie\u017c w tym roku \u2013 6 grudnia szko\u0142a wspomog\u0142a chorego na nowotw\u00f3r z\u0142o\u015bliwy nerki, Bartosza Mi\u015bkowca.<\/p>\n","protected":false},"author":1,"featured_media":0,"comment_status":"open","ping_status":"closed","sticky":false,"template":"","format":"standard","meta":{"_acf_changed":false,"footnotes":""},"categories":[5,6247,6246,6251,6250],"tags":[17585,1979,17249],"class_list":["post-64235","post","type-post","status-publish","format-standard","hentry","category-biezace-wydarzenia","category-fotogaleria","category-medium","category-polityka-i-wydarzenia","category-tematyka","tag-ii-lo","tag-kiermasz-swiateczny","tag-szkola","main_tag-kiermasz"],"acf":[],"yoast_head":"<!-- This site is optimized with the Yoast SEO plugin v26.9 - https:\/\/yoast.com\/product\/yoast-seo-wordpress\/ -->\n<title>Kiermasz \u015bwi\u0105teczny - II LO pomaga Bartoszowi - galeria zdj\u0119\u0107 - mojabochnia.pl - portal informacyjny<\/title>\n<meta name=\"robots\" content=\"index, follow, max-snippet:-1, max-image-preview:large, max-video-preview:-1\" \/>\n<link rel=\"canonical\" href=\"https:\/\/www.mojabochnia.pl\/?p=64235\" \/>\n<meta property=\"og:locale\" content=\"pl_PL\" \/>\n<meta property=\"og:type\" content=\"article\" \/>\n<meta property=\"og:title\" content=\"Kiermasz \u015bwi\u0105teczny - II LO pomaga Bartoszowi - galeria zdj\u0119\u0107 - mojabochnia.pl - portal informacyjny\" \/>\n<meta property=\"og:description\" content=\"Okres przed\u015bwi\u0105teczny to niezwyk\u0142y czas, kiedy pomagamy tym, kt\u00f3rzy najbardziej tego potrzebuj\u0105. Od kilku lat w II Liceum Og\u00f3lnokszta\u0142c\u0105cym organizowane s\u0105 kiermasze, a ca\u0142kowity doch\u00f3d przeznaczany jest na pomoc wybranej osobie. Tak by\u0142o r\u00f3wnie\u017c w tym roku \u2013 6 grudnia szko\u0142a wspomog\u0142a chorego na nowotw\u00f3r z\u0142o\u015bliwy nerki, Bartosza Mi\u015bkowca.\" \/>\n<meta property=\"og:url\" content=\"https:\/\/www.mojabochnia.pl\/?p=64235\" \/>\n<meta property=\"og:site_name\" content=\"mojabochnia.pl - portal informacyjny\" \/>\n<meta property=\"article:publisher\" content=\"https:\/\/www.facebook.com\/mojabochnia\" \/>\n<meta property=\"article:published_time\" content=\"2011-12-12T13:40:57+00:00\" \/>\n<meta property=\"article:modified_time\" content=\"2011-12-12T14:11:42+00:00\" \/>\n<meta name=\"author\" content=\"administrator\" \/>\n<meta name=\"twitter:card\" content=\"summary_large_image\" \/>\n<meta name=\"twitter:label1\" content=\"Written by\" \/>\n\t<meta name=\"twitter:data1\" content=\"administrator\" \/>\n\t<meta name=\"twitter:label2\" content=\"Est. reading time\" \/>\n\t<meta name=\"twitter:data2\" content=\"1 minuta\" \/>\n<script type=\"application\/ld+json\" class=\"yoast-schema-graph\">{\"@context\":\"https:\/\/schema.org\",\"@graph\":[{\"@type\":\"Article\",\"@id\":\"https:\/\/www.mojabochnia.pl\/?p=64235#article\",\"isPartOf\":{\"@id\":\"https:\/\/www.mojabochnia.pl\/?p=64235\"},\"author\":{\"name\":\"administrator\",\"@id\":\"https:\/\/www.mojabochnia.pl\/#\/schema\/person\/c00e1f64e6fa0e6de6d410f2c340017f\"},\"headline\":\"Kiermasz \u015bwi\u0105teczny &#8211; II LO pomaga Bartoszowi &#8211; galeria zdj\u0119\u0107\",\"datePublished\":\"2011-12-12T13:40:57+00:00\",\"dateModified\":\"2011-12-12T14:11:42+00:00\",\"mainEntityOfPage\":{\"@id\":\"https:\/\/www.mojabochnia.pl\/?p=64235\"},\"wordCount\":141,\"commentCount\":0,\"publisher\":{\"@id\":\"https:\/\/www.mojabochnia.pl\/#organization\"},\"keywords\":[\"II LO\",\"kiermasz \u015bwi\u0105teczny\",\"szko\u0142a\"],\"articleSection\":[\"2_ostatnie\",\"fotogaleria\",\"Medium\",\"polityka i wydarzenia\",\"tematyka\"],\"inLanguage\":\"pl-PL\",\"potentialAction\":[{\"@type\":\"CommentAction\",\"name\":\"Comment\",\"target\":[\"https:\/\/www.mojabochnia.pl\/?p=64235#respond\"]}]},{\"@type\":\"WebPage\",\"@id\":\"https:\/\/www.mojabochnia.pl\/?p=64235\",\"url\":\"https:\/\/www.mojabochnia.pl\/?p=64235\",\"name\":\"Kiermasz \u015bwi\u0105teczny - II LO pomaga Bartoszowi - galeria zdj\u0119\u0107 - mojabochnia.pl - portal informacyjny\",\"isPartOf\":{\"@id\":\"https:\/\/www.mojabochnia.pl\/#website\"},\"datePublished\":\"2011-12-12T13:40:57+00:00\",\"dateModified\":\"2011-12-12T14:11:42+00:00\",\"breadcrumb\":{\"@id\":\"https:\/\/www.mojabochnia.pl\/?p=64235#breadcrumb\"},\"inLanguage\":\"pl-PL\",\"potentialAction\":[{\"@type\":\"ReadAction\",\"target\":[\"https:\/\/www.mojabochnia.pl\/?p=64235\"]}]},{\"@type\":\"BreadcrumbList\",\"@id\":\"https:\/\/www.mojabochnia.pl\/?p=64235#breadcrumb\",\"itemListElement\":[{\"@type\":\"ListItem\",\"position\":1,\"name\":\"Home\",\"item\":\"https:\/\/www.mojabochnia.pl\/\"},{\"@type\":\"ListItem\",\"position\":2,\"name\":\"Kiermasz \u015bwi\u0105teczny &#8211; II LO pomaga Bartoszowi &#8211; galeria zdj\u0119\u0107\"}]},{\"@type\":\"WebSite\",\"@id\":\"https:\/\/www.mojabochnia.pl\/#website\",\"url\":\"https:\/\/www.mojabochnia.pl\/\",\"name\":\"mojabochnia.pl - portal informacyjny\",\"description\":\"mojaBochnia to portal informacyjny o Bochni. Codziennie o Bochni piszemy i pokazujemy najwa\u017cniejsze wydarzenia\",\"publisher\":{\"@id\":\"https:\/\/www.mojabochnia.pl\/#organization\"},\"potentialAction\":[{\"@type\":\"SearchAction\",\"target\":{\"@type\":\"EntryPoint\",\"urlTemplate\":\"https:\/\/www.mojabochnia.pl\/?s={search_term_string}\"},\"query-input\":{\"@type\":\"PropertyValueSpecification\",\"valueRequired\":true,\"valueName\":\"search_term_string\"}}],\"inLanguage\":\"pl-PL\"},{\"@type\":\"Organization\",\"@id\":\"https:\/\/www.mojabochnia.pl\/#organization\",\"name\":\"mojabochnia.pl - portal informacyjny\",\"url\":\"https:\/\/www.mojabochnia.pl\/\",\"logo\":{\"@type\":\"ImageObject\",\"inLanguage\":\"pl-PL\",\"@id\":\"https:\/\/www.mojabochnia.pl\/#\/schema\/logo\/image\/\",\"url\":\"https:\/\/www.mojabochnia.pl\/wp-content\/uploads\/2017\/08\/logo-mb-opt.png\",\"contentUrl\":\"https:\/\/www.mojabochnia.pl\/wp-content\/uploads\/2017\/08\/logo-mb-opt.png\",\"width\":250,\"height\":48,\"caption\":\"mojabochnia.pl - portal informacyjny\"},\"image\":{\"@id\":\"https:\/\/www.mojabochnia.pl\/#\/schema\/logo\/image\/\"},\"sameAs\":[\"https:\/\/www.facebook.com\/mojabochnia\"]},{\"@type\":\"Person\",\"@id\":\"https:\/\/www.mojabochnia.pl\/#\/schema\/person\/c00e1f64e6fa0e6de6d410f2c340017f\",\"name\":\"administrator\",\"url\":\"https:\/\/www.mojabochnia.pl\/?author=1\"}]}<\/script>\n<!-- \/ Yoast SEO plugin. -->","yoast_head_json":{"title":"Kiermasz \u015bwi\u0105teczny - II LO pomaga Bartoszowi - galeria zdj\u0119\u0107 - mojabochnia.pl - portal informacyjny","robots":{"index":"index","follow":"follow","max-snippet":"max-snippet:-1","max-image-preview":"max-image-preview:large","max-video-preview":"max-video-preview:-1"},"canonical":"https:\/\/www.mojabochnia.pl\/?p=64235","og_locale":"pl_PL","og_type":"article","og_title":"Kiermasz \u015bwi\u0105teczny - II LO pomaga Bartoszowi - galeria zdj\u0119\u0107 - mojabochnia.pl - portal informacyjny","og_description":"Okres przed\u015bwi\u0105teczny to niezwyk\u0142y czas, kiedy pomagamy tym, kt\u00f3rzy najbardziej tego potrzebuj\u0105. Od kilku lat w II Liceum Og\u00f3lnokszta\u0142c\u0105cym organizowane s\u0105 kiermasze, a ca\u0142kowity doch\u00f3d przeznaczany jest na pomoc wybranej osobie. Tak by\u0142o r\u00f3wnie\u017c w tym roku \u2013 6 grudnia szko\u0142a wspomog\u0142a chorego na nowotw\u00f3r z\u0142o\u015bliwy nerki, Bartosza Mi\u015bkowca.","og_url":"https:\/\/www.mojabochnia.pl\/?p=64235","og_site_name":"mojabochnia.pl - portal informacyjny","article_publisher":"https:\/\/www.facebook.com\/mojabochnia","article_published_time":"2011-12-12T13:40:57+00:00","article_modified_time":"2011-12-12T14:11:42+00:00","author":"administrator","twitter_card":"summary_large_image","twitter_misc":{"Written by":"administrator","Est. reading time":"1 minuta"},"schema":{"@context":"https:\/\/schema.org","@graph":[{"@type":"Article","@id":"https:\/\/www.mojabochnia.pl\/?p=64235#article","isPartOf":{"@id":"https:\/\/www.mojabochnia.pl\/?p=64235"},"author":{"name":"administrator","@id":"https:\/\/www.mojabochnia.pl\/#\/schema\/person\/c00e1f64e6fa0e6de6d410f2c340017f"},"headline":"Kiermasz \u015bwi\u0105teczny &#8211; II LO pomaga Bartoszowi &#8211; galeria zdj\u0119\u0107","datePublished":"2011-12-12T13:40:57+00:00","dateModified":"2011-12-12T14:11:42+00:00","mainEntityOfPage":{"@id":"https:\/\/www.mojabochnia.pl\/?p=64235"},"wordCount":141,"commentCount":0,"publisher":{"@id":"https:\/\/www.mojabochnia.pl\/#organization"},"keywords":["II LO","kiermasz \u015bwi\u0105teczny","szko\u0142a"],"articleSection":["2_ostatnie","fotogaleria","Medium","polityka i wydarzenia","tematyka"],"inLanguage":"pl-PL","potentialAction":[{"@type":"CommentAction","name":"Comment","target":["https:\/\/www.mojabochnia.pl\/?p=64235#respond"]}]},{"@type":"WebPage","@id":"https:\/\/www.mojabochnia.pl\/?p=64235","url":"https:\/\/www.mojabochnia.pl\/?p=64235","name":"Kiermasz \u015bwi\u0105teczny - II LO pomaga Bartoszowi - galeria zdj\u0119\u0107 - mojabochnia.pl - portal informacyjny","isPartOf":{"@id":"https:\/\/www.mojabochnia.pl\/#website"},"datePublished":"2011-12-12T13:40:57+00:00","dateModified":"2011-12-12T14:11:42+00:00","breadcrumb":{"@id":"https:\/\/www.mojabochnia.pl\/?p=64235#breadcrumb"},"inLanguage":"pl-PL","potentialAction":[{"@type":"ReadAction","target":["https:\/\/www.mojabochnia.pl\/?p=64235"]}]},{"@type":"BreadcrumbList","@id":"https:\/\/www.mojabochnia.pl\/?p=64235#breadcrumb","itemListElement":[{"@type":"ListItem","position":1,"name":"Home","item":"https:\/\/www.mojabochnia.pl\/"},{"@type":"ListItem","position":2,"name":"Kiermasz \u015bwi\u0105teczny &#8211; II LO pomaga Bartoszowi &#8211; galeria zdj\u0119\u0107"}]},{"@type":"WebSite","@id":"https:\/\/www.mojabochnia.pl\/#website","url":"https:\/\/www.mojabochnia.pl\/","name":"mojabochnia.pl - portal informacyjny","description":"mojaBochnia to portal informacyjny o Bochni. Codziennie o Bochni piszemy i pokazujemy najwa\u017cniejsze wydarzenia","publisher":{"@id":"https:\/\/www.mojabochnia.pl\/#organization"},"potentialAction":[{"@type":"SearchAction","target":{"@type":"EntryPoint","urlTemplate":"https:\/\/www.mojabochnia.pl\/?s={search_term_string}"},"query-input":{"@type":"PropertyValueSpecification","valueRequired":true,"valueName":"search_term_string"}}],"inLanguage":"pl-PL"},{"@type":"Organization","@id":"https:\/\/www.mojabochnia.pl\/#organization","name":"mojabochnia.pl - portal informacyjny","url":"https:\/\/www.mojabochnia.pl\/","logo":{"@type":"ImageObject","inLanguage":"pl-PL","@id":"https:\/\/www.mojabochnia.pl\/#\/schema\/logo\/image\/","url":"https:\/\/www.mojabochnia.pl\/wp-content\/uploads\/2017\/08\/logo-mb-opt.png","contentUrl":"https:\/\/www.mojabochnia.pl\/wp-content\/uploads\/2017\/08\/logo-mb-opt.png","width":250,"height":48,"caption":"mojabochnia.pl - portal informacyjny"},"image":{"@id":"https:\/\/www.mojabochnia.pl\/#\/schema\/logo\/image\/"},"sameAs":["https:\/\/www.facebook.com\/mojabochnia"]},{"@type":"Person","@id":"https:\/\/www.mojabochnia.pl\/#\/schema\/person\/c00e1f64e6fa0e6de6d410f2c340017f","name":"administrator","url":"https:\/\/www.mojabochnia.pl\/?author=1"}]}},"_links":{"self":[{"href":"https:\/\/www.mojabochnia.pl\/index.php?rest_route=\/wp\/v2\/posts\/64235","targetHints":{"allow":["GET"]}}],"collection":[{"href":"https:\/\/www.mojabochnia.pl\/index.php?rest_route=\/wp\/v2\/posts"}],"about":[{"href":"https:\/\/www.mojabochnia.pl\/index.php?rest_route=\/wp\/v2\/types\/post"}],"author":[{"embeddable":true,"href":"https:\/\/www.mojabochnia.pl\/index.php?rest_route=\/wp\/v2\/users\/1"}],"replies":[{"embeddable":true,"href":"https:\/\/www.mojabochnia.pl\/index.php?rest_route=%2Fwp%2Fv2%2Fcomments&post=64235"}],"version-history":[{"count":3,"href":"https:\/\/www.mojabochnia.pl\/index.php?rest_route=\/wp\/v2\/posts\/64235\/revisions"}],"predecessor-version":[{"id":64306,"href":"https:\/\/www.mojabochnia.pl\/index.php?rest_route=\/wp\/v2\/posts\/64235\/revisions\/64306"}],"wp:attachment":[{"href":"https:\/\/www.mojabochnia.pl\/index.php?rest_route=%2Fwp%2Fv2%2Fmedia&parent=64235"}],"wp:term":[{"taxonomy":"category","embeddable":true,"href":"https:\/\/www.mojabochnia.pl\/index.php?rest_route=%2Fwp%2Fv2%2Fcategories&post=64235"},{"taxonomy":"post_tag","embeddable":true,"href":"https:\/\/www.mojabochnia.pl\/index.php?rest_route=%2Fwp%2Fv2%2Ftags&post=64235"}],"curies":[{"name":"wp","href":"https:\/\/api.w.org\/{rel}","templated":true}]}}