{"id":64206,"date":"2011-12-12T12:11:53","date_gmt":"2011-12-12T11:11:53","guid":{"rendered":"http:\/\/www.mojabochnia.pl\/?p=64206"},"modified":"2011-12-12T15:23:51","modified_gmt":"2011-12-12T14:23:51","slug":"prawie-pol-tysiaca-osob-wzielo-udzial-w-nietypowych-rekolekcjach","status":"publish","type":"post","link":"https:\/\/www.mojabochnia.pl\/?p=64206","title":{"rendered":"Prawie p\u00f3\u0142 tysi\u0105ca os\u00f3b wzi\u0119\u0142o udzia\u0142 w nietypowych rekolekcjach"},"content":{"rendered":"<p>Maryjne rekolekcje ewangelizacyjne odbywaj\u0105ce si\u0119 pod has\u0142em &#8222;Matka naszego zawierzenia&#8221; rozpocz\u0119\u0142y si\u0119 w pi\u0105tek, 9 grudnia w budynku &#8222;starego og\u00f3lniaka&#8221; i trwa\u0142y przez ca\u0142y dzie\u0144 w sobot\u0119 a\u017c do niedzielnego wieczoru. Zosta\u0142y one zorganizowane przez parafi\u0119 \u015bw. Miko\u0142aja w Bochni przy wsp\u00f3\u0142udziale rodzin Domowego Ko\u015bcio\u0142a Ruchu \u015awiat\u0142o \u2013 \u017bycie oraz nauczycieli i m\u0142odzie\u017cy z I LO. <\/p>\n<p>Sta\u0142ymi elementami rekolekcji,obok eucharystii, by\u0142y Konferencje prowadzone przez Pani\u0105 Krystyn\u0119 Szymczak i ks. Jana Koca z Niechobrza. Po konferencjach, by\u0142 czas na pog\u0142\u0119bienie ich tre\u015bci podczas rozm\u00f3w ewangelizacyjnych. By\u0142y one prowadzone w kilkunastoosobowych grupach w salach lekcyjnych pod kierunkiem \u015bwieckich animator\u00f3w. <\/p>\n<p>W takiej formie  \u0107wicze\u0144 duchowych, wzi\u0119\u0142o udzia\u0142 ponad 400 os\u00f3b, kt\u00f3re przyby\u0142y z parafii boche\u0144skich oraz okolicznych miejscowo\u015bci a nawet Tarnowa i Nowego S\u0105cza. <\/p>\n<p>W przedsi\u0119wzi\u0119cie zaanga\u017cowanych by\u0142o wiele os\u00f3b zorganizowanych w s\u0142u\u017cby zwane diakoniami (m.in. organizacyjna, gospodarcza, porz\u0105dkowa), kt\u00f3re pomaga\u0142y uczestnikom w dobrym prze\u017cyciu rekolekcji. Czuwaj\u0105c nad ich prawid\u0142owym przebiegiem  nie zapomniano o przygotowaniu i podaniu posi\u0142k\u00f3w. <\/p>\n<p>W\u015br\u00f3d grup ewangelizacyjnych dzia\u0142aj\u0105cych podczas uroczysto\u015bci, by\u0142a tak\u017ce diakonia wychowawcza, w kt\u00f3rej rodzice mogli pozostawi\u0107 swoje dzieci pod opiek\u0105 animator\u00f3w. Dzieci \u015bpiewa\u0142y, bawi\u0142y si\u0119 i go\u015bci\u0142y przygotowanymi przek\u0105skami, aby ich rodzice bez przeszk\u00f3d mogli uczestniczy\u0107 we wszystkich zaj\u0119ciach. <\/p>\n<p>Takie rekolekcje jak te \u2013 na kt\u00f3re rodzice mog\u0105 zabra\u0107 swoje dzieci i zostawi\u0107 je w diakonii wychowawczej, s\u0105 doskona\u0142ym rozwi\u0105zaniem dla m\u0142odych ma\u0142\u017ce\u0144stw pragn\u0105cych uczestniczy\u0107 w tego typu wydarzeniach.<\/p>\n<p>W trakcie niedzielnej mszy \u015bw. o 14.30 w boche\u0144skiej Bazylice wszyscy uczestnicy rekolekcji dokonali, poprzez odczytanie stosownego tekstu, Osobistego zawierzenia si\u0119 Niepokalanej. Natomiast osoby pragn\u0105ce przyst\u0105pi\u0107 do Rycerstwa Niepokalanej, po z\u0142o\u017ceniu pisemnych deklaracji zosta\u0142y symbolicznie &#8222;pasowane&#8221; na Rycerza Niepokalanej, a ka\u017cdy kto tego pragn\u0105\u0142 otrzyma\u0142 medalik. <\/p>\n<p>Na zako\u0144czenie rekolekcji, ju\u017c na sali gimnastycznej LO ka\u017cdy z uczestnik\u00f3w m\u00f3g\u0142 podzieli\u0107 si\u0119 swoim \u015bwiadectwem oraz podzi\u0119kowa\u0107 Bogu, Maryji (i organizatorom) za mo\u017cliwo\u015b\u0107 pe\u0142niejszego, innego ni\u017c zazwyczaj, prze\u017cycia rekolekcji.<\/p>\n<p>Uroczystym podsumowaniem rekolekcji by\u0142a  tzw. Agapa czyli &#8222;uczta mi\u0142o\u015bci&#8221; podczas, kt\u00f3rej uczestnicy na gor\u0105co wymieniali wra\u017cenia cz\u0119stuj\u0105c si\u0119 przygotowanym wcze\u015bniej ciastem. <\/p>\n\t  \r\n\t\r\n\t    <div class=\"mb-gallery\">\r\n\t    <a href=\"https:\/\/www.mojabochnia.pl\/?attachment_id=64207\" class=\"\"><img loading=\"lazy\" decoding=\"async\" width=\"100\" height=\"56\" src=\"https:\/\/www.mojabochnia.pl\/wp-content\/uploads\/2011\/12\/ok-DSC_0428-120x67.jpg\" class=\"attachment-100x100 size-100x100\" alt=\"\" srcset=\"https:\/\/www.mojabochnia.pl\/wp-content\/uploads\/2011\/12\/ok-DSC_0428-120x67.jpg 120w, https:\/\/www.mojabochnia.pl\/wp-content\/uploads\/2011\/12\/ok-DSC_0428-468x263.jpg 468w, https:\/\/www.mojabochnia.pl\/wp-content\/uploads\/2011\/12\/ok-DSC_0428-660x371.jpg 660w, https:\/\/www.mojabochnia.pl\/wp-content\/uploads\/2011\/12\/ok-DSC_0428.jpg 800w\" sizes=\"auto, (max-width: 100px) 100vw, 100px\" \/><\/a><a href=\"https:\/\/www.mojabochnia.pl\/?attachment_id=64208\" class=\"\"><img loading=\"lazy\" decoding=\"async\" width=\"100\" height=\"56\" src=\"https:\/\/www.mojabochnia.pl\/wp-content\/uploads\/2011\/12\/ok-DSC_0433-120x67.jpg\" class=\"attachment-100x100 size-100x100\" alt=\"\" srcset=\"https:\/\/www.mojabochnia.pl\/wp-content\/uploads\/2011\/12\/ok-DSC_0433-120x67.jpg 120w, https:\/\/www.mojabochnia.pl\/wp-content\/uploads\/2011\/12\/ok-DSC_0433-468x263.jpg 468w, https:\/\/www.mojabochnia.pl\/wp-content\/uploads\/2011\/12\/ok-DSC_0433-660x371.jpg 660w, https:\/\/www.mojabochnia.pl\/wp-content\/uploads\/2011\/12\/ok-DSC_0433.jpg 800w\" sizes=\"auto, (max-width: 100px) 100vw, 100px\" \/><\/a><a href=\"https:\/\/www.mojabochnia.pl\/?attachment_id=64209\" class=\"\"><img loading=\"lazy\" decoding=\"async\" width=\"100\" height=\"56\" src=\"https:\/\/www.mojabochnia.pl\/wp-content\/uploads\/2011\/12\/ok-DSC_0452-120x67.jpg\" class=\"attachment-100x100 size-100x100\" alt=\"\" srcset=\"https:\/\/www.mojabochnia.pl\/wp-content\/uploads\/2011\/12\/ok-DSC_0452-120x67.jpg 120w, https:\/\/www.mojabochnia.pl\/wp-content\/uploads\/2011\/12\/ok-DSC_0452-468x263.jpg 468w, https:\/\/www.mojabochnia.pl\/wp-content\/uploads\/2011\/12\/ok-DSC_0452-660x371.jpg 660w, https:\/\/www.mojabochnia.pl\/wp-content\/uploads\/2011\/12\/ok-DSC_0452.jpg 800w\" sizes=\"auto, (max-width: 100px) 100vw, 100px\" \/><\/a><a href=\"https:\/\/www.mojabochnia.pl\/?attachment_id=64210\" class=\"\"><img loading=\"lazy\" decoding=\"async\" width=\"100\" height=\"56\" src=\"https:\/\/www.mojabochnia.pl\/wp-content\/uploads\/2011\/12\/ok-DSC_0458-120x67.jpg\" class=\"attachment-100x100 size-100x100\" alt=\"\" srcset=\"https:\/\/www.mojabochnia.pl\/wp-content\/uploads\/2011\/12\/ok-DSC_0458-120x67.jpg 120w, https:\/\/www.mojabochnia.pl\/wp-content\/uploads\/2011\/12\/ok-DSC_0458-468x263.jpg 468w, https:\/\/www.mojabochnia.pl\/wp-content\/uploads\/2011\/12\/ok-DSC_0458-660x371.jpg 660w, https:\/\/www.mojabochnia.pl\/wp-content\/uploads\/2011\/12\/ok-DSC_0458.jpg 800w\" sizes=\"auto, (max-width: 100px) 100vw, 100px\" \/><\/a><a href=\"https:\/\/www.mojabochnia.pl\/?attachment_id=64211\" class=\"\"><img loading=\"lazy\" decoding=\"async\" width=\"100\" height=\"56\" src=\"https:\/\/www.mojabochnia.pl\/wp-content\/uploads\/2011\/12\/ok-DSC_0479-120x67.jpg\" class=\"attachment-100x100 size-100x100\" alt=\"\" srcset=\"https:\/\/www.mojabochnia.pl\/wp-content\/uploads\/2011\/12\/ok-DSC_0479-120x67.jpg 120w, https:\/\/www.mojabochnia.pl\/wp-content\/uploads\/2011\/12\/ok-DSC_0479-468x263.jpg 468w, https:\/\/www.mojabochnia.pl\/wp-content\/uploads\/2011\/12\/ok-DSC_0479-660x371.jpg 660w, https:\/\/www.mojabochnia.pl\/wp-content\/uploads\/2011\/12\/ok-DSC_0479.jpg 800w\" sizes=\"auto, (max-width: 100px) 100vw, 100px\" \/><\/a><a href=\"https:\/\/www.mojabochnia.pl\/?attachment_id=64212\" class=\"\"><img loading=\"lazy\" decoding=\"async\" width=\"100\" height=\"56\" src=\"https:\/\/www.mojabochnia.pl\/wp-content\/uploads\/2011\/12\/ok-DSC_0483-120x67.jpg\" class=\"attachment-100x100 size-100x100\" alt=\"\" srcset=\"https:\/\/www.mojabochnia.pl\/wp-content\/uploads\/2011\/12\/ok-DSC_0483-120x67.jpg 120w, https:\/\/www.mojabochnia.pl\/wp-content\/uploads\/2011\/12\/ok-DSC_0483-468x263.jpg 468w, https:\/\/www.mojabochnia.pl\/wp-content\/uploads\/2011\/12\/ok-DSC_0483-660x371.jpg 660w, https:\/\/www.mojabochnia.pl\/wp-content\/uploads\/2011\/12\/ok-DSC_0483.jpg 800w\" sizes=\"auto, (max-width: 100px) 100vw, 100px\" \/><\/a><a href=\"https:\/\/www.mojabochnia.pl\/?attachment_id=64213\" class=\"\"><img loading=\"lazy\" decoding=\"async\" width=\"100\" height=\"56\" src=\"https:\/\/www.mojabochnia.pl\/wp-content\/uploads\/2011\/12\/ok-DSC_0415-120x67.jpg\" class=\"attachment-100x100 size-100x100\" alt=\"\" srcset=\"https:\/\/www.mojabochnia.pl\/wp-content\/uploads\/2011\/12\/ok-DSC_0415-120x67.jpg 120w, https:\/\/www.mojabochnia.pl\/wp-content\/uploads\/2011\/12\/ok-DSC_0415-468x263.jpg 468w, https:\/\/www.mojabochnia.pl\/wp-content\/uploads\/2011\/12\/ok-DSC_0415-660x371.jpg 660w, https:\/\/www.mojabochnia.pl\/wp-content\/uploads\/2011\/12\/ok-DSC_0415.jpg 800w\" sizes=\"auto, (max-width: 100px) 100vw, 100px\" \/><\/a><a href=\"https:\/\/www.mojabochnia.pl\/?attachment_id=64214\" class=\"\"><img loading=\"lazy\" decoding=\"async\" width=\"100\" height=\"56\" src=\"https:\/\/www.mojabochnia.pl\/wp-content\/uploads\/2011\/12\/ok-DSC_0421-120x67.jpg\" class=\"attachment-100x100 size-100x100\" alt=\"\" srcset=\"https:\/\/www.mojabochnia.pl\/wp-content\/uploads\/2011\/12\/ok-DSC_0421-120x67.jpg 120w, https:\/\/www.mojabochnia.pl\/wp-content\/uploads\/2011\/12\/ok-DSC_0421-468x263.jpg 468w, https:\/\/www.mojabochnia.pl\/wp-content\/uploads\/2011\/12\/ok-DSC_0421-660x371.jpg 660w, https:\/\/www.mojabochnia.pl\/wp-content\/uploads\/2011\/12\/ok-DSC_0421.jpg 800w\" sizes=\"auto, (max-width: 100px) 100vw, 100px\" \/><\/a><a href=\"https:\/\/www.mojabochnia.pl\/?attachment_id=64215\" class=\"\"><img loading=\"lazy\" decoding=\"async\" width=\"100\" height=\"56\" src=\"https:\/\/www.mojabochnia.pl\/wp-content\/uploads\/2011\/12\/ok-DSC_0470-120x67.jpg\" class=\"attachment-100x100 size-100x100\" alt=\"\" srcset=\"https:\/\/www.mojabochnia.pl\/wp-content\/uploads\/2011\/12\/ok-DSC_0470-120x67.jpg 120w, https:\/\/www.mojabochnia.pl\/wp-content\/uploads\/2011\/12\/ok-DSC_0470-468x263.jpg 468w, https:\/\/www.mojabochnia.pl\/wp-content\/uploads\/2011\/12\/ok-DSC_0470-660x371.jpg 660w, https:\/\/www.mojabochnia.pl\/wp-content\/uploads\/2011\/12\/ok-DSC_0470.jpg 800w\" sizes=\"auto, (max-width: 100px) 100vw, 100px\" \/><\/a>\t    <\/div>\r\n\t    ","protected":false},"excerpt":{"rendered":"<p>W niedziel\u0119, 11 grudnia, w I Liceum Og\u00f3lnokszta\u0142c\u0105cym w Bochni, odby\u0142o si\u0119 uroczyste zako\u0144czenie trwaj\u0105cych od pi\u0105tku, w parafii \u015bw. Miko\u0142aja, maryjnych rekolekcji ewangelizacyjnych. <\/p>\n","protected":false},"author":1,"featured_media":0,"comment_status":"open","ping_status":"closed","sticky":true,"template":"","format":"standard","meta":{"_acf_changed":false,"footnotes":""},"categories":[6247,6246,6250,1342],"tags":[1348,17144,17625,27,17612,1346,1347],"class_list":["post-64206","post","type-post","status-publish","format-standard","hentry","category-fotogaleria","category-medium","category-tematyka","category-zycie-religijne","tag-domowy-kosciol-ruchu-swiatlo-zycie","tag-i-liceum-ogolnoksztalcace","tag-i-lo","tag-parafia-sw-mikolaja","tag-rekolekcje","tag-rekolekcje-ewangelizacyjne","tag-ruch-swiatlo-zycie","main_tag-rekolekcje"],"acf":[],"yoast_head":"<!-- This site is optimized with the Yoast SEO plugin v26.9 - https:\/\/yoast.com\/product\/yoast-seo-wordpress\/ -->\n<title>Prawie p\u00f3\u0142 tysi\u0105ca os\u00f3b wzi\u0119\u0142o udzia\u0142 w nietypowych rekolekcjach  - mojabochnia.pl - portal informacyjny<\/title>\n<meta name=\"robots\" content=\"index, follow, max-snippet:-1, max-image-preview:large, max-video-preview:-1\" \/>\n<link rel=\"canonical\" href=\"https:\/\/www.mojabochnia.pl\/?p=64206\" \/>\n<meta property=\"og:locale\" content=\"pl_PL\" \/>\n<meta property=\"og:type\" content=\"article\" \/>\n<meta property=\"og:title\" content=\"Prawie p\u00f3\u0142 tysi\u0105ca os\u00f3b wzi\u0119\u0142o udzia\u0142 w nietypowych rekolekcjach  - mojabochnia.pl - portal informacyjny\" \/>\n<meta property=\"og:description\" content=\"W niedziel\u0119, 11 grudnia, w I Liceum Og\u00f3lnokszta\u0142c\u0105cym w Bochni, odby\u0142o si\u0119 uroczyste zako\u0144czenie trwaj\u0105cych od pi\u0105tku, w parafii \u015bw. Miko\u0142aja, maryjnych rekolekcji ewangelizacyjnych.\" \/>\n<meta property=\"og:url\" content=\"https:\/\/www.mojabochnia.pl\/?p=64206\" \/>\n<meta property=\"og:site_name\" content=\"mojabochnia.pl - portal informacyjny\" \/>\n<meta property=\"article:publisher\" content=\"https:\/\/www.facebook.com\/mojabochnia\" \/>\n<meta property=\"article:published_time\" content=\"2011-12-12T11:11:53+00:00\" \/>\n<meta property=\"article:modified_time\" content=\"2011-12-12T14:23:51+00:00\" \/>\n<meta name=\"author\" content=\"administrator\" \/>\n<meta name=\"twitter:card\" content=\"summary_large_image\" \/>\n<meta name=\"twitter:label1\" content=\"Written by\" \/>\n\t<meta name=\"twitter:data1\" content=\"administrator\" \/>\n\t<meta name=\"twitter:label2\" content=\"Est. reading time\" \/>\n\t<meta name=\"twitter:data2\" content=\"2 minuty\" \/>\n<script type=\"application\/ld+json\" class=\"yoast-schema-graph\">{\"@context\":\"https:\/\/schema.org\",\"@graph\":[{\"@type\":\"Article\",\"@id\":\"https:\/\/www.mojabochnia.pl\/?p=64206#article\",\"isPartOf\":{\"@id\":\"https:\/\/www.mojabochnia.pl\/?p=64206\"},\"author\":{\"name\":\"administrator\",\"@id\":\"https:\/\/www.mojabochnia.pl\/#\/schema\/person\/c00e1f64e6fa0e6de6d410f2c340017f\"},\"headline\":\"Prawie p\u00f3\u0142 tysi\u0105ca os\u00f3b wzi\u0119\u0142o udzia\u0142 w nietypowych rekolekcjach\",\"datePublished\":\"2011-12-12T11:11:53+00:00\",\"dateModified\":\"2011-12-12T14:23:51+00:00\",\"mainEntityOfPage\":{\"@id\":\"https:\/\/www.mojabochnia.pl\/?p=64206\"},\"wordCount\":420,\"commentCount\":0,\"publisher\":{\"@id\":\"https:\/\/www.mojabochnia.pl\/#organization\"},\"keywords\":[\"domowy ko\u015bci\u00f3\u0142 ruchu \u015bwiat\u0142o - \u017cycie\",\"I liceum og\u00f3lnokszta\u0142c\u0105ce\",\"I LO\",\"Parafia \u015bw. Miko\u0142aja\",\"rekolekcje\",\"rekolekcje ewangelizacyjne\",\"ruch \u015bwiat\u0142o - \u017cycie\"],\"articleSection\":[\"fotogaleria\",\"Medium\",\"tematyka\",\"\u017bycie religijne\"],\"inLanguage\":\"pl-PL\",\"potentialAction\":[{\"@type\":\"CommentAction\",\"name\":\"Comment\",\"target\":[\"https:\/\/www.mojabochnia.pl\/?p=64206#respond\"]}]},{\"@type\":\"WebPage\",\"@id\":\"https:\/\/www.mojabochnia.pl\/?p=64206\",\"url\":\"https:\/\/www.mojabochnia.pl\/?p=64206\",\"name\":\"Prawie p\u00f3\u0142 tysi\u0105ca os\u00f3b wzi\u0119\u0142o udzia\u0142 w nietypowych rekolekcjach - mojabochnia.pl - portal informacyjny\",\"isPartOf\":{\"@id\":\"https:\/\/www.mojabochnia.pl\/#website\"},\"datePublished\":\"2011-12-12T11:11:53+00:00\",\"dateModified\":\"2011-12-12T14:23:51+00:00\",\"breadcrumb\":{\"@id\":\"https:\/\/www.mojabochnia.pl\/?p=64206#breadcrumb\"},\"inLanguage\":\"pl-PL\",\"potentialAction\":[{\"@type\":\"ReadAction\",\"target\":[\"https:\/\/www.mojabochnia.pl\/?p=64206\"]}]},{\"@type\":\"BreadcrumbList\",\"@id\":\"https:\/\/www.mojabochnia.pl\/?p=64206#breadcrumb\",\"itemListElement\":[{\"@type\":\"ListItem\",\"position\":1,\"name\":\"Home\",\"item\":\"https:\/\/www.mojabochnia.pl\/\"},{\"@type\":\"ListItem\",\"position\":2,\"name\":\"Prawie p\u00f3\u0142 tysi\u0105ca os\u00f3b wzi\u0119\u0142o udzia\u0142 w nietypowych rekolekcjach\"}]},{\"@type\":\"WebSite\",\"@id\":\"https:\/\/www.mojabochnia.pl\/#website\",\"url\":\"https:\/\/www.mojabochnia.pl\/\",\"name\":\"mojabochnia.pl - portal informacyjny\",\"description\":\"mojaBochnia to portal informacyjny o Bochni. Codziennie o Bochni piszemy i pokazujemy najwa\u017cniejsze wydarzenia\",\"publisher\":{\"@id\":\"https:\/\/www.mojabochnia.pl\/#organization\"},\"potentialAction\":[{\"@type\":\"SearchAction\",\"target\":{\"@type\":\"EntryPoint\",\"urlTemplate\":\"https:\/\/www.mojabochnia.pl\/?s={search_term_string}\"},\"query-input\":{\"@type\":\"PropertyValueSpecification\",\"valueRequired\":true,\"valueName\":\"search_term_string\"}}],\"inLanguage\":\"pl-PL\"},{\"@type\":\"Organization\",\"@id\":\"https:\/\/www.mojabochnia.pl\/#organization\",\"name\":\"mojabochnia.pl - portal informacyjny\",\"url\":\"https:\/\/www.mojabochnia.pl\/\",\"logo\":{\"@type\":\"ImageObject\",\"inLanguage\":\"pl-PL\",\"@id\":\"https:\/\/www.mojabochnia.pl\/#\/schema\/logo\/image\/\",\"url\":\"https:\/\/www.mojabochnia.pl\/wp-content\/uploads\/2017\/08\/logo-mb-opt.png\",\"contentUrl\":\"https:\/\/www.mojabochnia.pl\/wp-content\/uploads\/2017\/08\/logo-mb-opt.png\",\"width\":250,\"height\":48,\"caption\":\"mojabochnia.pl - portal informacyjny\"},\"image\":{\"@id\":\"https:\/\/www.mojabochnia.pl\/#\/schema\/logo\/image\/\"},\"sameAs\":[\"https:\/\/www.facebook.com\/mojabochnia\"]},{\"@type\":\"Person\",\"@id\":\"https:\/\/www.mojabochnia.pl\/#\/schema\/person\/c00e1f64e6fa0e6de6d410f2c340017f\",\"name\":\"administrator\",\"url\":\"https:\/\/www.mojabochnia.pl\/?author=1\"}]}<\/script>\n<!-- \/ Yoast SEO plugin. -->","yoast_head_json":{"title":"Prawie p\u00f3\u0142 tysi\u0105ca os\u00f3b wzi\u0119\u0142o udzia\u0142 w nietypowych rekolekcjach  - mojabochnia.pl - portal informacyjny","robots":{"index":"index","follow":"follow","max-snippet":"max-snippet:-1","max-image-preview":"max-image-preview:large","max-video-preview":"max-video-preview:-1"},"canonical":"https:\/\/www.mojabochnia.pl\/?p=64206","og_locale":"pl_PL","og_type":"article","og_title":"Prawie p\u00f3\u0142 tysi\u0105ca os\u00f3b wzi\u0119\u0142o udzia\u0142 w nietypowych rekolekcjach  - mojabochnia.pl - portal informacyjny","og_description":"W niedziel\u0119, 11 grudnia, w I Liceum Og\u00f3lnokszta\u0142c\u0105cym w Bochni, odby\u0142o si\u0119 uroczyste zako\u0144czenie trwaj\u0105cych od pi\u0105tku, w parafii \u015bw. Miko\u0142aja, maryjnych rekolekcji ewangelizacyjnych.","og_url":"https:\/\/www.mojabochnia.pl\/?p=64206","og_site_name":"mojabochnia.pl - portal informacyjny","article_publisher":"https:\/\/www.facebook.com\/mojabochnia","article_published_time":"2011-12-12T11:11:53+00:00","article_modified_time":"2011-12-12T14:23:51+00:00","author":"administrator","twitter_card":"summary_large_image","twitter_misc":{"Written by":"administrator","Est. reading time":"2 minuty"},"schema":{"@context":"https:\/\/schema.org","@graph":[{"@type":"Article","@id":"https:\/\/www.mojabochnia.pl\/?p=64206#article","isPartOf":{"@id":"https:\/\/www.mojabochnia.pl\/?p=64206"},"author":{"name":"administrator","@id":"https:\/\/www.mojabochnia.pl\/#\/schema\/person\/c00e1f64e6fa0e6de6d410f2c340017f"},"headline":"Prawie p\u00f3\u0142 tysi\u0105ca os\u00f3b wzi\u0119\u0142o udzia\u0142 w nietypowych rekolekcjach","datePublished":"2011-12-12T11:11:53+00:00","dateModified":"2011-12-12T14:23:51+00:00","mainEntityOfPage":{"@id":"https:\/\/www.mojabochnia.pl\/?p=64206"},"wordCount":420,"commentCount":0,"publisher":{"@id":"https:\/\/www.mojabochnia.pl\/#organization"},"keywords":["domowy ko\u015bci\u00f3\u0142 ruchu \u015bwiat\u0142o - \u017cycie","I liceum og\u00f3lnokszta\u0142c\u0105ce","I LO","Parafia \u015bw. Miko\u0142aja","rekolekcje","rekolekcje ewangelizacyjne","ruch \u015bwiat\u0142o - \u017cycie"],"articleSection":["fotogaleria","Medium","tematyka","\u017bycie religijne"],"inLanguage":"pl-PL","potentialAction":[{"@type":"CommentAction","name":"Comment","target":["https:\/\/www.mojabochnia.pl\/?p=64206#respond"]}]},{"@type":"WebPage","@id":"https:\/\/www.mojabochnia.pl\/?p=64206","url":"https:\/\/www.mojabochnia.pl\/?p=64206","name":"Prawie p\u00f3\u0142 tysi\u0105ca os\u00f3b wzi\u0119\u0142o udzia\u0142 w nietypowych rekolekcjach - mojabochnia.pl - portal informacyjny","isPartOf":{"@id":"https:\/\/www.mojabochnia.pl\/#website"},"datePublished":"2011-12-12T11:11:53+00:00","dateModified":"2011-12-12T14:23:51+00:00","breadcrumb":{"@id":"https:\/\/www.mojabochnia.pl\/?p=64206#breadcrumb"},"inLanguage":"pl-PL","potentialAction":[{"@type":"ReadAction","target":["https:\/\/www.mojabochnia.pl\/?p=64206"]}]},{"@type":"BreadcrumbList","@id":"https:\/\/www.mojabochnia.pl\/?p=64206#breadcrumb","itemListElement":[{"@type":"ListItem","position":1,"name":"Home","item":"https:\/\/www.mojabochnia.pl\/"},{"@type":"ListItem","position":2,"name":"Prawie p\u00f3\u0142 tysi\u0105ca os\u00f3b wzi\u0119\u0142o udzia\u0142 w nietypowych rekolekcjach"}]},{"@type":"WebSite","@id":"https:\/\/www.mojabochnia.pl\/#website","url":"https:\/\/www.mojabochnia.pl\/","name":"mojabochnia.pl - portal informacyjny","description":"mojaBochnia to portal informacyjny o Bochni. Codziennie o Bochni piszemy i pokazujemy najwa\u017cniejsze wydarzenia","publisher":{"@id":"https:\/\/www.mojabochnia.pl\/#organization"},"potentialAction":[{"@type":"SearchAction","target":{"@type":"EntryPoint","urlTemplate":"https:\/\/www.mojabochnia.pl\/?s={search_term_string}"},"query-input":{"@type":"PropertyValueSpecification","valueRequired":true,"valueName":"search_term_string"}}],"inLanguage":"pl-PL"},{"@type":"Organization","@id":"https:\/\/www.mojabochnia.pl\/#organization","name":"mojabochnia.pl - portal informacyjny","url":"https:\/\/www.mojabochnia.pl\/","logo":{"@type":"ImageObject","inLanguage":"pl-PL","@id":"https:\/\/www.mojabochnia.pl\/#\/schema\/logo\/image\/","url":"https:\/\/www.mojabochnia.pl\/wp-content\/uploads\/2017\/08\/logo-mb-opt.png","contentUrl":"https:\/\/www.mojabochnia.pl\/wp-content\/uploads\/2017\/08\/logo-mb-opt.png","width":250,"height":48,"caption":"mojabochnia.pl - portal informacyjny"},"image":{"@id":"https:\/\/www.mojabochnia.pl\/#\/schema\/logo\/image\/"},"sameAs":["https:\/\/www.facebook.com\/mojabochnia"]},{"@type":"Person","@id":"https:\/\/www.mojabochnia.pl\/#\/schema\/person\/c00e1f64e6fa0e6de6d410f2c340017f","name":"administrator","url":"https:\/\/www.mojabochnia.pl\/?author=1"}]}},"_links":{"self":[{"href":"https:\/\/www.mojabochnia.pl\/index.php?rest_route=\/wp\/v2\/posts\/64206","targetHints":{"allow":["GET"]}}],"collection":[{"href":"https:\/\/www.mojabochnia.pl\/index.php?rest_route=\/wp\/v2\/posts"}],"about":[{"href":"https:\/\/www.mojabochnia.pl\/index.php?rest_route=\/wp\/v2\/types\/post"}],"author":[{"embeddable":true,"href":"https:\/\/www.mojabochnia.pl\/index.php?rest_route=\/wp\/v2\/users\/1"}],"replies":[{"embeddable":true,"href":"https:\/\/www.mojabochnia.pl\/index.php?rest_route=%2Fwp%2Fv2%2Fcomments&post=64206"}],"version-history":[{"count":13,"href":"https:\/\/www.mojabochnia.pl\/index.php?rest_route=\/wp\/v2\/posts\/64206\/revisions"}],"predecessor-version":[{"id":64307,"href":"https:\/\/www.mojabochnia.pl\/index.php?rest_route=\/wp\/v2\/posts\/64206\/revisions\/64307"}],"wp:attachment":[{"href":"https:\/\/www.mojabochnia.pl\/index.php?rest_route=%2Fwp%2Fv2%2Fmedia&parent=64206"}],"wp:term":[{"taxonomy":"category","embeddable":true,"href":"https:\/\/www.mojabochnia.pl\/index.php?rest_route=%2Fwp%2Fv2%2Fcategories&post=64206"},{"taxonomy":"post_tag","embeddable":true,"href":"https:\/\/www.mojabochnia.pl\/index.php?rest_route=%2Fwp%2Fv2%2Ftags&post=64206"}],"curies":[{"name":"wp","href":"https:\/\/api.w.org\/{rel}","templated":true}]}}