{"id":63884,"date":"2011-12-05T13:04:22","date_gmt":"2011-12-05T12:04:22","guid":{"rendered":"http:\/\/www.mojabochnia.pl\/?p=63884"},"modified":"2011-12-05T13:13:34","modified_gmt":"2011-12-05T12:13:34","slug":"xi-bochenski-dzien-swietego-mikolaja-w-muzeum","status":"publish","type":"post","link":"https:\/\/www.mojabochnia.pl\/?p=63884","title":{"rendered":"XI Boche\u0144ski Dzie\u0144 \u015awi\u0119tego Miko\u0142aja w muzeum"},"content":{"rendered":"<p>Podczas spotkania nast\u0105pi tradycyjne nadanie wyr\u00f3\u017cnienia &#8222;Benefactor musaei 2011&#8221; osobie szczeg\u00f3lnie zas\u0142u\u017conej dla muzeum. Przewidziany jest  wyk\u0142ad dr. Tomasza Zauchy z Muzeum Narodowego w Krakowie &#8222;O \u015awi\u0119tym Miko\u0142aju w dawnej sztuce&#8221;. Spodziewana jest  wizyta \u015awi\u0119tego Miko\u0142aja i obdarowanie publiczno\u015bci piernikami. <\/p>\n<p>Boche\u0144ski dzie\u0144 \u015awi\u0119tego Miko\u0142aja  jest ju\u017c tradycj\u0105 muzeum. Pierwsze spotkanie muzealne odby\u0142o si\u0119 6 grudnia 2001 roku, podczas kt\u00f3rego dyrektor boche\u0144skiej plac\u00f3wki, Jan Flasza wyg\u0142osi\u0142 referat \u201e\u015awi\u0119ty Miko\u0142aj i Bochnia\u201d. Odt\u0105d ka\u017cdego roku program spotkania stawa\u0142 si\u0119 coraz bogatszy. Ide\u0105, kt\u00f3ra przy\u015bwieca organizatorom przedsi\u0119wzi\u0119cia, jest przywr\u00f3cenie biskupowi jego prawdziwego wizerunku, \u0142ami\u0105c stereotypy szpetnego krasnala w czerwonej czapce w towarzystwie renifer\u00f3w. <\/p>\n<p>\u015awi\u0119ty Miko\u0142aj jest tak\u017ce patronem bednarzy, st\u0105d darzony jest szczeg\u00f3lnym kultem przez cz\u0142onk\u00f3w boche\u0144skiego cechu bednarskiego, pracuj\u0105cego g\u0142\u00f3wnie na potrzeby \u017cupy. \u015awi\u0119temu przypisany jest przede wszystkim patronat nad dzie\u0107mi i pannami bez posagu pragn\u0105cymi wyj\u015b\u0107 za m\u0105\u017c. Za swojego patrona uwa\u017caj\u0105 go r\u00f3wnie\u017c flisacy, je\u0144cy, wi\u0119\u017aniowie, stra\u017cnicy, kupcy, m\u0142ode ma\u0142\u017ce\u0144stwa, m\u0142ynarze, piekarze, cukiernicy, piwowarzy, rybacy, stra\u017cnicy, studenci i wi\u0119\u017aniowie. W\u015br\u00f3d czcicieli s\u0105 tak\u017ce \u017ceglarze i marynarze, podr\u00f3\u017cnicy, kanceli\u015bci parafialni, notariusze, uczeni, nawet g\u00f3rnicy. Uwa\u017cany jest za niezawodnego obro\u0144c\u0119 przed sztormem, zaraz\u0105, mrozem, \u015bniegiem i ogniem. Od wiek\u00f3w uwa\u017cano go r\u00f3wnie\u017c za opiekuna pasterzy i ich trz\u00f3d. <\/p>\n","protected":false},"excerpt":{"rendered":"<p>Muzeum im. St. Fischera w Bochni  zaprasza na XI Boche\u0144ski Dzie\u0144 \u015awi\u0119tego Miko\u0142aja. Miko\u0142ajowe \u015bwi\u0119towanie rozpocznie si\u0119 we wtorek 6 grudnia o godzinie 17:30 w muzeum przy ulicy Rynek 20.<\/p>\n","protected":false},"author":1,"featured_media":0,"comment_status":"open","ping_status":"closed","sticky":false,"template":"","format":"standard","meta":{"_acf_changed":false,"footnotes":""},"categories":[5,92,6250],"tags":[10462,18082,17126,7964,1788,17290],"class_list":["post-63884","post","type-post","status-publish","format-standard","hentry","category-biezace-wydarzenia","category-kultura","category-tematyka","tag-benefactor-musaei","tag-dzien-swietego-mikolaja","tag-jan-flasza","tag-mikolaj","tag-mikolajki","tag-muzeum","main_tag-dzien-swietego-mikolaja"],"acf":[],"yoast_head":"<!-- This site is optimized with the Yoast SEO plugin v26.9 - https:\/\/yoast.com\/product\/yoast-seo-wordpress\/ -->\n<title>XI Boche\u0144ski Dzie\u0144 \u015awi\u0119tego Miko\u0142aja w muzeum - mojabochnia.pl - portal informacyjny<\/title>\n<meta name=\"robots\" content=\"index, follow, max-snippet:-1, max-image-preview:large, max-video-preview:-1\" \/>\n<link rel=\"canonical\" href=\"https:\/\/www.mojabochnia.pl\/?p=63884\" \/>\n<meta property=\"og:locale\" content=\"pl_PL\" \/>\n<meta property=\"og:type\" content=\"article\" \/>\n<meta property=\"og:title\" content=\"XI Boche\u0144ski Dzie\u0144 \u015awi\u0119tego Miko\u0142aja w muzeum - mojabochnia.pl - portal informacyjny\" \/>\n<meta property=\"og:description\" content=\"Muzeum im. St. Fischera w Bochni zaprasza na XI Boche\u0144ski Dzie\u0144 \u015awi\u0119tego Miko\u0142aja. Miko\u0142ajowe \u015bwi\u0119towanie rozpocznie si\u0119 we wtorek 6 grudnia o godzinie 17:30 w muzeum przy ulicy Rynek 20.\" \/>\n<meta property=\"og:url\" content=\"https:\/\/www.mojabochnia.pl\/?p=63884\" \/>\n<meta property=\"og:site_name\" content=\"mojabochnia.pl - portal informacyjny\" \/>\n<meta property=\"article:publisher\" content=\"https:\/\/www.facebook.com\/mojabochnia\" \/>\n<meta property=\"article:published_time\" content=\"2011-12-05T12:04:22+00:00\" \/>\n<meta property=\"article:modified_time\" content=\"2011-12-05T12:13:34+00:00\" \/>\n<meta name=\"author\" content=\"administrator\" \/>\n<meta name=\"twitter:card\" content=\"summary_large_image\" \/>\n<meta name=\"twitter:label1\" content=\"Written by\" \/>\n\t<meta name=\"twitter:data1\" content=\"administrator\" \/>\n\t<meta name=\"twitter:label2\" content=\"Est. reading time\" \/>\n\t<meta name=\"twitter:data2\" content=\"1 minuta\" \/>\n<script type=\"application\/ld+json\" class=\"yoast-schema-graph\">{\"@context\":\"https:\/\/schema.org\",\"@graph\":[{\"@type\":\"Article\",\"@id\":\"https:\/\/www.mojabochnia.pl\/?p=63884#article\",\"isPartOf\":{\"@id\":\"https:\/\/www.mojabochnia.pl\/?p=63884\"},\"author\":{\"name\":\"administrator\",\"@id\":\"https:\/\/www.mojabochnia.pl\/#\/schema\/person\/c00e1f64e6fa0e6de6d410f2c340017f\"},\"headline\":\"XI Boche\u0144ski Dzie\u0144 \u015awi\u0119tego Miko\u0142aja w muzeum\",\"datePublished\":\"2011-12-05T12:04:22+00:00\",\"dateModified\":\"2011-12-05T12:13:34+00:00\",\"mainEntityOfPage\":{\"@id\":\"https:\/\/www.mojabochnia.pl\/?p=63884\"},\"wordCount\":269,\"commentCount\":0,\"publisher\":{\"@id\":\"https:\/\/www.mojabochnia.pl\/#organization\"},\"keywords\":[\"Benefactor Musaei\",\"Dzie\u0144 \u015awi\u0119tego Miko\u0142aja\",\"jan flasza\",\"miko\u0142aj\",\"miko\u0142ajki\",\"muzeum\"],\"articleSection\":[\"2_ostatnie\",\"kultura\",\"tematyka\"],\"inLanguage\":\"pl-PL\",\"potentialAction\":[{\"@type\":\"CommentAction\",\"name\":\"Comment\",\"target\":[\"https:\/\/www.mojabochnia.pl\/?p=63884#respond\"]}]},{\"@type\":\"WebPage\",\"@id\":\"https:\/\/www.mojabochnia.pl\/?p=63884\",\"url\":\"https:\/\/www.mojabochnia.pl\/?p=63884\",\"name\":\"XI Boche\u0144ski Dzie\u0144 \u015awi\u0119tego Miko\u0142aja w muzeum - mojabochnia.pl - portal informacyjny\",\"isPartOf\":{\"@id\":\"https:\/\/www.mojabochnia.pl\/#website\"},\"datePublished\":\"2011-12-05T12:04:22+00:00\",\"dateModified\":\"2011-12-05T12:13:34+00:00\",\"breadcrumb\":{\"@id\":\"https:\/\/www.mojabochnia.pl\/?p=63884#breadcrumb\"},\"inLanguage\":\"pl-PL\",\"potentialAction\":[{\"@type\":\"ReadAction\",\"target\":[\"https:\/\/www.mojabochnia.pl\/?p=63884\"]}]},{\"@type\":\"BreadcrumbList\",\"@id\":\"https:\/\/www.mojabochnia.pl\/?p=63884#breadcrumb\",\"itemListElement\":[{\"@type\":\"ListItem\",\"position\":1,\"name\":\"Home\",\"item\":\"https:\/\/www.mojabochnia.pl\/\"},{\"@type\":\"ListItem\",\"position\":2,\"name\":\"XI Boche\u0144ski Dzie\u0144 \u015awi\u0119tego Miko\u0142aja w muzeum\"}]},{\"@type\":\"WebSite\",\"@id\":\"https:\/\/www.mojabochnia.pl\/#website\",\"url\":\"https:\/\/www.mojabochnia.pl\/\",\"name\":\"mojabochnia.pl - portal informacyjny\",\"description\":\"mojaBochnia to portal informacyjny o Bochni. Codziennie o Bochni piszemy i pokazujemy najwa\u017cniejsze wydarzenia\",\"publisher\":{\"@id\":\"https:\/\/www.mojabochnia.pl\/#organization\"},\"potentialAction\":[{\"@type\":\"SearchAction\",\"target\":{\"@type\":\"EntryPoint\",\"urlTemplate\":\"https:\/\/www.mojabochnia.pl\/?s={search_term_string}\"},\"query-input\":{\"@type\":\"PropertyValueSpecification\",\"valueRequired\":true,\"valueName\":\"search_term_string\"}}],\"inLanguage\":\"pl-PL\"},{\"@type\":\"Organization\",\"@id\":\"https:\/\/www.mojabochnia.pl\/#organization\",\"name\":\"mojabochnia.pl - portal informacyjny\",\"url\":\"https:\/\/www.mojabochnia.pl\/\",\"logo\":{\"@type\":\"ImageObject\",\"inLanguage\":\"pl-PL\",\"@id\":\"https:\/\/www.mojabochnia.pl\/#\/schema\/logo\/image\/\",\"url\":\"https:\/\/www.mojabochnia.pl\/wp-content\/uploads\/2017\/08\/logo-mb-opt.png\",\"contentUrl\":\"https:\/\/www.mojabochnia.pl\/wp-content\/uploads\/2017\/08\/logo-mb-opt.png\",\"width\":250,\"height\":48,\"caption\":\"mojabochnia.pl - portal informacyjny\"},\"image\":{\"@id\":\"https:\/\/www.mojabochnia.pl\/#\/schema\/logo\/image\/\"},\"sameAs\":[\"https:\/\/www.facebook.com\/mojabochnia\"]},{\"@type\":\"Person\",\"@id\":\"https:\/\/www.mojabochnia.pl\/#\/schema\/person\/c00e1f64e6fa0e6de6d410f2c340017f\",\"name\":\"administrator\",\"url\":\"https:\/\/www.mojabochnia.pl\/?author=1\"}]}<\/script>\n<!-- \/ Yoast SEO plugin. -->","yoast_head_json":{"title":"XI Boche\u0144ski Dzie\u0144 \u015awi\u0119tego Miko\u0142aja w muzeum - mojabochnia.pl - portal informacyjny","robots":{"index":"index","follow":"follow","max-snippet":"max-snippet:-1","max-image-preview":"max-image-preview:large","max-video-preview":"max-video-preview:-1"},"canonical":"https:\/\/www.mojabochnia.pl\/?p=63884","og_locale":"pl_PL","og_type":"article","og_title":"XI Boche\u0144ski Dzie\u0144 \u015awi\u0119tego Miko\u0142aja w muzeum - mojabochnia.pl - portal informacyjny","og_description":"Muzeum im. St. Fischera w Bochni zaprasza na XI Boche\u0144ski Dzie\u0144 \u015awi\u0119tego Miko\u0142aja. Miko\u0142ajowe \u015bwi\u0119towanie rozpocznie si\u0119 we wtorek 6 grudnia o godzinie 17:30 w muzeum przy ulicy Rynek 20.","og_url":"https:\/\/www.mojabochnia.pl\/?p=63884","og_site_name":"mojabochnia.pl - portal informacyjny","article_publisher":"https:\/\/www.facebook.com\/mojabochnia","article_published_time":"2011-12-05T12:04:22+00:00","article_modified_time":"2011-12-05T12:13:34+00:00","author":"administrator","twitter_card":"summary_large_image","twitter_misc":{"Written by":"administrator","Est. reading time":"1 minuta"},"schema":{"@context":"https:\/\/schema.org","@graph":[{"@type":"Article","@id":"https:\/\/www.mojabochnia.pl\/?p=63884#article","isPartOf":{"@id":"https:\/\/www.mojabochnia.pl\/?p=63884"},"author":{"name":"administrator","@id":"https:\/\/www.mojabochnia.pl\/#\/schema\/person\/c00e1f64e6fa0e6de6d410f2c340017f"},"headline":"XI Boche\u0144ski Dzie\u0144 \u015awi\u0119tego Miko\u0142aja w muzeum","datePublished":"2011-12-05T12:04:22+00:00","dateModified":"2011-12-05T12:13:34+00:00","mainEntityOfPage":{"@id":"https:\/\/www.mojabochnia.pl\/?p=63884"},"wordCount":269,"commentCount":0,"publisher":{"@id":"https:\/\/www.mojabochnia.pl\/#organization"},"keywords":["Benefactor Musaei","Dzie\u0144 \u015awi\u0119tego Miko\u0142aja","jan flasza","miko\u0142aj","miko\u0142ajki","muzeum"],"articleSection":["2_ostatnie","kultura","tematyka"],"inLanguage":"pl-PL","potentialAction":[{"@type":"CommentAction","name":"Comment","target":["https:\/\/www.mojabochnia.pl\/?p=63884#respond"]}]},{"@type":"WebPage","@id":"https:\/\/www.mojabochnia.pl\/?p=63884","url":"https:\/\/www.mojabochnia.pl\/?p=63884","name":"XI Boche\u0144ski Dzie\u0144 \u015awi\u0119tego Miko\u0142aja w muzeum - mojabochnia.pl - portal informacyjny","isPartOf":{"@id":"https:\/\/www.mojabochnia.pl\/#website"},"datePublished":"2011-12-05T12:04:22+00:00","dateModified":"2011-12-05T12:13:34+00:00","breadcrumb":{"@id":"https:\/\/www.mojabochnia.pl\/?p=63884#breadcrumb"},"inLanguage":"pl-PL","potentialAction":[{"@type":"ReadAction","target":["https:\/\/www.mojabochnia.pl\/?p=63884"]}]},{"@type":"BreadcrumbList","@id":"https:\/\/www.mojabochnia.pl\/?p=63884#breadcrumb","itemListElement":[{"@type":"ListItem","position":1,"name":"Home","item":"https:\/\/www.mojabochnia.pl\/"},{"@type":"ListItem","position":2,"name":"XI Boche\u0144ski Dzie\u0144 \u015awi\u0119tego Miko\u0142aja w muzeum"}]},{"@type":"WebSite","@id":"https:\/\/www.mojabochnia.pl\/#website","url":"https:\/\/www.mojabochnia.pl\/","name":"mojabochnia.pl - portal informacyjny","description":"mojaBochnia to portal informacyjny o Bochni. Codziennie o Bochni piszemy i pokazujemy najwa\u017cniejsze wydarzenia","publisher":{"@id":"https:\/\/www.mojabochnia.pl\/#organization"},"potentialAction":[{"@type":"SearchAction","target":{"@type":"EntryPoint","urlTemplate":"https:\/\/www.mojabochnia.pl\/?s={search_term_string}"},"query-input":{"@type":"PropertyValueSpecification","valueRequired":true,"valueName":"search_term_string"}}],"inLanguage":"pl-PL"},{"@type":"Organization","@id":"https:\/\/www.mojabochnia.pl\/#organization","name":"mojabochnia.pl - portal informacyjny","url":"https:\/\/www.mojabochnia.pl\/","logo":{"@type":"ImageObject","inLanguage":"pl-PL","@id":"https:\/\/www.mojabochnia.pl\/#\/schema\/logo\/image\/","url":"https:\/\/www.mojabochnia.pl\/wp-content\/uploads\/2017\/08\/logo-mb-opt.png","contentUrl":"https:\/\/www.mojabochnia.pl\/wp-content\/uploads\/2017\/08\/logo-mb-opt.png","width":250,"height":48,"caption":"mojabochnia.pl - portal informacyjny"},"image":{"@id":"https:\/\/www.mojabochnia.pl\/#\/schema\/logo\/image\/"},"sameAs":["https:\/\/www.facebook.com\/mojabochnia"]},{"@type":"Person","@id":"https:\/\/www.mojabochnia.pl\/#\/schema\/person\/c00e1f64e6fa0e6de6d410f2c340017f","name":"administrator","url":"https:\/\/www.mojabochnia.pl\/?author=1"}]}},"_links":{"self":[{"href":"https:\/\/www.mojabochnia.pl\/index.php?rest_route=\/wp\/v2\/posts\/63884","targetHints":{"allow":["GET"]}}],"collection":[{"href":"https:\/\/www.mojabochnia.pl\/index.php?rest_route=\/wp\/v2\/posts"}],"about":[{"href":"https:\/\/www.mojabochnia.pl\/index.php?rest_route=\/wp\/v2\/types\/post"}],"author":[{"embeddable":true,"href":"https:\/\/www.mojabochnia.pl\/index.php?rest_route=\/wp\/v2\/users\/1"}],"replies":[{"embeddable":true,"href":"https:\/\/www.mojabochnia.pl\/index.php?rest_route=%2Fwp%2Fv2%2Fcomments&post=63884"}],"version-history":[{"count":6,"href":"https:\/\/www.mojabochnia.pl\/index.php?rest_route=\/wp\/v2\/posts\/63884\/revisions"}],"predecessor-version":[{"id":63890,"href":"https:\/\/www.mojabochnia.pl\/index.php?rest_route=\/wp\/v2\/posts\/63884\/revisions\/63890"}],"wp:attachment":[{"href":"https:\/\/www.mojabochnia.pl\/index.php?rest_route=%2Fwp%2Fv2%2Fmedia&parent=63884"}],"wp:term":[{"taxonomy":"category","embeddable":true,"href":"https:\/\/www.mojabochnia.pl\/index.php?rest_route=%2Fwp%2Fv2%2Fcategories&post=63884"},{"taxonomy":"post_tag","embeddable":true,"href":"https:\/\/www.mojabochnia.pl\/index.php?rest_route=%2Fwp%2Fv2%2Ftags&post=63884"}],"curies":[{"name":"wp","href":"https:\/\/api.w.org\/{rel}","templated":true}]}}