{"id":63856,"date":"2011-12-05T11:05:58","date_gmt":"2011-12-05T10:05:58","guid":{"rendered":"http:\/\/www.mojabochnia.pl\/?p=63856"},"modified":"2011-12-05T11:05:58","modified_gmt":"2011-12-05T10:05:58","slug":"budowal-samochod-z-czesci-ktore-kradl-z-cudzych-samochodow","status":"publish","type":"post","link":"https:\/\/www.mojabochnia.pl\/?p=63856","title":{"rendered":"Budowa\u0142 samoch\u00f3d z cz\u0119\u015bci, kt\u00f3re krad\u0142 z cudzych samochod\u00f3w"},"content":{"rendered":"<p>W\u0142amania mia\u0142y miejsce w nocy z 25\/26 lipca i w nocy z 17\/18 listopada. M\u0119\u017cczyzna najpierw ukrad\u0142 fotel kierowcy oraz uszczelk\u0119, a nast\u0119pnym razem pr\u0119dko\u015bciomierz zespolony z obrotomierzem. <\/p>\n<p>W wyniki dzia\u0142a\u0144 policji, zabezpieczono samoch\u00f3d VW Polo nale\u017c\u0105cy do sprawcy w\u0142ama\u0144, w kt\u00f3rym zamontowany by\u0142 ju\u017c skradziony fotel oraz zestaw wska\u017anik\u00f3w. Natomiast w baga\u017cniku le\u017ca\u0142 oryginalny ubo\u017cszy zestaw wska\u017anik\u00f3w &#8211; bez pr\u0119dko\u015bciomierza. Po wymontowaniu skradzione przedmioty trafi\u0142y do prawowitych w\u0142a\u015bcicieli.<\/p>\n<p>Ten sam m\u0119\u017cczyzna 28 listopada zosta\u0142 zatrzymany podczas prowadzenia samochodu wbrew obowi\u0105zuj\u0105cemu go s\u0105dowemu zakazowi. Grozi mu kara pozbawienia wolno\u015bci od roku do 10 lat. <\/p>\n","protected":false},"excerpt":{"rendered":"<p>Policjanci Wydzia\u0142u Kryminalnego KPP w Bochni zatrzymali 34 letniego mieszka\u0144ca Bochni, kt\u00f3ry dwukrotnie w\u0142amywa\u0142 si\u0119 do samochod\u00f3w Volkswagen Polo przy ul. \u015bw. Jana w Bochni. M\u0119\u017cczyzna za ka\u017cdym razem krad\u0142 te podzespo\u0142y samochodu, kt\u00f3re by\u0142y mu potrzebne do wyposa\u017cenia swojego samochodu.<\/p>\n","protected":false},"author":2,"featured_media":0,"comment_status":"open","ping_status":"closed","sticky":false,"template":"","format":"standard","meta":{"_acf_changed":false,"footnotes":""},"categories":[5,6251,6250],"tags":[17304,17155,10459,1926],"class_list":["post-63856","post","type-post","status-publish","format-standard","hentry","category-biezace-wydarzenia","category-polityka-i-wydarzenia","category-tematyka","tag-kradziez","tag-policja","tag-vw-polo","tag-wlamanie","main_tag-policja"],"acf":[],"yoast_head":"<!-- This site is optimized with the Yoast SEO plugin v26.9 - https:\/\/yoast.com\/product\/yoast-seo-wordpress\/ -->\n<title>Budowa\u0142 samoch\u00f3d z cz\u0119\u015bci, kt\u00f3re krad\u0142 z cudzych samochod\u00f3w - mojabochnia.pl - portal informacyjny<\/title>\n<meta name=\"robots\" content=\"index, follow, max-snippet:-1, max-image-preview:large, max-video-preview:-1\" \/>\n<link rel=\"canonical\" href=\"https:\/\/www.mojabochnia.pl\/?p=63856\" \/>\n<meta property=\"og:locale\" content=\"pl_PL\" \/>\n<meta property=\"og:type\" content=\"article\" \/>\n<meta property=\"og:title\" content=\"Budowa\u0142 samoch\u00f3d z cz\u0119\u015bci, kt\u00f3re krad\u0142 z cudzych samochod\u00f3w - mojabochnia.pl - portal informacyjny\" \/>\n<meta property=\"og:description\" content=\"Policjanci Wydzia\u0142u Kryminalnego KPP w Bochni zatrzymali 34 letniego mieszka\u0144ca Bochni, kt\u00f3ry dwukrotnie w\u0142amywa\u0142 si\u0119 do samochod\u00f3w Volkswagen Polo przy ul. \u015bw. Jana w Bochni. M\u0119\u017cczyzna za ka\u017cdym razem krad\u0142 te podzespo\u0142y samochodu, kt\u00f3re by\u0142y mu potrzebne do wyposa\u017cenia swojego samochodu.\" \/>\n<meta property=\"og:url\" content=\"https:\/\/www.mojabochnia.pl\/?p=63856\" \/>\n<meta property=\"og:site_name\" content=\"mojabochnia.pl - portal informacyjny\" \/>\n<meta property=\"article:publisher\" content=\"https:\/\/www.facebook.com\/mojabochnia\" \/>\n<meta property=\"article:published_time\" content=\"2011-12-05T10:05:58+00:00\" \/>\n<meta name=\"author\" content=\"Jacek Kucharski\" \/>\n<meta name=\"twitter:card\" content=\"summary_large_image\" \/>\n<meta name=\"twitter:label1\" content=\"Written by\" \/>\n\t<meta name=\"twitter:data1\" content=\"Jacek Kucharski\" \/>\n\t<meta name=\"twitter:label2\" content=\"Est. reading time\" \/>\n\t<meta name=\"twitter:data2\" content=\"1 minuta\" \/>\n<script type=\"application\/ld+json\" class=\"yoast-schema-graph\">{\"@context\":\"https:\/\/schema.org\",\"@graph\":[{\"@type\":\"Article\",\"@id\":\"https:\/\/www.mojabochnia.pl\/?p=63856#article\",\"isPartOf\":{\"@id\":\"https:\/\/www.mojabochnia.pl\/?p=63856\"},\"author\":{\"name\":\"Jacek Kucharski\",\"@id\":\"https:\/\/www.mojabochnia.pl\/#\/schema\/person\/cbf2046fc62995d3796f0c0160613698\"},\"headline\":\"Budowa\u0142 samoch\u00f3d z cz\u0119\u015bci, kt\u00f3re krad\u0142 z cudzych samochod\u00f3w\",\"datePublished\":\"2011-12-05T10:05:58+00:00\",\"mainEntityOfPage\":{\"@id\":\"https:\/\/www.mojabochnia.pl\/?p=63856\"},\"wordCount\":131,\"commentCount\":0,\"publisher\":{\"@id\":\"https:\/\/www.mojabochnia.pl\/#organization\"},\"keywords\":[\"kradzie\u017c\",\"policja\",\"vw polo\",\"w\u0142amanie\"],\"articleSection\":[\"2_ostatnie\",\"polityka i wydarzenia\",\"tematyka\"],\"inLanguage\":\"pl-PL\",\"potentialAction\":[{\"@type\":\"CommentAction\",\"name\":\"Comment\",\"target\":[\"https:\/\/www.mojabochnia.pl\/?p=63856#respond\"]}]},{\"@type\":\"WebPage\",\"@id\":\"https:\/\/www.mojabochnia.pl\/?p=63856\",\"url\":\"https:\/\/www.mojabochnia.pl\/?p=63856\",\"name\":\"Budowa\u0142 samoch\u00f3d z cz\u0119\u015bci, kt\u00f3re krad\u0142 z cudzych samochod\u00f3w - mojabochnia.pl - portal informacyjny\",\"isPartOf\":{\"@id\":\"https:\/\/www.mojabochnia.pl\/#website\"},\"datePublished\":\"2011-12-05T10:05:58+00:00\",\"breadcrumb\":{\"@id\":\"https:\/\/www.mojabochnia.pl\/?p=63856#breadcrumb\"},\"inLanguage\":\"pl-PL\",\"potentialAction\":[{\"@type\":\"ReadAction\",\"target\":[\"https:\/\/www.mojabochnia.pl\/?p=63856\"]}]},{\"@type\":\"BreadcrumbList\",\"@id\":\"https:\/\/www.mojabochnia.pl\/?p=63856#breadcrumb\",\"itemListElement\":[{\"@type\":\"ListItem\",\"position\":1,\"name\":\"Home\",\"item\":\"https:\/\/www.mojabochnia.pl\/\"},{\"@type\":\"ListItem\",\"position\":2,\"name\":\"Budowa\u0142 samoch\u00f3d z cz\u0119\u015bci, kt\u00f3re krad\u0142 z cudzych samochod\u00f3w\"}]},{\"@type\":\"WebSite\",\"@id\":\"https:\/\/www.mojabochnia.pl\/#website\",\"url\":\"https:\/\/www.mojabochnia.pl\/\",\"name\":\"mojabochnia.pl - portal informacyjny\",\"description\":\"mojaBochnia to portal informacyjny o Bochni. Codziennie o Bochni piszemy i pokazujemy najwa\u017cniejsze wydarzenia\",\"publisher\":{\"@id\":\"https:\/\/www.mojabochnia.pl\/#organization\"},\"potentialAction\":[{\"@type\":\"SearchAction\",\"target\":{\"@type\":\"EntryPoint\",\"urlTemplate\":\"https:\/\/www.mojabochnia.pl\/?s={search_term_string}\"},\"query-input\":{\"@type\":\"PropertyValueSpecification\",\"valueRequired\":true,\"valueName\":\"search_term_string\"}}],\"inLanguage\":\"pl-PL\"},{\"@type\":\"Organization\",\"@id\":\"https:\/\/www.mojabochnia.pl\/#organization\",\"name\":\"mojabochnia.pl - portal informacyjny\",\"url\":\"https:\/\/www.mojabochnia.pl\/\",\"logo\":{\"@type\":\"ImageObject\",\"inLanguage\":\"pl-PL\",\"@id\":\"https:\/\/www.mojabochnia.pl\/#\/schema\/logo\/image\/\",\"url\":\"https:\/\/www.mojabochnia.pl\/wp-content\/uploads\/2017\/08\/logo-mb-opt.png\",\"contentUrl\":\"https:\/\/www.mojabochnia.pl\/wp-content\/uploads\/2017\/08\/logo-mb-opt.png\",\"width\":250,\"height\":48,\"caption\":\"mojabochnia.pl - portal informacyjny\"},\"image\":{\"@id\":\"https:\/\/www.mojabochnia.pl\/#\/schema\/logo\/image\/\"},\"sameAs\":[\"https:\/\/www.facebook.com\/mojabochnia\"]},{\"@type\":\"Person\",\"@id\":\"https:\/\/www.mojabochnia.pl\/#\/schema\/person\/cbf2046fc62995d3796f0c0160613698\",\"name\":\"Jacek Kucharski\",\"url\":\"https:\/\/www.mojabochnia.pl\/?author=2\"}]}<\/script>\n<!-- \/ Yoast SEO plugin. -->","yoast_head_json":{"title":"Budowa\u0142 samoch\u00f3d z cz\u0119\u015bci, kt\u00f3re krad\u0142 z cudzych samochod\u00f3w - mojabochnia.pl - portal informacyjny","robots":{"index":"index","follow":"follow","max-snippet":"max-snippet:-1","max-image-preview":"max-image-preview:large","max-video-preview":"max-video-preview:-1"},"canonical":"https:\/\/www.mojabochnia.pl\/?p=63856","og_locale":"pl_PL","og_type":"article","og_title":"Budowa\u0142 samoch\u00f3d z cz\u0119\u015bci, kt\u00f3re krad\u0142 z cudzych samochod\u00f3w - mojabochnia.pl - portal informacyjny","og_description":"Policjanci Wydzia\u0142u Kryminalnego KPP w Bochni zatrzymali 34 letniego mieszka\u0144ca Bochni, kt\u00f3ry dwukrotnie w\u0142amywa\u0142 si\u0119 do samochod\u00f3w Volkswagen Polo przy ul. \u015bw. Jana w Bochni. M\u0119\u017cczyzna za ka\u017cdym razem krad\u0142 te podzespo\u0142y samochodu, kt\u00f3re by\u0142y mu potrzebne do wyposa\u017cenia swojego samochodu.","og_url":"https:\/\/www.mojabochnia.pl\/?p=63856","og_site_name":"mojabochnia.pl - portal informacyjny","article_publisher":"https:\/\/www.facebook.com\/mojabochnia","article_published_time":"2011-12-05T10:05:58+00:00","author":"Jacek Kucharski","twitter_card":"summary_large_image","twitter_misc":{"Written by":"Jacek Kucharski","Est. reading time":"1 minuta"},"schema":{"@context":"https:\/\/schema.org","@graph":[{"@type":"Article","@id":"https:\/\/www.mojabochnia.pl\/?p=63856#article","isPartOf":{"@id":"https:\/\/www.mojabochnia.pl\/?p=63856"},"author":{"name":"Jacek Kucharski","@id":"https:\/\/www.mojabochnia.pl\/#\/schema\/person\/cbf2046fc62995d3796f0c0160613698"},"headline":"Budowa\u0142 samoch\u00f3d z cz\u0119\u015bci, kt\u00f3re krad\u0142 z cudzych samochod\u00f3w","datePublished":"2011-12-05T10:05:58+00:00","mainEntityOfPage":{"@id":"https:\/\/www.mojabochnia.pl\/?p=63856"},"wordCount":131,"commentCount":0,"publisher":{"@id":"https:\/\/www.mojabochnia.pl\/#organization"},"keywords":["kradzie\u017c","policja","vw polo","w\u0142amanie"],"articleSection":["2_ostatnie","polityka i wydarzenia","tematyka"],"inLanguage":"pl-PL","potentialAction":[{"@type":"CommentAction","name":"Comment","target":["https:\/\/www.mojabochnia.pl\/?p=63856#respond"]}]},{"@type":"WebPage","@id":"https:\/\/www.mojabochnia.pl\/?p=63856","url":"https:\/\/www.mojabochnia.pl\/?p=63856","name":"Budowa\u0142 samoch\u00f3d z cz\u0119\u015bci, kt\u00f3re krad\u0142 z cudzych samochod\u00f3w - mojabochnia.pl - portal informacyjny","isPartOf":{"@id":"https:\/\/www.mojabochnia.pl\/#website"},"datePublished":"2011-12-05T10:05:58+00:00","breadcrumb":{"@id":"https:\/\/www.mojabochnia.pl\/?p=63856#breadcrumb"},"inLanguage":"pl-PL","potentialAction":[{"@type":"ReadAction","target":["https:\/\/www.mojabochnia.pl\/?p=63856"]}]},{"@type":"BreadcrumbList","@id":"https:\/\/www.mojabochnia.pl\/?p=63856#breadcrumb","itemListElement":[{"@type":"ListItem","position":1,"name":"Home","item":"https:\/\/www.mojabochnia.pl\/"},{"@type":"ListItem","position":2,"name":"Budowa\u0142 samoch\u00f3d z cz\u0119\u015bci, kt\u00f3re krad\u0142 z cudzych samochod\u00f3w"}]},{"@type":"WebSite","@id":"https:\/\/www.mojabochnia.pl\/#website","url":"https:\/\/www.mojabochnia.pl\/","name":"mojabochnia.pl - portal informacyjny","description":"mojaBochnia to portal informacyjny o Bochni. Codziennie o Bochni piszemy i pokazujemy najwa\u017cniejsze wydarzenia","publisher":{"@id":"https:\/\/www.mojabochnia.pl\/#organization"},"potentialAction":[{"@type":"SearchAction","target":{"@type":"EntryPoint","urlTemplate":"https:\/\/www.mojabochnia.pl\/?s={search_term_string}"},"query-input":{"@type":"PropertyValueSpecification","valueRequired":true,"valueName":"search_term_string"}}],"inLanguage":"pl-PL"},{"@type":"Organization","@id":"https:\/\/www.mojabochnia.pl\/#organization","name":"mojabochnia.pl - portal informacyjny","url":"https:\/\/www.mojabochnia.pl\/","logo":{"@type":"ImageObject","inLanguage":"pl-PL","@id":"https:\/\/www.mojabochnia.pl\/#\/schema\/logo\/image\/","url":"https:\/\/www.mojabochnia.pl\/wp-content\/uploads\/2017\/08\/logo-mb-opt.png","contentUrl":"https:\/\/www.mojabochnia.pl\/wp-content\/uploads\/2017\/08\/logo-mb-opt.png","width":250,"height":48,"caption":"mojabochnia.pl - portal informacyjny"},"image":{"@id":"https:\/\/www.mojabochnia.pl\/#\/schema\/logo\/image\/"},"sameAs":["https:\/\/www.facebook.com\/mojabochnia"]},{"@type":"Person","@id":"https:\/\/www.mojabochnia.pl\/#\/schema\/person\/cbf2046fc62995d3796f0c0160613698","name":"Jacek Kucharski","url":"https:\/\/www.mojabochnia.pl\/?author=2"}]}},"_links":{"self":[{"href":"https:\/\/www.mojabochnia.pl\/index.php?rest_route=\/wp\/v2\/posts\/63856","targetHints":{"allow":["GET"]}}],"collection":[{"href":"https:\/\/www.mojabochnia.pl\/index.php?rest_route=\/wp\/v2\/posts"}],"about":[{"href":"https:\/\/www.mojabochnia.pl\/index.php?rest_route=\/wp\/v2\/types\/post"}],"author":[{"embeddable":true,"href":"https:\/\/www.mojabochnia.pl\/index.php?rest_route=\/wp\/v2\/users\/2"}],"replies":[{"embeddable":true,"href":"https:\/\/www.mojabochnia.pl\/index.php?rest_route=%2Fwp%2Fv2%2Fcomments&post=63856"}],"version-history":[{"count":2,"href":"https:\/\/www.mojabochnia.pl\/index.php?rest_route=\/wp\/v2\/posts\/63856\/revisions"}],"predecessor-version":[{"id":63880,"href":"https:\/\/www.mojabochnia.pl\/index.php?rest_route=\/wp\/v2\/posts\/63856\/revisions\/63880"}],"wp:attachment":[{"href":"https:\/\/www.mojabochnia.pl\/index.php?rest_route=%2Fwp%2Fv2%2Fmedia&parent=63856"}],"wp:term":[{"taxonomy":"category","embeddable":true,"href":"https:\/\/www.mojabochnia.pl\/index.php?rest_route=%2Fwp%2Fv2%2Fcategories&post=63856"},{"taxonomy":"post_tag","embeddable":true,"href":"https:\/\/www.mojabochnia.pl\/index.php?rest_route=%2Fwp%2Fv2%2Ftags&post=63856"}],"curies":[{"name":"wp","href":"https:\/\/api.w.org\/{rel}","templated":true}]}}