{"id":63708,"date":"2011-11-29T09:21:17","date_gmt":"2011-11-29T08:21:17","guid":{"rendered":"http:\/\/www.mojabochnia.pl\/?p=63708"},"modified":"2011-11-29T11:22:44","modified_gmt":"2011-11-29T10:22:44","slug":"ulka-zaprasza-na-%e2%80%9eposzukiwanie-prawdziwego-swietego-mikolaja%e2%80%9d","status":"publish","type":"post","link":"https:\/\/www.mojabochnia.pl\/?p=63708","title":{"rendered":"ULKA zaprasza na \u201ePoszukiwanie prawdziwego \u015awi\u0119tego Miko\u0142aja\u201d"},"content":{"rendered":"<p>Obok zaj\u0119\u0107 plastycznych znajdzie si\u0119 tak\u017ce co\u015b dla tych, kt\u00f3rzy lubi\u0105 muzykowa\u0107,  wspomina\u0107 i poznawa\u0107 rodzinne tradycje. B\u0119dzie wsp\u00f3lny \u015bpiew piosenek o tematyce \u015bwi\u0105tecznej i zimowej.  Doro\u015bli uczestnicy warsztat\u00f3w (rodzice, dziadkowie\u2026) b\u0119d\u0105  opowiada\u0107 o \u015bwi\u0119tym Miko\u0142aju z czas\u00f3w ich dzieci\u0144stwa \u2013 jak wygl\u0105da\u0142 i zdradz\u0105 jakie przynosi\u0142 prezenty.<\/p>\n<p>Zaproszenie na warsztaty skierowane jest do ca\u0142ych rodzin z dzie\u0107mi, szczeg\u00f3lnie dzie\u0107mi z problemami ze zdrowiem, do os\u00f3b z niepe\u0142nosprawno\u015bci\u0105 i oczywi\u015bcie do dziadk\u00f3w, gdy\u017c to w\u0142a\u015bnie oni szczeg\u00f3lnie du\u017co wiedz\u0105 o prawdziwym \u015awi\u0119tym Miko\u0142aju.<\/p>\n<p>Warsztaty odb\u0119d\u0105 si\u0119: 3 i 17 grudnia (soboty), w godzinach 9:00-12:00 w Szkole Podstawowej nr 2 w Bochni.<\/p>\n<p>Miejski Op\u0142atek na Rynku i wsp\u00f3lne wieszanie baniek przewidziane jest na niedziel\u0119, 18 grudnia. <\/p>\n<p>Organizatorzy prosz\u0105 o wcze\u015bniejsze potwierdzenie swojego udzia\u0142u w  warsztatach \u2013 do czwartku 1 grudnia br. drog\u0105 mailow\u0105 &#8211; e-mail: biuro@ulka.org.pl lub telefonicznie pod nr 604282228<\/p>\n<p><strong><a href=\"http:\/\/www.mojabochnia.pl\/?p=41562\">Zobacz, jak by\u0142o rok temu na podobnych warsztatach<\/a><\/strong><\/p>\n\t  \r\n\t\r\n\t    <div class=\"mb-gallery\">\r\n\t    <a href=\"https:\/\/www.mojabochnia.pl\/?attachment_id=63709\" class=\"\"><img loading=\"lazy\" decoding=\"async\" width=\"100\" height=\"56\" src=\"https:\/\/www.mojabochnia.pl\/wp-content\/uploads\/2011\/11\/ok-IMG_4072-120x67.jpg\" class=\"attachment-100x100 size-100x100\" alt=\"\" srcset=\"https:\/\/www.mojabochnia.pl\/wp-content\/uploads\/2011\/11\/ok-IMG_4072-120x67.jpg 120w, https:\/\/www.mojabochnia.pl\/wp-content\/uploads\/2011\/11\/ok-IMG_4072-468x263.jpg 468w, https:\/\/www.mojabochnia.pl\/wp-content\/uploads\/2011\/11\/ok-IMG_4072-660x371.jpg 660w, https:\/\/www.mojabochnia.pl\/wp-content\/uploads\/2011\/11\/ok-IMG_4072.jpg 800w\" sizes=\"auto, (max-width: 100px) 100vw, 100px\" \/><\/a><a href=\"https:\/\/www.mojabochnia.pl\/?attachment_id=63710\" class=\"\"><img loading=\"lazy\" decoding=\"async\" width=\"100\" height=\"56\" src=\"https:\/\/www.mojabochnia.pl\/wp-content\/uploads\/2011\/11\/ok-IMG_4119-120x67.jpg\" class=\"attachment-100x100 size-100x100\" alt=\"\" srcset=\"https:\/\/www.mojabochnia.pl\/wp-content\/uploads\/2011\/11\/ok-IMG_4119-120x67.jpg 120w, https:\/\/www.mojabochnia.pl\/wp-content\/uploads\/2011\/11\/ok-IMG_4119-468x263.jpg 468w, https:\/\/www.mojabochnia.pl\/wp-content\/uploads\/2011\/11\/ok-IMG_4119-660x371.jpg 660w, https:\/\/www.mojabochnia.pl\/wp-content\/uploads\/2011\/11\/ok-IMG_4119.jpg 800w\" sizes=\"auto, (max-width: 100px) 100vw, 100px\" \/><\/a><a href=\"https:\/\/www.mojabochnia.pl\/?attachment_id=63711\" class=\"\"><img loading=\"lazy\" decoding=\"async\" width=\"100\" height=\"56\" src=\"https:\/\/www.mojabochnia.pl\/wp-content\/uploads\/2011\/11\/ok-IMG_4156-120x67.jpg\" class=\"attachment-100x100 size-100x100\" alt=\"\" srcset=\"https:\/\/www.mojabochnia.pl\/wp-content\/uploads\/2011\/11\/ok-IMG_4156-120x67.jpg 120w, https:\/\/www.mojabochnia.pl\/wp-content\/uploads\/2011\/11\/ok-IMG_4156-468x263.jpg 468w, https:\/\/www.mojabochnia.pl\/wp-content\/uploads\/2011\/11\/ok-IMG_4156-660x371.jpg 660w, https:\/\/www.mojabochnia.pl\/wp-content\/uploads\/2011\/11\/ok-IMG_4156.jpg 800w\" sizes=\"auto, (max-width: 100px) 100vw, 100px\" \/><\/a>\t    <\/div>\r\n\t    ","protected":false},"excerpt":{"rendered":"<p>Stowarzyszenie ULKA zaprasza na Integracyjne warsztaty \u201ePoszukiwanie prawdziwego \u015awi\u0119tego Miko\u0142aja\u201d. W ramach projektu przewidziane jest m. in. wsp\u00f3lne przygotowywanie wielkich baniek &#8211; ozd\u00f3b choinkowych, kt\u00f3re w niedziel\u0119 przed \u015awi\u0119tami zostan\u0105 zawieszone na choince ustawionej na boche\u0144skim Rynku \u2013 podobnie, jak mia\u0142o to miejsce w ubieg\u0142ym roku. <\/p>\n","protected":false},"author":2,"featured_media":0,"comment_status":"open","ping_status":"closed","sticky":false,"template":"","format":"standard","meta":{"_acf_changed":false,"footnotes":""},"categories":[5,6247,6246,6251,6250],"tags":[],"class_list":["post-63708","post","type-post","status-publish","format-standard","hentry","category-biezace-wydarzenia","category-fotogaleria","category-medium","category-polityka-i-wydarzenia","category-tematyka","main_tag-ulka-2"],"acf":[],"yoast_head":"<!-- This site is optimized with the Yoast SEO plugin v26.9 - https:\/\/yoast.com\/product\/yoast-seo-wordpress\/ -->\n<title>ULKA zaprasza na \u201ePoszukiwanie prawdziwego \u015awi\u0119tego Miko\u0142aja\u201d - mojabochnia.pl - portal informacyjny<\/title>\n<meta name=\"robots\" content=\"index, follow, max-snippet:-1, max-image-preview:large, max-video-preview:-1\" \/>\n<link rel=\"canonical\" href=\"https:\/\/www.mojabochnia.pl\/?p=63708\" \/>\n<meta property=\"og:locale\" content=\"pl_PL\" \/>\n<meta property=\"og:type\" content=\"article\" \/>\n<meta property=\"og:title\" content=\"ULKA zaprasza na \u201ePoszukiwanie prawdziwego \u015awi\u0119tego Miko\u0142aja\u201d - mojabochnia.pl - portal informacyjny\" \/>\n<meta property=\"og:description\" content=\"Stowarzyszenie ULKA zaprasza na Integracyjne warsztaty \u201ePoszukiwanie prawdziwego \u015awi\u0119tego Miko\u0142aja\u201d. W ramach projektu przewidziane jest m. in. wsp\u00f3lne przygotowywanie wielkich baniek - ozd\u00f3b choinkowych, kt\u00f3re w niedziel\u0119 przed \u015awi\u0119tami zostan\u0105 zawieszone na choince ustawionej na boche\u0144skim Rynku \u2013 podobnie, jak mia\u0142o to miejsce w ubieg\u0142ym roku.\" \/>\n<meta property=\"og:url\" content=\"https:\/\/www.mojabochnia.pl\/?p=63708\" \/>\n<meta property=\"og:site_name\" content=\"mojabochnia.pl - portal informacyjny\" \/>\n<meta property=\"article:publisher\" content=\"https:\/\/www.facebook.com\/mojabochnia\" \/>\n<meta property=\"article:published_time\" content=\"2011-11-29T08:21:17+00:00\" \/>\n<meta property=\"article:modified_time\" content=\"2011-11-29T10:22:44+00:00\" \/>\n<meta name=\"author\" content=\"Jacek Kucharski\" \/>\n<meta name=\"twitter:card\" content=\"summary_large_image\" \/>\n<meta name=\"twitter:label1\" content=\"Written by\" \/>\n\t<meta name=\"twitter:data1\" content=\"Jacek Kucharski\" \/>\n\t<meta name=\"twitter:label2\" content=\"Est. reading time\" \/>\n\t<meta name=\"twitter:data2\" content=\"1 minuta\" \/>\n<script type=\"application\/ld+json\" class=\"yoast-schema-graph\">{\"@context\":\"https:\/\/schema.org\",\"@graph\":[{\"@type\":\"Article\",\"@id\":\"https:\/\/www.mojabochnia.pl\/?p=63708#article\",\"isPartOf\":{\"@id\":\"https:\/\/www.mojabochnia.pl\/?p=63708\"},\"author\":{\"name\":\"Jacek Kucharski\",\"@id\":\"https:\/\/www.mojabochnia.pl\/#\/schema\/person\/cbf2046fc62995d3796f0c0160613698\"},\"headline\":\"ULKA zaprasza na \u201ePoszukiwanie prawdziwego \u015awi\u0119tego Miko\u0142aja\u201d\",\"datePublished\":\"2011-11-29T08:21:17+00:00\",\"dateModified\":\"2011-11-29T10:22:44+00:00\",\"mainEntityOfPage\":{\"@id\":\"https:\/\/www.mojabochnia.pl\/?p=63708\"},\"wordCount\":186,\"commentCount\":0,\"publisher\":{\"@id\":\"https:\/\/www.mojabochnia.pl\/#organization\"},\"articleSection\":[\"2_ostatnie\",\"fotogaleria\",\"Medium\",\"polityka i wydarzenia\",\"tematyka\"],\"inLanguage\":\"pl-PL\",\"potentialAction\":[{\"@type\":\"CommentAction\",\"name\":\"Comment\",\"target\":[\"https:\/\/www.mojabochnia.pl\/?p=63708#respond\"]}]},{\"@type\":\"WebPage\",\"@id\":\"https:\/\/www.mojabochnia.pl\/?p=63708\",\"url\":\"https:\/\/www.mojabochnia.pl\/?p=63708\",\"name\":\"ULKA zaprasza na \u201ePoszukiwanie prawdziwego \u015awi\u0119tego Miko\u0142aja\u201d - mojabochnia.pl - portal informacyjny\",\"isPartOf\":{\"@id\":\"https:\/\/www.mojabochnia.pl\/#website\"},\"datePublished\":\"2011-11-29T08:21:17+00:00\",\"dateModified\":\"2011-11-29T10:22:44+00:00\",\"breadcrumb\":{\"@id\":\"https:\/\/www.mojabochnia.pl\/?p=63708#breadcrumb\"},\"inLanguage\":\"pl-PL\",\"potentialAction\":[{\"@type\":\"ReadAction\",\"target\":[\"https:\/\/www.mojabochnia.pl\/?p=63708\"]}]},{\"@type\":\"BreadcrumbList\",\"@id\":\"https:\/\/www.mojabochnia.pl\/?p=63708#breadcrumb\",\"itemListElement\":[{\"@type\":\"ListItem\",\"position\":1,\"name\":\"Home\",\"item\":\"https:\/\/www.mojabochnia.pl\/\"},{\"@type\":\"ListItem\",\"position\":2,\"name\":\"ULKA zaprasza na \u201ePoszukiwanie prawdziwego \u015awi\u0119tego Miko\u0142aja\u201d\"}]},{\"@type\":\"WebSite\",\"@id\":\"https:\/\/www.mojabochnia.pl\/#website\",\"url\":\"https:\/\/www.mojabochnia.pl\/\",\"name\":\"mojabochnia.pl - portal informacyjny\",\"description\":\"mojaBochnia to portal informacyjny o Bochni. Codziennie o Bochni piszemy i pokazujemy najwa\u017cniejsze wydarzenia\",\"publisher\":{\"@id\":\"https:\/\/www.mojabochnia.pl\/#organization\"},\"potentialAction\":[{\"@type\":\"SearchAction\",\"target\":{\"@type\":\"EntryPoint\",\"urlTemplate\":\"https:\/\/www.mojabochnia.pl\/?s={search_term_string}\"},\"query-input\":{\"@type\":\"PropertyValueSpecification\",\"valueRequired\":true,\"valueName\":\"search_term_string\"}}],\"inLanguage\":\"pl-PL\"},{\"@type\":\"Organization\",\"@id\":\"https:\/\/www.mojabochnia.pl\/#organization\",\"name\":\"mojabochnia.pl - portal informacyjny\",\"url\":\"https:\/\/www.mojabochnia.pl\/\",\"logo\":{\"@type\":\"ImageObject\",\"inLanguage\":\"pl-PL\",\"@id\":\"https:\/\/www.mojabochnia.pl\/#\/schema\/logo\/image\/\",\"url\":\"https:\/\/www.mojabochnia.pl\/wp-content\/uploads\/2017\/08\/logo-mb-opt.png\",\"contentUrl\":\"https:\/\/www.mojabochnia.pl\/wp-content\/uploads\/2017\/08\/logo-mb-opt.png\",\"width\":250,\"height\":48,\"caption\":\"mojabochnia.pl - portal informacyjny\"},\"image\":{\"@id\":\"https:\/\/www.mojabochnia.pl\/#\/schema\/logo\/image\/\"},\"sameAs\":[\"https:\/\/www.facebook.com\/mojabochnia\"]},{\"@type\":\"Person\",\"@id\":\"https:\/\/www.mojabochnia.pl\/#\/schema\/person\/cbf2046fc62995d3796f0c0160613698\",\"name\":\"Jacek Kucharski\",\"url\":\"https:\/\/www.mojabochnia.pl\/?author=2\"}]}<\/script>\n<!-- \/ Yoast SEO plugin. -->","yoast_head_json":{"title":"ULKA zaprasza na \u201ePoszukiwanie prawdziwego \u015awi\u0119tego Miko\u0142aja\u201d - mojabochnia.pl - portal informacyjny","robots":{"index":"index","follow":"follow","max-snippet":"max-snippet:-1","max-image-preview":"max-image-preview:large","max-video-preview":"max-video-preview:-1"},"canonical":"https:\/\/www.mojabochnia.pl\/?p=63708","og_locale":"pl_PL","og_type":"article","og_title":"ULKA zaprasza na \u201ePoszukiwanie prawdziwego \u015awi\u0119tego Miko\u0142aja\u201d - mojabochnia.pl - portal informacyjny","og_description":"Stowarzyszenie ULKA zaprasza na Integracyjne warsztaty \u201ePoszukiwanie prawdziwego \u015awi\u0119tego Miko\u0142aja\u201d. W ramach projektu przewidziane jest m. in. wsp\u00f3lne przygotowywanie wielkich baniek - ozd\u00f3b choinkowych, kt\u00f3re w niedziel\u0119 przed \u015awi\u0119tami zostan\u0105 zawieszone na choince ustawionej na boche\u0144skim Rynku \u2013 podobnie, jak mia\u0142o to miejsce w ubieg\u0142ym roku.","og_url":"https:\/\/www.mojabochnia.pl\/?p=63708","og_site_name":"mojabochnia.pl - portal informacyjny","article_publisher":"https:\/\/www.facebook.com\/mojabochnia","article_published_time":"2011-11-29T08:21:17+00:00","article_modified_time":"2011-11-29T10:22:44+00:00","author":"Jacek Kucharski","twitter_card":"summary_large_image","twitter_misc":{"Written by":"Jacek Kucharski","Est. reading time":"1 minuta"},"schema":{"@context":"https:\/\/schema.org","@graph":[{"@type":"Article","@id":"https:\/\/www.mojabochnia.pl\/?p=63708#article","isPartOf":{"@id":"https:\/\/www.mojabochnia.pl\/?p=63708"},"author":{"name":"Jacek Kucharski","@id":"https:\/\/www.mojabochnia.pl\/#\/schema\/person\/cbf2046fc62995d3796f0c0160613698"},"headline":"ULKA zaprasza na \u201ePoszukiwanie prawdziwego \u015awi\u0119tego Miko\u0142aja\u201d","datePublished":"2011-11-29T08:21:17+00:00","dateModified":"2011-11-29T10:22:44+00:00","mainEntityOfPage":{"@id":"https:\/\/www.mojabochnia.pl\/?p=63708"},"wordCount":186,"commentCount":0,"publisher":{"@id":"https:\/\/www.mojabochnia.pl\/#organization"},"articleSection":["2_ostatnie","fotogaleria","Medium","polityka i wydarzenia","tematyka"],"inLanguage":"pl-PL","potentialAction":[{"@type":"CommentAction","name":"Comment","target":["https:\/\/www.mojabochnia.pl\/?p=63708#respond"]}]},{"@type":"WebPage","@id":"https:\/\/www.mojabochnia.pl\/?p=63708","url":"https:\/\/www.mojabochnia.pl\/?p=63708","name":"ULKA zaprasza na \u201ePoszukiwanie prawdziwego \u015awi\u0119tego Miko\u0142aja\u201d - mojabochnia.pl - portal informacyjny","isPartOf":{"@id":"https:\/\/www.mojabochnia.pl\/#website"},"datePublished":"2011-11-29T08:21:17+00:00","dateModified":"2011-11-29T10:22:44+00:00","breadcrumb":{"@id":"https:\/\/www.mojabochnia.pl\/?p=63708#breadcrumb"},"inLanguage":"pl-PL","potentialAction":[{"@type":"ReadAction","target":["https:\/\/www.mojabochnia.pl\/?p=63708"]}]},{"@type":"BreadcrumbList","@id":"https:\/\/www.mojabochnia.pl\/?p=63708#breadcrumb","itemListElement":[{"@type":"ListItem","position":1,"name":"Home","item":"https:\/\/www.mojabochnia.pl\/"},{"@type":"ListItem","position":2,"name":"ULKA zaprasza na \u201ePoszukiwanie prawdziwego \u015awi\u0119tego Miko\u0142aja\u201d"}]},{"@type":"WebSite","@id":"https:\/\/www.mojabochnia.pl\/#website","url":"https:\/\/www.mojabochnia.pl\/","name":"mojabochnia.pl - portal informacyjny","description":"mojaBochnia to portal informacyjny o Bochni. Codziennie o Bochni piszemy i pokazujemy najwa\u017cniejsze wydarzenia","publisher":{"@id":"https:\/\/www.mojabochnia.pl\/#organization"},"potentialAction":[{"@type":"SearchAction","target":{"@type":"EntryPoint","urlTemplate":"https:\/\/www.mojabochnia.pl\/?s={search_term_string}"},"query-input":{"@type":"PropertyValueSpecification","valueRequired":true,"valueName":"search_term_string"}}],"inLanguage":"pl-PL"},{"@type":"Organization","@id":"https:\/\/www.mojabochnia.pl\/#organization","name":"mojabochnia.pl - portal informacyjny","url":"https:\/\/www.mojabochnia.pl\/","logo":{"@type":"ImageObject","inLanguage":"pl-PL","@id":"https:\/\/www.mojabochnia.pl\/#\/schema\/logo\/image\/","url":"https:\/\/www.mojabochnia.pl\/wp-content\/uploads\/2017\/08\/logo-mb-opt.png","contentUrl":"https:\/\/www.mojabochnia.pl\/wp-content\/uploads\/2017\/08\/logo-mb-opt.png","width":250,"height":48,"caption":"mojabochnia.pl - portal informacyjny"},"image":{"@id":"https:\/\/www.mojabochnia.pl\/#\/schema\/logo\/image\/"},"sameAs":["https:\/\/www.facebook.com\/mojabochnia"]},{"@type":"Person","@id":"https:\/\/www.mojabochnia.pl\/#\/schema\/person\/cbf2046fc62995d3796f0c0160613698","name":"Jacek Kucharski","url":"https:\/\/www.mojabochnia.pl\/?author=2"}]}},"_links":{"self":[{"href":"https:\/\/www.mojabochnia.pl\/index.php?rest_route=\/wp\/v2\/posts\/63708","targetHints":{"allow":["GET"]}}],"collection":[{"href":"https:\/\/www.mojabochnia.pl\/index.php?rest_route=\/wp\/v2\/posts"}],"about":[{"href":"https:\/\/www.mojabochnia.pl\/index.php?rest_route=\/wp\/v2\/types\/post"}],"author":[{"embeddable":true,"href":"https:\/\/www.mojabochnia.pl\/index.php?rest_route=\/wp\/v2\/users\/2"}],"replies":[{"embeddable":true,"href":"https:\/\/www.mojabochnia.pl\/index.php?rest_route=%2Fwp%2Fv2%2Fcomments&post=63708"}],"version-history":[{"count":5,"href":"https:\/\/www.mojabochnia.pl\/index.php?rest_route=\/wp\/v2\/posts\/63708\/revisions"}],"predecessor-version":[{"id":63723,"href":"https:\/\/www.mojabochnia.pl\/index.php?rest_route=\/wp\/v2\/posts\/63708\/revisions\/63723"}],"wp:attachment":[{"href":"https:\/\/www.mojabochnia.pl\/index.php?rest_route=%2Fwp%2Fv2%2Fmedia&parent=63708"}],"wp:term":[{"taxonomy":"category","embeddable":true,"href":"https:\/\/www.mojabochnia.pl\/index.php?rest_route=%2Fwp%2Fv2%2Fcategories&post=63708"},{"taxonomy":"post_tag","embeddable":true,"href":"https:\/\/www.mojabochnia.pl\/index.php?rest_route=%2Fwp%2Fv2%2Ftags&post=63708"}],"curies":[{"name":"wp","href":"https:\/\/api.w.org\/{rel}","templated":true}]}}