{"id":63702,"date":"2011-11-29T07:20:30","date_gmt":"2011-11-29T06:20:30","guid":{"rendered":"http:\/\/www.mojabochnia.pl\/?p=63702"},"modified":"2011-11-29T08:22:18","modified_gmt":"2011-11-29T07:22:18","slug":"plan-przestrzenny-%e2%80%9egoczalkowskich%e2%80%9d-wrocil-pod-obrady-radnych","status":"publish","type":"post","link":"https:\/\/www.mojabochnia.pl\/?p=63702","title":{"rendered":"Plan przestrzenny \u201eGocza\u0142kowskich\u201d wr\u00f3ci\u0142 pod obrady radnych"},"content":{"rendered":"<p>Zdaniem WSA niew\u0142a\u015bciwy by\u0142 tryb g\u0142osowania wniosk\u00f3w, jakie z\u0142o\u017cyli mieszka\u0144cy. Procedura uchwalania plan\u00f3w miejscowych przewiduje, \u017ce podczas wy\u0142o\u017cenia projektu dokumentu, mieszka\u0144cy i w\u0142a\u015bciciele nieruchomo\u015bci obj\u0119tych tym planem mog\u0105 wnosi\u0107 do niego uwagi. Te nast\u0119pnie rozpatruje burmistrz, a nast\u0119pnie g\u0142osuje Rada Miasta.<\/p>\n<p>Problematyczna okaza\u0142a si\u0119 jedna uwaga, wniesiona przez wsp\u00f3\u0142w\u0142a\u015bcicieli dzia\u0142ki nr 2131: \u201eProjekt planu zak\u0142ada podniesienie klasy drogi 20 Stycznia do rangi drogi g\u0142\u00f3wnej KDG. Poszerzenie linii rozgraniczaj\u0105cych spowoduje ca\u0142kowite okrojenie istniej\u0105cego ogrodu, a tym samym nie umo\u017cliwia korzystania z gara\u017cu mojego domu. Wnioskuj\u0119 o wykup naszej nieruchomo\u015bci w ca\u0142o\u015bci\u201d. Uwaga ta nie zosta\u0142a uwzgl\u0119dniona przez burmistrza, podobnie jak przez Rad\u0119 podczas sesji 29 kwietnia 2010 r.<\/p>\n<p><em>Takie rozpatrzenie by\u0142o ca\u0142kowicie zasadne, poniewa\u017c w miejscowych planach okre\u015bla si\u0119 przeznaczenie terenu oraz linie rozgraniczaj\u0105ce tereny o r\u00f3\u017cnym przeznaczeniu, a tak\u017ce zasady ich zagospodarowania. Miejscowe plany nie rozstrzygaj\u0105 natomiast o ewentualnych obowi\u0105zkach wykupu s\u0105siednich nieruchomo\u015bci w zwi\u0105zku z realizacj\u0105 zapis\u00f3w planu zagospodarowania. O tym, czy taka konieczno\u015b\u0107 zachodzi decyduje si\u0119 w odr\u0119bnym post\u0119powaniu administracyjnym. W tym przypadku, nast\u0105pi to przed wydaniem pozwolenia na realizacj\u0119 inwestycji drogowej (zgodnie z ustaw\u0105 z 10 kwietnia 2003 r. o szczeg\u00f3lnych zasadach przygotowania i realizacji inwestycji w zakresie dr\u00f3g publicznych)<\/em>  \u2013 wyja\u015bnia Anna Kocot-Maciuszek z biura prasowego urz\u0119du miejskiego.<\/p>\n<p>Przedstawiciela Urz\u0119du Miasta dodaje, \u017ce w sprawach dotycz\u0105cych zezwolenia na realizacj\u0119 inwestycji drogowej nie stosuje si\u0119 przepis\u00f3w o planowaniu i zagospodarowaniu przestrzennym. <em>Konkluduj\u0105c: ustalenia dokonane w przedmiotowym planie miejscowym w odniesieniu do projektowanego uk\u0142adu komunikacyjnego, nie przes\u0105dzaj\u0105 jego realizacji w rezerwowanym w przedmiotowym planie obszarze<\/em> \u2013 dodaje Anna Kocot-Maciuszek.<\/p>\n<p>Zamieszanie powsta\u0142e podczas g\u0142osowania Rady Miasta Bochnia podczas sesji 29 kwietnia 2010 r. (radni g\u0142osowali nad wspomnian\u0105 uwag\u0105 kilkukrotnie) \u2013 w ocenie Wojew\u00f3dzkiego S\u0105du Administracyjnego spowodowa\u0142o formalnie nieprawid\u0142owe rozpoznanie tej uwagi przez Rad\u0119. St\u0105d decyzja o stwierdzeniu niewa\u017cno\u015bci planu w cz\u0119\u015bci dotycz\u0105cej uwagi wsp\u00f3\u0142w\u0142a\u015bcicieli dzia\u0142ki nr 2131.<\/p>\n<p>W zwi\u0105zku z postanowieniem Wojew\u00f3dzkiego S\u0105du Administracyjnego w Krakowie z 19 wrze\u015bnia 2011 r. Rada Miasta ponownie zaj\u0119\u0142a si\u0119 rozpatrzeniem uwagi wsp\u00f3\u0142w\u0142a\u015bcicieli dzia\u0142ki nr 2131. Tym razem uchwa\u0142a zosta\u0142a podj\u0119ta poprawnie co do formy, co do strony merytorycznej by\u0142a taka, jak poprzednia.<\/p>\n<p>Przypomnijmy, wcze\u015bniej Wojew\u00f3dzki S\u0105d Administracyjny uniewa\u017cni\u0142 plan dla boche\u0144skich osiedli \u0141ych\u00f3w-Uzbornia oraz dzielnicy \u0141any.<\/p>\n","protected":false},"excerpt":{"rendered":"<p>Wojew\u00f3dzki S\u0105d Administracyjny w Krakowie zakwestionowa\u0142 w cz\u0119\u015bci plan zagospodarowania dla obszaru Gocza\u0142kowskich. W miniony czwartek radni musieli na nowo powr\u00f3ci\u0107 do g\u0142osowania nad nim.<\/p>\n","protected":false},"author":4,"featured_media":0,"comment_status":"open","ping_status":"closed","sticky":true,"template":"","format":"standard","meta":{"_acf_changed":false,"footnotes":""},"categories":[5,6251,6250],"tags":[17953,1097,10429,17551,930,17519,17479,1378,1518],"class_list":["post-63702","post","type-post","status-publish","format-standard","hentry","category-biezace-wydarzenia","category-polityka-i-wydarzenia","category-tematyka","tag-anna-kocot","tag-glosowanie","tag-goczalkowskich","tag-miejscowy-plan-zagospodarowania-przestrzennego","tag-rada-miejska","tag-sesja","tag-uchwala","tag-wojewodzki-sad-administracyjny-w-krakowie","tag-wsa","main_tag-sesja"],"acf":[],"yoast_head":"<!-- This site is optimized with the Yoast SEO plugin v26.9 - https:\/\/yoast.com\/product\/yoast-seo-wordpress\/ -->\n<title>Plan przestrzenny \u201eGocza\u0142kowskich\u201d wr\u00f3ci\u0142 pod obrady radnych - mojabochnia.pl - portal informacyjny<\/title>\n<meta name=\"robots\" content=\"index, follow, max-snippet:-1, max-image-preview:large, max-video-preview:-1\" \/>\n<link rel=\"canonical\" href=\"https:\/\/www.mojabochnia.pl\/?p=63702\" \/>\n<meta property=\"og:locale\" content=\"pl_PL\" \/>\n<meta property=\"og:type\" content=\"article\" \/>\n<meta property=\"og:title\" content=\"Plan przestrzenny \u201eGocza\u0142kowskich\u201d wr\u00f3ci\u0142 pod obrady radnych - mojabochnia.pl - portal informacyjny\" \/>\n<meta property=\"og:description\" content=\"Wojew\u00f3dzki S\u0105d Administracyjny w Krakowie zakwestionowa\u0142 w cz\u0119\u015bci plan zagospodarowania dla obszaru Gocza\u0142kowskich. W miniony czwartek radni musieli na nowo powr\u00f3ci\u0107 do g\u0142osowania nad nim.\" \/>\n<meta property=\"og:url\" content=\"https:\/\/www.mojabochnia.pl\/?p=63702\" \/>\n<meta property=\"og:site_name\" content=\"mojabochnia.pl - portal informacyjny\" \/>\n<meta property=\"article:publisher\" content=\"https:\/\/www.facebook.com\/mojabochnia\" \/>\n<meta property=\"article:published_time\" content=\"2011-11-29T06:20:30+00:00\" \/>\n<meta property=\"article:modified_time\" content=\"2011-11-29T07:22:18+00:00\" \/>\n<meta name=\"author\" content=\"Pawe\u0142 Michalczyk\" \/>\n<meta name=\"twitter:card\" content=\"summary_large_image\" \/>\n<meta name=\"twitter:label1\" content=\"Written by\" \/>\n\t<meta name=\"twitter:data1\" content=\"Pawe\u0142 Michalczyk\" \/>\n\t<meta name=\"twitter:label2\" content=\"Est. reading time\" \/>\n\t<meta name=\"twitter:data2\" content=\"2 minuty\" \/>\n<script type=\"application\/ld+json\" class=\"yoast-schema-graph\">{\"@context\":\"https:\/\/schema.org\",\"@graph\":[{\"@type\":\"Article\",\"@id\":\"https:\/\/www.mojabochnia.pl\/?p=63702#article\",\"isPartOf\":{\"@id\":\"https:\/\/www.mojabochnia.pl\/?p=63702\"},\"author\":{\"name\":\"Pawe\u0142 Michalczyk\",\"@id\":\"https:\/\/www.mojabochnia.pl\/#\/schema\/person\/ea042e4724a77627963f02166828ead4\"},\"headline\":\"Plan przestrzenny \u201eGocza\u0142kowskich\u201d wr\u00f3ci\u0142 pod obrady radnych\",\"datePublished\":\"2011-11-29T06:20:30+00:00\",\"dateModified\":\"2011-11-29T07:22:18+00:00\",\"mainEntityOfPage\":{\"@id\":\"https:\/\/www.mojabochnia.pl\/?p=63702\"},\"wordCount\":442,\"commentCount\":0,\"publisher\":{\"@id\":\"https:\/\/www.mojabochnia.pl\/#organization\"},\"keywords\":[\"anna kocot\",\"g\u0142osowanie\",\"gocza\u0142kowskich\",\"miejscowy plan zagospodarowania przestrzennego\",\"rada miejska\",\"sesja\",\"uchwa\u0142a\",\"wojew\u00f3dzki s\u0105d administracyjny w krakowie\",\"WSA\"],\"articleSection\":[\"2_ostatnie\",\"polityka i wydarzenia\",\"tematyka\"],\"inLanguage\":\"pl-PL\",\"potentialAction\":[{\"@type\":\"CommentAction\",\"name\":\"Comment\",\"target\":[\"https:\/\/www.mojabochnia.pl\/?p=63702#respond\"]}]},{\"@type\":\"WebPage\",\"@id\":\"https:\/\/www.mojabochnia.pl\/?p=63702\",\"url\":\"https:\/\/www.mojabochnia.pl\/?p=63702\",\"name\":\"Plan przestrzenny \u201eGocza\u0142kowskich\u201d wr\u00f3ci\u0142 pod obrady radnych - mojabochnia.pl - portal informacyjny\",\"isPartOf\":{\"@id\":\"https:\/\/www.mojabochnia.pl\/#website\"},\"datePublished\":\"2011-11-29T06:20:30+00:00\",\"dateModified\":\"2011-11-29T07:22:18+00:00\",\"breadcrumb\":{\"@id\":\"https:\/\/www.mojabochnia.pl\/?p=63702#breadcrumb\"},\"inLanguage\":\"pl-PL\",\"potentialAction\":[{\"@type\":\"ReadAction\",\"target\":[\"https:\/\/www.mojabochnia.pl\/?p=63702\"]}]},{\"@type\":\"BreadcrumbList\",\"@id\":\"https:\/\/www.mojabochnia.pl\/?p=63702#breadcrumb\",\"itemListElement\":[{\"@type\":\"ListItem\",\"position\":1,\"name\":\"Home\",\"item\":\"https:\/\/www.mojabochnia.pl\/\"},{\"@type\":\"ListItem\",\"position\":2,\"name\":\"Plan przestrzenny \u201eGocza\u0142kowskich\u201d wr\u00f3ci\u0142 pod obrady radnych\"}]},{\"@type\":\"WebSite\",\"@id\":\"https:\/\/www.mojabochnia.pl\/#website\",\"url\":\"https:\/\/www.mojabochnia.pl\/\",\"name\":\"mojabochnia.pl - portal informacyjny\",\"description\":\"mojaBochnia to portal informacyjny o Bochni. Codziennie o Bochni piszemy i pokazujemy najwa\u017cniejsze wydarzenia\",\"publisher\":{\"@id\":\"https:\/\/www.mojabochnia.pl\/#organization\"},\"potentialAction\":[{\"@type\":\"SearchAction\",\"target\":{\"@type\":\"EntryPoint\",\"urlTemplate\":\"https:\/\/www.mojabochnia.pl\/?s={search_term_string}\"},\"query-input\":{\"@type\":\"PropertyValueSpecification\",\"valueRequired\":true,\"valueName\":\"search_term_string\"}}],\"inLanguage\":\"pl-PL\"},{\"@type\":\"Organization\",\"@id\":\"https:\/\/www.mojabochnia.pl\/#organization\",\"name\":\"mojabochnia.pl - portal informacyjny\",\"url\":\"https:\/\/www.mojabochnia.pl\/\",\"logo\":{\"@type\":\"ImageObject\",\"inLanguage\":\"pl-PL\",\"@id\":\"https:\/\/www.mojabochnia.pl\/#\/schema\/logo\/image\/\",\"url\":\"https:\/\/www.mojabochnia.pl\/wp-content\/uploads\/2017\/08\/logo-mb-opt.png\",\"contentUrl\":\"https:\/\/www.mojabochnia.pl\/wp-content\/uploads\/2017\/08\/logo-mb-opt.png\",\"width\":250,\"height\":48,\"caption\":\"mojabochnia.pl - portal informacyjny\"},\"image\":{\"@id\":\"https:\/\/www.mojabochnia.pl\/#\/schema\/logo\/image\/\"},\"sameAs\":[\"https:\/\/www.facebook.com\/mojabochnia\"]},{\"@type\":\"Person\",\"@id\":\"https:\/\/www.mojabochnia.pl\/#\/schema\/person\/ea042e4724a77627963f02166828ead4\",\"name\":\"Pawe\u0142 Michalczyk\",\"url\":\"https:\/\/www.mojabochnia.pl\/?author=4\"}]}<\/script>\n<!-- \/ Yoast SEO plugin. -->","yoast_head_json":{"title":"Plan przestrzenny \u201eGocza\u0142kowskich\u201d wr\u00f3ci\u0142 pod obrady radnych - mojabochnia.pl - portal informacyjny","robots":{"index":"index","follow":"follow","max-snippet":"max-snippet:-1","max-image-preview":"max-image-preview:large","max-video-preview":"max-video-preview:-1"},"canonical":"https:\/\/www.mojabochnia.pl\/?p=63702","og_locale":"pl_PL","og_type":"article","og_title":"Plan przestrzenny \u201eGocza\u0142kowskich\u201d wr\u00f3ci\u0142 pod obrady radnych - mojabochnia.pl - portal informacyjny","og_description":"Wojew\u00f3dzki S\u0105d Administracyjny w Krakowie zakwestionowa\u0142 w cz\u0119\u015bci plan zagospodarowania dla obszaru Gocza\u0142kowskich. W miniony czwartek radni musieli na nowo powr\u00f3ci\u0107 do g\u0142osowania nad nim.","og_url":"https:\/\/www.mojabochnia.pl\/?p=63702","og_site_name":"mojabochnia.pl - portal informacyjny","article_publisher":"https:\/\/www.facebook.com\/mojabochnia","article_published_time":"2011-11-29T06:20:30+00:00","article_modified_time":"2011-11-29T07:22:18+00:00","author":"Pawe\u0142 Michalczyk","twitter_card":"summary_large_image","twitter_misc":{"Written by":"Pawe\u0142 Michalczyk","Est. reading time":"2 minuty"},"schema":{"@context":"https:\/\/schema.org","@graph":[{"@type":"Article","@id":"https:\/\/www.mojabochnia.pl\/?p=63702#article","isPartOf":{"@id":"https:\/\/www.mojabochnia.pl\/?p=63702"},"author":{"name":"Pawe\u0142 Michalczyk","@id":"https:\/\/www.mojabochnia.pl\/#\/schema\/person\/ea042e4724a77627963f02166828ead4"},"headline":"Plan przestrzenny \u201eGocza\u0142kowskich\u201d wr\u00f3ci\u0142 pod obrady radnych","datePublished":"2011-11-29T06:20:30+00:00","dateModified":"2011-11-29T07:22:18+00:00","mainEntityOfPage":{"@id":"https:\/\/www.mojabochnia.pl\/?p=63702"},"wordCount":442,"commentCount":0,"publisher":{"@id":"https:\/\/www.mojabochnia.pl\/#organization"},"keywords":["anna kocot","g\u0142osowanie","gocza\u0142kowskich","miejscowy plan zagospodarowania przestrzennego","rada miejska","sesja","uchwa\u0142a","wojew\u00f3dzki s\u0105d administracyjny w krakowie","WSA"],"articleSection":["2_ostatnie","polityka i wydarzenia","tematyka"],"inLanguage":"pl-PL","potentialAction":[{"@type":"CommentAction","name":"Comment","target":["https:\/\/www.mojabochnia.pl\/?p=63702#respond"]}]},{"@type":"WebPage","@id":"https:\/\/www.mojabochnia.pl\/?p=63702","url":"https:\/\/www.mojabochnia.pl\/?p=63702","name":"Plan przestrzenny \u201eGocza\u0142kowskich\u201d wr\u00f3ci\u0142 pod obrady radnych - mojabochnia.pl - portal informacyjny","isPartOf":{"@id":"https:\/\/www.mojabochnia.pl\/#website"},"datePublished":"2011-11-29T06:20:30+00:00","dateModified":"2011-11-29T07:22:18+00:00","breadcrumb":{"@id":"https:\/\/www.mojabochnia.pl\/?p=63702#breadcrumb"},"inLanguage":"pl-PL","potentialAction":[{"@type":"ReadAction","target":["https:\/\/www.mojabochnia.pl\/?p=63702"]}]},{"@type":"BreadcrumbList","@id":"https:\/\/www.mojabochnia.pl\/?p=63702#breadcrumb","itemListElement":[{"@type":"ListItem","position":1,"name":"Home","item":"https:\/\/www.mojabochnia.pl\/"},{"@type":"ListItem","position":2,"name":"Plan przestrzenny \u201eGocza\u0142kowskich\u201d wr\u00f3ci\u0142 pod obrady radnych"}]},{"@type":"WebSite","@id":"https:\/\/www.mojabochnia.pl\/#website","url":"https:\/\/www.mojabochnia.pl\/","name":"mojabochnia.pl - portal informacyjny","description":"mojaBochnia to portal informacyjny o Bochni. Codziennie o Bochni piszemy i pokazujemy najwa\u017cniejsze wydarzenia","publisher":{"@id":"https:\/\/www.mojabochnia.pl\/#organization"},"potentialAction":[{"@type":"SearchAction","target":{"@type":"EntryPoint","urlTemplate":"https:\/\/www.mojabochnia.pl\/?s={search_term_string}"},"query-input":{"@type":"PropertyValueSpecification","valueRequired":true,"valueName":"search_term_string"}}],"inLanguage":"pl-PL"},{"@type":"Organization","@id":"https:\/\/www.mojabochnia.pl\/#organization","name":"mojabochnia.pl - portal informacyjny","url":"https:\/\/www.mojabochnia.pl\/","logo":{"@type":"ImageObject","inLanguage":"pl-PL","@id":"https:\/\/www.mojabochnia.pl\/#\/schema\/logo\/image\/","url":"https:\/\/www.mojabochnia.pl\/wp-content\/uploads\/2017\/08\/logo-mb-opt.png","contentUrl":"https:\/\/www.mojabochnia.pl\/wp-content\/uploads\/2017\/08\/logo-mb-opt.png","width":250,"height":48,"caption":"mojabochnia.pl - portal informacyjny"},"image":{"@id":"https:\/\/www.mojabochnia.pl\/#\/schema\/logo\/image\/"},"sameAs":["https:\/\/www.facebook.com\/mojabochnia"]},{"@type":"Person","@id":"https:\/\/www.mojabochnia.pl\/#\/schema\/person\/ea042e4724a77627963f02166828ead4","name":"Pawe\u0142 Michalczyk","url":"https:\/\/www.mojabochnia.pl\/?author=4"}]}},"_links":{"self":[{"href":"https:\/\/www.mojabochnia.pl\/index.php?rest_route=\/wp\/v2\/posts\/63702","targetHints":{"allow":["GET"]}}],"collection":[{"href":"https:\/\/www.mojabochnia.pl\/index.php?rest_route=\/wp\/v2\/posts"}],"about":[{"href":"https:\/\/www.mojabochnia.pl\/index.php?rest_route=\/wp\/v2\/types\/post"}],"author":[{"embeddable":true,"href":"https:\/\/www.mojabochnia.pl\/index.php?rest_route=\/wp\/v2\/users\/4"}],"replies":[{"embeddable":true,"href":"https:\/\/www.mojabochnia.pl\/index.php?rest_route=%2Fwp%2Fv2%2Fcomments&post=63702"}],"version-history":[{"count":4,"href":"https:\/\/www.mojabochnia.pl\/index.php?rest_route=\/wp\/v2\/posts\/63702\/revisions"}],"predecessor-version":[{"id":63706,"href":"https:\/\/www.mojabochnia.pl\/index.php?rest_route=\/wp\/v2\/posts\/63702\/revisions\/63706"}],"wp:attachment":[{"href":"https:\/\/www.mojabochnia.pl\/index.php?rest_route=%2Fwp%2Fv2%2Fmedia&parent=63702"}],"wp:term":[{"taxonomy":"category","embeddable":true,"href":"https:\/\/www.mojabochnia.pl\/index.php?rest_route=%2Fwp%2Fv2%2Fcategories&post=63702"},{"taxonomy":"post_tag","embeddable":true,"href":"https:\/\/www.mojabochnia.pl\/index.php?rest_route=%2Fwp%2Fv2%2Ftags&post=63702"}],"curies":[{"name":"wp","href":"https:\/\/api.w.org\/{rel}","templated":true}]}}