{"id":63656,"date":"2011-11-25T13:06:00","date_gmt":"2011-11-25T12:06:00","guid":{"rendered":"http:\/\/www.mojabochnia.pl\/?p=63656"},"modified":"2011-11-25T14:08:18","modified_gmt":"2011-11-25T13:08:18","slug":"stanislaw-janicki-byl-gosciem-dkf-maciste-posluchaj-rozmowy-w-materiale-tv","status":"publish","type":"post","link":"https:\/\/www.mojabochnia.pl\/?p=63656","title":{"rendered":"Stanis\u0142aw Janicki by\u0142 go\u015bciem DKF Maciste &#8211; pos\u0142uchaj rozmowy w materiale TV"},"content":{"rendered":"","protected":false},"excerpt":{"rendered":"<p>Uda\u0142o nam si\u0119 nam\u00f3wi\u0107 Go\u015bcia na kr\u00f3tk\u0105 rozmow\u0119 &#8211; pos\u0142uchaj, co powiedzia\u0142 o Bochni, o swojej pracy i pocz\u0105tkach w zawodzie dziennikarza filmowego.<\/p>\n","protected":false},"author":2,"featured_media":0,"comment_status":"open","ping_status":"closed","sticky":true,"template":"","format":"standard","meta":{"_acf_changed":false,"footnotes":""},"categories":[5,92,6246,6250,3633,3276],"tags":[17866,17886,3596,10401],"class_list":["post-63656","post","type-post","status-publish","format-standard","hentry","category-biezace-wydarzenia","category-kultura","category-medium","category-tematyka","category-tv","category-tv-flesz","tag-dkf","tag-dkf-maciste","tag-jacek-dziduszko","tag-stanislaw-janicki","main_tag-dkf-maciste"],"acf":[],"yoast_head":"<!-- This site is optimized with the Yoast SEO plugin v26.9 - https:\/\/yoast.com\/product\/yoast-seo-wordpress\/ -->\n<title>Stanis\u0142aw Janicki by\u0142 go\u015bciem DKF Maciste - pos\u0142uchaj rozmowy w materiale TV - mojabochnia.pl - portal informacyjny<\/title>\n<meta name=\"robots\" content=\"index, follow, max-snippet:-1, max-image-preview:large, max-video-preview:-1\" \/>\n<link rel=\"canonical\" href=\"https:\/\/www.mojabochnia.pl\/?p=63656\" \/>\n<meta property=\"og:locale\" content=\"pl_PL\" \/>\n<meta property=\"og:type\" content=\"article\" \/>\n<meta property=\"og:title\" content=\"Stanis\u0142aw Janicki by\u0142 go\u015bciem DKF Maciste - pos\u0142uchaj rozmowy w materiale TV - mojabochnia.pl - portal informacyjny\" \/>\n<meta property=\"og:description\" content=\"Uda\u0142o nam si\u0119 nam\u00f3wi\u0107 Go\u015bcia na kr\u00f3tk\u0105 rozmow\u0119 - pos\u0142uchaj, co powiedzia\u0142 o Bochni, o swojej pracy i pocz\u0105tkach w zawodzie dziennikarza filmowego.\" \/>\n<meta property=\"og:url\" content=\"https:\/\/www.mojabochnia.pl\/?p=63656\" \/>\n<meta property=\"og:site_name\" content=\"mojabochnia.pl - portal informacyjny\" \/>\n<meta property=\"article:publisher\" content=\"https:\/\/www.facebook.com\/mojabochnia\" \/>\n<meta property=\"article:published_time\" content=\"2011-11-25T12:06:00+00:00\" \/>\n<meta property=\"article:modified_time\" content=\"2011-11-25T13:08:18+00:00\" \/>\n<meta name=\"author\" content=\"Jacek Kucharski\" \/>\n<meta name=\"twitter:card\" content=\"summary_large_image\" \/>\n<meta name=\"twitter:label1\" content=\"Written by\" \/>\n\t<meta name=\"twitter:data1\" content=\"Jacek Kucharski\" \/>\n<script type=\"application\/ld+json\" class=\"yoast-schema-graph\">{\"@context\":\"https:\/\/schema.org\",\"@graph\":[{\"@type\":\"Article\",\"@id\":\"https:\/\/www.mojabochnia.pl\/?p=63656#article\",\"isPartOf\":{\"@id\":\"https:\/\/www.mojabochnia.pl\/?p=63656\"},\"author\":{\"name\":\"Jacek Kucharski\",\"@id\":\"https:\/\/www.mojabochnia.pl\/#\/schema\/person\/cbf2046fc62995d3796f0c0160613698\"},\"headline\":\"Stanis\u0142aw Janicki by\u0142 go\u015bciem DKF Maciste &#8211; pos\u0142uchaj rozmowy w materiale TV\",\"datePublished\":\"2011-11-25T12:06:00+00:00\",\"dateModified\":\"2011-11-25T13:08:18+00:00\",\"mainEntityOfPage\":{\"@id\":\"https:\/\/www.mojabochnia.pl\/?p=63656\"},\"wordCount\":15,\"commentCount\":0,\"publisher\":{\"@id\":\"https:\/\/www.mojabochnia.pl\/#organization\"},\"keywords\":[\"dkf\",\"dkf maciste\",\"jacek dziduszko\",\"stanis\u0142aw janicki\"],\"articleSection\":[\"2_ostatnie\",\"kultura\",\"Medium\",\"tematyka\",\"TV\",\"TV Flesz\"],\"inLanguage\":\"pl-PL\",\"potentialAction\":[{\"@type\":\"CommentAction\",\"name\":\"Comment\",\"target\":[\"https:\/\/www.mojabochnia.pl\/?p=63656#respond\"]}]},{\"@type\":\"WebPage\",\"@id\":\"https:\/\/www.mojabochnia.pl\/?p=63656\",\"url\":\"https:\/\/www.mojabochnia.pl\/?p=63656\",\"name\":\"Stanis\u0142aw Janicki by\u0142 go\u015bciem DKF Maciste - pos\u0142uchaj rozmowy w materiale TV - mojabochnia.pl - portal informacyjny\",\"isPartOf\":{\"@id\":\"https:\/\/www.mojabochnia.pl\/#website\"},\"datePublished\":\"2011-11-25T12:06:00+00:00\",\"dateModified\":\"2011-11-25T13:08:18+00:00\",\"breadcrumb\":{\"@id\":\"https:\/\/www.mojabochnia.pl\/?p=63656#breadcrumb\"},\"inLanguage\":\"pl-PL\",\"potentialAction\":[{\"@type\":\"ReadAction\",\"target\":[\"https:\/\/www.mojabochnia.pl\/?p=63656\"]}]},{\"@type\":\"BreadcrumbList\",\"@id\":\"https:\/\/www.mojabochnia.pl\/?p=63656#breadcrumb\",\"itemListElement\":[{\"@type\":\"ListItem\",\"position\":1,\"name\":\"Home\",\"item\":\"https:\/\/www.mojabochnia.pl\/\"},{\"@type\":\"ListItem\",\"position\":2,\"name\":\"Stanis\u0142aw Janicki by\u0142 go\u015bciem DKF Maciste &#8211; pos\u0142uchaj rozmowy w materiale TV\"}]},{\"@type\":\"WebSite\",\"@id\":\"https:\/\/www.mojabochnia.pl\/#website\",\"url\":\"https:\/\/www.mojabochnia.pl\/\",\"name\":\"mojabochnia.pl - portal informacyjny\",\"description\":\"mojaBochnia to portal informacyjny o Bochni. Codziennie o Bochni piszemy i pokazujemy najwa\u017cniejsze wydarzenia\",\"publisher\":{\"@id\":\"https:\/\/www.mojabochnia.pl\/#organization\"},\"potentialAction\":[{\"@type\":\"SearchAction\",\"target\":{\"@type\":\"EntryPoint\",\"urlTemplate\":\"https:\/\/www.mojabochnia.pl\/?s={search_term_string}\"},\"query-input\":{\"@type\":\"PropertyValueSpecification\",\"valueRequired\":true,\"valueName\":\"search_term_string\"}}],\"inLanguage\":\"pl-PL\"},{\"@type\":\"Organization\",\"@id\":\"https:\/\/www.mojabochnia.pl\/#organization\",\"name\":\"mojabochnia.pl - portal informacyjny\",\"url\":\"https:\/\/www.mojabochnia.pl\/\",\"logo\":{\"@type\":\"ImageObject\",\"inLanguage\":\"pl-PL\",\"@id\":\"https:\/\/www.mojabochnia.pl\/#\/schema\/logo\/image\/\",\"url\":\"https:\/\/www.mojabochnia.pl\/wp-content\/uploads\/2017\/08\/logo-mb-opt.png\",\"contentUrl\":\"https:\/\/www.mojabochnia.pl\/wp-content\/uploads\/2017\/08\/logo-mb-opt.png\",\"width\":250,\"height\":48,\"caption\":\"mojabochnia.pl - portal informacyjny\"},\"image\":{\"@id\":\"https:\/\/www.mojabochnia.pl\/#\/schema\/logo\/image\/\"},\"sameAs\":[\"https:\/\/www.facebook.com\/mojabochnia\"]},{\"@type\":\"Person\",\"@id\":\"https:\/\/www.mojabochnia.pl\/#\/schema\/person\/cbf2046fc62995d3796f0c0160613698\",\"name\":\"Jacek Kucharski\",\"url\":\"https:\/\/www.mojabochnia.pl\/?author=2\"}]}<\/script>\n<!-- \/ Yoast SEO plugin. -->","yoast_head_json":{"title":"Stanis\u0142aw Janicki by\u0142 go\u015bciem DKF Maciste - pos\u0142uchaj rozmowy w materiale TV - mojabochnia.pl - portal informacyjny","robots":{"index":"index","follow":"follow","max-snippet":"max-snippet:-1","max-image-preview":"max-image-preview:large","max-video-preview":"max-video-preview:-1"},"canonical":"https:\/\/www.mojabochnia.pl\/?p=63656","og_locale":"pl_PL","og_type":"article","og_title":"Stanis\u0142aw Janicki by\u0142 go\u015bciem DKF Maciste - pos\u0142uchaj rozmowy w materiale TV - mojabochnia.pl - portal informacyjny","og_description":"Uda\u0142o nam si\u0119 nam\u00f3wi\u0107 Go\u015bcia na kr\u00f3tk\u0105 rozmow\u0119 - pos\u0142uchaj, co powiedzia\u0142 o Bochni, o swojej pracy i pocz\u0105tkach w zawodzie dziennikarza filmowego.","og_url":"https:\/\/www.mojabochnia.pl\/?p=63656","og_site_name":"mojabochnia.pl - portal informacyjny","article_publisher":"https:\/\/www.facebook.com\/mojabochnia","article_published_time":"2011-11-25T12:06:00+00:00","article_modified_time":"2011-11-25T13:08:18+00:00","author":"Jacek Kucharski","twitter_card":"summary_large_image","twitter_misc":{"Written by":"Jacek Kucharski"},"schema":{"@context":"https:\/\/schema.org","@graph":[{"@type":"Article","@id":"https:\/\/www.mojabochnia.pl\/?p=63656#article","isPartOf":{"@id":"https:\/\/www.mojabochnia.pl\/?p=63656"},"author":{"name":"Jacek Kucharski","@id":"https:\/\/www.mojabochnia.pl\/#\/schema\/person\/cbf2046fc62995d3796f0c0160613698"},"headline":"Stanis\u0142aw Janicki by\u0142 go\u015bciem DKF Maciste &#8211; pos\u0142uchaj rozmowy w materiale TV","datePublished":"2011-11-25T12:06:00+00:00","dateModified":"2011-11-25T13:08:18+00:00","mainEntityOfPage":{"@id":"https:\/\/www.mojabochnia.pl\/?p=63656"},"wordCount":15,"commentCount":0,"publisher":{"@id":"https:\/\/www.mojabochnia.pl\/#organization"},"keywords":["dkf","dkf maciste","jacek dziduszko","stanis\u0142aw janicki"],"articleSection":["2_ostatnie","kultura","Medium","tematyka","TV","TV Flesz"],"inLanguage":"pl-PL","potentialAction":[{"@type":"CommentAction","name":"Comment","target":["https:\/\/www.mojabochnia.pl\/?p=63656#respond"]}]},{"@type":"WebPage","@id":"https:\/\/www.mojabochnia.pl\/?p=63656","url":"https:\/\/www.mojabochnia.pl\/?p=63656","name":"Stanis\u0142aw Janicki by\u0142 go\u015bciem DKF Maciste - pos\u0142uchaj rozmowy w materiale TV - mojabochnia.pl - portal informacyjny","isPartOf":{"@id":"https:\/\/www.mojabochnia.pl\/#website"},"datePublished":"2011-11-25T12:06:00+00:00","dateModified":"2011-11-25T13:08:18+00:00","breadcrumb":{"@id":"https:\/\/www.mojabochnia.pl\/?p=63656#breadcrumb"},"inLanguage":"pl-PL","potentialAction":[{"@type":"ReadAction","target":["https:\/\/www.mojabochnia.pl\/?p=63656"]}]},{"@type":"BreadcrumbList","@id":"https:\/\/www.mojabochnia.pl\/?p=63656#breadcrumb","itemListElement":[{"@type":"ListItem","position":1,"name":"Home","item":"https:\/\/www.mojabochnia.pl\/"},{"@type":"ListItem","position":2,"name":"Stanis\u0142aw Janicki by\u0142 go\u015bciem DKF Maciste &#8211; pos\u0142uchaj rozmowy w materiale TV"}]},{"@type":"WebSite","@id":"https:\/\/www.mojabochnia.pl\/#website","url":"https:\/\/www.mojabochnia.pl\/","name":"mojabochnia.pl - portal informacyjny","description":"mojaBochnia to portal informacyjny o Bochni. Codziennie o Bochni piszemy i pokazujemy najwa\u017cniejsze wydarzenia","publisher":{"@id":"https:\/\/www.mojabochnia.pl\/#organization"},"potentialAction":[{"@type":"SearchAction","target":{"@type":"EntryPoint","urlTemplate":"https:\/\/www.mojabochnia.pl\/?s={search_term_string}"},"query-input":{"@type":"PropertyValueSpecification","valueRequired":true,"valueName":"search_term_string"}}],"inLanguage":"pl-PL"},{"@type":"Organization","@id":"https:\/\/www.mojabochnia.pl\/#organization","name":"mojabochnia.pl - portal informacyjny","url":"https:\/\/www.mojabochnia.pl\/","logo":{"@type":"ImageObject","inLanguage":"pl-PL","@id":"https:\/\/www.mojabochnia.pl\/#\/schema\/logo\/image\/","url":"https:\/\/www.mojabochnia.pl\/wp-content\/uploads\/2017\/08\/logo-mb-opt.png","contentUrl":"https:\/\/www.mojabochnia.pl\/wp-content\/uploads\/2017\/08\/logo-mb-opt.png","width":250,"height":48,"caption":"mojabochnia.pl - portal informacyjny"},"image":{"@id":"https:\/\/www.mojabochnia.pl\/#\/schema\/logo\/image\/"},"sameAs":["https:\/\/www.facebook.com\/mojabochnia"]},{"@type":"Person","@id":"https:\/\/www.mojabochnia.pl\/#\/schema\/person\/cbf2046fc62995d3796f0c0160613698","name":"Jacek Kucharski","url":"https:\/\/www.mojabochnia.pl\/?author=2"}]}},"_links":{"self":[{"href":"https:\/\/www.mojabochnia.pl\/index.php?rest_route=\/wp\/v2\/posts\/63656","targetHints":{"allow":["GET"]}}],"collection":[{"href":"https:\/\/www.mojabochnia.pl\/index.php?rest_route=\/wp\/v2\/posts"}],"about":[{"href":"https:\/\/www.mojabochnia.pl\/index.php?rest_route=\/wp\/v2\/types\/post"}],"author":[{"embeddable":true,"href":"https:\/\/www.mojabochnia.pl\/index.php?rest_route=\/wp\/v2\/users\/2"}],"replies":[{"embeddable":true,"href":"https:\/\/www.mojabochnia.pl\/index.php?rest_route=%2Fwp%2Fv2%2Fcomments&post=63656"}],"version-history":[{"count":3,"href":"https:\/\/www.mojabochnia.pl\/index.php?rest_route=\/wp\/v2\/posts\/63656\/revisions"}],"predecessor-version":[{"id":63660,"href":"https:\/\/www.mojabochnia.pl\/index.php?rest_route=\/wp\/v2\/posts\/63656\/revisions\/63660"}],"wp:attachment":[{"href":"https:\/\/www.mojabochnia.pl\/index.php?rest_route=%2Fwp%2Fv2%2Fmedia&parent=63656"}],"wp:term":[{"taxonomy":"category","embeddable":true,"href":"https:\/\/www.mojabochnia.pl\/index.php?rest_route=%2Fwp%2Fv2%2Fcategories&post=63656"},{"taxonomy":"post_tag","embeddable":true,"href":"https:\/\/www.mojabochnia.pl\/index.php?rest_route=%2Fwp%2Fv2%2Ftags&post=63656"}],"curies":[{"name":"wp","href":"https:\/\/api.w.org\/{rel}","templated":true}]}}