{"id":63471,"date":"2011-11-21T10:06:48","date_gmt":"2011-11-21T09:06:48","guid":{"rendered":"http:\/\/www.mojabochnia.pl\/?p=63471"},"modified":"2011-11-21T10:07:29","modified_gmt":"2011-11-21T09:07:29","slug":"nowy-dps-do-konca-2013-r","status":"publish","type":"post","link":"https:\/\/www.mojabochnia.pl\/?p=63471","title":{"rendered":"Nowy Dom Pomocy Spo\u0142ecznej do ko\u0144ca 2013 r."},"content":{"rendered":"<p>Tomasz Ca\u0142ka, wicestarosta boche\u0144ski, zapowiada \u017ce nowy DPS b\u0119dzie gotowy na koniec 2013 roku. <em>Aby rozpocz\u0105\u0107 Centrum Solidarno\u015bci, chcemy rozpocz\u0105\u0107 w przysz\u0142ym roku budow\u0119 nowego Domu Pomocy Spo\u0142ecznej. B\u0119dzie to obiekt dostosowany do aktualnych przepis\u00f3w. W ka\u017cdym pokoju b\u0119dzie \u0142azienka, nie b\u0119dzie tak, \u017ce jest jedna wsp\u00f3lna \u0142azienka. Oczywi\u015bcie b\u0119d\u0105 r\u00f3wnie\u017c windy. Budynek b\u0119dzie przystosowany pod k\u0105tem os\u00f3b niepe\u0142nosprawnych<\/em> \u2013 m\u00f3wi wicestarosta.<\/p>\n<p>Budowa nowego Domu Pomocy Spo\u0142ecznej poch\u0142onie ok. 6 mln z\u0142. Powiat uzyska\u0142 na ten cel blisko 2,5 mln z\u0142 dotacji (w ramach Ma\u0142opolskiego Regionalnego Programu Operacyjnego). Na razie nie wiadomo, kiedy powstanie ca\u0142e Centrum Solidarno\u015bci Spo\u0142ecznej. Jego oddanie by\u0142o zapowiadane na koniec obecnej kadencji, czyli na rok 2014. <\/p>\n<p><em>To jest zale\u017cne od sytuacji finansowej, nie wiemy co si\u0119 stanie za rok czy za dwa lata. Robimy plany na tyle, na ile powiat sta\u0107. Ale s\u0105 pewne rzeczy niezale\u017cne, narzucane odg\u00f3rnie i wtedy to blokuje realizacj\u0119 pewnych zada\u0144<\/em> \u2013 dodaje Tomasz Ca\u0142ka. <\/p>\n<p>Przypomnijmy, opr\u00f3cz DPS-u Centrum Solidarno\u015bci Spo\u0142ecznej ma obejmowa\u0107 r\u00f3wnie\u017c stacjonarne hospicjum, zak\u0142ad opieku\u0144czo-leczniczy i warsztaty terapii zaj\u0119ciowej. <\/p>\n","protected":false},"excerpt":{"rendered":"<p>W\u0142adze powiatu zamierzaj\u0105 w przysz\u0142ym roku rozpocz\u0105\u0107 budow\u0119 nowego gmachu Domu Pomocy Spo\u0142ecznej. B\u0119dzie on stanowi\u0142 cz\u0119\u015b\u0107 planowanego Centrum Solidarno\u015bci Spo\u0142ecznej im. Jana Paw\u0142a II. <\/p>\n","protected":false},"author":4,"featured_media":0,"comment_status":"open","ping_status":"closed","sticky":false,"template":"","format":"standard","meta":{"_acf_changed":false,"footnotes":""},"categories":[5,6251,6250],"tags":[17352,9269,17253,17857,4461,17216,1966,17221,17398,17347,2419],"class_list":["post-63471","post","type-post","status-publish","format-standard","hentry","category-biezace-wydarzenia","category-polityka-i-wydarzenia","category-tematyka","tag-budowa","tag-centrum-solidarnosci-spolecznej-im-bl-jana-pawla-ii","tag-dotacja","tag-dps","tag-gmach","tag-inwestycja","tag-mrpo","tag-niepelnosprawni","tag-powiat","tag-tomasz-calka","tag-wicestarosta","main_tag-dps"],"acf":[],"yoast_head":"<!-- This site is optimized with the Yoast SEO plugin v26.9 - https:\/\/yoast.com\/product\/yoast-seo-wordpress\/ -->\n<title>Nowy Dom Pomocy Spo\u0142ecznej do ko\u0144ca 2013 r. - mojabochnia.pl - portal informacyjny<\/title>\n<meta name=\"robots\" content=\"index, follow, max-snippet:-1, max-image-preview:large, max-video-preview:-1\" \/>\n<link rel=\"canonical\" href=\"https:\/\/www.mojabochnia.pl\/?p=63471\" \/>\n<meta property=\"og:locale\" content=\"pl_PL\" \/>\n<meta property=\"og:type\" content=\"article\" \/>\n<meta property=\"og:title\" content=\"Nowy Dom Pomocy Spo\u0142ecznej do ko\u0144ca 2013 r. - mojabochnia.pl - portal informacyjny\" \/>\n<meta property=\"og:description\" content=\"W\u0142adze powiatu zamierzaj\u0105 w przysz\u0142ym roku rozpocz\u0105\u0107 budow\u0119 nowego gmachu Domu Pomocy Spo\u0142ecznej. B\u0119dzie on stanowi\u0142 cz\u0119\u015b\u0107 planowanego Centrum Solidarno\u015bci Spo\u0142ecznej im. Jana Paw\u0142a II.\" \/>\n<meta property=\"og:url\" content=\"https:\/\/www.mojabochnia.pl\/?p=63471\" \/>\n<meta property=\"og:site_name\" content=\"mojabochnia.pl - portal informacyjny\" \/>\n<meta property=\"article:publisher\" content=\"https:\/\/www.facebook.com\/mojabochnia\" \/>\n<meta property=\"article:published_time\" content=\"2011-11-21T09:06:48+00:00\" \/>\n<meta property=\"article:modified_time\" content=\"2011-11-21T09:07:29+00:00\" \/>\n<meta name=\"author\" content=\"Pawe\u0142 Michalczyk\" \/>\n<meta name=\"twitter:card\" content=\"summary_large_image\" \/>\n<meta name=\"twitter:label1\" content=\"Written by\" \/>\n\t<meta name=\"twitter:data1\" content=\"Pawe\u0142 Michalczyk\" \/>\n\t<meta name=\"twitter:label2\" content=\"Est. reading time\" \/>\n\t<meta name=\"twitter:data2\" content=\"1 minuta\" \/>\n<script type=\"application\/ld+json\" class=\"yoast-schema-graph\">{\"@context\":\"https:\/\/schema.org\",\"@graph\":[{\"@type\":\"Article\",\"@id\":\"https:\/\/www.mojabochnia.pl\/?p=63471#article\",\"isPartOf\":{\"@id\":\"https:\/\/www.mojabochnia.pl\/?p=63471\"},\"author\":{\"name\":\"Pawe\u0142 Michalczyk\",\"@id\":\"https:\/\/www.mojabochnia.pl\/#\/schema\/person\/ea042e4724a77627963f02166828ead4\"},\"headline\":\"Nowy Dom Pomocy Spo\u0142ecznej do ko\u0144ca 2013 r.\",\"datePublished\":\"2011-11-21T09:06:48+00:00\",\"dateModified\":\"2011-11-21T09:07:29+00:00\",\"mainEntityOfPage\":{\"@id\":\"https:\/\/www.mojabochnia.pl\/?p=63471\"},\"wordCount\":211,\"commentCount\":0,\"publisher\":{\"@id\":\"https:\/\/www.mojabochnia.pl\/#organization\"},\"keywords\":[\"budowa\",\"centrum solidarno\u015bci spo\u0142ecznej im. b\u0142. jana paw\u0142a II\",\"dotacja\",\"dps\",\"gmach\",\"inwestycja\",\"mrpo\",\"niepe\u0142nosprawni\",\"powiat\",\"tomasz ca\u0142ka\",\"wicestarosta\"],\"articleSection\":[\"2_ostatnie\",\"polityka i wydarzenia\",\"tematyka\"],\"inLanguage\":\"pl-PL\",\"potentialAction\":[{\"@type\":\"CommentAction\",\"name\":\"Comment\",\"target\":[\"https:\/\/www.mojabochnia.pl\/?p=63471#respond\"]}]},{\"@type\":\"WebPage\",\"@id\":\"https:\/\/www.mojabochnia.pl\/?p=63471\",\"url\":\"https:\/\/www.mojabochnia.pl\/?p=63471\",\"name\":\"Nowy Dom Pomocy Spo\u0142ecznej do ko\u0144ca 2013 r. - mojabochnia.pl - portal informacyjny\",\"isPartOf\":{\"@id\":\"https:\/\/www.mojabochnia.pl\/#website\"},\"datePublished\":\"2011-11-21T09:06:48+00:00\",\"dateModified\":\"2011-11-21T09:07:29+00:00\",\"breadcrumb\":{\"@id\":\"https:\/\/www.mojabochnia.pl\/?p=63471#breadcrumb\"},\"inLanguage\":\"pl-PL\",\"potentialAction\":[{\"@type\":\"ReadAction\",\"target\":[\"https:\/\/www.mojabochnia.pl\/?p=63471\"]}]},{\"@type\":\"BreadcrumbList\",\"@id\":\"https:\/\/www.mojabochnia.pl\/?p=63471#breadcrumb\",\"itemListElement\":[{\"@type\":\"ListItem\",\"position\":1,\"name\":\"Home\",\"item\":\"https:\/\/www.mojabochnia.pl\/\"},{\"@type\":\"ListItem\",\"position\":2,\"name\":\"Nowy Dom Pomocy Spo\u0142ecznej do ko\u0144ca 2013 r.\"}]},{\"@type\":\"WebSite\",\"@id\":\"https:\/\/www.mojabochnia.pl\/#website\",\"url\":\"https:\/\/www.mojabochnia.pl\/\",\"name\":\"mojabochnia.pl - portal informacyjny\",\"description\":\"mojaBochnia to portal informacyjny o Bochni. Codziennie o Bochni piszemy i pokazujemy najwa\u017cniejsze wydarzenia\",\"publisher\":{\"@id\":\"https:\/\/www.mojabochnia.pl\/#organization\"},\"potentialAction\":[{\"@type\":\"SearchAction\",\"target\":{\"@type\":\"EntryPoint\",\"urlTemplate\":\"https:\/\/www.mojabochnia.pl\/?s={search_term_string}\"},\"query-input\":{\"@type\":\"PropertyValueSpecification\",\"valueRequired\":true,\"valueName\":\"search_term_string\"}}],\"inLanguage\":\"pl-PL\"},{\"@type\":\"Organization\",\"@id\":\"https:\/\/www.mojabochnia.pl\/#organization\",\"name\":\"mojabochnia.pl - portal informacyjny\",\"url\":\"https:\/\/www.mojabochnia.pl\/\",\"logo\":{\"@type\":\"ImageObject\",\"inLanguage\":\"pl-PL\",\"@id\":\"https:\/\/www.mojabochnia.pl\/#\/schema\/logo\/image\/\",\"url\":\"https:\/\/www.mojabochnia.pl\/wp-content\/uploads\/2017\/08\/logo-mb-opt.png\",\"contentUrl\":\"https:\/\/www.mojabochnia.pl\/wp-content\/uploads\/2017\/08\/logo-mb-opt.png\",\"width\":250,\"height\":48,\"caption\":\"mojabochnia.pl - portal informacyjny\"},\"image\":{\"@id\":\"https:\/\/www.mojabochnia.pl\/#\/schema\/logo\/image\/\"},\"sameAs\":[\"https:\/\/www.facebook.com\/mojabochnia\"]},{\"@type\":\"Person\",\"@id\":\"https:\/\/www.mojabochnia.pl\/#\/schema\/person\/ea042e4724a77627963f02166828ead4\",\"name\":\"Pawe\u0142 Michalczyk\",\"url\":\"https:\/\/www.mojabochnia.pl\/?author=4\"}]}<\/script>\n<!-- \/ Yoast SEO plugin. -->","yoast_head_json":{"title":"Nowy Dom Pomocy Spo\u0142ecznej do ko\u0144ca 2013 r. - mojabochnia.pl - portal informacyjny","robots":{"index":"index","follow":"follow","max-snippet":"max-snippet:-1","max-image-preview":"max-image-preview:large","max-video-preview":"max-video-preview:-1"},"canonical":"https:\/\/www.mojabochnia.pl\/?p=63471","og_locale":"pl_PL","og_type":"article","og_title":"Nowy Dom Pomocy Spo\u0142ecznej do ko\u0144ca 2013 r. - mojabochnia.pl - portal informacyjny","og_description":"W\u0142adze powiatu zamierzaj\u0105 w przysz\u0142ym roku rozpocz\u0105\u0107 budow\u0119 nowego gmachu Domu Pomocy Spo\u0142ecznej. B\u0119dzie on stanowi\u0142 cz\u0119\u015b\u0107 planowanego Centrum Solidarno\u015bci Spo\u0142ecznej im. Jana Paw\u0142a II.","og_url":"https:\/\/www.mojabochnia.pl\/?p=63471","og_site_name":"mojabochnia.pl - portal informacyjny","article_publisher":"https:\/\/www.facebook.com\/mojabochnia","article_published_time":"2011-11-21T09:06:48+00:00","article_modified_time":"2011-11-21T09:07:29+00:00","author":"Pawe\u0142 Michalczyk","twitter_card":"summary_large_image","twitter_misc":{"Written by":"Pawe\u0142 Michalczyk","Est. reading time":"1 minuta"},"schema":{"@context":"https:\/\/schema.org","@graph":[{"@type":"Article","@id":"https:\/\/www.mojabochnia.pl\/?p=63471#article","isPartOf":{"@id":"https:\/\/www.mojabochnia.pl\/?p=63471"},"author":{"name":"Pawe\u0142 Michalczyk","@id":"https:\/\/www.mojabochnia.pl\/#\/schema\/person\/ea042e4724a77627963f02166828ead4"},"headline":"Nowy Dom Pomocy Spo\u0142ecznej do ko\u0144ca 2013 r.","datePublished":"2011-11-21T09:06:48+00:00","dateModified":"2011-11-21T09:07:29+00:00","mainEntityOfPage":{"@id":"https:\/\/www.mojabochnia.pl\/?p=63471"},"wordCount":211,"commentCount":0,"publisher":{"@id":"https:\/\/www.mojabochnia.pl\/#organization"},"keywords":["budowa","centrum solidarno\u015bci spo\u0142ecznej im. b\u0142. jana paw\u0142a II","dotacja","dps","gmach","inwestycja","mrpo","niepe\u0142nosprawni","powiat","tomasz ca\u0142ka","wicestarosta"],"articleSection":["2_ostatnie","polityka i wydarzenia","tematyka"],"inLanguage":"pl-PL","potentialAction":[{"@type":"CommentAction","name":"Comment","target":["https:\/\/www.mojabochnia.pl\/?p=63471#respond"]}]},{"@type":"WebPage","@id":"https:\/\/www.mojabochnia.pl\/?p=63471","url":"https:\/\/www.mojabochnia.pl\/?p=63471","name":"Nowy Dom Pomocy Spo\u0142ecznej do ko\u0144ca 2013 r. - mojabochnia.pl - portal informacyjny","isPartOf":{"@id":"https:\/\/www.mojabochnia.pl\/#website"},"datePublished":"2011-11-21T09:06:48+00:00","dateModified":"2011-11-21T09:07:29+00:00","breadcrumb":{"@id":"https:\/\/www.mojabochnia.pl\/?p=63471#breadcrumb"},"inLanguage":"pl-PL","potentialAction":[{"@type":"ReadAction","target":["https:\/\/www.mojabochnia.pl\/?p=63471"]}]},{"@type":"BreadcrumbList","@id":"https:\/\/www.mojabochnia.pl\/?p=63471#breadcrumb","itemListElement":[{"@type":"ListItem","position":1,"name":"Home","item":"https:\/\/www.mojabochnia.pl\/"},{"@type":"ListItem","position":2,"name":"Nowy Dom Pomocy Spo\u0142ecznej do ko\u0144ca 2013 r."}]},{"@type":"WebSite","@id":"https:\/\/www.mojabochnia.pl\/#website","url":"https:\/\/www.mojabochnia.pl\/","name":"mojabochnia.pl - portal informacyjny","description":"mojaBochnia to portal informacyjny o Bochni. Codziennie o Bochni piszemy i pokazujemy najwa\u017cniejsze wydarzenia","publisher":{"@id":"https:\/\/www.mojabochnia.pl\/#organization"},"potentialAction":[{"@type":"SearchAction","target":{"@type":"EntryPoint","urlTemplate":"https:\/\/www.mojabochnia.pl\/?s={search_term_string}"},"query-input":{"@type":"PropertyValueSpecification","valueRequired":true,"valueName":"search_term_string"}}],"inLanguage":"pl-PL"},{"@type":"Organization","@id":"https:\/\/www.mojabochnia.pl\/#organization","name":"mojabochnia.pl - portal informacyjny","url":"https:\/\/www.mojabochnia.pl\/","logo":{"@type":"ImageObject","inLanguage":"pl-PL","@id":"https:\/\/www.mojabochnia.pl\/#\/schema\/logo\/image\/","url":"https:\/\/www.mojabochnia.pl\/wp-content\/uploads\/2017\/08\/logo-mb-opt.png","contentUrl":"https:\/\/www.mojabochnia.pl\/wp-content\/uploads\/2017\/08\/logo-mb-opt.png","width":250,"height":48,"caption":"mojabochnia.pl - portal informacyjny"},"image":{"@id":"https:\/\/www.mojabochnia.pl\/#\/schema\/logo\/image\/"},"sameAs":["https:\/\/www.facebook.com\/mojabochnia"]},{"@type":"Person","@id":"https:\/\/www.mojabochnia.pl\/#\/schema\/person\/ea042e4724a77627963f02166828ead4","name":"Pawe\u0142 Michalczyk","url":"https:\/\/www.mojabochnia.pl\/?author=4"}]}},"_links":{"self":[{"href":"https:\/\/www.mojabochnia.pl\/index.php?rest_route=\/wp\/v2\/posts\/63471","targetHints":{"allow":["GET"]}}],"collection":[{"href":"https:\/\/www.mojabochnia.pl\/index.php?rest_route=\/wp\/v2\/posts"}],"about":[{"href":"https:\/\/www.mojabochnia.pl\/index.php?rest_route=\/wp\/v2\/types\/post"}],"author":[{"embeddable":true,"href":"https:\/\/www.mojabochnia.pl\/index.php?rest_route=\/wp\/v2\/users\/4"}],"replies":[{"embeddable":true,"href":"https:\/\/www.mojabochnia.pl\/index.php?rest_route=%2Fwp%2Fv2%2Fcomments&post=63471"}],"version-history":[{"count":2,"href":"https:\/\/www.mojabochnia.pl\/index.php?rest_route=\/wp\/v2\/posts\/63471\/revisions"}],"predecessor-version":[{"id":63474,"href":"https:\/\/www.mojabochnia.pl\/index.php?rest_route=\/wp\/v2\/posts\/63471\/revisions\/63474"}],"wp:attachment":[{"href":"https:\/\/www.mojabochnia.pl\/index.php?rest_route=%2Fwp%2Fv2%2Fmedia&parent=63471"}],"wp:term":[{"taxonomy":"category","embeddable":true,"href":"https:\/\/www.mojabochnia.pl\/index.php?rest_route=%2Fwp%2Fv2%2Fcategories&post=63471"},{"taxonomy":"post_tag","embeddable":true,"href":"https:\/\/www.mojabochnia.pl\/index.php?rest_route=%2Fwp%2Fv2%2Ftags&post=63471"}],"curies":[{"name":"wp","href":"https:\/\/api.w.org\/{rel}","templated":true}]}}