{"id":63460,"date":"2011-11-21T09:02:16","date_gmt":"2011-11-21T08:02:16","guid":{"rendered":"http:\/\/www.mojabochnia.pl\/?p=63460"},"modified":"2011-11-21T13:32:40","modified_gmt":"2011-11-21T12:32:40","slug":"wystawa-uczennic-liceum-plastycznego-w-mdk-kaja-pilch-i-dominika-wallitzky","status":"publish","type":"post","link":"https:\/\/www.mojabochnia.pl\/?p=63460","title":{"rendered":"Wystawa uczennic Liceum Plastycznego w MDK &#8211; Kaja Pilch i Dominika Wallitzky"},"content":{"rendered":"<p>Sk\u0142ada si\u0119 na ni\u0105 \u0142\u0105cznie kilkadziesi\u0105t zdj\u0119\u0107 (g\u0142\u00f3wnie portret\u00f3w i pejza\u017cy), grafik komputerowych, rysunk\u00f3w i szkic\u00f3w. Same tak\u017ce wykona\u0142y opracowanie graficzne wystawy. Prezentowane prace  poruszaj\u0105 wiele temat\u00f3w i zdecydowanie wykraczaj\u0105 poza ramy szkolnych zada\u0144. Chocia\u017c nie posiadaj\u0105 jeszcze zdecydowanej stylistyki pokazuj\u0105 jak kszta\u0142tuje si\u0119 osobisty j\u0119zyk plastycznej wypowiedzi m\u0142odych tw\u00f3rczych autorek. Wystawa potrwa do ko\u0144ca grudnia.<\/p>\n\t  \r\n\t\r\n\t    <div class=\"mb-gallery\">\r\n\t    <a href=\"https:\/\/www.mojabochnia.pl\/?attachment_id=63461\" class=\"\"><img loading=\"lazy\" decoding=\"async\" width=\"100\" height=\"56\" src=\"https:\/\/www.mojabochnia.pl\/wp-content\/uploads\/2011\/11\/ok-DSC00814-120x67.jpg\" class=\"attachment-100x100 size-100x100\" alt=\"\" srcset=\"https:\/\/www.mojabochnia.pl\/wp-content\/uploads\/2011\/11\/ok-DSC00814-120x67.jpg 120w, https:\/\/www.mojabochnia.pl\/wp-content\/uploads\/2011\/11\/ok-DSC00814-468x263.jpg 468w, https:\/\/www.mojabochnia.pl\/wp-content\/uploads\/2011\/11\/ok-DSC00814-660x371.jpg 660w, https:\/\/www.mojabochnia.pl\/wp-content\/uploads\/2011\/11\/ok-DSC00814.jpg 800w\" sizes=\"auto, (max-width: 100px) 100vw, 100px\" \/><\/a><a href=\"https:\/\/www.mojabochnia.pl\/?attachment_id=63462\" class=\"\"><img loading=\"lazy\" decoding=\"async\" width=\"100\" height=\"56\" src=\"https:\/\/www.mojabochnia.pl\/wp-content\/uploads\/2011\/11\/ok-DSC00819-120x67.jpg\" class=\"attachment-100x100 size-100x100\" alt=\"\" srcset=\"https:\/\/www.mojabochnia.pl\/wp-content\/uploads\/2011\/11\/ok-DSC00819-120x67.jpg 120w, https:\/\/www.mojabochnia.pl\/wp-content\/uploads\/2011\/11\/ok-DSC00819-468x263.jpg 468w, https:\/\/www.mojabochnia.pl\/wp-content\/uploads\/2011\/11\/ok-DSC00819-660x371.jpg 660w, https:\/\/www.mojabochnia.pl\/wp-content\/uploads\/2011\/11\/ok-DSC00819.jpg 800w\" sizes=\"auto, (max-width: 100px) 100vw, 100px\" \/><\/a><a href=\"https:\/\/www.mojabochnia.pl\/?attachment_id=63463\" class=\"\"><img loading=\"lazy\" decoding=\"async\" width=\"100\" height=\"56\" src=\"https:\/\/www.mojabochnia.pl\/wp-content\/uploads\/2011\/11\/ok-DSC00821-120x67.jpg\" class=\"attachment-100x100 size-100x100\" alt=\"\" srcset=\"https:\/\/www.mojabochnia.pl\/wp-content\/uploads\/2011\/11\/ok-DSC00821-120x67.jpg 120w, https:\/\/www.mojabochnia.pl\/wp-content\/uploads\/2011\/11\/ok-DSC00821-468x263.jpg 468w, https:\/\/www.mojabochnia.pl\/wp-content\/uploads\/2011\/11\/ok-DSC00821-660x371.jpg 660w, https:\/\/www.mojabochnia.pl\/wp-content\/uploads\/2011\/11\/ok-DSC00821.jpg 800w\" sizes=\"auto, (max-width: 100px) 100vw, 100px\" \/><\/a><a href=\"https:\/\/www.mojabochnia.pl\/?attachment_id=63464\" class=\"\"><img loading=\"lazy\" decoding=\"async\" width=\"100\" height=\"56\" src=\"https:\/\/www.mojabochnia.pl\/wp-content\/uploads\/2011\/11\/ok-DSC00822-120x67.jpg\" class=\"attachment-100x100 size-100x100\" alt=\"\" srcset=\"https:\/\/www.mojabochnia.pl\/wp-content\/uploads\/2011\/11\/ok-DSC00822-120x67.jpg 120w, https:\/\/www.mojabochnia.pl\/wp-content\/uploads\/2011\/11\/ok-DSC00822-468x263.jpg 468w, https:\/\/www.mojabochnia.pl\/wp-content\/uploads\/2011\/11\/ok-DSC00822-660x371.jpg 660w, https:\/\/www.mojabochnia.pl\/wp-content\/uploads\/2011\/11\/ok-DSC00822.jpg 800w\" sizes=\"auto, (max-width: 100px) 100vw, 100px\" \/><\/a><a href=\"https:\/\/www.mojabochnia.pl\/?attachment_id=63465\" class=\"\"><img loading=\"lazy\" decoding=\"async\" width=\"100\" height=\"56\" src=\"https:\/\/www.mojabochnia.pl\/wp-content\/uploads\/2011\/11\/ok-DSC00826-120x67.jpg\" class=\"attachment-100x100 size-100x100\" alt=\"\" srcset=\"https:\/\/www.mojabochnia.pl\/wp-content\/uploads\/2011\/11\/ok-DSC00826-120x67.jpg 120w, https:\/\/www.mojabochnia.pl\/wp-content\/uploads\/2011\/11\/ok-DSC00826-468x263.jpg 468w, https:\/\/www.mojabochnia.pl\/wp-content\/uploads\/2011\/11\/ok-DSC00826-660x371.jpg 660w, https:\/\/www.mojabochnia.pl\/wp-content\/uploads\/2011\/11\/ok-DSC00826.jpg 800w\" sizes=\"auto, (max-width: 100px) 100vw, 100px\" \/><\/a><a href=\"https:\/\/www.mojabochnia.pl\/?attachment_id=63466\" class=\"\"><img loading=\"lazy\" decoding=\"async\" width=\"100\" height=\"56\" src=\"https:\/\/www.mojabochnia.pl\/wp-content\/uploads\/2011\/11\/ok-plakat-120x67.jpg\" class=\"attachment-100x100 size-100x100\" alt=\"\" srcset=\"https:\/\/www.mojabochnia.pl\/wp-content\/uploads\/2011\/11\/ok-plakat-120x67.jpg 120w, https:\/\/www.mojabochnia.pl\/wp-content\/uploads\/2011\/11\/ok-plakat-468x263.jpg 468w, https:\/\/www.mojabochnia.pl\/wp-content\/uploads\/2011\/11\/ok-plakat-660x371.jpg 660w, https:\/\/www.mojabochnia.pl\/wp-content\/uploads\/2011\/11\/ok-plakat.jpg 800w\" sizes=\"auto, (max-width: 100px) 100vw, 100px\" \/><\/a><a href=\"https:\/\/www.mojabochnia.pl\/?attachment_id=63467\" class=\"\"><img loading=\"lazy\" decoding=\"async\" width=\"100\" height=\"56\" src=\"https:\/\/www.mojabochnia.pl\/wp-content\/uploads\/2011\/11\/ok-zaproszenie-120x67.jpg\" class=\"attachment-100x100 size-100x100\" alt=\"\" srcset=\"https:\/\/www.mojabochnia.pl\/wp-content\/uploads\/2011\/11\/ok-zaproszenie-120x67.jpg 120w, https:\/\/www.mojabochnia.pl\/wp-content\/uploads\/2011\/11\/ok-zaproszenie-468x263.jpg 468w, https:\/\/www.mojabochnia.pl\/wp-content\/uploads\/2011\/11\/ok-zaproszenie-660x371.jpg 660w, https:\/\/www.mojabochnia.pl\/wp-content\/uploads\/2011\/11\/ok-zaproszenie.jpg 800w\" sizes=\"auto, (max-width: 100px) 100vw, 100px\" \/><\/a>\t    <\/div>\r\n\t    ","protected":false},"excerpt":{"rendered":"<p>We \u015brod\u0119 23 listopada 2011 o godz 17.00 Miejski Dom Kultury zaprasza na otwarcie wystawy uczennic Liceum Plastycznego w Nowym Wi\u015bniczu. Kaja Pilch i Dominika Wallitzky ucz\u0105 si\u0119 w III klasie na kierunku ceramiki. Jest to ich pierwsza wystawa poza murami szko\u0142y. <\/p>\n","protected":false},"author":2,"featured_media":0,"comment_status":"open","ping_status":"closed","sticky":false,"template":"","format":"standard","meta":{"_acf_changed":false,"footnotes":""},"categories":[5,6247,92,6246,6250],"tags":[10370,10369,17555,17444,17157],"class_list":["post-63460","post","type-post","status-publish","format-standard","hentry","category-biezace-wydarzenia","category-fotogaleria","category-kultura","category-medium","category-tematyka","tag-dominika-wallitzky","tag-kaja-pilch","tag-liceum-plastyczne","tag-mdk","tag-wystawa","main_tag-wystawa"],"acf":[],"yoast_head":"<!-- This site is optimized with the Yoast SEO plugin v26.9 - https:\/\/yoast.com\/product\/yoast-seo-wordpress\/ -->\n<title>Wystawa uczennic Liceum Plastycznego w MDK - Kaja Pilch i Dominika Wallitzky - mojabochnia.pl - portal informacyjny<\/title>\n<meta name=\"robots\" content=\"index, follow, max-snippet:-1, max-image-preview:large, max-video-preview:-1\" \/>\n<link rel=\"canonical\" href=\"https:\/\/www.mojabochnia.pl\/?p=63460\" \/>\n<meta property=\"og:locale\" content=\"pl_PL\" \/>\n<meta property=\"og:type\" content=\"article\" \/>\n<meta property=\"og:title\" content=\"Wystawa uczennic Liceum Plastycznego w MDK - Kaja Pilch i Dominika Wallitzky - mojabochnia.pl - portal informacyjny\" \/>\n<meta property=\"og:description\" content=\"We \u015brod\u0119 23 listopada 2011 o godz 17.00 Miejski Dom Kultury zaprasza na otwarcie wystawy uczennic Liceum Plastycznego w Nowym Wi\u015bniczu. Kaja Pilch i Dominika Wallitzky ucz\u0105 si\u0119 w III klasie na kierunku ceramiki. Jest to ich pierwsza wystawa poza murami szko\u0142y.\" \/>\n<meta property=\"og:url\" content=\"https:\/\/www.mojabochnia.pl\/?p=63460\" \/>\n<meta property=\"og:site_name\" content=\"mojabochnia.pl - portal informacyjny\" \/>\n<meta property=\"article:publisher\" content=\"https:\/\/www.facebook.com\/mojabochnia\" \/>\n<meta property=\"article:published_time\" content=\"2011-11-21T08:02:16+00:00\" \/>\n<meta property=\"article:modified_time\" content=\"2011-11-21T12:32:40+00:00\" \/>\n<meta name=\"author\" content=\"Jacek Kucharski\" \/>\n<meta name=\"twitter:card\" content=\"summary_large_image\" \/>\n<meta name=\"twitter:label1\" content=\"Written by\" \/>\n\t<meta name=\"twitter:data1\" content=\"Jacek Kucharski\" \/>\n<script type=\"application\/ld+json\" class=\"yoast-schema-graph\">{\"@context\":\"https:\/\/schema.org\",\"@graph\":[{\"@type\":\"Article\",\"@id\":\"https:\/\/www.mojabochnia.pl\/?p=63460#article\",\"isPartOf\":{\"@id\":\"https:\/\/www.mojabochnia.pl\/?p=63460\"},\"author\":{\"name\":\"Jacek Kucharski\",\"@id\":\"https:\/\/www.mojabochnia.pl\/#\/schema\/person\/cbf2046fc62995d3796f0c0160613698\"},\"headline\":\"Wystawa uczennic Liceum Plastycznego w MDK &#8211; Kaja Pilch i Dominika Wallitzky\",\"datePublished\":\"2011-11-21T08:02:16+00:00\",\"dateModified\":\"2011-11-21T12:32:40+00:00\",\"mainEntityOfPage\":{\"@id\":\"https:\/\/www.mojabochnia.pl\/?p=63460\"},\"wordCount\":83,\"commentCount\":0,\"publisher\":{\"@id\":\"https:\/\/www.mojabochnia.pl\/#organization\"},\"keywords\":[\"Dominika Wallitzky\",\"Kaja Pilch\",\"liceum plastyczne\",\"MDK\",\"wystawa\"],\"articleSection\":[\"2_ostatnie\",\"fotogaleria\",\"kultura\",\"Medium\",\"tematyka\"],\"inLanguage\":\"pl-PL\",\"potentialAction\":[{\"@type\":\"CommentAction\",\"name\":\"Comment\",\"target\":[\"https:\/\/www.mojabochnia.pl\/?p=63460#respond\"]}]},{\"@type\":\"WebPage\",\"@id\":\"https:\/\/www.mojabochnia.pl\/?p=63460\",\"url\":\"https:\/\/www.mojabochnia.pl\/?p=63460\",\"name\":\"Wystawa uczennic Liceum Plastycznego w MDK - Kaja Pilch i Dominika Wallitzky - mojabochnia.pl - portal informacyjny\",\"isPartOf\":{\"@id\":\"https:\/\/www.mojabochnia.pl\/#website\"},\"datePublished\":\"2011-11-21T08:02:16+00:00\",\"dateModified\":\"2011-11-21T12:32:40+00:00\",\"breadcrumb\":{\"@id\":\"https:\/\/www.mojabochnia.pl\/?p=63460#breadcrumb\"},\"inLanguage\":\"pl-PL\",\"potentialAction\":[{\"@type\":\"ReadAction\",\"target\":[\"https:\/\/www.mojabochnia.pl\/?p=63460\"]}]},{\"@type\":\"BreadcrumbList\",\"@id\":\"https:\/\/www.mojabochnia.pl\/?p=63460#breadcrumb\",\"itemListElement\":[{\"@type\":\"ListItem\",\"position\":1,\"name\":\"Home\",\"item\":\"https:\/\/www.mojabochnia.pl\/\"},{\"@type\":\"ListItem\",\"position\":2,\"name\":\"Wystawa uczennic Liceum Plastycznego w MDK &#8211; Kaja Pilch i Dominika Wallitzky\"}]},{\"@type\":\"WebSite\",\"@id\":\"https:\/\/www.mojabochnia.pl\/#website\",\"url\":\"https:\/\/www.mojabochnia.pl\/\",\"name\":\"mojabochnia.pl - portal informacyjny\",\"description\":\"mojaBochnia to portal informacyjny o Bochni. Codziennie o Bochni piszemy i pokazujemy najwa\u017cniejsze wydarzenia\",\"publisher\":{\"@id\":\"https:\/\/www.mojabochnia.pl\/#organization\"},\"potentialAction\":[{\"@type\":\"SearchAction\",\"target\":{\"@type\":\"EntryPoint\",\"urlTemplate\":\"https:\/\/www.mojabochnia.pl\/?s={search_term_string}\"},\"query-input\":{\"@type\":\"PropertyValueSpecification\",\"valueRequired\":true,\"valueName\":\"search_term_string\"}}],\"inLanguage\":\"pl-PL\"},{\"@type\":\"Organization\",\"@id\":\"https:\/\/www.mojabochnia.pl\/#organization\",\"name\":\"mojabochnia.pl - portal informacyjny\",\"url\":\"https:\/\/www.mojabochnia.pl\/\",\"logo\":{\"@type\":\"ImageObject\",\"inLanguage\":\"pl-PL\",\"@id\":\"https:\/\/www.mojabochnia.pl\/#\/schema\/logo\/image\/\",\"url\":\"https:\/\/www.mojabochnia.pl\/wp-content\/uploads\/2017\/08\/logo-mb-opt.png\",\"contentUrl\":\"https:\/\/www.mojabochnia.pl\/wp-content\/uploads\/2017\/08\/logo-mb-opt.png\",\"width\":250,\"height\":48,\"caption\":\"mojabochnia.pl - portal informacyjny\"},\"image\":{\"@id\":\"https:\/\/www.mojabochnia.pl\/#\/schema\/logo\/image\/\"},\"sameAs\":[\"https:\/\/www.facebook.com\/mojabochnia\"]},{\"@type\":\"Person\",\"@id\":\"https:\/\/www.mojabochnia.pl\/#\/schema\/person\/cbf2046fc62995d3796f0c0160613698\",\"name\":\"Jacek Kucharski\",\"url\":\"https:\/\/www.mojabochnia.pl\/?author=2\"}]}<\/script>\n<!-- \/ Yoast SEO plugin. -->","yoast_head_json":{"title":"Wystawa uczennic Liceum Plastycznego w MDK - Kaja Pilch i Dominika Wallitzky - mojabochnia.pl - portal informacyjny","robots":{"index":"index","follow":"follow","max-snippet":"max-snippet:-1","max-image-preview":"max-image-preview:large","max-video-preview":"max-video-preview:-1"},"canonical":"https:\/\/www.mojabochnia.pl\/?p=63460","og_locale":"pl_PL","og_type":"article","og_title":"Wystawa uczennic Liceum Plastycznego w MDK - Kaja Pilch i Dominika Wallitzky - mojabochnia.pl - portal informacyjny","og_description":"We \u015brod\u0119 23 listopada 2011 o godz 17.00 Miejski Dom Kultury zaprasza na otwarcie wystawy uczennic Liceum Plastycznego w Nowym Wi\u015bniczu. Kaja Pilch i Dominika Wallitzky ucz\u0105 si\u0119 w III klasie na kierunku ceramiki. Jest to ich pierwsza wystawa poza murami szko\u0142y.","og_url":"https:\/\/www.mojabochnia.pl\/?p=63460","og_site_name":"mojabochnia.pl - portal informacyjny","article_publisher":"https:\/\/www.facebook.com\/mojabochnia","article_published_time":"2011-11-21T08:02:16+00:00","article_modified_time":"2011-11-21T12:32:40+00:00","author":"Jacek Kucharski","twitter_card":"summary_large_image","twitter_misc":{"Written by":"Jacek Kucharski"},"schema":{"@context":"https:\/\/schema.org","@graph":[{"@type":"Article","@id":"https:\/\/www.mojabochnia.pl\/?p=63460#article","isPartOf":{"@id":"https:\/\/www.mojabochnia.pl\/?p=63460"},"author":{"name":"Jacek Kucharski","@id":"https:\/\/www.mojabochnia.pl\/#\/schema\/person\/cbf2046fc62995d3796f0c0160613698"},"headline":"Wystawa uczennic Liceum Plastycznego w MDK &#8211; Kaja Pilch i Dominika Wallitzky","datePublished":"2011-11-21T08:02:16+00:00","dateModified":"2011-11-21T12:32:40+00:00","mainEntityOfPage":{"@id":"https:\/\/www.mojabochnia.pl\/?p=63460"},"wordCount":83,"commentCount":0,"publisher":{"@id":"https:\/\/www.mojabochnia.pl\/#organization"},"keywords":["Dominika Wallitzky","Kaja Pilch","liceum plastyczne","MDK","wystawa"],"articleSection":["2_ostatnie","fotogaleria","kultura","Medium","tematyka"],"inLanguage":"pl-PL","potentialAction":[{"@type":"CommentAction","name":"Comment","target":["https:\/\/www.mojabochnia.pl\/?p=63460#respond"]}]},{"@type":"WebPage","@id":"https:\/\/www.mojabochnia.pl\/?p=63460","url":"https:\/\/www.mojabochnia.pl\/?p=63460","name":"Wystawa uczennic Liceum Plastycznego w MDK - Kaja Pilch i Dominika Wallitzky - mojabochnia.pl - portal informacyjny","isPartOf":{"@id":"https:\/\/www.mojabochnia.pl\/#website"},"datePublished":"2011-11-21T08:02:16+00:00","dateModified":"2011-11-21T12:32:40+00:00","breadcrumb":{"@id":"https:\/\/www.mojabochnia.pl\/?p=63460#breadcrumb"},"inLanguage":"pl-PL","potentialAction":[{"@type":"ReadAction","target":["https:\/\/www.mojabochnia.pl\/?p=63460"]}]},{"@type":"BreadcrumbList","@id":"https:\/\/www.mojabochnia.pl\/?p=63460#breadcrumb","itemListElement":[{"@type":"ListItem","position":1,"name":"Home","item":"https:\/\/www.mojabochnia.pl\/"},{"@type":"ListItem","position":2,"name":"Wystawa uczennic Liceum Plastycznego w MDK &#8211; Kaja Pilch i Dominika Wallitzky"}]},{"@type":"WebSite","@id":"https:\/\/www.mojabochnia.pl\/#website","url":"https:\/\/www.mojabochnia.pl\/","name":"mojabochnia.pl - portal informacyjny","description":"mojaBochnia to portal informacyjny o Bochni. Codziennie o Bochni piszemy i pokazujemy najwa\u017cniejsze wydarzenia","publisher":{"@id":"https:\/\/www.mojabochnia.pl\/#organization"},"potentialAction":[{"@type":"SearchAction","target":{"@type":"EntryPoint","urlTemplate":"https:\/\/www.mojabochnia.pl\/?s={search_term_string}"},"query-input":{"@type":"PropertyValueSpecification","valueRequired":true,"valueName":"search_term_string"}}],"inLanguage":"pl-PL"},{"@type":"Organization","@id":"https:\/\/www.mojabochnia.pl\/#organization","name":"mojabochnia.pl - portal informacyjny","url":"https:\/\/www.mojabochnia.pl\/","logo":{"@type":"ImageObject","inLanguage":"pl-PL","@id":"https:\/\/www.mojabochnia.pl\/#\/schema\/logo\/image\/","url":"https:\/\/www.mojabochnia.pl\/wp-content\/uploads\/2017\/08\/logo-mb-opt.png","contentUrl":"https:\/\/www.mojabochnia.pl\/wp-content\/uploads\/2017\/08\/logo-mb-opt.png","width":250,"height":48,"caption":"mojabochnia.pl - portal informacyjny"},"image":{"@id":"https:\/\/www.mojabochnia.pl\/#\/schema\/logo\/image\/"},"sameAs":["https:\/\/www.facebook.com\/mojabochnia"]},{"@type":"Person","@id":"https:\/\/www.mojabochnia.pl\/#\/schema\/person\/cbf2046fc62995d3796f0c0160613698","name":"Jacek Kucharski","url":"https:\/\/www.mojabochnia.pl\/?author=2"}]}},"_links":{"self":[{"href":"https:\/\/www.mojabochnia.pl\/index.php?rest_route=\/wp\/v2\/posts\/63460","targetHints":{"allow":["GET"]}}],"collection":[{"href":"https:\/\/www.mojabochnia.pl\/index.php?rest_route=\/wp\/v2\/posts"}],"about":[{"href":"https:\/\/www.mojabochnia.pl\/index.php?rest_route=\/wp\/v2\/types\/post"}],"author":[{"embeddable":true,"href":"https:\/\/www.mojabochnia.pl\/index.php?rest_route=\/wp\/v2\/users\/2"}],"replies":[{"embeddable":true,"href":"https:\/\/www.mojabochnia.pl\/index.php?rest_route=%2Fwp%2Fv2%2Fcomments&post=63460"}],"version-history":[{"count":4,"href":"https:\/\/www.mojabochnia.pl\/index.php?rest_route=\/wp\/v2\/posts\/63460\/revisions"}],"predecessor-version":[{"id":63481,"href":"https:\/\/www.mojabochnia.pl\/index.php?rest_route=\/wp\/v2\/posts\/63460\/revisions\/63481"}],"wp:attachment":[{"href":"https:\/\/www.mojabochnia.pl\/index.php?rest_route=%2Fwp%2Fv2%2Fmedia&parent=63460"}],"wp:term":[{"taxonomy":"category","embeddable":true,"href":"https:\/\/www.mojabochnia.pl\/index.php?rest_route=%2Fwp%2Fv2%2Fcategories&post=63460"},{"taxonomy":"post_tag","embeddable":true,"href":"https:\/\/www.mojabochnia.pl\/index.php?rest_route=%2Fwp%2Fv2%2Ftags&post=63460"}],"curies":[{"name":"wp","href":"https:\/\/api.w.org\/{rel}","templated":true}]}}