{"id":62779,"date":"2011-11-01T07:12:25","date_gmt":"2011-11-01T06:12:25","guid":{"rendered":"http:\/\/www.mojabochnia.pl\/?p=62779"},"modified":"2011-11-01T12:35:42","modified_gmt":"2011-11-01T11:35:42","slug":"1-2-listopada-dni-zadumy-i-modlitewnej-pamieci","status":"publish","type":"post","link":"https:\/\/www.mojabochnia.pl\/?p=62779","title":{"rendered":"1-2 listopada. Dni zadumy i modlitewnej pami\u0119ci"},"content":{"rendered":"<p>Ka\u017cda z boche\u0144skich parafii organizuje spotkanie modlitewne w\u015br\u00f3d grob\u00f3w tych, co ju\u017c odeszli. Parafia \u015bw. Miko\u0142aja w Bochni swoim zasi\u0119giem obejmuje cmentarz przy ul. Orackiej i tam odb\u0119d\u0105 si\u0119 wypominki. <\/p>\n<p>Wierni parafii \u015bw. Paw\u0142a Aposto\u0142a spotkaj\u0105 si\u0119 na cmentarzu \u015bw. Rozalii, a wierni z parafii \u015bw. Jana Nepomucena na \u0141ychowie.<\/p>\n<p>Jest zasadnicza r\u00f3\u017cnica mi\u0119dzy dniem 1 listopada, czyli Wszystkich \u015awi\u0119tych a 2 listopada, czyli Dniem Zadusznym. 1 listopada Ko\u015bci\u00f3\u0142 wspomina wszystkich, kt\u00f3rzy osi\u0105gn\u0119li \u015bwi\u0119to\u015b\u0107, w tym bezimiennych, cho\u0107 w ich przypadku papie\u017c w spos\u00f3b uroczysty tego nie og\u0142osi\u0142.<\/p>\n<p>2 listopada Ko\u015bci\u00f3\u0142 katolicki wspomina wszystkich wiernych zmar\u0142ych. Tradycyjnie dzie\u0144 ten jest nazywany Dniem Zadusznym. W intencji zmar\u0142ych odprawiane s\u0105 Msze \u015bw., wypominki, za dusze czy\u015b\u0107cowe mo\u017cna te\u017c zyska\u0107 odpust zupe\u0142ny. <\/p>\n<p>Odpust za dusze cierpi\u0105ce w czy\u015b\u0107cu mo\u017cna zyska\u0107 przez pierwszych 8 dni listopada. Warunkiem jest stan \u0142aski u\u015bwi\u0119caj\u0105cej, wyzbycie si\u0119 przywi\u0105zania do grzechu, przyj\u0119cie komunii \u015bwi\u0119tej, nawiedzenie ko\u015bcio\u0142a (1 i 2 XI) lub cmentarza (1-8 listopada), modlitwa Ojcze nasz, Wierz\u0119 w Boga, Zdrowa\u015b Maryjo oraz modlitwa w intencjach Ojca \u015bwi\u0119tego. <\/p>\n","protected":false},"excerpt":{"rendered":"<p>Wszystkich \u015awi\u0119tych i Dzie\u0144 Zaduszny, czyli 1 i 2 listopada \u2013 te 2 dni w roku w szczeg\u00f3lny spos\u00f3b sk\u0142aniaj\u0105 do refleksji nad przemijaniem. Ka\u017cdego z nas czeka \u015bmier\u0107. P\u00f3ki co odwiedzamy groby, zapalamy znicze, przynosimy kwiaty, ale &#8211; zdaniem wierz\u0105cych &#8211; najwa\u017cniejsza w tym czasie jest modlitwa. St\u0105d zwyczaj wypomink\u00f3w, organizowanych na cmentarzach.<\/p>\n","protected":false},"author":4,"featured_media":0,"comment_status":"open","ping_status":"closed","sticky":true,"template":"","format":"standard","meta":{"_acf_changed":false,"footnotes":""},"categories":[5,6250,1342],"tags":[17360,1383,17392,17834,17365,1433],"class_list":["post-62779","post","type-post","status-publish","format-standard","hentry","category-biezace-wydarzenia","category-tematyka","category-zycie-religijne","tag-cmentarz","tag-grob","tag-parafia","tag-refleksje","tag-wiara","tag-wszystkich-swietych","main_tag-cmentarz"],"acf":[],"yoast_head":"<!-- This site is optimized with the Yoast SEO plugin v26.9 - https:\/\/yoast.com\/product\/yoast-seo-wordpress\/ -->\n<title>1-2 listopada. Dni zadumy i modlitewnej pami\u0119ci  - mojabochnia.pl - portal informacyjny<\/title>\n<meta name=\"robots\" content=\"index, follow, max-snippet:-1, max-image-preview:large, max-video-preview:-1\" \/>\n<link rel=\"canonical\" href=\"https:\/\/www.mojabochnia.pl\/?p=62779\" \/>\n<meta property=\"og:locale\" content=\"pl_PL\" \/>\n<meta property=\"og:type\" content=\"article\" \/>\n<meta property=\"og:title\" content=\"1-2 listopada. Dni zadumy i modlitewnej pami\u0119ci  - mojabochnia.pl - portal informacyjny\" \/>\n<meta property=\"og:description\" content=\"Wszystkich \u015awi\u0119tych i Dzie\u0144 Zaduszny, czyli 1 i 2 listopada \u2013 te 2 dni w roku w szczeg\u00f3lny spos\u00f3b sk\u0142aniaj\u0105 do refleksji nad przemijaniem. Ka\u017cdego z nas czeka \u015bmier\u0107. P\u00f3ki co odwiedzamy groby, zapalamy znicze, przynosimy kwiaty, ale - zdaniem wierz\u0105cych - najwa\u017cniejsza w tym czasie jest modlitwa. St\u0105d zwyczaj wypomink\u00f3w, organizowanych na cmentarzach.\" \/>\n<meta property=\"og:url\" content=\"https:\/\/www.mojabochnia.pl\/?p=62779\" \/>\n<meta property=\"og:site_name\" content=\"mojabochnia.pl - portal informacyjny\" \/>\n<meta property=\"article:publisher\" content=\"https:\/\/www.facebook.com\/mojabochnia\" \/>\n<meta property=\"article:published_time\" content=\"2011-11-01T06:12:25+00:00\" \/>\n<meta property=\"article:modified_time\" content=\"2011-11-01T11:35:42+00:00\" \/>\n<meta name=\"author\" content=\"Pawe\u0142 Michalczyk\" \/>\n<meta name=\"twitter:card\" content=\"summary_large_image\" \/>\n<meta name=\"twitter:label1\" content=\"Written by\" \/>\n\t<meta name=\"twitter:data1\" content=\"Pawe\u0142 Michalczyk\" \/>\n\t<meta name=\"twitter:label2\" content=\"Est. reading time\" \/>\n\t<meta name=\"twitter:data2\" content=\"1 minuta\" \/>\n<script type=\"application\/ld+json\" class=\"yoast-schema-graph\">{\"@context\":\"https:\/\/schema.org\",\"@graph\":[{\"@type\":\"Article\",\"@id\":\"https:\/\/www.mojabochnia.pl\/?p=62779#article\",\"isPartOf\":{\"@id\":\"https:\/\/www.mojabochnia.pl\/?p=62779\"},\"author\":{\"name\":\"Pawe\u0142 Michalczyk\",\"@id\":\"https:\/\/www.mojabochnia.pl\/#\/schema\/person\/ea042e4724a77627963f02166828ead4\"},\"headline\":\"1-2 listopada. Dni zadumy i modlitewnej pami\u0119ci\",\"datePublished\":\"2011-11-01T06:12:25+00:00\",\"dateModified\":\"2011-11-01T11:35:42+00:00\",\"mainEntityOfPage\":{\"@id\":\"https:\/\/www.mojabochnia.pl\/?p=62779\"},\"wordCount\":208,\"commentCount\":0,\"publisher\":{\"@id\":\"https:\/\/www.mojabochnia.pl\/#organization\"},\"keywords\":[\"cmentarz\",\"gr\u00f3b\",\"parafia\",\"refleksje\",\"wiara\",\"wszystkich \u015bwi\u0119tych\"],\"articleSection\":[\"2_ostatnie\",\"tematyka\",\"\u017bycie religijne\"],\"inLanguage\":\"pl-PL\",\"potentialAction\":[{\"@type\":\"CommentAction\",\"name\":\"Comment\",\"target\":[\"https:\/\/www.mojabochnia.pl\/?p=62779#respond\"]}]},{\"@type\":\"WebPage\",\"@id\":\"https:\/\/www.mojabochnia.pl\/?p=62779\",\"url\":\"https:\/\/www.mojabochnia.pl\/?p=62779\",\"name\":\"1-2 listopada. Dni zadumy i modlitewnej pami\u0119ci - mojabochnia.pl - portal informacyjny\",\"isPartOf\":{\"@id\":\"https:\/\/www.mojabochnia.pl\/#website\"},\"datePublished\":\"2011-11-01T06:12:25+00:00\",\"dateModified\":\"2011-11-01T11:35:42+00:00\",\"breadcrumb\":{\"@id\":\"https:\/\/www.mojabochnia.pl\/?p=62779#breadcrumb\"},\"inLanguage\":\"pl-PL\",\"potentialAction\":[{\"@type\":\"ReadAction\",\"target\":[\"https:\/\/www.mojabochnia.pl\/?p=62779\"]}]},{\"@type\":\"BreadcrumbList\",\"@id\":\"https:\/\/www.mojabochnia.pl\/?p=62779#breadcrumb\",\"itemListElement\":[{\"@type\":\"ListItem\",\"position\":1,\"name\":\"Home\",\"item\":\"https:\/\/www.mojabochnia.pl\/\"},{\"@type\":\"ListItem\",\"position\":2,\"name\":\"1-2 listopada. Dni zadumy i modlitewnej pami\u0119ci\"}]},{\"@type\":\"WebSite\",\"@id\":\"https:\/\/www.mojabochnia.pl\/#website\",\"url\":\"https:\/\/www.mojabochnia.pl\/\",\"name\":\"mojabochnia.pl - portal informacyjny\",\"description\":\"mojaBochnia to portal informacyjny o Bochni. Codziennie o Bochni piszemy i pokazujemy najwa\u017cniejsze wydarzenia\",\"publisher\":{\"@id\":\"https:\/\/www.mojabochnia.pl\/#organization\"},\"potentialAction\":[{\"@type\":\"SearchAction\",\"target\":{\"@type\":\"EntryPoint\",\"urlTemplate\":\"https:\/\/www.mojabochnia.pl\/?s={search_term_string}\"},\"query-input\":{\"@type\":\"PropertyValueSpecification\",\"valueRequired\":true,\"valueName\":\"search_term_string\"}}],\"inLanguage\":\"pl-PL\"},{\"@type\":\"Organization\",\"@id\":\"https:\/\/www.mojabochnia.pl\/#organization\",\"name\":\"mojabochnia.pl - portal informacyjny\",\"url\":\"https:\/\/www.mojabochnia.pl\/\",\"logo\":{\"@type\":\"ImageObject\",\"inLanguage\":\"pl-PL\",\"@id\":\"https:\/\/www.mojabochnia.pl\/#\/schema\/logo\/image\/\",\"url\":\"https:\/\/www.mojabochnia.pl\/wp-content\/uploads\/2017\/08\/logo-mb-opt.png\",\"contentUrl\":\"https:\/\/www.mojabochnia.pl\/wp-content\/uploads\/2017\/08\/logo-mb-opt.png\",\"width\":250,\"height\":48,\"caption\":\"mojabochnia.pl - portal informacyjny\"},\"image\":{\"@id\":\"https:\/\/www.mojabochnia.pl\/#\/schema\/logo\/image\/\"},\"sameAs\":[\"https:\/\/www.facebook.com\/mojabochnia\"]},{\"@type\":\"Person\",\"@id\":\"https:\/\/www.mojabochnia.pl\/#\/schema\/person\/ea042e4724a77627963f02166828ead4\",\"name\":\"Pawe\u0142 Michalczyk\",\"url\":\"https:\/\/www.mojabochnia.pl\/?author=4\"}]}<\/script>\n<!-- \/ Yoast SEO plugin. -->","yoast_head_json":{"title":"1-2 listopada. Dni zadumy i modlitewnej pami\u0119ci  - mojabochnia.pl - portal informacyjny","robots":{"index":"index","follow":"follow","max-snippet":"max-snippet:-1","max-image-preview":"max-image-preview:large","max-video-preview":"max-video-preview:-1"},"canonical":"https:\/\/www.mojabochnia.pl\/?p=62779","og_locale":"pl_PL","og_type":"article","og_title":"1-2 listopada. Dni zadumy i modlitewnej pami\u0119ci  - mojabochnia.pl - portal informacyjny","og_description":"Wszystkich \u015awi\u0119tych i Dzie\u0144 Zaduszny, czyli 1 i 2 listopada \u2013 te 2 dni w roku w szczeg\u00f3lny spos\u00f3b sk\u0142aniaj\u0105 do refleksji nad przemijaniem. Ka\u017cdego z nas czeka \u015bmier\u0107. P\u00f3ki co odwiedzamy groby, zapalamy znicze, przynosimy kwiaty, ale - zdaniem wierz\u0105cych - najwa\u017cniejsza w tym czasie jest modlitwa. St\u0105d zwyczaj wypomink\u00f3w, organizowanych na cmentarzach.","og_url":"https:\/\/www.mojabochnia.pl\/?p=62779","og_site_name":"mojabochnia.pl - portal informacyjny","article_publisher":"https:\/\/www.facebook.com\/mojabochnia","article_published_time":"2011-11-01T06:12:25+00:00","article_modified_time":"2011-11-01T11:35:42+00:00","author":"Pawe\u0142 Michalczyk","twitter_card":"summary_large_image","twitter_misc":{"Written by":"Pawe\u0142 Michalczyk","Est. reading time":"1 minuta"},"schema":{"@context":"https:\/\/schema.org","@graph":[{"@type":"Article","@id":"https:\/\/www.mojabochnia.pl\/?p=62779#article","isPartOf":{"@id":"https:\/\/www.mojabochnia.pl\/?p=62779"},"author":{"name":"Pawe\u0142 Michalczyk","@id":"https:\/\/www.mojabochnia.pl\/#\/schema\/person\/ea042e4724a77627963f02166828ead4"},"headline":"1-2 listopada. Dni zadumy i modlitewnej pami\u0119ci","datePublished":"2011-11-01T06:12:25+00:00","dateModified":"2011-11-01T11:35:42+00:00","mainEntityOfPage":{"@id":"https:\/\/www.mojabochnia.pl\/?p=62779"},"wordCount":208,"commentCount":0,"publisher":{"@id":"https:\/\/www.mojabochnia.pl\/#organization"},"keywords":["cmentarz","gr\u00f3b","parafia","refleksje","wiara","wszystkich \u015bwi\u0119tych"],"articleSection":["2_ostatnie","tematyka","\u017bycie religijne"],"inLanguage":"pl-PL","potentialAction":[{"@type":"CommentAction","name":"Comment","target":["https:\/\/www.mojabochnia.pl\/?p=62779#respond"]}]},{"@type":"WebPage","@id":"https:\/\/www.mojabochnia.pl\/?p=62779","url":"https:\/\/www.mojabochnia.pl\/?p=62779","name":"1-2 listopada. Dni zadumy i modlitewnej pami\u0119ci - mojabochnia.pl - portal informacyjny","isPartOf":{"@id":"https:\/\/www.mojabochnia.pl\/#website"},"datePublished":"2011-11-01T06:12:25+00:00","dateModified":"2011-11-01T11:35:42+00:00","breadcrumb":{"@id":"https:\/\/www.mojabochnia.pl\/?p=62779#breadcrumb"},"inLanguage":"pl-PL","potentialAction":[{"@type":"ReadAction","target":["https:\/\/www.mojabochnia.pl\/?p=62779"]}]},{"@type":"BreadcrumbList","@id":"https:\/\/www.mojabochnia.pl\/?p=62779#breadcrumb","itemListElement":[{"@type":"ListItem","position":1,"name":"Home","item":"https:\/\/www.mojabochnia.pl\/"},{"@type":"ListItem","position":2,"name":"1-2 listopada. Dni zadumy i modlitewnej pami\u0119ci"}]},{"@type":"WebSite","@id":"https:\/\/www.mojabochnia.pl\/#website","url":"https:\/\/www.mojabochnia.pl\/","name":"mojabochnia.pl - portal informacyjny","description":"mojaBochnia to portal informacyjny o Bochni. Codziennie o Bochni piszemy i pokazujemy najwa\u017cniejsze wydarzenia","publisher":{"@id":"https:\/\/www.mojabochnia.pl\/#organization"},"potentialAction":[{"@type":"SearchAction","target":{"@type":"EntryPoint","urlTemplate":"https:\/\/www.mojabochnia.pl\/?s={search_term_string}"},"query-input":{"@type":"PropertyValueSpecification","valueRequired":true,"valueName":"search_term_string"}}],"inLanguage":"pl-PL"},{"@type":"Organization","@id":"https:\/\/www.mojabochnia.pl\/#organization","name":"mojabochnia.pl - portal informacyjny","url":"https:\/\/www.mojabochnia.pl\/","logo":{"@type":"ImageObject","inLanguage":"pl-PL","@id":"https:\/\/www.mojabochnia.pl\/#\/schema\/logo\/image\/","url":"https:\/\/www.mojabochnia.pl\/wp-content\/uploads\/2017\/08\/logo-mb-opt.png","contentUrl":"https:\/\/www.mojabochnia.pl\/wp-content\/uploads\/2017\/08\/logo-mb-opt.png","width":250,"height":48,"caption":"mojabochnia.pl - portal informacyjny"},"image":{"@id":"https:\/\/www.mojabochnia.pl\/#\/schema\/logo\/image\/"},"sameAs":["https:\/\/www.facebook.com\/mojabochnia"]},{"@type":"Person","@id":"https:\/\/www.mojabochnia.pl\/#\/schema\/person\/ea042e4724a77627963f02166828ead4","name":"Pawe\u0142 Michalczyk","url":"https:\/\/www.mojabochnia.pl\/?author=4"}]}},"_links":{"self":[{"href":"https:\/\/www.mojabochnia.pl\/index.php?rest_route=\/wp\/v2\/posts\/62779","targetHints":{"allow":["GET"]}}],"collection":[{"href":"https:\/\/www.mojabochnia.pl\/index.php?rest_route=\/wp\/v2\/posts"}],"about":[{"href":"https:\/\/www.mojabochnia.pl\/index.php?rest_route=\/wp\/v2\/types\/post"}],"author":[{"embeddable":true,"href":"https:\/\/www.mojabochnia.pl\/index.php?rest_route=\/wp\/v2\/users\/4"}],"replies":[{"embeddable":true,"href":"https:\/\/www.mojabochnia.pl\/index.php?rest_route=%2Fwp%2Fv2%2Fcomments&post=62779"}],"version-history":[{"count":5,"href":"https:\/\/www.mojabochnia.pl\/index.php?rest_route=\/wp\/v2\/posts\/62779\/revisions"}],"predecessor-version":[{"id":62784,"href":"https:\/\/www.mojabochnia.pl\/index.php?rest_route=\/wp\/v2\/posts\/62779\/revisions\/62784"}],"wp:attachment":[{"href":"https:\/\/www.mojabochnia.pl\/index.php?rest_route=%2Fwp%2Fv2%2Fmedia&parent=62779"}],"wp:term":[{"taxonomy":"category","embeddable":true,"href":"https:\/\/www.mojabochnia.pl\/index.php?rest_route=%2Fwp%2Fv2%2Fcategories&post=62779"},{"taxonomy":"post_tag","embeddable":true,"href":"https:\/\/www.mojabochnia.pl\/index.php?rest_route=%2Fwp%2Fv2%2Ftags&post=62779"}],"curies":[{"name":"wp","href":"https:\/\/api.w.org\/{rel}","templated":true}]}}