{"id":60830,"date":"2011-09-27T08:39:54","date_gmt":"2011-09-27T06:39:54","guid":{"rendered":"http:\/\/www.mojabochnia.pl\/?p=60830"},"modified":"2011-09-27T10:04:50","modified_gmt":"2011-09-27T08:04:50","slug":"25-zgloszen-na-festiwal-piosenki-maryjnej","status":"publish","type":"post","link":"https:\/\/www.mojabochnia.pl\/?p=60830","title":{"rendered":"35 zg\u0142osze\u0144 na Festiwal Piosenki Maryjnej"},"content":{"rendered":"<p>Po wst\u0119pnej selekcji do przes\u0142ucha\u0144 konkursowych zakwalifikowano 26 wykonawc\u00f3w z ca\u0142ej Polski. Jak m\u00f3wi ks. Mariusz Gr\u00f3dek, organizator imprezy, utrzymuje si\u0119 tendencja z lat ubieg\u0142ych. <\/p>\n<p><em>Dominuj\u0105 soli\u015bci. Zespo\u0142\u00f3w zg\u0142osi\u0142o si\u0119 8, z czego 6 zosta\u0142o zaakceptowanych i wyst\u0105pi podczas festiwalu. Najwi\u0119cej za\u015b jest solist\u00f3w: dzieci, m\u0142odzie\u017cy i doros\u0142ych. Wiek konkursowicz\u00f3w jest od 7 do 35 lat<\/em> \u2013 m\u00f3wi ks. Mariusz Gr\u00f3dek.<\/p>\n<p>Dominuj\u0105 wykonawcy z okolic Ma\u0142opolski, ale s\u0105 r\u00f3wnie\u017c tacy, kt\u00f3rzy do Bochni przyjad\u0105 np. z wojew\u00f3dztwa zachodniopomorskiego. S\u0105 r\u00f3wnie\u017c osoby z diecezji katowickiej, bielsko-\u017cywieckiej, sandomierskiej, \u0142om\u017cy\u0144skiej. <\/p>\n<p><em>My\u015bl\u0119, \u017ce nie zabraknie dobrych, ciekawych wyst\u0119p\u00f3w, dlatego tym bardziej warto wzi\u0105\u0107 udzia\u0142 w tym festiwalu jako widz <\/em>\u2013 dodaje ks. Mariusz Gr\u00f3dek. <\/p>\n<p>XIX Festiwal Piosenki Maryjnej w Bochni odb\u0119dzie si\u0119 w najbli\u017csz\u0105 sobot\u0119 i niedziel\u0119. Przes\u0142uchania konkursowe w Oratorium \u015bw. Kingi potrwaj\u0105 w sobot\u0119 od 15.00. Wyst\u0119p go\u015bcia specjalnego festiwalu, Tomka Kami\u0144skiego, rozpocznie si\u0119 o 20.00. <\/p>\n<p>Og\u0142oszenie wynik\u00f3w i koncert laureat\u00f3w w niedziel\u0119 o 13.00. <\/p>\n","protected":false},"excerpt":{"rendered":"<p>Dobieg\u0142o ko\u0144ca przyjmowanie zg\u0142osze\u0144 na Festiwal Piosenki Maryjnej w Bochni. W konkursie chce wyst\u0105pi\u0107 35 wykonawc\u00f3w z ca\u0142ej Polski. Rozpi\u0119to\u015b\u0107 wieku jest spora: od 7 do 35 lat.<\/p>\n","protected":false},"author":4,"featured_media":0,"comment_status":"open","ping_status":"closed","sticky":false,"template":"","format":"standard","meta":{"_acf_changed":false,"footnotes":""},"categories":[5,6250,1342],"tags":[17608,17384,17122,921,869,27],"class_list":["post-60830","post","type-post","status-publish","format-standard","hentry","category-biezace-wydarzenia","category-tematyka","category-zycie-religijne","tag-bazylika","tag-festiwal-piosenki-maryjnej","tag-konkurs","tag-ks-mariusz-grodek","tag-oratorium-sw-kingi","tag-parafia-sw-mikolaja","main_tag-festiwal-piosenki-maryjnej"],"acf":[],"yoast_head":"<!-- This site is optimized with the Yoast SEO plugin v26.9 - https:\/\/yoast.com\/product\/yoast-seo-wordpress\/ -->\n<title>35 zg\u0142osze\u0144 na Festiwal Piosenki Maryjnej - mojabochnia.pl - portal informacyjny<\/title>\n<meta name=\"robots\" content=\"index, follow, max-snippet:-1, max-image-preview:large, max-video-preview:-1\" \/>\n<link rel=\"canonical\" href=\"https:\/\/www.mojabochnia.pl\/?p=60830\" \/>\n<meta property=\"og:locale\" content=\"pl_PL\" \/>\n<meta property=\"og:type\" content=\"article\" \/>\n<meta property=\"og:title\" content=\"35 zg\u0142osze\u0144 na Festiwal Piosenki Maryjnej - mojabochnia.pl - portal informacyjny\" \/>\n<meta property=\"og:description\" content=\"Dobieg\u0142o ko\u0144ca przyjmowanie zg\u0142osze\u0144 na Festiwal Piosenki Maryjnej w Bochni. W konkursie chce wyst\u0105pi\u0107 35 wykonawc\u00f3w z ca\u0142ej Polski. Rozpi\u0119to\u015b\u0107 wieku jest spora: od 7 do 35 lat.\" \/>\n<meta property=\"og:url\" content=\"https:\/\/www.mojabochnia.pl\/?p=60830\" \/>\n<meta property=\"og:site_name\" content=\"mojabochnia.pl - portal informacyjny\" \/>\n<meta property=\"article:publisher\" content=\"https:\/\/www.facebook.com\/mojabochnia\" \/>\n<meta property=\"article:published_time\" content=\"2011-09-27T06:39:54+00:00\" \/>\n<meta property=\"article:modified_time\" content=\"2011-09-27T08:04:50+00:00\" \/>\n<meta name=\"author\" content=\"Pawe\u0142 Michalczyk\" \/>\n<meta name=\"twitter:card\" content=\"summary_large_image\" \/>\n<meta name=\"twitter:label1\" content=\"Written by\" \/>\n\t<meta name=\"twitter:data1\" content=\"Pawe\u0142 Michalczyk\" \/>\n\t<meta name=\"twitter:label2\" content=\"Est. reading time\" \/>\n\t<meta name=\"twitter:data2\" content=\"1 minuta\" \/>\n<script type=\"application\/ld+json\" class=\"yoast-schema-graph\">{\"@context\":\"https:\/\/schema.org\",\"@graph\":[{\"@type\":\"Article\",\"@id\":\"https:\/\/www.mojabochnia.pl\/?p=60830#article\",\"isPartOf\":{\"@id\":\"https:\/\/www.mojabochnia.pl\/?p=60830\"},\"author\":{\"name\":\"Pawe\u0142 Michalczyk\",\"@id\":\"https:\/\/www.mojabochnia.pl\/#\/schema\/person\/ea042e4724a77627963f02166828ead4\"},\"headline\":\"35 zg\u0142osze\u0144 na Festiwal Piosenki Maryjnej\",\"datePublished\":\"2011-09-27T06:39:54+00:00\",\"dateModified\":\"2011-09-27T08:04:50+00:00\",\"mainEntityOfPage\":{\"@id\":\"https:\/\/www.mojabochnia.pl\/?p=60830\"},\"wordCount\":191,\"commentCount\":0,\"publisher\":{\"@id\":\"https:\/\/www.mojabochnia.pl\/#organization\"},\"keywords\":[\"bazylika\",\"festiwal piosenki maryjnej\",\"konkurs\",\"ks. mariusz gr\u00f3dek\",\"oratorium \u015bw. kingi\",\"Parafia \u015bw. Miko\u0142aja\"],\"articleSection\":[\"2_ostatnie\",\"tematyka\",\"\u017bycie religijne\"],\"inLanguage\":\"pl-PL\",\"potentialAction\":[{\"@type\":\"CommentAction\",\"name\":\"Comment\",\"target\":[\"https:\/\/www.mojabochnia.pl\/?p=60830#respond\"]}]},{\"@type\":\"WebPage\",\"@id\":\"https:\/\/www.mojabochnia.pl\/?p=60830\",\"url\":\"https:\/\/www.mojabochnia.pl\/?p=60830\",\"name\":\"35 zg\u0142osze\u0144 na Festiwal Piosenki Maryjnej - mojabochnia.pl - portal informacyjny\",\"isPartOf\":{\"@id\":\"https:\/\/www.mojabochnia.pl\/#website\"},\"datePublished\":\"2011-09-27T06:39:54+00:00\",\"dateModified\":\"2011-09-27T08:04:50+00:00\",\"breadcrumb\":{\"@id\":\"https:\/\/www.mojabochnia.pl\/?p=60830#breadcrumb\"},\"inLanguage\":\"pl-PL\",\"potentialAction\":[{\"@type\":\"ReadAction\",\"target\":[\"https:\/\/www.mojabochnia.pl\/?p=60830\"]}]},{\"@type\":\"BreadcrumbList\",\"@id\":\"https:\/\/www.mojabochnia.pl\/?p=60830#breadcrumb\",\"itemListElement\":[{\"@type\":\"ListItem\",\"position\":1,\"name\":\"Home\",\"item\":\"https:\/\/www.mojabochnia.pl\/\"},{\"@type\":\"ListItem\",\"position\":2,\"name\":\"35 zg\u0142osze\u0144 na Festiwal Piosenki Maryjnej\"}]},{\"@type\":\"WebSite\",\"@id\":\"https:\/\/www.mojabochnia.pl\/#website\",\"url\":\"https:\/\/www.mojabochnia.pl\/\",\"name\":\"mojabochnia.pl - portal informacyjny\",\"description\":\"mojaBochnia to portal informacyjny o Bochni. Codziennie o Bochni piszemy i pokazujemy najwa\u017cniejsze wydarzenia\",\"publisher\":{\"@id\":\"https:\/\/www.mojabochnia.pl\/#organization\"},\"potentialAction\":[{\"@type\":\"SearchAction\",\"target\":{\"@type\":\"EntryPoint\",\"urlTemplate\":\"https:\/\/www.mojabochnia.pl\/?s={search_term_string}\"},\"query-input\":{\"@type\":\"PropertyValueSpecification\",\"valueRequired\":true,\"valueName\":\"search_term_string\"}}],\"inLanguage\":\"pl-PL\"},{\"@type\":\"Organization\",\"@id\":\"https:\/\/www.mojabochnia.pl\/#organization\",\"name\":\"mojabochnia.pl - portal informacyjny\",\"url\":\"https:\/\/www.mojabochnia.pl\/\",\"logo\":{\"@type\":\"ImageObject\",\"inLanguage\":\"pl-PL\",\"@id\":\"https:\/\/www.mojabochnia.pl\/#\/schema\/logo\/image\/\",\"url\":\"https:\/\/www.mojabochnia.pl\/wp-content\/uploads\/2017\/08\/logo-mb-opt.png\",\"contentUrl\":\"https:\/\/www.mojabochnia.pl\/wp-content\/uploads\/2017\/08\/logo-mb-opt.png\",\"width\":250,\"height\":48,\"caption\":\"mojabochnia.pl - portal informacyjny\"},\"image\":{\"@id\":\"https:\/\/www.mojabochnia.pl\/#\/schema\/logo\/image\/\"},\"sameAs\":[\"https:\/\/www.facebook.com\/mojabochnia\"]},{\"@type\":\"Person\",\"@id\":\"https:\/\/www.mojabochnia.pl\/#\/schema\/person\/ea042e4724a77627963f02166828ead4\",\"name\":\"Pawe\u0142 Michalczyk\",\"url\":\"https:\/\/www.mojabochnia.pl\/?author=4\"}]}<\/script>\n<!-- \/ Yoast SEO plugin. -->","yoast_head_json":{"title":"35 zg\u0142osze\u0144 na Festiwal Piosenki Maryjnej - mojabochnia.pl - portal informacyjny","robots":{"index":"index","follow":"follow","max-snippet":"max-snippet:-1","max-image-preview":"max-image-preview:large","max-video-preview":"max-video-preview:-1"},"canonical":"https:\/\/www.mojabochnia.pl\/?p=60830","og_locale":"pl_PL","og_type":"article","og_title":"35 zg\u0142osze\u0144 na Festiwal Piosenki Maryjnej - mojabochnia.pl - portal informacyjny","og_description":"Dobieg\u0142o ko\u0144ca przyjmowanie zg\u0142osze\u0144 na Festiwal Piosenki Maryjnej w Bochni. W konkursie chce wyst\u0105pi\u0107 35 wykonawc\u00f3w z ca\u0142ej Polski. Rozpi\u0119to\u015b\u0107 wieku jest spora: od 7 do 35 lat.","og_url":"https:\/\/www.mojabochnia.pl\/?p=60830","og_site_name":"mojabochnia.pl - portal informacyjny","article_publisher":"https:\/\/www.facebook.com\/mojabochnia","article_published_time":"2011-09-27T06:39:54+00:00","article_modified_time":"2011-09-27T08:04:50+00:00","author":"Pawe\u0142 Michalczyk","twitter_card":"summary_large_image","twitter_misc":{"Written by":"Pawe\u0142 Michalczyk","Est. reading time":"1 minuta"},"schema":{"@context":"https:\/\/schema.org","@graph":[{"@type":"Article","@id":"https:\/\/www.mojabochnia.pl\/?p=60830#article","isPartOf":{"@id":"https:\/\/www.mojabochnia.pl\/?p=60830"},"author":{"name":"Pawe\u0142 Michalczyk","@id":"https:\/\/www.mojabochnia.pl\/#\/schema\/person\/ea042e4724a77627963f02166828ead4"},"headline":"35 zg\u0142osze\u0144 na Festiwal Piosenki Maryjnej","datePublished":"2011-09-27T06:39:54+00:00","dateModified":"2011-09-27T08:04:50+00:00","mainEntityOfPage":{"@id":"https:\/\/www.mojabochnia.pl\/?p=60830"},"wordCount":191,"commentCount":0,"publisher":{"@id":"https:\/\/www.mojabochnia.pl\/#organization"},"keywords":["bazylika","festiwal piosenki maryjnej","konkurs","ks. mariusz gr\u00f3dek","oratorium \u015bw. kingi","Parafia \u015bw. Miko\u0142aja"],"articleSection":["2_ostatnie","tematyka","\u017bycie religijne"],"inLanguage":"pl-PL","potentialAction":[{"@type":"CommentAction","name":"Comment","target":["https:\/\/www.mojabochnia.pl\/?p=60830#respond"]}]},{"@type":"WebPage","@id":"https:\/\/www.mojabochnia.pl\/?p=60830","url":"https:\/\/www.mojabochnia.pl\/?p=60830","name":"35 zg\u0142osze\u0144 na Festiwal Piosenki Maryjnej - mojabochnia.pl - portal informacyjny","isPartOf":{"@id":"https:\/\/www.mojabochnia.pl\/#website"},"datePublished":"2011-09-27T06:39:54+00:00","dateModified":"2011-09-27T08:04:50+00:00","breadcrumb":{"@id":"https:\/\/www.mojabochnia.pl\/?p=60830#breadcrumb"},"inLanguage":"pl-PL","potentialAction":[{"@type":"ReadAction","target":["https:\/\/www.mojabochnia.pl\/?p=60830"]}]},{"@type":"BreadcrumbList","@id":"https:\/\/www.mojabochnia.pl\/?p=60830#breadcrumb","itemListElement":[{"@type":"ListItem","position":1,"name":"Home","item":"https:\/\/www.mojabochnia.pl\/"},{"@type":"ListItem","position":2,"name":"35 zg\u0142osze\u0144 na Festiwal Piosenki Maryjnej"}]},{"@type":"WebSite","@id":"https:\/\/www.mojabochnia.pl\/#website","url":"https:\/\/www.mojabochnia.pl\/","name":"mojabochnia.pl - portal informacyjny","description":"mojaBochnia to portal informacyjny o Bochni. Codziennie o Bochni piszemy i pokazujemy najwa\u017cniejsze wydarzenia","publisher":{"@id":"https:\/\/www.mojabochnia.pl\/#organization"},"potentialAction":[{"@type":"SearchAction","target":{"@type":"EntryPoint","urlTemplate":"https:\/\/www.mojabochnia.pl\/?s={search_term_string}"},"query-input":{"@type":"PropertyValueSpecification","valueRequired":true,"valueName":"search_term_string"}}],"inLanguage":"pl-PL"},{"@type":"Organization","@id":"https:\/\/www.mojabochnia.pl\/#organization","name":"mojabochnia.pl - portal informacyjny","url":"https:\/\/www.mojabochnia.pl\/","logo":{"@type":"ImageObject","inLanguage":"pl-PL","@id":"https:\/\/www.mojabochnia.pl\/#\/schema\/logo\/image\/","url":"https:\/\/www.mojabochnia.pl\/wp-content\/uploads\/2017\/08\/logo-mb-opt.png","contentUrl":"https:\/\/www.mojabochnia.pl\/wp-content\/uploads\/2017\/08\/logo-mb-opt.png","width":250,"height":48,"caption":"mojabochnia.pl - portal informacyjny"},"image":{"@id":"https:\/\/www.mojabochnia.pl\/#\/schema\/logo\/image\/"},"sameAs":["https:\/\/www.facebook.com\/mojabochnia"]},{"@type":"Person","@id":"https:\/\/www.mojabochnia.pl\/#\/schema\/person\/ea042e4724a77627963f02166828ead4","name":"Pawe\u0142 Michalczyk","url":"https:\/\/www.mojabochnia.pl\/?author=4"}]}},"_links":{"self":[{"href":"https:\/\/www.mojabochnia.pl\/index.php?rest_route=\/wp\/v2\/posts\/60830","targetHints":{"allow":["GET"]}}],"collection":[{"href":"https:\/\/www.mojabochnia.pl\/index.php?rest_route=\/wp\/v2\/posts"}],"about":[{"href":"https:\/\/www.mojabochnia.pl\/index.php?rest_route=\/wp\/v2\/types\/post"}],"author":[{"embeddable":true,"href":"https:\/\/www.mojabochnia.pl\/index.php?rest_route=\/wp\/v2\/users\/4"}],"replies":[{"embeddable":true,"href":"https:\/\/www.mojabochnia.pl\/index.php?rest_route=%2Fwp%2Fv2%2Fcomments&post=60830"}],"version-history":[{"count":6,"href":"https:\/\/www.mojabochnia.pl\/index.php?rest_route=\/wp\/v2\/posts\/60830\/revisions"}],"predecessor-version":[{"id":60855,"href":"https:\/\/www.mojabochnia.pl\/index.php?rest_route=\/wp\/v2\/posts\/60830\/revisions\/60855"}],"wp:attachment":[{"href":"https:\/\/www.mojabochnia.pl\/index.php?rest_route=%2Fwp%2Fv2%2Fmedia&parent=60830"}],"wp:term":[{"taxonomy":"category","embeddable":true,"href":"https:\/\/www.mojabochnia.pl\/index.php?rest_route=%2Fwp%2Fv2%2Fcategories&post=60830"},{"taxonomy":"post_tag","embeddable":true,"href":"https:\/\/www.mojabochnia.pl\/index.php?rest_route=%2Fwp%2Fv2%2Ftags&post=60830"}],"curies":[{"name":"wp","href":"https:\/\/api.w.org\/{rel}","templated":true}]}}