{"id":605,"date":"2008-07-12T12:36:36","date_gmt":"2008-07-12T10:36:36","guid":{"rendered":"http:\/\/beta.mojabochnia.pl\/?p=605"},"modified":"2008-08-08T14:59:48","modified_gmt":"2008-08-08T12:59:48","slug":"w-kinie-2-dni-w-paryzu-i-kochanice-krola","status":"publish","type":"post","link":"https:\/\/www.mojabochnia.pl\/?p=605","title":{"rendered":"W kinie: '2 dni w Pary\u017cu&#8217; i 'Kochanice Kr\u00f3la&#8217;"},"content":{"rendered":"<p>2 dni w Pary\u017cu<br \/>\nFilm opowiada histori\u0119 pary z Nowego Yorku, kt\u00f3ra stara si\u0119 wskrzesi\u0107 \u017car swojego zwi\u0105zku na wakacjach w Europie. Tydzie\u0144 w Wenecji okaza\u0142 si\u0119 kompletn\u0105 klap\u0105. Obydwoje maj\u0105 wi\u0119ksze oczekiwania, co do ostatnich dw\u00f3ch dni w Pary\u017cu. Niestety, kombinacja nie m\u00f3wi\u0105cych po angielsku rodzic\u00f3w Marion, jej by\u0142ych ch\u0142opak\u00f3w i obsesji Jacka na punkcie fotografowania wszystkiego naoko\u0142o, nie wr\u00f3\u017cy im zbyt dobrze.<\/p>\n<p>Du\u017ca Sala: codziennie o godz. 17.00<br \/>\nFrancja, Niemcy; 2007<br \/>\nKomedia rom.; 96 min. od 12 lat<br \/>\nRe\u017c. Julie Delpy, Obsada: Julie Delpy (&#8222;Przed zachodem s\u0142o\u0144ca&#8221;, &#8222;Broken Flowers&#8221;), Adam Goldberg (&#8222;Zodiak&#8221;), Daniel Br\u00fchl<\/p>\n<p>Kochanice Kr\u00f3la<br \/>\nFilm opowiada histori\u0119 dw\u00f3ch chorobliwie ambitnych si\u00f3str &#8211; Marii i Anny Boleyn. Stan\u0119\u0142y przeciwko sobie w walce o \u0142\u00f3\u017cko i serce kr\u00f3la Henryka Tudora VIII. Portman i Johansson zagraj\u0105 siostry Boleyn. Eric Bana wcieli si\u0119 w posta\u0107 kr\u00f3la.<\/p>\n<p>Du\u017ca Sala: codziennie o godz. 19.00<br \/>\nUSA, Wielka Brytania; 2008<br \/>\nDramat historyczny; 115 min. od 12 lat<br \/>\nRe\u017c. Justin Chadwick, Obsada: Natalie Portman, Scarlett Johansson, Eric Bana <\/p>\n","protected":false},"excerpt":{"rendered":"<p>Od pi\u0105tku w kinie Regis wy\u015bwietlane s\u0105 kolejne dwa filmy. Komedia romantyczna '2 dni w Pary\u017cu&#8217; i dramat historyczny 'Kochanice Kr\u00f3la&#8217;.<\/p>\n","protected":false},"author":8,"featured_media":0,"comment_status":"open","ping_status":"open","sticky":false,"template":"","format":"standard","meta":{"_acf_changed":false,"footnotes":""},"categories":[5],"tags":[17263],"class_list":["post-605","post","type-post","status-publish","format-standard","hentry","category-biezace-wydarzenia","tag-kino-regis"],"acf":[],"yoast_head":"<!-- This site is optimized with the Yoast SEO plugin v26.9 - https:\/\/yoast.com\/product\/yoast-seo-wordpress\/ -->\n<title>W kinie: &#039;2 dni w Pary\u017cu&#039; i &#039;Kochanice Kr\u00f3la&#039; - mojabochnia.pl - portal informacyjny<\/title>\n<meta name=\"robots\" content=\"index, follow, max-snippet:-1, max-image-preview:large, max-video-preview:-1\" \/>\n<link rel=\"canonical\" href=\"https:\/\/www.mojabochnia.pl\/?p=605\" \/>\n<meta property=\"og:locale\" content=\"pl_PL\" \/>\n<meta property=\"og:type\" content=\"article\" \/>\n<meta property=\"og:title\" content=\"W kinie: &#039;2 dni w Pary\u017cu&#039; i &#039;Kochanice Kr\u00f3la&#039; - mojabochnia.pl - portal informacyjny\" \/>\n<meta property=\"og:description\" content=\"Od pi\u0105tku w kinie Regis wy\u015bwietlane s\u0105 kolejne dwa filmy. Komedia romantyczna &#039;2 dni w Pary\u017cu&#039; i dramat historyczny &#039;Kochanice Kr\u00f3la&#039;.\" \/>\n<meta property=\"og:url\" content=\"https:\/\/www.mojabochnia.pl\/?p=605\" \/>\n<meta property=\"og:site_name\" content=\"mojabochnia.pl - portal informacyjny\" \/>\n<meta property=\"article:publisher\" content=\"https:\/\/www.facebook.com\/mojabochnia\" \/>\n<meta property=\"article:published_time\" content=\"2008-07-12T10:36:36+00:00\" \/>\n<meta property=\"article:modified_time\" content=\"2008-08-08T12:59:48+00:00\" \/>\n<meta name=\"author\" content=\"informacja prasowa\" \/>\n<meta name=\"twitter:card\" content=\"summary_large_image\" \/>\n<meta name=\"twitter:label1\" content=\"Written by\" \/>\n\t<meta name=\"twitter:data1\" content=\"informacja prasowa\" \/>\n\t<meta name=\"twitter:label2\" content=\"Est. reading time\" \/>\n\t<meta name=\"twitter:data2\" content=\"1 minuta\" \/>\n<script type=\"application\/ld+json\" class=\"yoast-schema-graph\">{\"@context\":\"https:\/\/schema.org\",\"@graph\":[{\"@type\":\"Article\",\"@id\":\"https:\/\/www.mojabochnia.pl\/?p=605#article\",\"isPartOf\":{\"@id\":\"https:\/\/www.mojabochnia.pl\/?p=605\"},\"author\":{\"name\":\"informacja prasowa\",\"@id\":\"https:\/\/www.mojabochnia.pl\/#\/schema\/person\/9e15cf1bcb74043790f124a3130fe41e\"},\"headline\":\"W kinie: '2 dni w Pary\u017cu&#8217; i 'Kochanice Kr\u00f3la&#8217;\",\"datePublished\":\"2008-07-12T10:36:36+00:00\",\"dateModified\":\"2008-08-08T12:59:48+00:00\",\"mainEntityOfPage\":{\"@id\":\"https:\/\/www.mojabochnia.pl\/?p=605\"},\"wordCount\":190,\"commentCount\":0,\"publisher\":{\"@id\":\"https:\/\/www.mojabochnia.pl\/#organization\"},\"keywords\":[\"kino regis\"],\"articleSection\":[\"2_ostatnie\"],\"inLanguage\":\"pl-PL\",\"potentialAction\":[{\"@type\":\"CommentAction\",\"name\":\"Comment\",\"target\":[\"https:\/\/www.mojabochnia.pl\/?p=605#respond\"]}]},{\"@type\":\"WebPage\",\"@id\":\"https:\/\/www.mojabochnia.pl\/?p=605\",\"url\":\"https:\/\/www.mojabochnia.pl\/?p=605\",\"name\":\"W kinie: '2 dni w Pary\u017cu' i 'Kochanice Kr\u00f3la' - mojabochnia.pl - portal informacyjny\",\"isPartOf\":{\"@id\":\"https:\/\/www.mojabochnia.pl\/#website\"},\"datePublished\":\"2008-07-12T10:36:36+00:00\",\"dateModified\":\"2008-08-08T12:59:48+00:00\",\"breadcrumb\":{\"@id\":\"https:\/\/www.mojabochnia.pl\/?p=605#breadcrumb\"},\"inLanguage\":\"pl-PL\",\"potentialAction\":[{\"@type\":\"ReadAction\",\"target\":[\"https:\/\/www.mojabochnia.pl\/?p=605\"]}]},{\"@type\":\"BreadcrumbList\",\"@id\":\"https:\/\/www.mojabochnia.pl\/?p=605#breadcrumb\",\"itemListElement\":[{\"@type\":\"ListItem\",\"position\":1,\"name\":\"Home\",\"item\":\"https:\/\/www.mojabochnia.pl\/\"},{\"@type\":\"ListItem\",\"position\":2,\"name\":\"W kinie: '2 dni w Pary\u017cu&#8217; i 'Kochanice Kr\u00f3la&#8217;\"}]},{\"@type\":\"WebSite\",\"@id\":\"https:\/\/www.mojabochnia.pl\/#website\",\"url\":\"https:\/\/www.mojabochnia.pl\/\",\"name\":\"mojabochnia.pl - portal informacyjny\",\"description\":\"mojaBochnia to portal informacyjny o Bochni. Codziennie o Bochni piszemy i pokazujemy najwa\u017cniejsze wydarzenia\",\"publisher\":{\"@id\":\"https:\/\/www.mojabochnia.pl\/#organization\"},\"potentialAction\":[{\"@type\":\"SearchAction\",\"target\":{\"@type\":\"EntryPoint\",\"urlTemplate\":\"https:\/\/www.mojabochnia.pl\/?s={search_term_string}\"},\"query-input\":{\"@type\":\"PropertyValueSpecification\",\"valueRequired\":true,\"valueName\":\"search_term_string\"}}],\"inLanguage\":\"pl-PL\"},{\"@type\":\"Organization\",\"@id\":\"https:\/\/www.mojabochnia.pl\/#organization\",\"name\":\"mojabochnia.pl - portal informacyjny\",\"url\":\"https:\/\/www.mojabochnia.pl\/\",\"logo\":{\"@type\":\"ImageObject\",\"inLanguage\":\"pl-PL\",\"@id\":\"https:\/\/www.mojabochnia.pl\/#\/schema\/logo\/image\/\",\"url\":\"https:\/\/www.mojabochnia.pl\/wp-content\/uploads\/2017\/08\/logo-mb-opt.png\",\"contentUrl\":\"https:\/\/www.mojabochnia.pl\/wp-content\/uploads\/2017\/08\/logo-mb-opt.png\",\"width\":250,\"height\":48,\"caption\":\"mojabochnia.pl - portal informacyjny\"},\"image\":{\"@id\":\"https:\/\/www.mojabochnia.pl\/#\/schema\/logo\/image\/\"},\"sameAs\":[\"https:\/\/www.facebook.com\/mojabochnia\"]},{\"@type\":\"Person\",\"@id\":\"https:\/\/www.mojabochnia.pl\/#\/schema\/person\/9e15cf1bcb74043790f124a3130fe41e\",\"name\":\"informacja prasowa\",\"sameAs\":[\"http:\/\/\"],\"url\":\"https:\/\/www.mojabochnia.pl\/?author=8\"}]}<\/script>\n<!-- \/ Yoast SEO plugin. -->","yoast_head_json":{"title":"W kinie: '2 dni w Pary\u017cu' i 'Kochanice Kr\u00f3la' - mojabochnia.pl - portal informacyjny","robots":{"index":"index","follow":"follow","max-snippet":"max-snippet:-1","max-image-preview":"max-image-preview:large","max-video-preview":"max-video-preview:-1"},"canonical":"https:\/\/www.mojabochnia.pl\/?p=605","og_locale":"pl_PL","og_type":"article","og_title":"W kinie: '2 dni w Pary\u017cu' i 'Kochanice Kr\u00f3la' - mojabochnia.pl - portal informacyjny","og_description":"Od pi\u0105tku w kinie Regis wy\u015bwietlane s\u0105 kolejne dwa filmy. Komedia romantyczna '2 dni w Pary\u017cu' i dramat historyczny 'Kochanice Kr\u00f3la'.","og_url":"https:\/\/www.mojabochnia.pl\/?p=605","og_site_name":"mojabochnia.pl - portal informacyjny","article_publisher":"https:\/\/www.facebook.com\/mojabochnia","article_published_time":"2008-07-12T10:36:36+00:00","article_modified_time":"2008-08-08T12:59:48+00:00","author":"informacja prasowa","twitter_card":"summary_large_image","twitter_misc":{"Written by":"informacja prasowa","Est. reading time":"1 minuta"},"schema":{"@context":"https:\/\/schema.org","@graph":[{"@type":"Article","@id":"https:\/\/www.mojabochnia.pl\/?p=605#article","isPartOf":{"@id":"https:\/\/www.mojabochnia.pl\/?p=605"},"author":{"name":"informacja prasowa","@id":"https:\/\/www.mojabochnia.pl\/#\/schema\/person\/9e15cf1bcb74043790f124a3130fe41e"},"headline":"W kinie: '2 dni w Pary\u017cu&#8217; i 'Kochanice Kr\u00f3la&#8217;","datePublished":"2008-07-12T10:36:36+00:00","dateModified":"2008-08-08T12:59:48+00:00","mainEntityOfPage":{"@id":"https:\/\/www.mojabochnia.pl\/?p=605"},"wordCount":190,"commentCount":0,"publisher":{"@id":"https:\/\/www.mojabochnia.pl\/#organization"},"keywords":["kino regis"],"articleSection":["2_ostatnie"],"inLanguage":"pl-PL","potentialAction":[{"@type":"CommentAction","name":"Comment","target":["https:\/\/www.mojabochnia.pl\/?p=605#respond"]}]},{"@type":"WebPage","@id":"https:\/\/www.mojabochnia.pl\/?p=605","url":"https:\/\/www.mojabochnia.pl\/?p=605","name":"W kinie: '2 dni w Pary\u017cu' i 'Kochanice Kr\u00f3la' - mojabochnia.pl - portal informacyjny","isPartOf":{"@id":"https:\/\/www.mojabochnia.pl\/#website"},"datePublished":"2008-07-12T10:36:36+00:00","dateModified":"2008-08-08T12:59:48+00:00","breadcrumb":{"@id":"https:\/\/www.mojabochnia.pl\/?p=605#breadcrumb"},"inLanguage":"pl-PL","potentialAction":[{"@type":"ReadAction","target":["https:\/\/www.mojabochnia.pl\/?p=605"]}]},{"@type":"BreadcrumbList","@id":"https:\/\/www.mojabochnia.pl\/?p=605#breadcrumb","itemListElement":[{"@type":"ListItem","position":1,"name":"Home","item":"https:\/\/www.mojabochnia.pl\/"},{"@type":"ListItem","position":2,"name":"W kinie: '2 dni w Pary\u017cu&#8217; i 'Kochanice Kr\u00f3la&#8217;"}]},{"@type":"WebSite","@id":"https:\/\/www.mojabochnia.pl\/#website","url":"https:\/\/www.mojabochnia.pl\/","name":"mojabochnia.pl - portal informacyjny","description":"mojaBochnia to portal informacyjny o Bochni. Codziennie o Bochni piszemy i pokazujemy najwa\u017cniejsze wydarzenia","publisher":{"@id":"https:\/\/www.mojabochnia.pl\/#organization"},"potentialAction":[{"@type":"SearchAction","target":{"@type":"EntryPoint","urlTemplate":"https:\/\/www.mojabochnia.pl\/?s={search_term_string}"},"query-input":{"@type":"PropertyValueSpecification","valueRequired":true,"valueName":"search_term_string"}}],"inLanguage":"pl-PL"},{"@type":"Organization","@id":"https:\/\/www.mojabochnia.pl\/#organization","name":"mojabochnia.pl - portal informacyjny","url":"https:\/\/www.mojabochnia.pl\/","logo":{"@type":"ImageObject","inLanguage":"pl-PL","@id":"https:\/\/www.mojabochnia.pl\/#\/schema\/logo\/image\/","url":"https:\/\/www.mojabochnia.pl\/wp-content\/uploads\/2017\/08\/logo-mb-opt.png","contentUrl":"https:\/\/www.mojabochnia.pl\/wp-content\/uploads\/2017\/08\/logo-mb-opt.png","width":250,"height":48,"caption":"mojabochnia.pl - portal informacyjny"},"image":{"@id":"https:\/\/www.mojabochnia.pl\/#\/schema\/logo\/image\/"},"sameAs":["https:\/\/www.facebook.com\/mojabochnia"]},{"@type":"Person","@id":"https:\/\/www.mojabochnia.pl\/#\/schema\/person\/9e15cf1bcb74043790f124a3130fe41e","name":"informacja prasowa","sameAs":["http:\/\/"],"url":"https:\/\/www.mojabochnia.pl\/?author=8"}]}},"_links":{"self":[{"href":"https:\/\/www.mojabochnia.pl\/index.php?rest_route=\/wp\/v2\/posts\/605","targetHints":{"allow":["GET"]}}],"collection":[{"href":"https:\/\/www.mojabochnia.pl\/index.php?rest_route=\/wp\/v2\/posts"}],"about":[{"href":"https:\/\/www.mojabochnia.pl\/index.php?rest_route=\/wp\/v2\/types\/post"}],"author":[{"embeddable":true,"href":"https:\/\/www.mojabochnia.pl\/index.php?rest_route=\/wp\/v2\/users\/8"}],"replies":[{"embeddable":true,"href":"https:\/\/www.mojabochnia.pl\/index.php?rest_route=%2Fwp%2Fv2%2Fcomments&post=605"}],"version-history":[{"count":0,"href":"https:\/\/www.mojabochnia.pl\/index.php?rest_route=\/wp\/v2\/posts\/605\/revisions"}],"wp:attachment":[{"href":"https:\/\/www.mojabochnia.pl\/index.php?rest_route=%2Fwp%2Fv2%2Fmedia&parent=605"}],"wp:term":[{"taxonomy":"category","embeddable":true,"href":"https:\/\/www.mojabochnia.pl\/index.php?rest_route=%2Fwp%2Fv2%2Fcategories&post=605"},{"taxonomy":"post_tag","embeddable":true,"href":"https:\/\/www.mojabochnia.pl\/index.php?rest_route=%2Fwp%2Fv2%2Ftags&post=605"}],"curies":[{"name":"wp","href":"https:\/\/api.w.org\/{rel}","templated":true}]}}