{"id":6037,"date":"2009-02-27T19:12:37","date_gmt":"2009-02-27T18:12:37","guid":{"rendered":"http:\/\/www.mojabochnia.pl\/?p=6037"},"modified":"2009-03-04T21:07:52","modified_gmt":"2009-03-04T20:07:52","slug":"na-uzborni-ci-mieszkac-z-taka-geba%e2%80%a6","status":"publish","type":"post","link":"https:\/\/www.mojabochnia.pl\/?p=6037","title":{"rendered":"Na Uzborni ci mieszka\u0107 z tak\u0105 g\u0119b\u0105\u2026"},"content":{"rendered":"<p>Wr\u0119cz przeciwnie \u2013 Uzbornia, z pi\u0119knymi widokami, parkiem, historycznymi ciekawostkami i nierozwi\u0105zanymi wci\u0105\u017c jeszcze zagadkami, na pewno zas\u0142uguje na poznanie tego miejsca, cho\u0107by w trakcie niedzielnego spaceru.<\/p>\n<p>G\u00f3ruj\u0105ca od po\u0142udnia nad miastem Uzbornia (245 m n.p.m.) to teren o bardzo ciekawej i nie do ko\u0144ca zbadanej historii. Wzmiankowana od 1527 r., by\u0142a g\u0142\u00f3wnie zabudowana przez zagrody mieszcza\u0144skie i po\u0142o\u017cone przy nich role i ogrody. Dzi\u015b po\u0142udniowe zbocza Uzborni g\u0119sto zabudowane s\u0105 nowymi domami, ale przed wiekami mieszkanie w tym miejscu uchodzi\u0142o za co\u015b nie godnego, o czym \u015bwiadczy cytowana wy\u017cej wzmianka. By\u0107 mo\u017ce wynika\u0142o to z faktu, \u017ce znajdowa\u0142a si\u0119 tu szubienica, na kt\u00f3rej tracono przest\u0119pc\u00f3w. <\/p>\n<p>Ale Uzbornia kryje te\u017c inne zagadki. Jeszcze do ko\u0144ca lat 60-tych, na jej szczycie w\u015br\u00f3d drzew, znajdowa\u0142 si\u0119 kilkumetrowy nasyp ziemny, w kt\u00f3rym niekt\u00f3rzy upatrywali pras\u0142owia\u0144ski kurhan lub resztki grodziska. Nazwa wzg\u00f3rza te\u017c budzi nasz\u0105 ciekawo\u015b\u0107 \u2013 tym bardziej, \u017ce pojawia\u0142a si\u0119 w dokumentach w r\u00f3\u017cnych formach, jak np. Huzbornia, Uzwornia czy Rozbornia. Ta ostatnia mia\u0142a nawi\u0105zywa\u0107 do zb\u00f3jeckiej s\u0142awy tego miejsca i niebezpiecze\u0144stw, jakie czyha\u0142y na w\u0119drowc\u00f3w ze strony legendarnego zb\u00f3jnika Szyca&#8230; <\/p>\n<p>Na Uzborni\u0119 naj\u0142atwiej doj\u015b\u0107 z Rynku id\u0105c pocz\u0105tkowo historyczn\u0105 ulic\u0105 S\u0105deck\u0105, kt\u00f3r\u0105 bieg\u0142 niegdy\u015b takt handlowy na W\u0119gry. Na skrzy\u017cowaniu S\u0105deckiej z ul. Sienkiewicza, skr\u0119camy w t\u0105 drug\u0105, kt\u00f3ra najszybciej zaprowadzi nas na wierzcho\u0142ek wzniesienia. Po drodze warto jednak zatrzyma\u0107 si\u0119 przy budynku dawnej ochronki, za\u0142o\u017conej w 1872 r. dla utrzymania i wykszta\u0142cenia biednych dzieci. Obecny budynek wzniesiono w 1900 r. i mie\u015bci si\u0119 w nim Miejskie Centrum Dzieci i M\u0142odzie\u017cy \u201eOchronka\u201d. Pedagogiczne tradycje tego miejsca, dobrze oddaje te\u017c pi\u0119kna figura Matki Boskiej z Dzieci\u0105tkiem, autorstwa Wojciecha Samka, fundowana w 1902 r. przez siostry Felicjanki, z wymownym napisem: \u201eMario, Polski Kr\u00f3lowo, pob\u0142ogos\u0142aw polskiemu dziecku\u201d.<\/p>\n<p>Podchodz\u0105c dalej pod g\u00f3r\u0119 ulic\u0105 Sienkiewicza spotkamy jeszcze, po prawej stronie drogi, drewnian\u0105 kapliczk\u0119 z po\u0142owy XIX w. z \u0142adn\u0105 rze\u017ab\u0105 \u015bw. Jana Nepomucena. Stoj\u0105ca nieco dalej przy zakr\u0119cie stara studnia miejska, przypomina nam z kolei inn\u0105 ciekawostk\u0119. Ot\u00f3\u017c w\u0142a\u015bnie z Uzborni, ze \u017ar\u00f3d\u0142a na Sidzinie, czerpano przed wiekami wod\u0119, kt\u00f3ra p\u0142yn\u0119\u0142a drewnianym \u201erurmuzem\u201d do rynku. Ten pierwszy, drewniany wodoci\u0105g boche\u0144ski istnia\u0142 prawdopodobnie ju\u017c w XV w. i doprowadza\u0142 wod\u0119 do miasta dzi\u0119ki naturalnemu spadkowi terenu. <\/p>\n<p><img decoding=\"async\" src=\"\/f\/2009\/02\/090227_jp_uzbornia_widok_miasto.jpg\"  \/><\/p>\n<p>Po forsownym marszu pod g\u00f3r\u0119, warto na chwil\u0119 si\u0119 zatrzyma\u0107 na kulminacji wzg\u00f3rza w s\u0105siedztwie ulicy Widok, gdzie ze skraju lasku mo\u017cemy podziwia\u0107 panoram\u0119 miasta, a tak\u017ce widoki na po\u0142udniowe osiedla Bochni i Pog\u00f3rze Wi\u015bnickie. Z ulicy wchodzimy asfaltow\u0105 alejk\u0105 wprost do Lasku Uzbornia. Alejka biegnie najpierw p\u0142askim grzbietem wzniesienia, a nast\u0119pnie zbiega ostro serpentynami w d\u00f3\u0142. Spacerujemy przez park, kt\u00f3ry zosta\u0142 za\u0142o\u017cony dopiero na pocz\u0105tku XX w., cho\u0107 ju\u017c w XIX stuleciu cz\u0119\u015b\u0107 Uzborni mia\u0142a by\u0107 poro\u015bni\u0119ta lasem modrzewiowym. <\/p>\n<p><img decoding=\"async\" src=\"\/f\/2009\/02\/090227_jp_uzbornia_pomnik.jpg\"  \/><\/p>\n<p>Schodz\u0105c alejk\u0105 na p\u00f3\u0142noc w stron\u0119 ul. Parkowej, koniecznie skr\u0119\u0107my w lewo, aby zaduma\u0107 si\u0119 pod pomnikiem ofiar zbrodni hitlerowskiej, kt\u00f3ra wstrz\u0105sn\u0119\u0142a Bochni\u0105 18 XII 1939 r. W odwecie za napad cz\u0142onk\u00f3w organizacji \u201eOrze\u0142 Bia\u0142y\u201d na posterunek policji niemieckiej, hitlerowcy rozstrzelali w tym miejscu 52 osoby z Bochni i okolic. Te tragiczne wydarzenie upami\u0119tnia wysoki obelisk z kostki granitowej, wzniesiony w 1949 r. przez spo\u0142ecze\u0144stwo Bochni. Z placu przed pomnikiem mo\u017cemy podziwia\u0107 widok na zachodni\u0105 cz\u0119\u015b\u0107 miasta z dominuj\u0105cym na Wzg\u00f3rzu Kolanowskim ko\u015bcio\u0142em \u015bw. Paw\u0142a.<\/p>\n<p><img decoding=\"async\" src=\"\/f\/2009\/02\/090227_jp_uzbornia_widok_zachod.jpg\"  \/><\/p>\n<p>Kilkadziesi\u0105t metr\u00f3w dalej na zach\u00f3d znajdziemy urokliw\u0105 dolin\u0119 le\u015bn\u0105, w kt\u00f3rej na kamiennym postumencie stoi figura Naj\u015bwi\u0119tszej Marii Panny Niepokalanie Pocz\u0119tej. Wzniesiona zosta\u0142a ok. 1880 r. z fundacji Marii Maiss, jako wotum dzi\u0119kczynne za uratowanie \u017cycia swego dziecka. Ta \u0142adna figura znajduje si\u0119 w jednym z wyrobisk gipsu. Jak bowiem wiadomo, na zachodnim zboczu Uzborni przez kilkadziesi\u0105t lat dzia\u0142a\u0142 kamienio\u0142om i fabryka gipsu. Najwi\u0119kszy okres rozkwitu tego przedsi\u0119biorstwa przypad\u0142 na lata 70-te XIX wieku, ale ju\u017c w latach 20. XX w. gipsowni\u0119 zamkni\u0119to. Jej istnienie upami\u0119tnia nazwa biegn\u0105cej poni\u017cej wzg\u00f3rza ulicy oraz liczne wyrobiska i zag\u0142\u0119bienia w zachodniej i po\u0142udniowej cz\u0119\u015bci Uzborni. <\/p>\n<p><img decoding=\"async\" src=\"\/f\/2009\/02\/090227_jp_uzbornia_kapliczka.jpg\"  \/><\/p>\n<p>Do rynku mo\u017cemy powr\u00f3ci\u0107 wspomnian\u0105 wcze\u015bniej ulic\u0105 Parkow\u0105, przy kt\u00f3rej znajduje si\u0119 stadion pi\u0142karski BKS-u, za\u0142o\u017cony w 1930 r. na miejscu dawnego ogrodu Towarzystwa Gimnastyczno &#8211; Strzeleckiego \u201eSok\u00f3\u0142\u201d i dalej ul. Kazimierza Wielkiego.<\/p>\n<p>I na koniec jeszcze ma\u0142a refleksja. Park na Uzborni, cho\u0107 niezwykle urokliwy i ciekawy, od wielu lat pozostaje zaniedbany. A mog\u0105 przecie\u017c tereny te by\u0107 znakomitym miejscem odpoczynku bochnian. Oby tylko przedstawiony kilka miesi\u0119cy temu interesuj\u0105cy plan utworzenia Parku Rodzinnego (o ile oczywi\u015bcie zostanie zrealizowany) nie zepsu\u0142 specyfiki tego miejsca \u2013 oazy ciszy i spokoju w otoczeniu przyrody i historycznych pami\u0105tek.<\/p>\n","protected":false},"excerpt":{"rendered":"<p>\u015apiesz\u0119 od razu uspokoi\u0107 mieszka\u0144c\u00f3w tej cz\u0119\u015bci miasta, \u017ce powy\u017cszy tytu\u0142 to tylko cytat z boche\u0144skiej ksi\u0119gi \u0142awniczej z roku 1684, a nie obelga skierowana do wsp\u00f3\u0142czesnych mieszka\u0144c\u00f3w wzg\u00f3rza. <\/p>\n","protected":false},"author":17,"featured_media":0,"comment_status":"open","ping_status":"closed","sticky":false,"template":"","format":"standard","meta":{"_acf_changed":false,"footnotes":""},"categories":[2527],"tags":[2005,17528,2786,1863],"class_list":["post-6037","post","type-post","status-publish","format-standard","hentry","category-piekna-bochenszczyzna","tag-lasek-uzbornia","tag-park-uzbornia","tag-spacer","tag-ul-parkowa"],"acf":[],"yoast_head":"<!-- This site is optimized with the Yoast SEO plugin v26.9 - https:\/\/yoast.com\/product\/yoast-seo-wordpress\/ -->\n<title>Na Uzborni ci mieszka\u0107 z tak\u0105 g\u0119b\u0105\u2026 - mojabochnia.pl - portal informacyjny<\/title>\n<meta name=\"robots\" content=\"index, follow, max-snippet:-1, max-image-preview:large, max-video-preview:-1\" \/>\n<link rel=\"canonical\" href=\"https:\/\/www.mojabochnia.pl\/?p=6037\" \/>\n<meta property=\"og:locale\" content=\"pl_PL\" \/>\n<meta property=\"og:type\" content=\"article\" \/>\n<meta property=\"og:title\" content=\"Na Uzborni ci mieszka\u0107 z tak\u0105 g\u0119b\u0105\u2026 - mojabochnia.pl - portal informacyjny\" \/>\n<meta property=\"og:description\" content=\"\u015apiesz\u0119 od razu uspokoi\u0107 mieszka\u0144c\u00f3w tej cz\u0119\u015bci miasta, \u017ce powy\u017cszy tytu\u0142 to tylko cytat z boche\u0144skiej ksi\u0119gi \u0142awniczej z roku 1684, a nie obelga skierowana do wsp\u00f3\u0142czesnych mieszka\u0144c\u00f3w wzg\u00f3rza.\" \/>\n<meta property=\"og:url\" content=\"https:\/\/www.mojabochnia.pl\/?p=6037\" \/>\n<meta property=\"og:site_name\" content=\"mojabochnia.pl - portal informacyjny\" \/>\n<meta property=\"article:publisher\" content=\"https:\/\/www.facebook.com\/mojabochnia\" \/>\n<meta property=\"article:published_time\" content=\"2009-02-27T18:12:37+00:00\" \/>\n<meta property=\"article:modified_time\" content=\"2009-03-04T20:07:52+00:00\" \/>\n<meta name=\"author\" content=\"jpaprota\" \/>\n<meta name=\"twitter:card\" content=\"summary_large_image\" \/>\n<meta name=\"twitter:label1\" content=\"Written by\" \/>\n\t<meta name=\"twitter:data1\" content=\"jpaprota\" \/>\n\t<meta name=\"twitter:label2\" content=\"Est. reading time\" \/>\n\t<meta name=\"twitter:data2\" content=\"4 minuty\" \/>\n<script type=\"application\/ld+json\" class=\"yoast-schema-graph\">{\"@context\":\"https:\/\/schema.org\",\"@graph\":[{\"@type\":\"Article\",\"@id\":\"https:\/\/www.mojabochnia.pl\/?p=6037#article\",\"isPartOf\":{\"@id\":\"https:\/\/www.mojabochnia.pl\/?p=6037\"},\"author\":{\"name\":\"jpaprota\",\"@id\":\"https:\/\/www.mojabochnia.pl\/#\/schema\/person\/13c36a17eeeaf022dfe64d3cc844178f\"},\"headline\":\"Na Uzborni ci mieszka\u0107 z tak\u0105 g\u0119b\u0105\u2026\",\"datePublished\":\"2009-02-27T18:12:37+00:00\",\"dateModified\":\"2009-03-04T20:07:52+00:00\",\"mainEntityOfPage\":{\"@id\":\"https:\/\/www.mojabochnia.pl\/?p=6037\"},\"wordCount\":866,\"commentCount\":1,\"publisher\":{\"@id\":\"https:\/\/www.mojabochnia.pl\/#organization\"},\"keywords\":[\"lasek uzbornia\",\"park uzbornia\",\"spacer\",\"ul. parkowa\"],\"articleSection\":[\"pi\u0119kna Boche\u0144szczyzna\"],\"inLanguage\":\"pl-PL\",\"potentialAction\":[{\"@type\":\"CommentAction\",\"name\":\"Comment\",\"target\":[\"https:\/\/www.mojabochnia.pl\/?p=6037#respond\"]}]},{\"@type\":\"WebPage\",\"@id\":\"https:\/\/www.mojabochnia.pl\/?p=6037\",\"url\":\"https:\/\/www.mojabochnia.pl\/?p=6037\",\"name\":\"Na Uzborni ci mieszka\u0107 z tak\u0105 g\u0119b\u0105\u2026 - mojabochnia.pl - portal informacyjny\",\"isPartOf\":{\"@id\":\"https:\/\/www.mojabochnia.pl\/#website\"},\"datePublished\":\"2009-02-27T18:12:37+00:00\",\"dateModified\":\"2009-03-04T20:07:52+00:00\",\"breadcrumb\":{\"@id\":\"https:\/\/www.mojabochnia.pl\/?p=6037#breadcrumb\"},\"inLanguage\":\"pl-PL\",\"potentialAction\":[{\"@type\":\"ReadAction\",\"target\":[\"https:\/\/www.mojabochnia.pl\/?p=6037\"]}]},{\"@type\":\"BreadcrumbList\",\"@id\":\"https:\/\/www.mojabochnia.pl\/?p=6037#breadcrumb\",\"itemListElement\":[{\"@type\":\"ListItem\",\"position\":1,\"name\":\"Home\",\"item\":\"https:\/\/www.mojabochnia.pl\/\"},{\"@type\":\"ListItem\",\"position\":2,\"name\":\"Na Uzborni ci mieszka\u0107 z tak\u0105 g\u0119b\u0105\u2026\"}]},{\"@type\":\"WebSite\",\"@id\":\"https:\/\/www.mojabochnia.pl\/#website\",\"url\":\"https:\/\/www.mojabochnia.pl\/\",\"name\":\"mojabochnia.pl - portal informacyjny\",\"description\":\"mojaBochnia to portal informacyjny o Bochni. Codziennie o Bochni piszemy i pokazujemy najwa\u017cniejsze wydarzenia\",\"publisher\":{\"@id\":\"https:\/\/www.mojabochnia.pl\/#organization\"},\"potentialAction\":[{\"@type\":\"SearchAction\",\"target\":{\"@type\":\"EntryPoint\",\"urlTemplate\":\"https:\/\/www.mojabochnia.pl\/?s={search_term_string}\"},\"query-input\":{\"@type\":\"PropertyValueSpecification\",\"valueRequired\":true,\"valueName\":\"search_term_string\"}}],\"inLanguage\":\"pl-PL\"},{\"@type\":\"Organization\",\"@id\":\"https:\/\/www.mojabochnia.pl\/#organization\",\"name\":\"mojabochnia.pl - portal informacyjny\",\"url\":\"https:\/\/www.mojabochnia.pl\/\",\"logo\":{\"@type\":\"ImageObject\",\"inLanguage\":\"pl-PL\",\"@id\":\"https:\/\/www.mojabochnia.pl\/#\/schema\/logo\/image\/\",\"url\":\"https:\/\/www.mojabochnia.pl\/wp-content\/uploads\/2017\/08\/logo-mb-opt.png\",\"contentUrl\":\"https:\/\/www.mojabochnia.pl\/wp-content\/uploads\/2017\/08\/logo-mb-opt.png\",\"width\":250,\"height\":48,\"caption\":\"mojabochnia.pl - portal informacyjny\"},\"image\":{\"@id\":\"https:\/\/www.mojabochnia.pl\/#\/schema\/logo\/image\/\"},\"sameAs\":[\"https:\/\/www.facebook.com\/mojabochnia\"]},{\"@type\":\"Person\",\"@id\":\"https:\/\/www.mojabochnia.pl\/#\/schema\/person\/13c36a17eeeaf022dfe64d3cc844178f\",\"name\":\"jpaprota\",\"sameAs\":[\"http:\/\/\"],\"url\":\"https:\/\/www.mojabochnia.pl\/?author=17\"}]}<\/script>\n<!-- \/ Yoast SEO plugin. -->","yoast_head_json":{"title":"Na Uzborni ci mieszka\u0107 z tak\u0105 g\u0119b\u0105\u2026 - mojabochnia.pl - portal informacyjny","robots":{"index":"index","follow":"follow","max-snippet":"max-snippet:-1","max-image-preview":"max-image-preview:large","max-video-preview":"max-video-preview:-1"},"canonical":"https:\/\/www.mojabochnia.pl\/?p=6037","og_locale":"pl_PL","og_type":"article","og_title":"Na Uzborni ci mieszka\u0107 z tak\u0105 g\u0119b\u0105\u2026 - mojabochnia.pl - portal informacyjny","og_description":"\u015apiesz\u0119 od razu uspokoi\u0107 mieszka\u0144c\u00f3w tej cz\u0119\u015bci miasta, \u017ce powy\u017cszy tytu\u0142 to tylko cytat z boche\u0144skiej ksi\u0119gi \u0142awniczej z roku 1684, a nie obelga skierowana do wsp\u00f3\u0142czesnych mieszka\u0144c\u00f3w wzg\u00f3rza.","og_url":"https:\/\/www.mojabochnia.pl\/?p=6037","og_site_name":"mojabochnia.pl - portal informacyjny","article_publisher":"https:\/\/www.facebook.com\/mojabochnia","article_published_time":"2009-02-27T18:12:37+00:00","article_modified_time":"2009-03-04T20:07:52+00:00","author":"jpaprota","twitter_card":"summary_large_image","twitter_misc":{"Written by":"jpaprota","Est. reading time":"4 minuty"},"schema":{"@context":"https:\/\/schema.org","@graph":[{"@type":"Article","@id":"https:\/\/www.mojabochnia.pl\/?p=6037#article","isPartOf":{"@id":"https:\/\/www.mojabochnia.pl\/?p=6037"},"author":{"name":"jpaprota","@id":"https:\/\/www.mojabochnia.pl\/#\/schema\/person\/13c36a17eeeaf022dfe64d3cc844178f"},"headline":"Na Uzborni ci mieszka\u0107 z tak\u0105 g\u0119b\u0105\u2026","datePublished":"2009-02-27T18:12:37+00:00","dateModified":"2009-03-04T20:07:52+00:00","mainEntityOfPage":{"@id":"https:\/\/www.mojabochnia.pl\/?p=6037"},"wordCount":866,"commentCount":1,"publisher":{"@id":"https:\/\/www.mojabochnia.pl\/#organization"},"keywords":["lasek uzbornia","park uzbornia","spacer","ul. parkowa"],"articleSection":["pi\u0119kna Boche\u0144szczyzna"],"inLanguage":"pl-PL","potentialAction":[{"@type":"CommentAction","name":"Comment","target":["https:\/\/www.mojabochnia.pl\/?p=6037#respond"]}]},{"@type":"WebPage","@id":"https:\/\/www.mojabochnia.pl\/?p=6037","url":"https:\/\/www.mojabochnia.pl\/?p=6037","name":"Na Uzborni ci mieszka\u0107 z tak\u0105 g\u0119b\u0105\u2026 - mojabochnia.pl - portal informacyjny","isPartOf":{"@id":"https:\/\/www.mojabochnia.pl\/#website"},"datePublished":"2009-02-27T18:12:37+00:00","dateModified":"2009-03-04T20:07:52+00:00","breadcrumb":{"@id":"https:\/\/www.mojabochnia.pl\/?p=6037#breadcrumb"},"inLanguage":"pl-PL","potentialAction":[{"@type":"ReadAction","target":["https:\/\/www.mojabochnia.pl\/?p=6037"]}]},{"@type":"BreadcrumbList","@id":"https:\/\/www.mojabochnia.pl\/?p=6037#breadcrumb","itemListElement":[{"@type":"ListItem","position":1,"name":"Home","item":"https:\/\/www.mojabochnia.pl\/"},{"@type":"ListItem","position":2,"name":"Na Uzborni ci mieszka\u0107 z tak\u0105 g\u0119b\u0105\u2026"}]},{"@type":"WebSite","@id":"https:\/\/www.mojabochnia.pl\/#website","url":"https:\/\/www.mojabochnia.pl\/","name":"mojabochnia.pl - portal informacyjny","description":"mojaBochnia to portal informacyjny o Bochni. Codziennie o Bochni piszemy i pokazujemy najwa\u017cniejsze wydarzenia","publisher":{"@id":"https:\/\/www.mojabochnia.pl\/#organization"},"potentialAction":[{"@type":"SearchAction","target":{"@type":"EntryPoint","urlTemplate":"https:\/\/www.mojabochnia.pl\/?s={search_term_string}"},"query-input":{"@type":"PropertyValueSpecification","valueRequired":true,"valueName":"search_term_string"}}],"inLanguage":"pl-PL"},{"@type":"Organization","@id":"https:\/\/www.mojabochnia.pl\/#organization","name":"mojabochnia.pl - portal informacyjny","url":"https:\/\/www.mojabochnia.pl\/","logo":{"@type":"ImageObject","inLanguage":"pl-PL","@id":"https:\/\/www.mojabochnia.pl\/#\/schema\/logo\/image\/","url":"https:\/\/www.mojabochnia.pl\/wp-content\/uploads\/2017\/08\/logo-mb-opt.png","contentUrl":"https:\/\/www.mojabochnia.pl\/wp-content\/uploads\/2017\/08\/logo-mb-opt.png","width":250,"height":48,"caption":"mojabochnia.pl - portal informacyjny"},"image":{"@id":"https:\/\/www.mojabochnia.pl\/#\/schema\/logo\/image\/"},"sameAs":["https:\/\/www.facebook.com\/mojabochnia"]},{"@type":"Person","@id":"https:\/\/www.mojabochnia.pl\/#\/schema\/person\/13c36a17eeeaf022dfe64d3cc844178f","name":"jpaprota","sameAs":["http:\/\/"],"url":"https:\/\/www.mojabochnia.pl\/?author=17"}]}},"_links":{"self":[{"href":"https:\/\/www.mojabochnia.pl\/index.php?rest_route=\/wp\/v2\/posts\/6037","targetHints":{"allow":["GET"]}}],"collection":[{"href":"https:\/\/www.mojabochnia.pl\/index.php?rest_route=\/wp\/v2\/posts"}],"about":[{"href":"https:\/\/www.mojabochnia.pl\/index.php?rest_route=\/wp\/v2\/types\/post"}],"author":[{"embeddable":true,"href":"https:\/\/www.mojabochnia.pl\/index.php?rest_route=\/wp\/v2\/users\/17"}],"replies":[{"embeddable":true,"href":"https:\/\/www.mojabochnia.pl\/index.php?rest_route=%2Fwp%2Fv2%2Fcomments&post=6037"}],"version-history":[{"count":0,"href":"https:\/\/www.mojabochnia.pl\/index.php?rest_route=\/wp\/v2\/posts\/6037\/revisions"}],"wp:attachment":[{"href":"https:\/\/www.mojabochnia.pl\/index.php?rest_route=%2Fwp%2Fv2%2Fmedia&parent=6037"}],"wp:term":[{"taxonomy":"category","embeddable":true,"href":"https:\/\/www.mojabochnia.pl\/index.php?rest_route=%2Fwp%2Fv2%2Fcategories&post=6037"},{"taxonomy":"post_tag","embeddable":true,"href":"https:\/\/www.mojabochnia.pl\/index.php?rest_route=%2Fwp%2Fv2%2Ftags&post=6037"}],"curies":[{"name":"wp","href":"https:\/\/api.w.org\/{rel}","templated":true}]}}