{"id":60295,"date":"2011-09-19T15:09:18","date_gmt":"2011-09-19T13:09:18","guid":{"rendered":"http:\/\/www.mojabochnia.pl\/?p=60295"},"modified":"2011-09-19T14:14:42","modified_gmt":"2011-09-19T12:14:42","slug":"biskupi-z-krajow-misyjnych-zawitaja-do-bochni","status":"publish","type":"post","link":"https:\/\/www.mojabochnia.pl\/?p=60295","title":{"rendered":"Biskupi z kraj\u00f3w misyjnych zawitaj\u0105 do Bochni"},"content":{"rendered":"<p>Jak ju\u017c informowali\u015bmy, <a href=\"http:\/\/www.mojabochnia.pl\/?p=59997\">we wtorek hierarchowie odwiedz\u0105 Lipnic\u0119 Murowan\u0105<\/a>. B\u0119d\u0105 si\u0119 modli\u0107 w domu si\u00f3str Led\u00f3chowskich oraz trzech lipnickich \u015bwi\u0105tyniach. <\/p>\n<p>W \u015brod\u0119 dw\u00f3ch biskup\u00f3w odwiedzi boche\u0144skie parafie. Do parafii \u015bw. Jana Nepomucena przyb\u0119dzie bp Isidro Barrio z diecezji \u0141anbawelika w Peru. B\u0119dzie mu towarzyszy\u0142 pochodz\u0105cy ze Starego Wi\u015bnicza misjonarz, ks. Wies\u0142awa Mikulskiego pochodz\u0105cego ze Starego Wi\u015bnicza, kt\u00f3ry od 17 lat pracuje w Peru. Biskup Isidro Barrio skieruje do wiernych okoliczno\u015bciowe kazanie. Msza \u015bw. rozpocznie si\u0119 o 17.30.<\/p>\n<p>Tego samego dnia w parafii \u015bw. Paw\u0142a Aposto\u0142a odb\u0119dzie si\u0119 Godzina Misyjna. We\u017amie w niej udzia\u0142 bp Jos\u00e9 Lu\u00eds Azcona Hermoso z Brazylii. Po nabo\u017ce\u0144stwie pochodz\u0105cy z Hiszpanii hierarcha spotka si\u0119 na plebanii z ksi\u0119\u017cmi z dekanatu Bochnia-Zach\u00f3d.<\/p>\n<p>Pi\u0119tnastu biskup\u00f3w odwiedzi Bochni\u0119 r\u00f3wnie\u017c w pi\u0105tek. Zjad\u0105 w\u00f3wczas do kopalni soli.<\/p>\n","protected":false},"excerpt":{"rendered":"<p>W \u015brod\u0119 do Bochni przyb\u0119d\u0105 biskupi z Ameryki Po\u0142udniowej, kt\u00f3rzy przybyli na obchody 225-lecia diecezji tarnowskiej. Hierarchowie zawitaj\u0105 tu r\u00f3wnie\u017c w pi\u0105tek, aby zwiedzi\u0107 kopalni\u0119 soli.<\/p>\n","protected":false},"author":4,"featured_media":0,"comment_status":"open","ping_status":"closed","sticky":false,"template":"","format":"standard","meta":{"_acf_changed":false,"footnotes":""},"categories":[5,6250,1342],"tags":[17708,7673,404,17153,17411,361,132],"class_list":["post-60295","post","type-post","status-publish","format-standard","hentry","category-biezace-wydarzenia","category-tematyka","category-zycie-religijne","tag-biskup","tag-brazylia","tag-ks-jan-nowakowski","tag-misje","tag-parafia-sw-jana-nepomucena","tag-parafia-sw-pawla-apostola","tag-peru","main_tag-parafia-sw-pawla"],"acf":[],"yoast_head":"<!-- This site is optimized with the Yoast SEO plugin v26.9 - https:\/\/yoast.com\/product\/yoast-seo-wordpress\/ -->\n<title>Biskupi z kraj\u00f3w misyjnych zawitaj\u0105 do Bochni - mojabochnia.pl - portal informacyjny<\/title>\n<meta name=\"robots\" content=\"index, follow, max-snippet:-1, max-image-preview:large, max-video-preview:-1\" \/>\n<link rel=\"canonical\" href=\"https:\/\/www.mojabochnia.pl\/?p=60295\" \/>\n<meta property=\"og:locale\" content=\"pl_PL\" \/>\n<meta property=\"og:type\" content=\"article\" \/>\n<meta property=\"og:title\" content=\"Biskupi z kraj\u00f3w misyjnych zawitaj\u0105 do Bochni - mojabochnia.pl - portal informacyjny\" \/>\n<meta property=\"og:description\" content=\"W \u015brod\u0119 do Bochni przyb\u0119d\u0105 biskupi z Ameryki Po\u0142udniowej, kt\u00f3rzy przybyli na obchody 225-lecia diecezji tarnowskiej. Hierarchowie zawitaj\u0105 tu r\u00f3wnie\u017c w pi\u0105tek, aby zwiedzi\u0107 kopalni\u0119 soli.\" \/>\n<meta property=\"og:url\" content=\"https:\/\/www.mojabochnia.pl\/?p=60295\" \/>\n<meta property=\"og:site_name\" content=\"mojabochnia.pl - portal informacyjny\" \/>\n<meta property=\"article:publisher\" content=\"https:\/\/www.facebook.com\/mojabochnia\" \/>\n<meta property=\"article:published_time\" content=\"2011-09-19T13:09:18+00:00\" \/>\n<meta name=\"author\" content=\"Pawe\u0142 Michalczyk\" \/>\n<meta name=\"twitter:card\" content=\"summary_large_image\" \/>\n<meta name=\"twitter:label1\" content=\"Written by\" \/>\n\t<meta name=\"twitter:data1\" content=\"Pawe\u0142 Michalczyk\" \/>\n\t<meta name=\"twitter:label2\" content=\"Est. reading time\" \/>\n\t<meta name=\"twitter:data2\" content=\"1 minuta\" \/>\n<script type=\"application\/ld+json\" class=\"yoast-schema-graph\">{\"@context\":\"https:\/\/schema.org\",\"@graph\":[{\"@type\":\"Article\",\"@id\":\"https:\/\/www.mojabochnia.pl\/?p=60295#article\",\"isPartOf\":{\"@id\":\"https:\/\/www.mojabochnia.pl\/?p=60295\"},\"author\":{\"name\":\"Pawe\u0142 Michalczyk\",\"@id\":\"https:\/\/www.mojabochnia.pl\/#\/schema\/person\/ea042e4724a77627963f02166828ead4\"},\"headline\":\"Biskupi z kraj\u00f3w misyjnych zawitaj\u0105 do Bochni\",\"datePublished\":\"2011-09-19T13:09:18+00:00\",\"mainEntityOfPage\":{\"@id\":\"https:\/\/www.mojabochnia.pl\/?p=60295\"},\"wordCount\":165,\"commentCount\":0,\"publisher\":{\"@id\":\"https:\/\/www.mojabochnia.pl\/#organization\"},\"keywords\":[\"biskup\",\"brazylia\",\"ks. jan nowakowski\",\"misje\",\"parafia \u015bw. jana nepomucena\",\"parafia \u015bw. paw\u0142a aposto\u0142a\",\"peru\"],\"articleSection\":[\"2_ostatnie\",\"tematyka\",\"\u017bycie religijne\"],\"inLanguage\":\"pl-PL\",\"potentialAction\":[{\"@type\":\"CommentAction\",\"name\":\"Comment\",\"target\":[\"https:\/\/www.mojabochnia.pl\/?p=60295#respond\"]}]},{\"@type\":\"WebPage\",\"@id\":\"https:\/\/www.mojabochnia.pl\/?p=60295\",\"url\":\"https:\/\/www.mojabochnia.pl\/?p=60295\",\"name\":\"Biskupi z kraj\u00f3w misyjnych zawitaj\u0105 do Bochni - mojabochnia.pl - portal informacyjny\",\"isPartOf\":{\"@id\":\"https:\/\/www.mojabochnia.pl\/#website\"},\"datePublished\":\"2011-09-19T13:09:18+00:00\",\"breadcrumb\":{\"@id\":\"https:\/\/www.mojabochnia.pl\/?p=60295#breadcrumb\"},\"inLanguage\":\"pl-PL\",\"potentialAction\":[{\"@type\":\"ReadAction\",\"target\":[\"https:\/\/www.mojabochnia.pl\/?p=60295\"]}]},{\"@type\":\"BreadcrumbList\",\"@id\":\"https:\/\/www.mojabochnia.pl\/?p=60295#breadcrumb\",\"itemListElement\":[{\"@type\":\"ListItem\",\"position\":1,\"name\":\"Home\",\"item\":\"https:\/\/www.mojabochnia.pl\/\"},{\"@type\":\"ListItem\",\"position\":2,\"name\":\"Biskupi z kraj\u00f3w misyjnych zawitaj\u0105 do Bochni\"}]},{\"@type\":\"WebSite\",\"@id\":\"https:\/\/www.mojabochnia.pl\/#website\",\"url\":\"https:\/\/www.mojabochnia.pl\/\",\"name\":\"mojabochnia.pl - portal informacyjny\",\"description\":\"mojaBochnia to portal informacyjny o Bochni. Codziennie o Bochni piszemy i pokazujemy najwa\u017cniejsze wydarzenia\",\"publisher\":{\"@id\":\"https:\/\/www.mojabochnia.pl\/#organization\"},\"potentialAction\":[{\"@type\":\"SearchAction\",\"target\":{\"@type\":\"EntryPoint\",\"urlTemplate\":\"https:\/\/www.mojabochnia.pl\/?s={search_term_string}\"},\"query-input\":{\"@type\":\"PropertyValueSpecification\",\"valueRequired\":true,\"valueName\":\"search_term_string\"}}],\"inLanguage\":\"pl-PL\"},{\"@type\":\"Organization\",\"@id\":\"https:\/\/www.mojabochnia.pl\/#organization\",\"name\":\"mojabochnia.pl - portal informacyjny\",\"url\":\"https:\/\/www.mojabochnia.pl\/\",\"logo\":{\"@type\":\"ImageObject\",\"inLanguage\":\"pl-PL\",\"@id\":\"https:\/\/www.mojabochnia.pl\/#\/schema\/logo\/image\/\",\"url\":\"https:\/\/www.mojabochnia.pl\/wp-content\/uploads\/2017\/08\/logo-mb-opt.png\",\"contentUrl\":\"https:\/\/www.mojabochnia.pl\/wp-content\/uploads\/2017\/08\/logo-mb-opt.png\",\"width\":250,\"height\":48,\"caption\":\"mojabochnia.pl - portal informacyjny\"},\"image\":{\"@id\":\"https:\/\/www.mojabochnia.pl\/#\/schema\/logo\/image\/\"},\"sameAs\":[\"https:\/\/www.facebook.com\/mojabochnia\"]},{\"@type\":\"Person\",\"@id\":\"https:\/\/www.mojabochnia.pl\/#\/schema\/person\/ea042e4724a77627963f02166828ead4\",\"name\":\"Pawe\u0142 Michalczyk\",\"url\":\"https:\/\/www.mojabochnia.pl\/?author=4\"}]}<\/script>\n<!-- \/ Yoast SEO plugin. -->","yoast_head_json":{"title":"Biskupi z kraj\u00f3w misyjnych zawitaj\u0105 do Bochni - mojabochnia.pl - portal informacyjny","robots":{"index":"index","follow":"follow","max-snippet":"max-snippet:-1","max-image-preview":"max-image-preview:large","max-video-preview":"max-video-preview:-1"},"canonical":"https:\/\/www.mojabochnia.pl\/?p=60295","og_locale":"pl_PL","og_type":"article","og_title":"Biskupi z kraj\u00f3w misyjnych zawitaj\u0105 do Bochni - mojabochnia.pl - portal informacyjny","og_description":"W \u015brod\u0119 do Bochni przyb\u0119d\u0105 biskupi z Ameryki Po\u0142udniowej, kt\u00f3rzy przybyli na obchody 225-lecia diecezji tarnowskiej. Hierarchowie zawitaj\u0105 tu r\u00f3wnie\u017c w pi\u0105tek, aby zwiedzi\u0107 kopalni\u0119 soli.","og_url":"https:\/\/www.mojabochnia.pl\/?p=60295","og_site_name":"mojabochnia.pl - portal informacyjny","article_publisher":"https:\/\/www.facebook.com\/mojabochnia","article_published_time":"2011-09-19T13:09:18+00:00","author":"Pawe\u0142 Michalczyk","twitter_card":"summary_large_image","twitter_misc":{"Written by":"Pawe\u0142 Michalczyk","Est. reading time":"1 minuta"},"schema":{"@context":"https:\/\/schema.org","@graph":[{"@type":"Article","@id":"https:\/\/www.mojabochnia.pl\/?p=60295#article","isPartOf":{"@id":"https:\/\/www.mojabochnia.pl\/?p=60295"},"author":{"name":"Pawe\u0142 Michalczyk","@id":"https:\/\/www.mojabochnia.pl\/#\/schema\/person\/ea042e4724a77627963f02166828ead4"},"headline":"Biskupi z kraj\u00f3w misyjnych zawitaj\u0105 do Bochni","datePublished":"2011-09-19T13:09:18+00:00","mainEntityOfPage":{"@id":"https:\/\/www.mojabochnia.pl\/?p=60295"},"wordCount":165,"commentCount":0,"publisher":{"@id":"https:\/\/www.mojabochnia.pl\/#organization"},"keywords":["biskup","brazylia","ks. jan nowakowski","misje","parafia \u015bw. jana nepomucena","parafia \u015bw. paw\u0142a aposto\u0142a","peru"],"articleSection":["2_ostatnie","tematyka","\u017bycie religijne"],"inLanguage":"pl-PL","potentialAction":[{"@type":"CommentAction","name":"Comment","target":["https:\/\/www.mojabochnia.pl\/?p=60295#respond"]}]},{"@type":"WebPage","@id":"https:\/\/www.mojabochnia.pl\/?p=60295","url":"https:\/\/www.mojabochnia.pl\/?p=60295","name":"Biskupi z kraj\u00f3w misyjnych zawitaj\u0105 do Bochni - mojabochnia.pl - portal informacyjny","isPartOf":{"@id":"https:\/\/www.mojabochnia.pl\/#website"},"datePublished":"2011-09-19T13:09:18+00:00","breadcrumb":{"@id":"https:\/\/www.mojabochnia.pl\/?p=60295#breadcrumb"},"inLanguage":"pl-PL","potentialAction":[{"@type":"ReadAction","target":["https:\/\/www.mojabochnia.pl\/?p=60295"]}]},{"@type":"BreadcrumbList","@id":"https:\/\/www.mojabochnia.pl\/?p=60295#breadcrumb","itemListElement":[{"@type":"ListItem","position":1,"name":"Home","item":"https:\/\/www.mojabochnia.pl\/"},{"@type":"ListItem","position":2,"name":"Biskupi z kraj\u00f3w misyjnych zawitaj\u0105 do Bochni"}]},{"@type":"WebSite","@id":"https:\/\/www.mojabochnia.pl\/#website","url":"https:\/\/www.mojabochnia.pl\/","name":"mojabochnia.pl - portal informacyjny","description":"mojaBochnia to portal informacyjny o Bochni. Codziennie o Bochni piszemy i pokazujemy najwa\u017cniejsze wydarzenia","publisher":{"@id":"https:\/\/www.mojabochnia.pl\/#organization"},"potentialAction":[{"@type":"SearchAction","target":{"@type":"EntryPoint","urlTemplate":"https:\/\/www.mojabochnia.pl\/?s={search_term_string}"},"query-input":{"@type":"PropertyValueSpecification","valueRequired":true,"valueName":"search_term_string"}}],"inLanguage":"pl-PL"},{"@type":"Organization","@id":"https:\/\/www.mojabochnia.pl\/#organization","name":"mojabochnia.pl - portal informacyjny","url":"https:\/\/www.mojabochnia.pl\/","logo":{"@type":"ImageObject","inLanguage":"pl-PL","@id":"https:\/\/www.mojabochnia.pl\/#\/schema\/logo\/image\/","url":"https:\/\/www.mojabochnia.pl\/wp-content\/uploads\/2017\/08\/logo-mb-opt.png","contentUrl":"https:\/\/www.mojabochnia.pl\/wp-content\/uploads\/2017\/08\/logo-mb-opt.png","width":250,"height":48,"caption":"mojabochnia.pl - portal informacyjny"},"image":{"@id":"https:\/\/www.mojabochnia.pl\/#\/schema\/logo\/image\/"},"sameAs":["https:\/\/www.facebook.com\/mojabochnia"]},{"@type":"Person","@id":"https:\/\/www.mojabochnia.pl\/#\/schema\/person\/ea042e4724a77627963f02166828ead4","name":"Pawe\u0142 Michalczyk","url":"https:\/\/www.mojabochnia.pl\/?author=4"}]}},"_links":{"self":[{"href":"https:\/\/www.mojabochnia.pl\/index.php?rest_route=\/wp\/v2\/posts\/60295","targetHints":{"allow":["GET"]}}],"collection":[{"href":"https:\/\/www.mojabochnia.pl\/index.php?rest_route=\/wp\/v2\/posts"}],"about":[{"href":"https:\/\/www.mojabochnia.pl\/index.php?rest_route=\/wp\/v2\/types\/post"}],"author":[{"embeddable":true,"href":"https:\/\/www.mojabochnia.pl\/index.php?rest_route=\/wp\/v2\/users\/4"}],"replies":[{"embeddable":true,"href":"https:\/\/www.mojabochnia.pl\/index.php?rest_route=%2Fwp%2Fv2%2Fcomments&post=60295"}],"version-history":[{"count":4,"href":"https:\/\/www.mojabochnia.pl\/index.php?rest_route=\/wp\/v2\/posts\/60295\/revisions"}],"predecessor-version":[{"id":60335,"href":"https:\/\/www.mojabochnia.pl\/index.php?rest_route=\/wp\/v2\/posts\/60295\/revisions\/60335"}],"wp:attachment":[{"href":"https:\/\/www.mojabochnia.pl\/index.php?rest_route=%2Fwp%2Fv2%2Fmedia&parent=60295"}],"wp:term":[{"taxonomy":"category","embeddable":true,"href":"https:\/\/www.mojabochnia.pl\/index.php?rest_route=%2Fwp%2Fv2%2Fcategories&post=60295"},{"taxonomy":"post_tag","embeddable":true,"href":"https:\/\/www.mojabochnia.pl\/index.php?rest_route=%2Fwp%2Fv2%2Ftags&post=60295"}],"curies":[{"name":"wp","href":"https:\/\/api.w.org\/{rel}","templated":true}]}}