{"id":60215,"date":"2011-09-17T08:37:58","date_gmt":"2011-09-17T06:37:58","guid":{"rendered":"http:\/\/www.mojabochnia.pl\/?p=60215"},"modified":"2011-09-16T16:39:22","modified_gmt":"2011-09-16T14:39:22","slug":"w-niedziele-odpust-w-parafii-sw-pawla","status":"publish","type":"post","link":"https:\/\/www.mojabochnia.pl\/?p=60215","title":{"rendered":"W niedziel\u0119 odpust w parafii \u015bw. Paw\u0142a"},"content":{"rendered":"<p>Zasadniczy odpust parafii \u015bw. Paw\u0142a Aposto\u0142a przypada zawsze 29 czerwca (czyli w dniu wspomnienia \u015bw. Paw\u0142a). Czasami wypada to w tygodniu, poniewa\u017c za\u015b nie jest to \u015bwi\u0119to obowi\u0105zuj\u0105ce, nie wszyscy maj\u0105 okazj\u0119 w nim uczestniczy\u0107. <\/p>\n<p>Jak m\u00f3wi ks. Jan Nowakowski, proboszcz parafii \u015bw. Paw\u0142a Aposto\u0142a, decyzja o drugim odpu\u015bcie zosta\u0142a podj\u0119ta ze wzgl\u0119d\u00f3w teologicznych. <em>Drugi odpust koresponduje z postaci\u0105 \u015bw. Paw\u0142a, kt\u00f3ry g\u0142osi\u0142 Chrystusa ukrzy\u017cowanego. W naszym ko\u015bciele jest olbrzymi wizerunek Jezusa ukrzy\u017cowanego na g\u0142\u00f3wne \u015bcianie prezbiterium. St\u0105d pomys\u0142, aby go czci\u0107 w zwi\u0105zku ze \u015bwi\u0119tem Podwy\u017cszenia Krzy\u017ca <\/em>\u2013 m\u00f3wi proboszcz.<\/p>\n<p>Decyzja o drugim odpu\u015bcie w parafii \u015bw. Paw\u0142a zosta\u0142a usankcjonowana przez biskupa ordynariusza specjalnym dekretem. Stanowi on, \u017ce uroczysto\u015bci odpustowe w parafii obchodzone s\u0105 zawsze w niedziel\u0119 po \u015bwi\u0119cie Podwy\u017cszenia Krzy\u017ca, kt\u00f3re przypada 14 wrze\u015bnia. Zatem tym razem odpust przypadnie w niedziel\u0119 18 wrze\u015bnia. <\/p>\n<p>Sumie o godz. 11.00 b\u0119dzie przewodniczy\u0142 ks. Bronis\u0142aw Kowalik, obecny proboszcz w Pogwizdowie, kt\u00f3ry przez 17 lat pracowa\u0142 na misjach w Republice \u015arodkowoafryka\u0144skiej. <em>Pracowa\u0142 w parafii licz\u0105cej ponad 40 tys. os\u00f3b. w ci\u0105gu 17 lat swojej pracy w Afryce wybudowa\u0142 kilkana\u015bcie ko\u015bcio\u0142\u00f3w<\/em> \u2013 m\u00f3wi ks. Jan Nowakowski.<\/p>\n<p>Odpust ku czci Podwy\u017cszenia Krzy\u017ca zawsze poprzedzaj\u0105 rekolekcje parafialne. Tym razem odbywa\u0142y si\u0119 one 11 do 14 wrze\u015bnia. G\u0142osi\u0142 je g\u0142osi\u0142 ks. Tadeusz Ba\u0144kowski z Kongregacji Oratorium \u015bw. Filipa Neri w Tarnowie.<\/p>\n","protected":false},"excerpt":{"rendered":"<p>W parafii \u015bw. Paw\u0142a w niedziel\u0119 odb\u0119dzie si\u0119 odpust z okazji Podwy\u017cszenia Krzy\u017ca. To drugi odpust, jaki obchodzi parafia Aposto\u0142a Narod\u00f3w. Dlaczego a\u017c dwa odpusty w tej parafii?<\/p>\n","protected":false},"author":4,"featured_media":0,"comment_status":"open","ping_status":"closed","sticky":false,"template":"","format":"standard","meta":{"_acf_changed":false,"footnotes":""},"categories":[5,6250,1342],"tags":[404,17364,361,10015,17552,1533],"class_list":["post-60215","post","type-post","status-publish","format-standard","hentry","category-biezace-wydarzenia","category-tematyka","category-zycie-religijne","tag-ks-jan-nowakowski","tag-odpust","tag-parafia-sw-pawla-apostola","tag-podwyzszenie-krzyza","tag-proboszcz","tag-sw-pawel","main_tag-odpust"],"acf":[],"yoast_head":"<!-- This site is optimized with the Yoast SEO plugin v26.9 - https:\/\/yoast.com\/product\/yoast-seo-wordpress\/ -->\n<title>W niedziel\u0119 odpust w parafii \u015bw. Paw\u0142a - mojabochnia.pl - portal informacyjny<\/title>\n<meta name=\"robots\" content=\"index, follow, max-snippet:-1, max-image-preview:large, max-video-preview:-1\" \/>\n<link rel=\"canonical\" href=\"https:\/\/www.mojabochnia.pl\/?p=60215\" \/>\n<meta property=\"og:locale\" content=\"pl_PL\" \/>\n<meta property=\"og:type\" content=\"article\" \/>\n<meta property=\"og:title\" content=\"W niedziel\u0119 odpust w parafii \u015bw. Paw\u0142a - mojabochnia.pl - portal informacyjny\" \/>\n<meta property=\"og:description\" content=\"W parafii \u015bw. Paw\u0142a w niedziel\u0119 odb\u0119dzie si\u0119 odpust z okazji Podwy\u017cszenia Krzy\u017ca. To drugi odpust, jaki obchodzi parafia Aposto\u0142a Narod\u00f3w. Dlaczego a\u017c dwa odpusty w tej parafii?\" \/>\n<meta property=\"og:url\" content=\"https:\/\/www.mojabochnia.pl\/?p=60215\" \/>\n<meta property=\"og:site_name\" content=\"mojabochnia.pl - portal informacyjny\" \/>\n<meta property=\"article:publisher\" content=\"https:\/\/www.facebook.com\/mojabochnia\" \/>\n<meta property=\"article:published_time\" content=\"2011-09-17T06:37:58+00:00\" \/>\n<meta name=\"author\" content=\"Pawe\u0142 Michalczyk\" \/>\n<meta name=\"twitter:card\" content=\"summary_large_image\" \/>\n<meta name=\"twitter:label1\" content=\"Written by\" \/>\n\t<meta name=\"twitter:data1\" content=\"Pawe\u0142 Michalczyk\" \/>\n\t<meta name=\"twitter:label2\" content=\"Est. reading time\" \/>\n\t<meta name=\"twitter:data2\" content=\"1 minuta\" \/>\n<script type=\"application\/ld+json\" class=\"yoast-schema-graph\">{\"@context\":\"https:\/\/schema.org\",\"@graph\":[{\"@type\":\"Article\",\"@id\":\"https:\/\/www.mojabochnia.pl\/?p=60215#article\",\"isPartOf\":{\"@id\":\"https:\/\/www.mojabochnia.pl\/?p=60215\"},\"author\":{\"name\":\"Pawe\u0142 Michalczyk\",\"@id\":\"https:\/\/www.mojabochnia.pl\/#\/schema\/person\/ea042e4724a77627963f02166828ead4\"},\"headline\":\"W niedziel\u0119 odpust w parafii \u015bw. Paw\u0142a\",\"datePublished\":\"2011-09-17T06:37:58+00:00\",\"mainEntityOfPage\":{\"@id\":\"https:\/\/www.mojabochnia.pl\/?p=60215\"},\"wordCount\":266,\"commentCount\":0,\"publisher\":{\"@id\":\"https:\/\/www.mojabochnia.pl\/#organization\"},\"keywords\":[\"ks. jan nowakowski\",\"odpust\",\"parafia \u015bw. paw\u0142a aposto\u0142a\",\"podwy\u017cszenie krzy\u017ca\",\"proboszcz\",\"\u015bw. pawe\u0142\"],\"articleSection\":[\"2_ostatnie\",\"tematyka\",\"\u017bycie religijne\"],\"inLanguage\":\"pl-PL\",\"potentialAction\":[{\"@type\":\"CommentAction\",\"name\":\"Comment\",\"target\":[\"https:\/\/www.mojabochnia.pl\/?p=60215#respond\"]}]},{\"@type\":\"WebPage\",\"@id\":\"https:\/\/www.mojabochnia.pl\/?p=60215\",\"url\":\"https:\/\/www.mojabochnia.pl\/?p=60215\",\"name\":\"W niedziel\u0119 odpust w parafii \u015bw. Paw\u0142a - mojabochnia.pl - portal informacyjny\",\"isPartOf\":{\"@id\":\"https:\/\/www.mojabochnia.pl\/#website\"},\"datePublished\":\"2011-09-17T06:37:58+00:00\",\"breadcrumb\":{\"@id\":\"https:\/\/www.mojabochnia.pl\/?p=60215#breadcrumb\"},\"inLanguage\":\"pl-PL\",\"potentialAction\":[{\"@type\":\"ReadAction\",\"target\":[\"https:\/\/www.mojabochnia.pl\/?p=60215\"]}]},{\"@type\":\"BreadcrumbList\",\"@id\":\"https:\/\/www.mojabochnia.pl\/?p=60215#breadcrumb\",\"itemListElement\":[{\"@type\":\"ListItem\",\"position\":1,\"name\":\"Home\",\"item\":\"https:\/\/www.mojabochnia.pl\/\"},{\"@type\":\"ListItem\",\"position\":2,\"name\":\"W niedziel\u0119 odpust w parafii \u015bw. Paw\u0142a\"}]},{\"@type\":\"WebSite\",\"@id\":\"https:\/\/www.mojabochnia.pl\/#website\",\"url\":\"https:\/\/www.mojabochnia.pl\/\",\"name\":\"mojabochnia.pl - portal informacyjny\",\"description\":\"mojaBochnia to portal informacyjny o Bochni. Codziennie o Bochni piszemy i pokazujemy najwa\u017cniejsze wydarzenia\",\"publisher\":{\"@id\":\"https:\/\/www.mojabochnia.pl\/#organization\"},\"potentialAction\":[{\"@type\":\"SearchAction\",\"target\":{\"@type\":\"EntryPoint\",\"urlTemplate\":\"https:\/\/www.mojabochnia.pl\/?s={search_term_string}\"},\"query-input\":{\"@type\":\"PropertyValueSpecification\",\"valueRequired\":true,\"valueName\":\"search_term_string\"}}],\"inLanguage\":\"pl-PL\"},{\"@type\":\"Organization\",\"@id\":\"https:\/\/www.mojabochnia.pl\/#organization\",\"name\":\"mojabochnia.pl - portal informacyjny\",\"url\":\"https:\/\/www.mojabochnia.pl\/\",\"logo\":{\"@type\":\"ImageObject\",\"inLanguage\":\"pl-PL\",\"@id\":\"https:\/\/www.mojabochnia.pl\/#\/schema\/logo\/image\/\",\"url\":\"https:\/\/www.mojabochnia.pl\/wp-content\/uploads\/2017\/08\/logo-mb-opt.png\",\"contentUrl\":\"https:\/\/www.mojabochnia.pl\/wp-content\/uploads\/2017\/08\/logo-mb-opt.png\",\"width\":250,\"height\":48,\"caption\":\"mojabochnia.pl - portal informacyjny\"},\"image\":{\"@id\":\"https:\/\/www.mojabochnia.pl\/#\/schema\/logo\/image\/\"},\"sameAs\":[\"https:\/\/www.facebook.com\/mojabochnia\"]},{\"@type\":\"Person\",\"@id\":\"https:\/\/www.mojabochnia.pl\/#\/schema\/person\/ea042e4724a77627963f02166828ead4\",\"name\":\"Pawe\u0142 Michalczyk\",\"url\":\"https:\/\/www.mojabochnia.pl\/?author=4\"}]}<\/script>\n<!-- \/ Yoast SEO plugin. -->","yoast_head_json":{"title":"W niedziel\u0119 odpust w parafii \u015bw. Paw\u0142a - mojabochnia.pl - portal informacyjny","robots":{"index":"index","follow":"follow","max-snippet":"max-snippet:-1","max-image-preview":"max-image-preview:large","max-video-preview":"max-video-preview:-1"},"canonical":"https:\/\/www.mojabochnia.pl\/?p=60215","og_locale":"pl_PL","og_type":"article","og_title":"W niedziel\u0119 odpust w parafii \u015bw. Paw\u0142a - mojabochnia.pl - portal informacyjny","og_description":"W parafii \u015bw. Paw\u0142a w niedziel\u0119 odb\u0119dzie si\u0119 odpust z okazji Podwy\u017cszenia Krzy\u017ca. To drugi odpust, jaki obchodzi parafia Aposto\u0142a Narod\u00f3w. Dlaczego a\u017c dwa odpusty w tej parafii?","og_url":"https:\/\/www.mojabochnia.pl\/?p=60215","og_site_name":"mojabochnia.pl - portal informacyjny","article_publisher":"https:\/\/www.facebook.com\/mojabochnia","article_published_time":"2011-09-17T06:37:58+00:00","author":"Pawe\u0142 Michalczyk","twitter_card":"summary_large_image","twitter_misc":{"Written by":"Pawe\u0142 Michalczyk","Est. reading time":"1 minuta"},"schema":{"@context":"https:\/\/schema.org","@graph":[{"@type":"Article","@id":"https:\/\/www.mojabochnia.pl\/?p=60215#article","isPartOf":{"@id":"https:\/\/www.mojabochnia.pl\/?p=60215"},"author":{"name":"Pawe\u0142 Michalczyk","@id":"https:\/\/www.mojabochnia.pl\/#\/schema\/person\/ea042e4724a77627963f02166828ead4"},"headline":"W niedziel\u0119 odpust w parafii \u015bw. Paw\u0142a","datePublished":"2011-09-17T06:37:58+00:00","mainEntityOfPage":{"@id":"https:\/\/www.mojabochnia.pl\/?p=60215"},"wordCount":266,"commentCount":0,"publisher":{"@id":"https:\/\/www.mojabochnia.pl\/#organization"},"keywords":["ks. jan nowakowski","odpust","parafia \u015bw. paw\u0142a aposto\u0142a","podwy\u017cszenie krzy\u017ca","proboszcz","\u015bw. pawe\u0142"],"articleSection":["2_ostatnie","tematyka","\u017bycie religijne"],"inLanguage":"pl-PL","potentialAction":[{"@type":"CommentAction","name":"Comment","target":["https:\/\/www.mojabochnia.pl\/?p=60215#respond"]}]},{"@type":"WebPage","@id":"https:\/\/www.mojabochnia.pl\/?p=60215","url":"https:\/\/www.mojabochnia.pl\/?p=60215","name":"W niedziel\u0119 odpust w parafii \u015bw. Paw\u0142a - mojabochnia.pl - portal informacyjny","isPartOf":{"@id":"https:\/\/www.mojabochnia.pl\/#website"},"datePublished":"2011-09-17T06:37:58+00:00","breadcrumb":{"@id":"https:\/\/www.mojabochnia.pl\/?p=60215#breadcrumb"},"inLanguage":"pl-PL","potentialAction":[{"@type":"ReadAction","target":["https:\/\/www.mojabochnia.pl\/?p=60215"]}]},{"@type":"BreadcrumbList","@id":"https:\/\/www.mojabochnia.pl\/?p=60215#breadcrumb","itemListElement":[{"@type":"ListItem","position":1,"name":"Home","item":"https:\/\/www.mojabochnia.pl\/"},{"@type":"ListItem","position":2,"name":"W niedziel\u0119 odpust w parafii \u015bw. Paw\u0142a"}]},{"@type":"WebSite","@id":"https:\/\/www.mojabochnia.pl\/#website","url":"https:\/\/www.mojabochnia.pl\/","name":"mojabochnia.pl - portal informacyjny","description":"mojaBochnia to portal informacyjny o Bochni. Codziennie o Bochni piszemy i pokazujemy najwa\u017cniejsze wydarzenia","publisher":{"@id":"https:\/\/www.mojabochnia.pl\/#organization"},"potentialAction":[{"@type":"SearchAction","target":{"@type":"EntryPoint","urlTemplate":"https:\/\/www.mojabochnia.pl\/?s={search_term_string}"},"query-input":{"@type":"PropertyValueSpecification","valueRequired":true,"valueName":"search_term_string"}}],"inLanguage":"pl-PL"},{"@type":"Organization","@id":"https:\/\/www.mojabochnia.pl\/#organization","name":"mojabochnia.pl - portal informacyjny","url":"https:\/\/www.mojabochnia.pl\/","logo":{"@type":"ImageObject","inLanguage":"pl-PL","@id":"https:\/\/www.mojabochnia.pl\/#\/schema\/logo\/image\/","url":"https:\/\/www.mojabochnia.pl\/wp-content\/uploads\/2017\/08\/logo-mb-opt.png","contentUrl":"https:\/\/www.mojabochnia.pl\/wp-content\/uploads\/2017\/08\/logo-mb-opt.png","width":250,"height":48,"caption":"mojabochnia.pl - portal informacyjny"},"image":{"@id":"https:\/\/www.mojabochnia.pl\/#\/schema\/logo\/image\/"},"sameAs":["https:\/\/www.facebook.com\/mojabochnia"]},{"@type":"Person","@id":"https:\/\/www.mojabochnia.pl\/#\/schema\/person\/ea042e4724a77627963f02166828ead4","name":"Pawe\u0142 Michalczyk","url":"https:\/\/www.mojabochnia.pl\/?author=4"}]}},"_links":{"self":[{"href":"https:\/\/www.mojabochnia.pl\/index.php?rest_route=\/wp\/v2\/posts\/60215","targetHints":{"allow":["GET"]}}],"collection":[{"href":"https:\/\/www.mojabochnia.pl\/index.php?rest_route=\/wp\/v2\/posts"}],"about":[{"href":"https:\/\/www.mojabochnia.pl\/index.php?rest_route=\/wp\/v2\/types\/post"}],"author":[{"embeddable":true,"href":"https:\/\/www.mojabochnia.pl\/index.php?rest_route=\/wp\/v2\/users\/4"}],"replies":[{"embeddable":true,"href":"https:\/\/www.mojabochnia.pl\/index.php?rest_route=%2Fwp%2Fv2%2Fcomments&post=60215"}],"version-history":[{"count":5,"href":"https:\/\/www.mojabochnia.pl\/index.php?rest_route=\/wp\/v2\/posts\/60215\/revisions"}],"predecessor-version":[{"id":60242,"href":"https:\/\/www.mojabochnia.pl\/index.php?rest_route=\/wp\/v2\/posts\/60215\/revisions\/60242"}],"wp:attachment":[{"href":"https:\/\/www.mojabochnia.pl\/index.php?rest_route=%2Fwp%2Fv2%2Fmedia&parent=60215"}],"wp:term":[{"taxonomy":"category","embeddable":true,"href":"https:\/\/www.mojabochnia.pl\/index.php?rest_route=%2Fwp%2Fv2%2Fcategories&post=60215"},{"taxonomy":"post_tag","embeddable":true,"href":"https:\/\/www.mojabochnia.pl\/index.php?rest_route=%2Fwp%2Fv2%2Ftags&post=60215"}],"curies":[{"name":"wp","href":"https:\/\/api.w.org\/{rel}","templated":true}]}}