{"id":59889,"date":"2011-09-13T11:24:47","date_gmt":"2011-09-13T09:24:47","guid":{"rendered":"http:\/\/www.mojabochnia.pl\/?p=59889"},"modified":"2011-09-13T11:26:38","modified_gmt":"2011-09-13T09:26:38","slug":"bazylika-na-odpust-prezbiterium-zostanie-otwarte","status":"publish","type":"post","link":"https:\/\/www.mojabochnia.pl\/?p=59889","title":{"rendered":"Bazylika: na odpust prezbiterium zostanie otwarte"},"content":{"rendered":"<p>Ks. Zdzis\u0142aw Sadko, kustosz sanktuarium, zapowiada, \u017ce na pa\u017adziernikowy odpust zostanie oddana belka t\u0119czowa ze scen\u0105 ukrzy\u017cowania oraz prezbiterium. Konserwacja o\u0142tarza g\u0142\u00f3wnego natomiast do odpustu nie zostanie zako\u0144czona.<\/p>\n<p><em>Prac jest bardzo du\u017co, prace wci\u0105\u017c trwaj\u0105. Baner, kt\u00f3ry jest teraz przy belce t\u0119czowej, zostanie przesuni\u0119ty do o\u0142tarza. O\u0142tarz soborowy przesuniemy do prezbiterium, \u017ceby wszyscy mogli z tego prezbiterium korzysta\u0107<\/em> \u2013 m\u00f3wi ks. Zdzis\u0142aw Sadko. <\/p>\n<p>Rusztowania przed o\u0142tarzem g\u0142\u00f3wnym pozostan\u0105. <em>Koszt samego stawiania rusztowania jest do\u015b\u0107 du\u017cy, \u017ceby na drugi rok go zn\u00f3w stawia\u0107. My\u015bl\u0119, \u017ce w mi\u0119dzyczasie prace b\u0119d\u0105 trwa\u0142y<\/em> &#8211; dodaje proboszcz parafii \u015bw. Miko\u0142aja. <\/p>\n<p>Koszt remontu belki t\u0119czowej w boche\u0144skiej Bazylice to 240 tys. z\u0142, za\u015b koszt remontu o\u0142tarza g\u0142\u00f3wnego to 740 tys. z\u0142. <\/p>\n","protected":false},"excerpt":{"rendered":"<p>Dobiega ko\u0144ca remont belki t\u0119czowej w Bazylice \u015bw. Miko\u0142aja. Od kilku miesi\u0119cy w zwi\u0105zku z pracami konserwatorskimi prezbiterium \u015bwi\u0105tyni jest zamkni\u0119te, a nabo\u017ce\u0144stwa odprawiane s\u0105 na o\u0142tarzu ustawionym na przedzie g\u0142\u00f3wnej nawy. <\/p>\n","protected":false},"author":4,"featured_media":0,"comment_status":"open","ping_status":"closed","sticky":false,"template":"","format":"standard","meta":{"_acf_changed":false,"footnotes":""},"categories":[5,6250,1342],"tags":[17608,9174,6142,17248,17364,27,9982,17300],"class_list":["post-59889","post","type-post","status-publish","format-standard","hentry","category-biezace-wydarzenia","category-tematyka","category-zycie-religijne","tag-bazylika","tag-belka-teczowa","tag-konserwacja","tag-ks-zdzislaw-sadko","tag-odpust","tag-parafia-sw-mikolaja","tag-prezbiterium","tag-remont","main_tag-bazylika"],"acf":[],"yoast_head":"<!-- This site is optimized with the Yoast SEO plugin v26.9 - https:\/\/yoast.com\/product\/yoast-seo-wordpress\/ -->\n<title>Bazylika: na odpust prezbiterium zostanie otwarte - mojabochnia.pl - portal informacyjny<\/title>\n<meta name=\"robots\" content=\"index, follow, max-snippet:-1, max-image-preview:large, max-video-preview:-1\" \/>\n<link rel=\"canonical\" href=\"https:\/\/www.mojabochnia.pl\/?p=59889\" \/>\n<meta property=\"og:locale\" content=\"pl_PL\" \/>\n<meta property=\"og:type\" content=\"article\" \/>\n<meta property=\"og:title\" content=\"Bazylika: na odpust prezbiterium zostanie otwarte - mojabochnia.pl - portal informacyjny\" \/>\n<meta property=\"og:description\" content=\"Dobiega ko\u0144ca remont belki t\u0119czowej w Bazylice \u015bw. Miko\u0142aja. Od kilku miesi\u0119cy w zwi\u0105zku z pracami konserwatorskimi prezbiterium \u015bwi\u0105tyni jest zamkni\u0119te, a nabo\u017ce\u0144stwa odprawiane s\u0105 na o\u0142tarzu ustawionym na przedzie g\u0142\u00f3wnej nawy.\" \/>\n<meta property=\"og:url\" content=\"https:\/\/www.mojabochnia.pl\/?p=59889\" \/>\n<meta property=\"og:site_name\" content=\"mojabochnia.pl - portal informacyjny\" \/>\n<meta property=\"article:publisher\" content=\"https:\/\/www.facebook.com\/mojabochnia\" \/>\n<meta property=\"article:published_time\" content=\"2011-09-13T09:24:47+00:00\" \/>\n<meta property=\"article:modified_time\" content=\"2011-09-13T09:26:38+00:00\" \/>\n<meta name=\"author\" content=\"Pawe\u0142 Michalczyk\" \/>\n<meta name=\"twitter:card\" content=\"summary_large_image\" \/>\n<meta name=\"twitter:label1\" content=\"Written by\" \/>\n\t<meta name=\"twitter:data1\" content=\"Pawe\u0142 Michalczyk\" \/>\n\t<meta name=\"twitter:label2\" content=\"Est. reading time\" \/>\n\t<meta name=\"twitter:data2\" content=\"1 minuta\" \/>\n<script type=\"application\/ld+json\" class=\"yoast-schema-graph\">{\"@context\":\"https:\/\/schema.org\",\"@graph\":[{\"@type\":\"Article\",\"@id\":\"https:\/\/www.mojabochnia.pl\/?p=59889#article\",\"isPartOf\":{\"@id\":\"https:\/\/www.mojabochnia.pl\/?p=59889\"},\"author\":{\"name\":\"Pawe\u0142 Michalczyk\",\"@id\":\"https:\/\/www.mojabochnia.pl\/#\/schema\/person\/ea042e4724a77627963f02166828ead4\"},\"headline\":\"Bazylika: na odpust prezbiterium zostanie otwarte\",\"datePublished\":\"2011-09-13T09:24:47+00:00\",\"dateModified\":\"2011-09-13T09:26:38+00:00\",\"mainEntityOfPage\":{\"@id\":\"https:\/\/www.mojabochnia.pl\/?p=59889\"},\"wordCount\":146,\"commentCount\":0,\"publisher\":{\"@id\":\"https:\/\/www.mojabochnia.pl\/#organization\"},\"keywords\":[\"bazylika\",\"belka t\u0119czowa\",\"konserwacja\",\"ks. zdzis\u0142aw sadko\",\"odpust\",\"Parafia \u015bw. Miko\u0142aja\",\"prezbiterium\",\"remont\"],\"articleSection\":[\"2_ostatnie\",\"tematyka\",\"\u017bycie religijne\"],\"inLanguage\":\"pl-PL\",\"potentialAction\":[{\"@type\":\"CommentAction\",\"name\":\"Comment\",\"target\":[\"https:\/\/www.mojabochnia.pl\/?p=59889#respond\"]}]},{\"@type\":\"WebPage\",\"@id\":\"https:\/\/www.mojabochnia.pl\/?p=59889\",\"url\":\"https:\/\/www.mojabochnia.pl\/?p=59889\",\"name\":\"Bazylika: na odpust prezbiterium zostanie otwarte - mojabochnia.pl - portal informacyjny\",\"isPartOf\":{\"@id\":\"https:\/\/www.mojabochnia.pl\/#website\"},\"datePublished\":\"2011-09-13T09:24:47+00:00\",\"dateModified\":\"2011-09-13T09:26:38+00:00\",\"breadcrumb\":{\"@id\":\"https:\/\/www.mojabochnia.pl\/?p=59889#breadcrumb\"},\"inLanguage\":\"pl-PL\",\"potentialAction\":[{\"@type\":\"ReadAction\",\"target\":[\"https:\/\/www.mojabochnia.pl\/?p=59889\"]}]},{\"@type\":\"BreadcrumbList\",\"@id\":\"https:\/\/www.mojabochnia.pl\/?p=59889#breadcrumb\",\"itemListElement\":[{\"@type\":\"ListItem\",\"position\":1,\"name\":\"Home\",\"item\":\"https:\/\/www.mojabochnia.pl\/\"},{\"@type\":\"ListItem\",\"position\":2,\"name\":\"Bazylika: na odpust prezbiterium zostanie otwarte\"}]},{\"@type\":\"WebSite\",\"@id\":\"https:\/\/www.mojabochnia.pl\/#website\",\"url\":\"https:\/\/www.mojabochnia.pl\/\",\"name\":\"mojabochnia.pl - portal informacyjny\",\"description\":\"mojaBochnia to portal informacyjny o Bochni. Codziennie o Bochni piszemy i pokazujemy najwa\u017cniejsze wydarzenia\",\"publisher\":{\"@id\":\"https:\/\/www.mojabochnia.pl\/#organization\"},\"potentialAction\":[{\"@type\":\"SearchAction\",\"target\":{\"@type\":\"EntryPoint\",\"urlTemplate\":\"https:\/\/www.mojabochnia.pl\/?s={search_term_string}\"},\"query-input\":{\"@type\":\"PropertyValueSpecification\",\"valueRequired\":true,\"valueName\":\"search_term_string\"}}],\"inLanguage\":\"pl-PL\"},{\"@type\":\"Organization\",\"@id\":\"https:\/\/www.mojabochnia.pl\/#organization\",\"name\":\"mojabochnia.pl - portal informacyjny\",\"url\":\"https:\/\/www.mojabochnia.pl\/\",\"logo\":{\"@type\":\"ImageObject\",\"inLanguage\":\"pl-PL\",\"@id\":\"https:\/\/www.mojabochnia.pl\/#\/schema\/logo\/image\/\",\"url\":\"https:\/\/www.mojabochnia.pl\/wp-content\/uploads\/2017\/08\/logo-mb-opt.png\",\"contentUrl\":\"https:\/\/www.mojabochnia.pl\/wp-content\/uploads\/2017\/08\/logo-mb-opt.png\",\"width\":250,\"height\":48,\"caption\":\"mojabochnia.pl - portal informacyjny\"},\"image\":{\"@id\":\"https:\/\/www.mojabochnia.pl\/#\/schema\/logo\/image\/\"},\"sameAs\":[\"https:\/\/www.facebook.com\/mojabochnia\"]},{\"@type\":\"Person\",\"@id\":\"https:\/\/www.mojabochnia.pl\/#\/schema\/person\/ea042e4724a77627963f02166828ead4\",\"name\":\"Pawe\u0142 Michalczyk\",\"url\":\"https:\/\/www.mojabochnia.pl\/?author=4\"}]}<\/script>\n<!-- \/ Yoast SEO plugin. -->","yoast_head_json":{"title":"Bazylika: na odpust prezbiterium zostanie otwarte - mojabochnia.pl - portal informacyjny","robots":{"index":"index","follow":"follow","max-snippet":"max-snippet:-1","max-image-preview":"max-image-preview:large","max-video-preview":"max-video-preview:-1"},"canonical":"https:\/\/www.mojabochnia.pl\/?p=59889","og_locale":"pl_PL","og_type":"article","og_title":"Bazylika: na odpust prezbiterium zostanie otwarte - mojabochnia.pl - portal informacyjny","og_description":"Dobiega ko\u0144ca remont belki t\u0119czowej w Bazylice \u015bw. Miko\u0142aja. Od kilku miesi\u0119cy w zwi\u0105zku z pracami konserwatorskimi prezbiterium \u015bwi\u0105tyni jest zamkni\u0119te, a nabo\u017ce\u0144stwa odprawiane s\u0105 na o\u0142tarzu ustawionym na przedzie g\u0142\u00f3wnej nawy.","og_url":"https:\/\/www.mojabochnia.pl\/?p=59889","og_site_name":"mojabochnia.pl - portal informacyjny","article_publisher":"https:\/\/www.facebook.com\/mojabochnia","article_published_time":"2011-09-13T09:24:47+00:00","article_modified_time":"2011-09-13T09:26:38+00:00","author":"Pawe\u0142 Michalczyk","twitter_card":"summary_large_image","twitter_misc":{"Written by":"Pawe\u0142 Michalczyk","Est. reading time":"1 minuta"},"schema":{"@context":"https:\/\/schema.org","@graph":[{"@type":"Article","@id":"https:\/\/www.mojabochnia.pl\/?p=59889#article","isPartOf":{"@id":"https:\/\/www.mojabochnia.pl\/?p=59889"},"author":{"name":"Pawe\u0142 Michalczyk","@id":"https:\/\/www.mojabochnia.pl\/#\/schema\/person\/ea042e4724a77627963f02166828ead4"},"headline":"Bazylika: na odpust prezbiterium zostanie otwarte","datePublished":"2011-09-13T09:24:47+00:00","dateModified":"2011-09-13T09:26:38+00:00","mainEntityOfPage":{"@id":"https:\/\/www.mojabochnia.pl\/?p=59889"},"wordCount":146,"commentCount":0,"publisher":{"@id":"https:\/\/www.mojabochnia.pl\/#organization"},"keywords":["bazylika","belka t\u0119czowa","konserwacja","ks. zdzis\u0142aw sadko","odpust","Parafia \u015bw. Miko\u0142aja","prezbiterium","remont"],"articleSection":["2_ostatnie","tematyka","\u017bycie religijne"],"inLanguage":"pl-PL","potentialAction":[{"@type":"CommentAction","name":"Comment","target":["https:\/\/www.mojabochnia.pl\/?p=59889#respond"]}]},{"@type":"WebPage","@id":"https:\/\/www.mojabochnia.pl\/?p=59889","url":"https:\/\/www.mojabochnia.pl\/?p=59889","name":"Bazylika: na odpust prezbiterium zostanie otwarte - mojabochnia.pl - portal informacyjny","isPartOf":{"@id":"https:\/\/www.mojabochnia.pl\/#website"},"datePublished":"2011-09-13T09:24:47+00:00","dateModified":"2011-09-13T09:26:38+00:00","breadcrumb":{"@id":"https:\/\/www.mojabochnia.pl\/?p=59889#breadcrumb"},"inLanguage":"pl-PL","potentialAction":[{"@type":"ReadAction","target":["https:\/\/www.mojabochnia.pl\/?p=59889"]}]},{"@type":"BreadcrumbList","@id":"https:\/\/www.mojabochnia.pl\/?p=59889#breadcrumb","itemListElement":[{"@type":"ListItem","position":1,"name":"Home","item":"https:\/\/www.mojabochnia.pl\/"},{"@type":"ListItem","position":2,"name":"Bazylika: na odpust prezbiterium zostanie otwarte"}]},{"@type":"WebSite","@id":"https:\/\/www.mojabochnia.pl\/#website","url":"https:\/\/www.mojabochnia.pl\/","name":"mojabochnia.pl - portal informacyjny","description":"mojaBochnia to portal informacyjny o Bochni. Codziennie o Bochni piszemy i pokazujemy najwa\u017cniejsze wydarzenia","publisher":{"@id":"https:\/\/www.mojabochnia.pl\/#organization"},"potentialAction":[{"@type":"SearchAction","target":{"@type":"EntryPoint","urlTemplate":"https:\/\/www.mojabochnia.pl\/?s={search_term_string}"},"query-input":{"@type":"PropertyValueSpecification","valueRequired":true,"valueName":"search_term_string"}}],"inLanguage":"pl-PL"},{"@type":"Organization","@id":"https:\/\/www.mojabochnia.pl\/#organization","name":"mojabochnia.pl - portal informacyjny","url":"https:\/\/www.mojabochnia.pl\/","logo":{"@type":"ImageObject","inLanguage":"pl-PL","@id":"https:\/\/www.mojabochnia.pl\/#\/schema\/logo\/image\/","url":"https:\/\/www.mojabochnia.pl\/wp-content\/uploads\/2017\/08\/logo-mb-opt.png","contentUrl":"https:\/\/www.mojabochnia.pl\/wp-content\/uploads\/2017\/08\/logo-mb-opt.png","width":250,"height":48,"caption":"mojabochnia.pl - portal informacyjny"},"image":{"@id":"https:\/\/www.mojabochnia.pl\/#\/schema\/logo\/image\/"},"sameAs":["https:\/\/www.facebook.com\/mojabochnia"]},{"@type":"Person","@id":"https:\/\/www.mojabochnia.pl\/#\/schema\/person\/ea042e4724a77627963f02166828ead4","name":"Pawe\u0142 Michalczyk","url":"https:\/\/www.mojabochnia.pl\/?author=4"}]}},"_links":{"self":[{"href":"https:\/\/www.mojabochnia.pl\/index.php?rest_route=\/wp\/v2\/posts\/59889","targetHints":{"allow":["GET"]}}],"collection":[{"href":"https:\/\/www.mojabochnia.pl\/index.php?rest_route=\/wp\/v2\/posts"}],"about":[{"href":"https:\/\/www.mojabochnia.pl\/index.php?rest_route=\/wp\/v2\/types\/post"}],"author":[{"embeddable":true,"href":"https:\/\/www.mojabochnia.pl\/index.php?rest_route=\/wp\/v2\/users\/4"}],"replies":[{"embeddable":true,"href":"https:\/\/www.mojabochnia.pl\/index.php?rest_route=%2Fwp%2Fv2%2Fcomments&post=59889"}],"version-history":[{"count":6,"href":"https:\/\/www.mojabochnia.pl\/index.php?rest_route=\/wp\/v2\/posts\/59889\/revisions"}],"predecessor-version":[{"id":59895,"href":"https:\/\/www.mojabochnia.pl\/index.php?rest_route=\/wp\/v2\/posts\/59889\/revisions\/59895"}],"wp:attachment":[{"href":"https:\/\/www.mojabochnia.pl\/index.php?rest_route=%2Fwp%2Fv2%2Fmedia&parent=59889"}],"wp:term":[{"taxonomy":"category","embeddable":true,"href":"https:\/\/www.mojabochnia.pl\/index.php?rest_route=%2Fwp%2Fv2%2Fcategories&post=59889"},{"taxonomy":"post_tag","embeddable":true,"href":"https:\/\/www.mojabochnia.pl\/index.php?rest_route=%2Fwp%2Fv2%2Ftags&post=59889"}],"curies":[{"name":"wp","href":"https:\/\/api.w.org\/{rel}","templated":true}]}}