{"id":5974,"date":"2009-02-27T07:21:00","date_gmt":"2009-02-27T06:21:00","guid":{"rendered":"http:\/\/www.mojabochnia.pl\/?p=5974"},"modified":"2009-02-26T15:46:28","modified_gmt":"2009-02-26T14:46:28","slug":"list-prezesa-spolem-pss-do-radnych","status":"publish","type":"post","link":"https:\/\/www.mojabochnia.pl\/?p=5974","title":{"rendered":"List prezesa Spo\u0142em PSS do radnych"},"content":{"rendered":"<p>Prezes Spo\u0142em PSS zarzuca burmistrzowi brak organizacji ruchu ko\u0142owego na ul. Karosek.<\/p>\n<p><img decoding=\"async\" src=\"http:\/\/www.mojabochnia.pl\/f\/2009\/02\/090227_pm_spolem_pismo1.jpg\" \/><\/p>\n<p>Burmistrz Bogdan Kosturkiewicz podczas sesji powiedzia\u0142, \u017ce informacje, jakie podaje prezes Adam Sosnowiec &#8222;w og\u00f3le nie s\u0105 prawdziwe&#8221;. Zwraca\u0142 on uwag\u0119, \u017ce przygotowywany jest projekt organizacji ruchu w zwi\u0105zku z budow\u0105, co wi\u0119cej, \u017ce miasto przewidzia\u0142o wykonanie specjalnego objazdu na teren sp\u00f3\u0142dzielni. &#8211; <em>Jak pa\u0144stwo spojrz\u0105 na projekt tego ronda &#8211; t\u0142umaczy\u0142em to panu Sosnowcowi jeszcze zanim on napisa\u0142 to pismo &#8211; \u017ce jest przygotowane specjalne obej\u015bcie po to, aby na czas realizacji budowy ronda samochody mog\u0142y si\u0119 spokojnie przemieszcza\u0107. By\u0107 mo\u017ce b\u0119dzie to przep\u0142yw w jednym kierunku, by\u0107 mo\u017ce trzeba b\u0119dzie zastosowa\u0107 drobne zmiany organizacji ruchu, kt\u00f3re b\u0119d\u0105 powodowa\u0107 drobne utrudnienia, ale to nie b\u0119dzie zamykanie ulicy<\/em> &#8211; m\u00f3wi\u0142 burmistrz. <\/p>\n<p>O sprawie utrudnie\u0144 zwi\u0105zanych z inwestycjami na terenie Bochni <a href=\"http:\/\/www.mojabochnia.pl\/?p=5904\">burmistrz m\u00f3wi\u0142, przepraszaj\u0105c z g\u00f3ry mieszka\u0144c\u00f3w Bochni<\/a>. <\/p>\n","protected":false},"excerpt":{"rendered":"<p>Podczas czwartkowej sesji radni otrzymali pismo Adama Sosnowca, prezesa Spo\u0142em PSS w Bochni. Dotyczy ono sposobu realizacji tzw. obwodnicy p\u00f3\u0142nocno-zachodniej w rejonie ul. Karosek.<\/p>\n","protected":false},"author":4,"featured_media":0,"comment_status":"open","ping_status":"closed","sticky":false,"template":"","format":"standard","meta":{"_acf_changed":false,"footnotes":""},"categories":[5],"tags":[343,17171,17421,2044,1456,346,340,17519,17229,2315,396],"class_list":["post-5974","post","type-post","status-publish","format-standard","hentry","category-biezace-wydarzenia","tag-adam-sosnowiec","tag-bogdan-kosturkiewicz","tag-burmistrz","tag-prezes","tag-przewodniczacy-rady-miejskiej","tag-radni","tag-ryszard-najbarowski","tag-sesja","tag-sesja-rady-miasta","tag-sklepy","tag-spolem-pss"],"acf":[],"yoast_head":"<!-- This site is optimized with the Yoast SEO plugin v26.9 - https:\/\/yoast.com\/product\/yoast-seo-wordpress\/ -->\n<title>List prezesa Spo\u0142em PSS do radnych - mojabochnia.pl - portal informacyjny<\/title>\n<meta name=\"robots\" content=\"index, follow, max-snippet:-1, max-image-preview:large, max-video-preview:-1\" \/>\n<link rel=\"canonical\" href=\"https:\/\/www.mojabochnia.pl\/?p=5974\" \/>\n<meta property=\"og:locale\" content=\"pl_PL\" \/>\n<meta property=\"og:type\" content=\"article\" \/>\n<meta property=\"og:title\" content=\"List prezesa Spo\u0142em PSS do radnych - mojabochnia.pl - portal informacyjny\" \/>\n<meta property=\"og:description\" content=\"Podczas czwartkowej sesji radni otrzymali pismo Adama Sosnowca, prezesa Spo\u0142em PSS w Bochni. Dotyczy ono sposobu realizacji tzw. obwodnicy p\u00f3\u0142nocno-zachodniej w rejonie ul. Karosek.\" \/>\n<meta property=\"og:url\" content=\"https:\/\/www.mojabochnia.pl\/?p=5974\" \/>\n<meta property=\"og:site_name\" content=\"mojabochnia.pl - portal informacyjny\" \/>\n<meta property=\"article:publisher\" content=\"https:\/\/www.facebook.com\/mojabochnia\" \/>\n<meta property=\"article:published_time\" content=\"2009-02-27T06:21:00+00:00\" \/>\n<meta property=\"og:image\" content=\"http:\/\/www.mojabochnia.pl\/f\/2009\/02\/090227_pm_spolem_pismo1.jpg\" \/>\n<meta name=\"author\" content=\"Pawe\u0142 Michalczyk\" \/>\n<meta name=\"twitter:card\" content=\"summary_large_image\" \/>\n<meta name=\"twitter:label1\" content=\"Written by\" \/>\n\t<meta name=\"twitter:data1\" content=\"Pawe\u0142 Michalczyk\" \/>\n\t<meta name=\"twitter:label2\" content=\"Est. reading time\" \/>\n\t<meta name=\"twitter:data2\" content=\"1 minuta\" \/>\n<script type=\"application\/ld+json\" class=\"yoast-schema-graph\">{\"@context\":\"https:\/\/schema.org\",\"@graph\":[{\"@type\":\"Article\",\"@id\":\"https:\/\/www.mojabochnia.pl\/?p=5974#article\",\"isPartOf\":{\"@id\":\"https:\/\/www.mojabochnia.pl\/?p=5974\"},\"author\":{\"name\":\"Pawe\u0142 Michalczyk\",\"@id\":\"https:\/\/www.mojabochnia.pl\/#\/schema\/person\/ea042e4724a77627963f02166828ead4\"},\"headline\":\"List prezesa Spo\u0142em PSS do radnych\",\"datePublished\":\"2009-02-27T06:21:00+00:00\",\"mainEntityOfPage\":{\"@id\":\"https:\/\/www.mojabochnia.pl\/?p=5974\"},\"wordCount\":173,\"commentCount\":6,\"publisher\":{\"@id\":\"https:\/\/www.mojabochnia.pl\/#organization\"},\"image\":{\"@id\":\"https:\/\/www.mojabochnia.pl\/?p=5974#primaryimage\"},\"thumbnailUrl\":\"http:\/\/www.mojabochnia.pl\/f\/2009\/02\/090227_pm_spolem_pismo1.jpg\",\"keywords\":[\"adam sosnowiec\",\"bogdan kosturkiewicz\",\"burmistrz\",\"prezes\",\"przewodnicz\u0105cy rady miejskiej\",\"radni\",\"ryszard najbarowski\",\"sesja\",\"sesja rady miasta\",\"sklepy\",\"spo\u0142em PSS\"],\"articleSection\":[\"2_ostatnie\"],\"inLanguage\":\"pl-PL\",\"potentialAction\":[{\"@type\":\"CommentAction\",\"name\":\"Comment\",\"target\":[\"https:\/\/www.mojabochnia.pl\/?p=5974#respond\"]}]},{\"@type\":\"WebPage\",\"@id\":\"https:\/\/www.mojabochnia.pl\/?p=5974\",\"url\":\"https:\/\/www.mojabochnia.pl\/?p=5974\",\"name\":\"List prezesa Spo\u0142em PSS do radnych - mojabochnia.pl - portal informacyjny\",\"isPartOf\":{\"@id\":\"https:\/\/www.mojabochnia.pl\/#website\"},\"primaryImageOfPage\":{\"@id\":\"https:\/\/www.mojabochnia.pl\/?p=5974#primaryimage\"},\"image\":{\"@id\":\"https:\/\/www.mojabochnia.pl\/?p=5974#primaryimage\"},\"thumbnailUrl\":\"http:\/\/www.mojabochnia.pl\/f\/2009\/02\/090227_pm_spolem_pismo1.jpg\",\"datePublished\":\"2009-02-27T06:21:00+00:00\",\"breadcrumb\":{\"@id\":\"https:\/\/www.mojabochnia.pl\/?p=5974#breadcrumb\"},\"inLanguage\":\"pl-PL\",\"potentialAction\":[{\"@type\":\"ReadAction\",\"target\":[\"https:\/\/www.mojabochnia.pl\/?p=5974\"]}]},{\"@type\":\"ImageObject\",\"inLanguage\":\"pl-PL\",\"@id\":\"https:\/\/www.mojabochnia.pl\/?p=5974#primaryimage\",\"url\":\"http:\/\/www.mojabochnia.pl\/f\/2009\/02\/090227_pm_spolem_pismo1.jpg\",\"contentUrl\":\"http:\/\/www.mojabochnia.pl\/f\/2009\/02\/090227_pm_spolem_pismo1.jpg\"},{\"@type\":\"BreadcrumbList\",\"@id\":\"https:\/\/www.mojabochnia.pl\/?p=5974#breadcrumb\",\"itemListElement\":[{\"@type\":\"ListItem\",\"position\":1,\"name\":\"Home\",\"item\":\"https:\/\/www.mojabochnia.pl\/\"},{\"@type\":\"ListItem\",\"position\":2,\"name\":\"List prezesa Spo\u0142em PSS do radnych\"}]},{\"@type\":\"WebSite\",\"@id\":\"https:\/\/www.mojabochnia.pl\/#website\",\"url\":\"https:\/\/www.mojabochnia.pl\/\",\"name\":\"mojabochnia.pl - portal informacyjny\",\"description\":\"mojaBochnia to portal informacyjny o Bochni. Codziennie o Bochni piszemy i pokazujemy najwa\u017cniejsze wydarzenia\",\"publisher\":{\"@id\":\"https:\/\/www.mojabochnia.pl\/#organization\"},\"potentialAction\":[{\"@type\":\"SearchAction\",\"target\":{\"@type\":\"EntryPoint\",\"urlTemplate\":\"https:\/\/www.mojabochnia.pl\/?s={search_term_string}\"},\"query-input\":{\"@type\":\"PropertyValueSpecification\",\"valueRequired\":true,\"valueName\":\"search_term_string\"}}],\"inLanguage\":\"pl-PL\"},{\"@type\":\"Organization\",\"@id\":\"https:\/\/www.mojabochnia.pl\/#organization\",\"name\":\"mojabochnia.pl - portal informacyjny\",\"url\":\"https:\/\/www.mojabochnia.pl\/\",\"logo\":{\"@type\":\"ImageObject\",\"inLanguage\":\"pl-PL\",\"@id\":\"https:\/\/www.mojabochnia.pl\/#\/schema\/logo\/image\/\",\"url\":\"https:\/\/www.mojabochnia.pl\/wp-content\/uploads\/2017\/08\/logo-mb-opt.png\",\"contentUrl\":\"https:\/\/www.mojabochnia.pl\/wp-content\/uploads\/2017\/08\/logo-mb-opt.png\",\"width\":250,\"height\":48,\"caption\":\"mojabochnia.pl - portal informacyjny\"},\"image\":{\"@id\":\"https:\/\/www.mojabochnia.pl\/#\/schema\/logo\/image\/\"},\"sameAs\":[\"https:\/\/www.facebook.com\/mojabochnia\"]},{\"@type\":\"Person\",\"@id\":\"https:\/\/www.mojabochnia.pl\/#\/schema\/person\/ea042e4724a77627963f02166828ead4\",\"name\":\"Pawe\u0142 Michalczyk\",\"url\":\"https:\/\/www.mojabochnia.pl\/?author=4\"}]}<\/script>\n<!-- \/ Yoast SEO plugin. -->","yoast_head_json":{"title":"List prezesa Spo\u0142em PSS do radnych - mojabochnia.pl - portal informacyjny","robots":{"index":"index","follow":"follow","max-snippet":"max-snippet:-1","max-image-preview":"max-image-preview:large","max-video-preview":"max-video-preview:-1"},"canonical":"https:\/\/www.mojabochnia.pl\/?p=5974","og_locale":"pl_PL","og_type":"article","og_title":"List prezesa Spo\u0142em PSS do radnych - mojabochnia.pl - portal informacyjny","og_description":"Podczas czwartkowej sesji radni otrzymali pismo Adama Sosnowca, prezesa Spo\u0142em PSS w Bochni. Dotyczy ono sposobu realizacji tzw. obwodnicy p\u00f3\u0142nocno-zachodniej w rejonie ul. Karosek.","og_url":"https:\/\/www.mojabochnia.pl\/?p=5974","og_site_name":"mojabochnia.pl - portal informacyjny","article_publisher":"https:\/\/www.facebook.com\/mojabochnia","article_published_time":"2009-02-27T06:21:00+00:00","og_image":[{"url":"http:\/\/www.mojabochnia.pl\/f\/2009\/02\/090227_pm_spolem_pismo1.jpg","type":"","width":"","height":""}],"author":"Pawe\u0142 Michalczyk","twitter_card":"summary_large_image","twitter_misc":{"Written by":"Pawe\u0142 Michalczyk","Est. reading time":"1 minuta"},"schema":{"@context":"https:\/\/schema.org","@graph":[{"@type":"Article","@id":"https:\/\/www.mojabochnia.pl\/?p=5974#article","isPartOf":{"@id":"https:\/\/www.mojabochnia.pl\/?p=5974"},"author":{"name":"Pawe\u0142 Michalczyk","@id":"https:\/\/www.mojabochnia.pl\/#\/schema\/person\/ea042e4724a77627963f02166828ead4"},"headline":"List prezesa Spo\u0142em PSS do radnych","datePublished":"2009-02-27T06:21:00+00:00","mainEntityOfPage":{"@id":"https:\/\/www.mojabochnia.pl\/?p=5974"},"wordCount":173,"commentCount":6,"publisher":{"@id":"https:\/\/www.mojabochnia.pl\/#organization"},"image":{"@id":"https:\/\/www.mojabochnia.pl\/?p=5974#primaryimage"},"thumbnailUrl":"http:\/\/www.mojabochnia.pl\/f\/2009\/02\/090227_pm_spolem_pismo1.jpg","keywords":["adam sosnowiec","bogdan kosturkiewicz","burmistrz","prezes","przewodnicz\u0105cy rady miejskiej","radni","ryszard najbarowski","sesja","sesja rady miasta","sklepy","spo\u0142em PSS"],"articleSection":["2_ostatnie"],"inLanguage":"pl-PL","potentialAction":[{"@type":"CommentAction","name":"Comment","target":["https:\/\/www.mojabochnia.pl\/?p=5974#respond"]}]},{"@type":"WebPage","@id":"https:\/\/www.mojabochnia.pl\/?p=5974","url":"https:\/\/www.mojabochnia.pl\/?p=5974","name":"List prezesa Spo\u0142em PSS do radnych - mojabochnia.pl - portal informacyjny","isPartOf":{"@id":"https:\/\/www.mojabochnia.pl\/#website"},"primaryImageOfPage":{"@id":"https:\/\/www.mojabochnia.pl\/?p=5974#primaryimage"},"image":{"@id":"https:\/\/www.mojabochnia.pl\/?p=5974#primaryimage"},"thumbnailUrl":"http:\/\/www.mojabochnia.pl\/f\/2009\/02\/090227_pm_spolem_pismo1.jpg","datePublished":"2009-02-27T06:21:00+00:00","breadcrumb":{"@id":"https:\/\/www.mojabochnia.pl\/?p=5974#breadcrumb"},"inLanguage":"pl-PL","potentialAction":[{"@type":"ReadAction","target":["https:\/\/www.mojabochnia.pl\/?p=5974"]}]},{"@type":"ImageObject","inLanguage":"pl-PL","@id":"https:\/\/www.mojabochnia.pl\/?p=5974#primaryimage","url":"http:\/\/www.mojabochnia.pl\/f\/2009\/02\/090227_pm_spolem_pismo1.jpg","contentUrl":"http:\/\/www.mojabochnia.pl\/f\/2009\/02\/090227_pm_spolem_pismo1.jpg"},{"@type":"BreadcrumbList","@id":"https:\/\/www.mojabochnia.pl\/?p=5974#breadcrumb","itemListElement":[{"@type":"ListItem","position":1,"name":"Home","item":"https:\/\/www.mojabochnia.pl\/"},{"@type":"ListItem","position":2,"name":"List prezesa Spo\u0142em PSS do radnych"}]},{"@type":"WebSite","@id":"https:\/\/www.mojabochnia.pl\/#website","url":"https:\/\/www.mojabochnia.pl\/","name":"mojabochnia.pl - portal informacyjny","description":"mojaBochnia to portal informacyjny o Bochni. Codziennie o Bochni piszemy i pokazujemy najwa\u017cniejsze wydarzenia","publisher":{"@id":"https:\/\/www.mojabochnia.pl\/#organization"},"potentialAction":[{"@type":"SearchAction","target":{"@type":"EntryPoint","urlTemplate":"https:\/\/www.mojabochnia.pl\/?s={search_term_string}"},"query-input":{"@type":"PropertyValueSpecification","valueRequired":true,"valueName":"search_term_string"}}],"inLanguage":"pl-PL"},{"@type":"Organization","@id":"https:\/\/www.mojabochnia.pl\/#organization","name":"mojabochnia.pl - portal informacyjny","url":"https:\/\/www.mojabochnia.pl\/","logo":{"@type":"ImageObject","inLanguage":"pl-PL","@id":"https:\/\/www.mojabochnia.pl\/#\/schema\/logo\/image\/","url":"https:\/\/www.mojabochnia.pl\/wp-content\/uploads\/2017\/08\/logo-mb-opt.png","contentUrl":"https:\/\/www.mojabochnia.pl\/wp-content\/uploads\/2017\/08\/logo-mb-opt.png","width":250,"height":48,"caption":"mojabochnia.pl - portal informacyjny"},"image":{"@id":"https:\/\/www.mojabochnia.pl\/#\/schema\/logo\/image\/"},"sameAs":["https:\/\/www.facebook.com\/mojabochnia"]},{"@type":"Person","@id":"https:\/\/www.mojabochnia.pl\/#\/schema\/person\/ea042e4724a77627963f02166828ead4","name":"Pawe\u0142 Michalczyk","url":"https:\/\/www.mojabochnia.pl\/?author=4"}]}},"_links":{"self":[{"href":"https:\/\/www.mojabochnia.pl\/index.php?rest_route=\/wp\/v2\/posts\/5974","targetHints":{"allow":["GET"]}}],"collection":[{"href":"https:\/\/www.mojabochnia.pl\/index.php?rest_route=\/wp\/v2\/posts"}],"about":[{"href":"https:\/\/www.mojabochnia.pl\/index.php?rest_route=\/wp\/v2\/types\/post"}],"author":[{"embeddable":true,"href":"https:\/\/www.mojabochnia.pl\/index.php?rest_route=\/wp\/v2\/users\/4"}],"replies":[{"embeddable":true,"href":"https:\/\/www.mojabochnia.pl\/index.php?rest_route=%2Fwp%2Fv2%2Fcomments&post=5974"}],"version-history":[{"count":0,"href":"https:\/\/www.mojabochnia.pl\/index.php?rest_route=\/wp\/v2\/posts\/5974\/revisions"}],"wp:attachment":[{"href":"https:\/\/www.mojabochnia.pl\/index.php?rest_route=%2Fwp%2Fv2%2Fmedia&parent=5974"}],"wp:term":[{"taxonomy":"category","embeddable":true,"href":"https:\/\/www.mojabochnia.pl\/index.php?rest_route=%2Fwp%2Fv2%2Fcategories&post=5974"},{"taxonomy":"post_tag","embeddable":true,"href":"https:\/\/www.mojabochnia.pl\/index.php?rest_route=%2Fwp%2Fv2%2Ftags&post=5974"}],"curies":[{"name":"wp","href":"https:\/\/api.w.org\/{rel}","templated":true}]}}