{"id":595,"date":"2008-07-03T09:25:33","date_gmt":"2008-07-03T07:25:33","guid":{"rendered":"http:\/\/beta.mojabochnia.pl\/?p=595"},"modified":"2008-08-08T14:43:43","modified_gmt":"2008-08-08T12:43:43","slug":"w-kinie-rolling-stones-w-blasku-swiatel","status":"publish","type":"post","link":"https:\/\/www.mojabochnia.pl\/?p=595","title":{"rendered":"W kinie: Rolling Stones w blasku \u015bwiate\u0142"},"content":{"rendered":"<p>Re\u017c. Martin Scorsese<br \/>\nUSA , Wielka Brytania; 122 min<\/p>\n<p>4 lipiec &#8211; 9 lipiec<br \/>\nDu\u017ca Sala (od 15 lat)<br \/>\ncodziennie o godz. 17.00<\/p>\n","protected":false},"excerpt":{"rendered":"<p>Od 4 lipca w kinie Regis wy\u015bwietlany b\u0119dzie jeden z najbardziej udanych film\u00f3w koncertowych &#8222;Rolling Stones w blasku \u015bwiate\u0142&#8221;.  Martin Scorsese pokazuje Rolling Stones\u00f3w jakich \u015bwiat jeszcze nie widzia\u0142. To niezwyk\u0142e filmowe widowisko muzyczne z udzia\u0142em muzyk\u00f3w legendarnej grupy. Materia\u0142 zarejestrowano w nowojorskim Beacon Theater w ramach trasy &#8222;A Bigger Bang&#8221; jesieni\u0105 2006 roku. Przy produkcji Scorsese zgromadzi\u0142 ekip\u0119 najwi\u0119kszych fachowc\u00f3w, aby uchwyci\u0107 wielk\u0105 si\u0142\u0119 Rolling Stones. <\/p>\n","protected":false},"author":8,"featured_media":0,"comment_status":"open","ping_status":"open","sticky":false,"template":"","format":"standard","meta":{"_acf_changed":false,"footnotes":""},"categories":[5],"tags":[],"class_list":["post-595","post","type-post","status-publish","format-standard","hentry","category-biezace-wydarzenia"],"acf":[],"yoast_head":"<!-- This site is optimized with the Yoast SEO plugin v26.9 - https:\/\/yoast.com\/product\/yoast-seo-wordpress\/ -->\n<title>W kinie: Rolling Stones w blasku \u015bwiate\u0142  - mojabochnia.pl - portal informacyjny<\/title>\n<meta name=\"robots\" content=\"index, follow, max-snippet:-1, max-image-preview:large, max-video-preview:-1\" \/>\n<link rel=\"canonical\" href=\"https:\/\/www.mojabochnia.pl\/?p=595\" \/>\n<meta property=\"og:locale\" content=\"pl_PL\" \/>\n<meta property=\"og:type\" content=\"article\" \/>\n<meta property=\"og:title\" content=\"W kinie: Rolling Stones w blasku \u015bwiate\u0142  - mojabochnia.pl - portal informacyjny\" \/>\n<meta property=\"og:description\" content=\"Od 4 lipca w kinie Regis wy\u015bwietlany b\u0119dzie jeden z najbardziej udanych film\u00f3w koncertowych &quot;Rolling Stones w blasku \u015bwiate\u0142&quot;. Martin Scorsese pokazuje Rolling Stones\u00f3w jakich \u015bwiat jeszcze nie widzia\u0142. To niezwyk\u0142e filmowe widowisko muzyczne z udzia\u0142em muzyk\u00f3w legendarnej grupy. Materia\u0142 zarejestrowano w nowojorskim Beacon Theater w ramach trasy &quot;A Bigger Bang&quot; jesieni\u0105 2006 roku. Przy produkcji Scorsese zgromadzi\u0142 ekip\u0119 najwi\u0119kszych fachowc\u00f3w, aby uchwyci\u0107 wielk\u0105 si\u0142\u0119 Rolling Stones.\" \/>\n<meta property=\"og:url\" content=\"https:\/\/www.mojabochnia.pl\/?p=595\" \/>\n<meta property=\"og:site_name\" content=\"mojabochnia.pl - portal informacyjny\" \/>\n<meta property=\"article:publisher\" content=\"https:\/\/www.facebook.com\/mojabochnia\" \/>\n<meta property=\"article:published_time\" content=\"2008-07-03T07:25:33+00:00\" \/>\n<meta property=\"article:modified_time\" content=\"2008-08-08T12:43:43+00:00\" \/>\n<meta name=\"author\" content=\"informacja prasowa\" \/>\n<meta name=\"twitter:card\" content=\"summary_large_image\" \/>\n<meta name=\"twitter:label1\" content=\"Written by\" \/>\n\t<meta name=\"twitter:data1\" content=\"informacja prasowa\" \/>\n<script type=\"application\/ld+json\" class=\"yoast-schema-graph\">{\"@context\":\"https:\/\/schema.org\",\"@graph\":[{\"@type\":\"Article\",\"@id\":\"https:\/\/www.mojabochnia.pl\/?p=595#article\",\"isPartOf\":{\"@id\":\"https:\/\/www.mojabochnia.pl\/?p=595\"},\"author\":{\"name\":\"informacja prasowa\",\"@id\":\"https:\/\/www.mojabochnia.pl\/#\/schema\/person\/9e15cf1bcb74043790f124a3130fe41e\"},\"headline\":\"W kinie: Rolling Stones w blasku \u015bwiate\u0142\",\"datePublished\":\"2008-07-03T07:25:33+00:00\",\"dateModified\":\"2008-08-08T12:43:43+00:00\",\"mainEntityOfPage\":{\"@id\":\"https:\/\/www.mojabochnia.pl\/?p=595\"},\"wordCount\":25,\"commentCount\":0,\"publisher\":{\"@id\":\"https:\/\/www.mojabochnia.pl\/#organization\"},\"articleSection\":[\"2_ostatnie\"],\"inLanguage\":\"pl-PL\",\"potentialAction\":[{\"@type\":\"CommentAction\",\"name\":\"Comment\",\"target\":[\"https:\/\/www.mojabochnia.pl\/?p=595#respond\"]}]},{\"@type\":\"WebPage\",\"@id\":\"https:\/\/www.mojabochnia.pl\/?p=595\",\"url\":\"https:\/\/www.mojabochnia.pl\/?p=595\",\"name\":\"W kinie: Rolling Stones w blasku \u015bwiate\u0142 - mojabochnia.pl - portal informacyjny\",\"isPartOf\":{\"@id\":\"https:\/\/www.mojabochnia.pl\/#website\"},\"datePublished\":\"2008-07-03T07:25:33+00:00\",\"dateModified\":\"2008-08-08T12:43:43+00:00\",\"breadcrumb\":{\"@id\":\"https:\/\/www.mojabochnia.pl\/?p=595#breadcrumb\"},\"inLanguage\":\"pl-PL\",\"potentialAction\":[{\"@type\":\"ReadAction\",\"target\":[\"https:\/\/www.mojabochnia.pl\/?p=595\"]}]},{\"@type\":\"BreadcrumbList\",\"@id\":\"https:\/\/www.mojabochnia.pl\/?p=595#breadcrumb\",\"itemListElement\":[{\"@type\":\"ListItem\",\"position\":1,\"name\":\"Home\",\"item\":\"https:\/\/www.mojabochnia.pl\/\"},{\"@type\":\"ListItem\",\"position\":2,\"name\":\"W kinie: Rolling Stones w blasku \u015bwiate\u0142\"}]},{\"@type\":\"WebSite\",\"@id\":\"https:\/\/www.mojabochnia.pl\/#website\",\"url\":\"https:\/\/www.mojabochnia.pl\/\",\"name\":\"mojabochnia.pl - portal informacyjny\",\"description\":\"mojaBochnia to portal informacyjny o Bochni. Codziennie o Bochni piszemy i pokazujemy najwa\u017cniejsze wydarzenia\",\"publisher\":{\"@id\":\"https:\/\/www.mojabochnia.pl\/#organization\"},\"potentialAction\":[{\"@type\":\"SearchAction\",\"target\":{\"@type\":\"EntryPoint\",\"urlTemplate\":\"https:\/\/www.mojabochnia.pl\/?s={search_term_string}\"},\"query-input\":{\"@type\":\"PropertyValueSpecification\",\"valueRequired\":true,\"valueName\":\"search_term_string\"}}],\"inLanguage\":\"pl-PL\"},{\"@type\":\"Organization\",\"@id\":\"https:\/\/www.mojabochnia.pl\/#organization\",\"name\":\"mojabochnia.pl - portal informacyjny\",\"url\":\"https:\/\/www.mojabochnia.pl\/\",\"logo\":{\"@type\":\"ImageObject\",\"inLanguage\":\"pl-PL\",\"@id\":\"https:\/\/www.mojabochnia.pl\/#\/schema\/logo\/image\/\",\"url\":\"https:\/\/www.mojabochnia.pl\/wp-content\/uploads\/2017\/08\/logo-mb-opt.png\",\"contentUrl\":\"https:\/\/www.mojabochnia.pl\/wp-content\/uploads\/2017\/08\/logo-mb-opt.png\",\"width\":250,\"height\":48,\"caption\":\"mojabochnia.pl - portal informacyjny\"},\"image\":{\"@id\":\"https:\/\/www.mojabochnia.pl\/#\/schema\/logo\/image\/\"},\"sameAs\":[\"https:\/\/www.facebook.com\/mojabochnia\"]},{\"@type\":\"Person\",\"@id\":\"https:\/\/www.mojabochnia.pl\/#\/schema\/person\/9e15cf1bcb74043790f124a3130fe41e\",\"name\":\"informacja prasowa\",\"sameAs\":[\"http:\/\/\"],\"url\":\"https:\/\/www.mojabochnia.pl\/?author=8\"}]}<\/script>\n<!-- \/ Yoast SEO plugin. -->","yoast_head_json":{"title":"W kinie: Rolling Stones w blasku \u015bwiate\u0142  - mojabochnia.pl - portal informacyjny","robots":{"index":"index","follow":"follow","max-snippet":"max-snippet:-1","max-image-preview":"max-image-preview:large","max-video-preview":"max-video-preview:-1"},"canonical":"https:\/\/www.mojabochnia.pl\/?p=595","og_locale":"pl_PL","og_type":"article","og_title":"W kinie: Rolling Stones w blasku \u015bwiate\u0142  - mojabochnia.pl - portal informacyjny","og_description":"Od 4 lipca w kinie Regis wy\u015bwietlany b\u0119dzie jeden z najbardziej udanych film\u00f3w koncertowych \"Rolling Stones w blasku \u015bwiate\u0142\". Martin Scorsese pokazuje Rolling Stones\u00f3w jakich \u015bwiat jeszcze nie widzia\u0142. To niezwyk\u0142e filmowe widowisko muzyczne z udzia\u0142em muzyk\u00f3w legendarnej grupy. Materia\u0142 zarejestrowano w nowojorskim Beacon Theater w ramach trasy \"A Bigger Bang\" jesieni\u0105 2006 roku. Przy produkcji Scorsese zgromadzi\u0142 ekip\u0119 najwi\u0119kszych fachowc\u00f3w, aby uchwyci\u0107 wielk\u0105 si\u0142\u0119 Rolling Stones.","og_url":"https:\/\/www.mojabochnia.pl\/?p=595","og_site_name":"mojabochnia.pl - portal informacyjny","article_publisher":"https:\/\/www.facebook.com\/mojabochnia","article_published_time":"2008-07-03T07:25:33+00:00","article_modified_time":"2008-08-08T12:43:43+00:00","author":"informacja prasowa","twitter_card":"summary_large_image","twitter_misc":{"Written by":"informacja prasowa"},"schema":{"@context":"https:\/\/schema.org","@graph":[{"@type":"Article","@id":"https:\/\/www.mojabochnia.pl\/?p=595#article","isPartOf":{"@id":"https:\/\/www.mojabochnia.pl\/?p=595"},"author":{"name":"informacja prasowa","@id":"https:\/\/www.mojabochnia.pl\/#\/schema\/person\/9e15cf1bcb74043790f124a3130fe41e"},"headline":"W kinie: Rolling Stones w blasku \u015bwiate\u0142","datePublished":"2008-07-03T07:25:33+00:00","dateModified":"2008-08-08T12:43:43+00:00","mainEntityOfPage":{"@id":"https:\/\/www.mojabochnia.pl\/?p=595"},"wordCount":25,"commentCount":0,"publisher":{"@id":"https:\/\/www.mojabochnia.pl\/#organization"},"articleSection":["2_ostatnie"],"inLanguage":"pl-PL","potentialAction":[{"@type":"CommentAction","name":"Comment","target":["https:\/\/www.mojabochnia.pl\/?p=595#respond"]}]},{"@type":"WebPage","@id":"https:\/\/www.mojabochnia.pl\/?p=595","url":"https:\/\/www.mojabochnia.pl\/?p=595","name":"W kinie: Rolling Stones w blasku \u015bwiate\u0142 - mojabochnia.pl - portal informacyjny","isPartOf":{"@id":"https:\/\/www.mojabochnia.pl\/#website"},"datePublished":"2008-07-03T07:25:33+00:00","dateModified":"2008-08-08T12:43:43+00:00","breadcrumb":{"@id":"https:\/\/www.mojabochnia.pl\/?p=595#breadcrumb"},"inLanguage":"pl-PL","potentialAction":[{"@type":"ReadAction","target":["https:\/\/www.mojabochnia.pl\/?p=595"]}]},{"@type":"BreadcrumbList","@id":"https:\/\/www.mojabochnia.pl\/?p=595#breadcrumb","itemListElement":[{"@type":"ListItem","position":1,"name":"Home","item":"https:\/\/www.mojabochnia.pl\/"},{"@type":"ListItem","position":2,"name":"W kinie: Rolling Stones w blasku \u015bwiate\u0142"}]},{"@type":"WebSite","@id":"https:\/\/www.mojabochnia.pl\/#website","url":"https:\/\/www.mojabochnia.pl\/","name":"mojabochnia.pl - portal informacyjny","description":"mojaBochnia to portal informacyjny o Bochni. Codziennie o Bochni piszemy i pokazujemy najwa\u017cniejsze wydarzenia","publisher":{"@id":"https:\/\/www.mojabochnia.pl\/#organization"},"potentialAction":[{"@type":"SearchAction","target":{"@type":"EntryPoint","urlTemplate":"https:\/\/www.mojabochnia.pl\/?s={search_term_string}"},"query-input":{"@type":"PropertyValueSpecification","valueRequired":true,"valueName":"search_term_string"}}],"inLanguage":"pl-PL"},{"@type":"Organization","@id":"https:\/\/www.mojabochnia.pl\/#organization","name":"mojabochnia.pl - portal informacyjny","url":"https:\/\/www.mojabochnia.pl\/","logo":{"@type":"ImageObject","inLanguage":"pl-PL","@id":"https:\/\/www.mojabochnia.pl\/#\/schema\/logo\/image\/","url":"https:\/\/www.mojabochnia.pl\/wp-content\/uploads\/2017\/08\/logo-mb-opt.png","contentUrl":"https:\/\/www.mojabochnia.pl\/wp-content\/uploads\/2017\/08\/logo-mb-opt.png","width":250,"height":48,"caption":"mojabochnia.pl - portal informacyjny"},"image":{"@id":"https:\/\/www.mojabochnia.pl\/#\/schema\/logo\/image\/"},"sameAs":["https:\/\/www.facebook.com\/mojabochnia"]},{"@type":"Person","@id":"https:\/\/www.mojabochnia.pl\/#\/schema\/person\/9e15cf1bcb74043790f124a3130fe41e","name":"informacja prasowa","sameAs":["http:\/\/"],"url":"https:\/\/www.mojabochnia.pl\/?author=8"}]}},"_links":{"self":[{"href":"https:\/\/www.mojabochnia.pl\/index.php?rest_route=\/wp\/v2\/posts\/595","targetHints":{"allow":["GET"]}}],"collection":[{"href":"https:\/\/www.mojabochnia.pl\/index.php?rest_route=\/wp\/v2\/posts"}],"about":[{"href":"https:\/\/www.mojabochnia.pl\/index.php?rest_route=\/wp\/v2\/types\/post"}],"author":[{"embeddable":true,"href":"https:\/\/www.mojabochnia.pl\/index.php?rest_route=\/wp\/v2\/users\/8"}],"replies":[{"embeddable":true,"href":"https:\/\/www.mojabochnia.pl\/index.php?rest_route=%2Fwp%2Fv2%2Fcomments&post=595"}],"version-history":[{"count":0,"href":"https:\/\/www.mojabochnia.pl\/index.php?rest_route=\/wp\/v2\/posts\/595\/revisions"}],"wp:attachment":[{"href":"https:\/\/www.mojabochnia.pl\/index.php?rest_route=%2Fwp%2Fv2%2Fmedia&parent=595"}],"wp:term":[{"taxonomy":"category","embeddable":true,"href":"https:\/\/www.mojabochnia.pl\/index.php?rest_route=%2Fwp%2Fv2%2Fcategories&post=595"},{"taxonomy":"post_tag","embeddable":true,"href":"https:\/\/www.mojabochnia.pl\/index.php?rest_route=%2Fwp%2Fv2%2Ftags&post=595"}],"curies":[{"name":"wp","href":"https:\/\/api.w.org\/{rel}","templated":true}]}}