{"id":592,"date":"2008-07-02T13:13:56","date_gmt":"2008-07-02T11:13:56","guid":{"rendered":"http:\/\/beta.mojabochnia.pl\/?p=592"},"modified":"2008-08-25T14:12:57","modified_gmt":"2008-08-25T12:12:57","slug":"sloneczne-wianki-w-siedlcu","status":"publish","type":"post","link":"https:\/\/www.mojabochnia.pl\/?p=592","title":{"rendered":"S\u0142oneczne Wianki w Siedlcu"},"content":{"rendered":"<p>Wianki \u015awi\u0119toja\u0144skie nad Rab\u0105 z roku na rok nabieraj\u0105 coraz wi\u0119kszego rozmachu i presti\u017cu. Charakterystycznym punktem programu jest coroczne widowisko plenerowe oparte na tek\u015bcie Jana Kochanowskiego \u201ePie\u015bni \u015awi\u0119toja\u0144skiej o Sob\u00f3tce\u201d oraz melodiach i pie\u015bniach ludowych, w kt\u00f3rym muzyka, taniec i \u015bpiew \u0142\u0105cz\u0105 si\u0119 w barwn\u0105 ca\u0142o\u015b\u0107 daj\u0105c niezapomniane wra\u017cenie. Podobnie jak w roku ubieg\u0142ym choreografi\u0119 do wieczornego widowiska przygotowa\u0142a Pani Katarzyna Serwinowska na co dzie\u0144 prowadz\u0105ca w boche\u0144skim Domu Kultury grup\u0119 Mali Bochnianie.<\/p>\n<p>&#8211; <em>Organizatorzy spisali si\u0119 na medal, bardzo podoba\u0142 mi si\u0119 pokaz akrobacji w powietrzu, a najbardziej podoba\u0142 mi si\u0119 wyst\u0119p zespo\u0142u polskich dzieci z Litwy &#8211; Zespo\u0142u Truskaweczki, kt\u00f3re utrzymuj\u0105 polsko\u015b\u0107 i rozpowszechniaj\u0105 polski j\u0119zyk za granicami naszego kraju. Zdecydowanie mog\u0119 powiedzie\u0107, \u017ce wianki w Siedlcu bardziej przypad\u0142y mi do gustu ni\u017c s\u0142ynne wianki krakowskie, poniewa\u017c w Siedlcu utrzymuje si\u0119 tradycja ludowa i 'czu\u0107&#8217; atmosfer\u0119 rodzinn\u0105<\/em> &#8211; komentuje Pani Stanis\u0142awa Babecka z boche\u0144skiego Klubu Seniora.<\/p>\n<p>Podczas imprezy mo\u017cna by\u0142o zobaczy\u0107 m.in. zespo\u0142y folklorystyczne \u201eSiedlecanie\u201d oraz \u201eTruskaweczka\u201d z Litwy a tak\u017ce Parafialno-Gminn\u0105 Orkiestr\u0119 D\u0119t\u0105 z Sobolowa. Nie zabrak\u0142o r\u00f3wnie\u017c wsp\u00f3\u0142czesnego akcentu tanecznego, kt\u00f3rym by\u0142 wyst\u0119p Formacji Ta\u0144ca Nowoczesnego \u201eSalto\u201d z Moszczenicy. G\u0142\u00f3wn\u0105 atrakcj\u0105 cz\u0119\u015bci estradowej by\u0142 popisowy koncert zespo\u0142u Czerwone Gitary.<\/p>\n<p>Widzowie mogli \u015bledzi\u0107 tak\u017ce obrz\u0119d wicia wiank\u00f3w i palenia ognisk a tak\u017ce podziwia\u0107 barwny korow\u00f3d prezentuj\u0105cy wianki przygotowane w ramach konkursu na Najpi\u0119kniejszy Wianek \u015awi\u0119toja\u0144ski. <\/p>\n<p>Oto wyniki:<\/p>\n<p>&#8211; Nagrod\u0119 Wojta Giminy Bochnia otrzyma\u0142a \u015awietlica z Moszczenicy,<br \/>\n&#8211; Nagrod\u0119 Dziennika Polskiego otrzyma\u0142a \u015awietlica w Ostrowie Szlacheckim,<br \/>\n&#8211; Nagrod\u0119 Portalu Mojabochnia.pl otrzyma\u0142a \u015awietlica w Bogucicach,<br \/>\n&#8211; Nagrod\u0119 Ziemi Boche\u0144skiej otrzyma\u0142a \u015awietlica w Majkowicach,<br \/>\n&#8211; Nagrod\u0119 Kroniki Boche\u0144skiej otrzyma\u0142a \u015awietlica i Biblioteka w \u0141apczycy,<br \/>\n&#8211; Nagrod\u0119 Radia RDN Ma\u0142opolska otrzma\u0142 Zesp\u00f3\u0142 Szk\u00f3\u0142 Gminnych w Siedlcu. <\/p>\n","protected":false},"excerpt":{"rendered":"<p> W niedzielne popo\u0142udnie, 29 czerwca w Siedlcu, tradycyjnie odby\u0142y si\u0119 Wianki \u015awi\u0119toja\u0144skie nad Rab\u0105. Gwiazd\u0105 wieczoru by\u0142 zesp\u00f3\u0142 Czerwone Gitary, a ca\u0142o\u015b\u0107 zako\u0144czy\u0142 efektowny pokaz sztucznych ogni. Patronat medialny nad imprez\u0105 obj\u0105\u0142 portal internetowy mojaBochnia.pl. <\/p>\n","protected":false},"author":7,"featured_media":0,"comment_status":"open","ping_status":"open","sticky":false,"template":"","format":"standard","meta":{"_acf_changed":false,"footnotes":""},"categories":[5],"tags":[63,451,17108,17123,17223,17117,17103],"class_list":["post-592","post","type-post","status-publish","format-standard","hentry","category-biezace-wydarzenia","tag-dom-kultury","tag-klub-seniora","tag-koncert","tag-muzyka","tag-raba","tag-siedlec","tag-taniec"],"acf":[],"yoast_head":"<!-- This site is optimized with the Yoast SEO plugin v26.9 - https:\/\/yoast.com\/product\/yoast-seo-wordpress\/ -->\n<title>S\u0142oneczne Wianki w Siedlcu - mojabochnia.pl - portal informacyjny<\/title>\n<meta name=\"robots\" content=\"index, follow, max-snippet:-1, max-image-preview:large, max-video-preview:-1\" \/>\n<link rel=\"canonical\" href=\"https:\/\/www.mojabochnia.pl\/?p=592\" \/>\n<meta property=\"og:locale\" content=\"pl_PL\" \/>\n<meta property=\"og:type\" content=\"article\" \/>\n<meta property=\"og:title\" content=\"S\u0142oneczne Wianki w Siedlcu - mojabochnia.pl - portal informacyjny\" \/>\n<meta property=\"og:description\" content=\"W niedzielne popo\u0142udnie, 29 czerwca w Siedlcu, tradycyjnie odby\u0142y si\u0119 Wianki \u015awi\u0119toja\u0144skie nad Rab\u0105. Gwiazd\u0105 wieczoru by\u0142 zesp\u00f3\u0142 Czerwone Gitary, a ca\u0142o\u015b\u0107 zako\u0144czy\u0142 efektowny pokaz sztucznych ogni. Patronat medialny nad imprez\u0105 obj\u0105\u0142 portal internetowy mojaBochnia.pl.\" \/>\n<meta property=\"og:url\" content=\"https:\/\/www.mojabochnia.pl\/?p=592\" \/>\n<meta property=\"og:site_name\" content=\"mojabochnia.pl - portal informacyjny\" \/>\n<meta property=\"article:publisher\" content=\"https:\/\/www.facebook.com\/mojabochnia\" \/>\n<meta property=\"article:published_time\" content=\"2008-07-02T11:13:56+00:00\" \/>\n<meta property=\"article:modified_time\" content=\"2008-08-25T12:12:57+00:00\" \/>\n<meta name=\"author\" content=\"ikaczmarczyk\" \/>\n<meta name=\"twitter:card\" content=\"summary_large_image\" \/>\n<meta name=\"twitter:label1\" content=\"Written by\" \/>\n\t<meta name=\"twitter:data1\" content=\"ikaczmarczyk\" \/>\n\t<meta name=\"twitter:label2\" content=\"Est. reading time\" \/>\n\t<meta name=\"twitter:data2\" content=\"2 minuty\" \/>\n<script type=\"application\/ld+json\" class=\"yoast-schema-graph\">{\"@context\":\"https:\/\/schema.org\",\"@graph\":[{\"@type\":\"Article\",\"@id\":\"https:\/\/www.mojabochnia.pl\/?p=592#article\",\"isPartOf\":{\"@id\":\"https:\/\/www.mojabochnia.pl\/?p=592\"},\"author\":{\"name\":\"ikaczmarczyk\",\"@id\":\"https:\/\/www.mojabochnia.pl\/#\/schema\/person\/662c14b3618e83e3959c7d249739f247\"},\"headline\":\"S\u0142oneczne Wianki w Siedlcu\",\"datePublished\":\"2008-07-02T11:13:56+00:00\",\"dateModified\":\"2008-08-25T12:12:57+00:00\",\"mainEntityOfPage\":{\"@id\":\"https:\/\/www.mojabochnia.pl\/?p=592\"},\"wordCount\":341,\"commentCount\":0,\"publisher\":{\"@id\":\"https:\/\/www.mojabochnia.pl\/#organization\"},\"keywords\":[\"dom kultury\",\"klub seniora\",\"koncert\",\"muzyka\",\"raba\",\"siedlec\",\"taniec\"],\"articleSection\":[\"2_ostatnie\"],\"inLanguage\":\"pl-PL\",\"potentialAction\":[{\"@type\":\"CommentAction\",\"name\":\"Comment\",\"target\":[\"https:\/\/www.mojabochnia.pl\/?p=592#respond\"]}]},{\"@type\":\"WebPage\",\"@id\":\"https:\/\/www.mojabochnia.pl\/?p=592\",\"url\":\"https:\/\/www.mojabochnia.pl\/?p=592\",\"name\":\"S\u0142oneczne Wianki w Siedlcu - mojabochnia.pl - portal informacyjny\",\"isPartOf\":{\"@id\":\"https:\/\/www.mojabochnia.pl\/#website\"},\"datePublished\":\"2008-07-02T11:13:56+00:00\",\"dateModified\":\"2008-08-25T12:12:57+00:00\",\"breadcrumb\":{\"@id\":\"https:\/\/www.mojabochnia.pl\/?p=592#breadcrumb\"},\"inLanguage\":\"pl-PL\",\"potentialAction\":[{\"@type\":\"ReadAction\",\"target\":[\"https:\/\/www.mojabochnia.pl\/?p=592\"]}]},{\"@type\":\"BreadcrumbList\",\"@id\":\"https:\/\/www.mojabochnia.pl\/?p=592#breadcrumb\",\"itemListElement\":[{\"@type\":\"ListItem\",\"position\":1,\"name\":\"Home\",\"item\":\"https:\/\/www.mojabochnia.pl\/\"},{\"@type\":\"ListItem\",\"position\":2,\"name\":\"S\u0142oneczne Wianki w Siedlcu\"}]},{\"@type\":\"WebSite\",\"@id\":\"https:\/\/www.mojabochnia.pl\/#website\",\"url\":\"https:\/\/www.mojabochnia.pl\/\",\"name\":\"mojabochnia.pl - portal informacyjny\",\"description\":\"mojaBochnia to portal informacyjny o Bochni. Codziennie o Bochni piszemy i pokazujemy najwa\u017cniejsze wydarzenia\",\"publisher\":{\"@id\":\"https:\/\/www.mojabochnia.pl\/#organization\"},\"potentialAction\":[{\"@type\":\"SearchAction\",\"target\":{\"@type\":\"EntryPoint\",\"urlTemplate\":\"https:\/\/www.mojabochnia.pl\/?s={search_term_string}\"},\"query-input\":{\"@type\":\"PropertyValueSpecification\",\"valueRequired\":true,\"valueName\":\"search_term_string\"}}],\"inLanguage\":\"pl-PL\"},{\"@type\":\"Organization\",\"@id\":\"https:\/\/www.mojabochnia.pl\/#organization\",\"name\":\"mojabochnia.pl - portal informacyjny\",\"url\":\"https:\/\/www.mojabochnia.pl\/\",\"logo\":{\"@type\":\"ImageObject\",\"inLanguage\":\"pl-PL\",\"@id\":\"https:\/\/www.mojabochnia.pl\/#\/schema\/logo\/image\/\",\"url\":\"https:\/\/www.mojabochnia.pl\/wp-content\/uploads\/2017\/08\/logo-mb-opt.png\",\"contentUrl\":\"https:\/\/www.mojabochnia.pl\/wp-content\/uploads\/2017\/08\/logo-mb-opt.png\",\"width\":250,\"height\":48,\"caption\":\"mojabochnia.pl - portal informacyjny\"},\"image\":{\"@id\":\"https:\/\/www.mojabochnia.pl\/#\/schema\/logo\/image\/\"},\"sameAs\":[\"https:\/\/www.facebook.com\/mojabochnia\"]},{\"@type\":\"Person\",\"@id\":\"https:\/\/www.mojabochnia.pl\/#\/schema\/person\/662c14b3618e83e3959c7d249739f247\",\"name\":\"ikaczmarczyk\",\"sameAs\":[\"http:\/\/\"],\"url\":\"https:\/\/www.mojabochnia.pl\/?author=7\"}]}<\/script>\n<!-- \/ Yoast SEO plugin. -->","yoast_head_json":{"title":"S\u0142oneczne Wianki w Siedlcu - mojabochnia.pl - portal informacyjny","robots":{"index":"index","follow":"follow","max-snippet":"max-snippet:-1","max-image-preview":"max-image-preview:large","max-video-preview":"max-video-preview:-1"},"canonical":"https:\/\/www.mojabochnia.pl\/?p=592","og_locale":"pl_PL","og_type":"article","og_title":"S\u0142oneczne Wianki w Siedlcu - mojabochnia.pl - portal informacyjny","og_description":"W niedzielne popo\u0142udnie, 29 czerwca w Siedlcu, tradycyjnie odby\u0142y si\u0119 Wianki \u015awi\u0119toja\u0144skie nad Rab\u0105. Gwiazd\u0105 wieczoru by\u0142 zesp\u00f3\u0142 Czerwone Gitary, a ca\u0142o\u015b\u0107 zako\u0144czy\u0142 efektowny pokaz sztucznych ogni. Patronat medialny nad imprez\u0105 obj\u0105\u0142 portal internetowy mojaBochnia.pl.","og_url":"https:\/\/www.mojabochnia.pl\/?p=592","og_site_name":"mojabochnia.pl - portal informacyjny","article_publisher":"https:\/\/www.facebook.com\/mojabochnia","article_published_time":"2008-07-02T11:13:56+00:00","article_modified_time":"2008-08-25T12:12:57+00:00","author":"ikaczmarczyk","twitter_card":"summary_large_image","twitter_misc":{"Written by":"ikaczmarczyk","Est. reading time":"2 minuty"},"schema":{"@context":"https:\/\/schema.org","@graph":[{"@type":"Article","@id":"https:\/\/www.mojabochnia.pl\/?p=592#article","isPartOf":{"@id":"https:\/\/www.mojabochnia.pl\/?p=592"},"author":{"name":"ikaczmarczyk","@id":"https:\/\/www.mojabochnia.pl\/#\/schema\/person\/662c14b3618e83e3959c7d249739f247"},"headline":"S\u0142oneczne Wianki w Siedlcu","datePublished":"2008-07-02T11:13:56+00:00","dateModified":"2008-08-25T12:12:57+00:00","mainEntityOfPage":{"@id":"https:\/\/www.mojabochnia.pl\/?p=592"},"wordCount":341,"commentCount":0,"publisher":{"@id":"https:\/\/www.mojabochnia.pl\/#organization"},"keywords":["dom kultury","klub seniora","koncert","muzyka","raba","siedlec","taniec"],"articleSection":["2_ostatnie"],"inLanguage":"pl-PL","potentialAction":[{"@type":"CommentAction","name":"Comment","target":["https:\/\/www.mojabochnia.pl\/?p=592#respond"]}]},{"@type":"WebPage","@id":"https:\/\/www.mojabochnia.pl\/?p=592","url":"https:\/\/www.mojabochnia.pl\/?p=592","name":"S\u0142oneczne Wianki w Siedlcu - mojabochnia.pl - portal informacyjny","isPartOf":{"@id":"https:\/\/www.mojabochnia.pl\/#website"},"datePublished":"2008-07-02T11:13:56+00:00","dateModified":"2008-08-25T12:12:57+00:00","breadcrumb":{"@id":"https:\/\/www.mojabochnia.pl\/?p=592#breadcrumb"},"inLanguage":"pl-PL","potentialAction":[{"@type":"ReadAction","target":["https:\/\/www.mojabochnia.pl\/?p=592"]}]},{"@type":"BreadcrumbList","@id":"https:\/\/www.mojabochnia.pl\/?p=592#breadcrumb","itemListElement":[{"@type":"ListItem","position":1,"name":"Home","item":"https:\/\/www.mojabochnia.pl\/"},{"@type":"ListItem","position":2,"name":"S\u0142oneczne Wianki w Siedlcu"}]},{"@type":"WebSite","@id":"https:\/\/www.mojabochnia.pl\/#website","url":"https:\/\/www.mojabochnia.pl\/","name":"mojabochnia.pl - portal informacyjny","description":"mojaBochnia to portal informacyjny o Bochni. Codziennie o Bochni piszemy i pokazujemy najwa\u017cniejsze wydarzenia","publisher":{"@id":"https:\/\/www.mojabochnia.pl\/#organization"},"potentialAction":[{"@type":"SearchAction","target":{"@type":"EntryPoint","urlTemplate":"https:\/\/www.mojabochnia.pl\/?s={search_term_string}"},"query-input":{"@type":"PropertyValueSpecification","valueRequired":true,"valueName":"search_term_string"}}],"inLanguage":"pl-PL"},{"@type":"Organization","@id":"https:\/\/www.mojabochnia.pl\/#organization","name":"mojabochnia.pl - portal informacyjny","url":"https:\/\/www.mojabochnia.pl\/","logo":{"@type":"ImageObject","inLanguage":"pl-PL","@id":"https:\/\/www.mojabochnia.pl\/#\/schema\/logo\/image\/","url":"https:\/\/www.mojabochnia.pl\/wp-content\/uploads\/2017\/08\/logo-mb-opt.png","contentUrl":"https:\/\/www.mojabochnia.pl\/wp-content\/uploads\/2017\/08\/logo-mb-opt.png","width":250,"height":48,"caption":"mojabochnia.pl - portal informacyjny"},"image":{"@id":"https:\/\/www.mojabochnia.pl\/#\/schema\/logo\/image\/"},"sameAs":["https:\/\/www.facebook.com\/mojabochnia"]},{"@type":"Person","@id":"https:\/\/www.mojabochnia.pl\/#\/schema\/person\/662c14b3618e83e3959c7d249739f247","name":"ikaczmarczyk","sameAs":["http:\/\/"],"url":"https:\/\/www.mojabochnia.pl\/?author=7"}]}},"_links":{"self":[{"href":"https:\/\/www.mojabochnia.pl\/index.php?rest_route=\/wp\/v2\/posts\/592","targetHints":{"allow":["GET"]}}],"collection":[{"href":"https:\/\/www.mojabochnia.pl\/index.php?rest_route=\/wp\/v2\/posts"}],"about":[{"href":"https:\/\/www.mojabochnia.pl\/index.php?rest_route=\/wp\/v2\/types\/post"}],"author":[{"embeddable":true,"href":"https:\/\/www.mojabochnia.pl\/index.php?rest_route=\/wp\/v2\/users\/7"}],"replies":[{"embeddable":true,"href":"https:\/\/www.mojabochnia.pl\/index.php?rest_route=%2Fwp%2Fv2%2Fcomments&post=592"}],"version-history":[{"count":0,"href":"https:\/\/www.mojabochnia.pl\/index.php?rest_route=\/wp\/v2\/posts\/592\/revisions"}],"wp:attachment":[{"href":"https:\/\/www.mojabochnia.pl\/index.php?rest_route=%2Fwp%2Fv2%2Fmedia&parent=592"}],"wp:term":[{"taxonomy":"category","embeddable":true,"href":"https:\/\/www.mojabochnia.pl\/index.php?rest_route=%2Fwp%2Fv2%2Fcategories&post=592"},{"taxonomy":"post_tag","embeddable":true,"href":"https:\/\/www.mojabochnia.pl\/index.php?rest_route=%2Fwp%2Fv2%2Ftags&post=592"}],"curies":[{"name":"wp","href":"https:\/\/api.w.org\/{rel}","templated":true}]}}