{"id":5850,"date":"2009-02-24T13:08:18","date_gmt":"2009-02-24T12:08:18","guid":{"rendered":"http:\/\/www.mojabochnia.pl\/?p=5850"},"modified":"2009-09-02T10:03:09","modified_gmt":"2009-09-02T08:03:09","slug":"zamek-w-rekach-wisnickiego-samorzadu","status":"publish","type":"post","link":"https:\/\/www.mojabochnia.pl\/?p=5850","title":{"rendered":"Zamek od wrze\u015bnia w r\u0119kach wi\u015bnickiego samorz\u0105du"},"content":{"rendered":"<p>Zamek zostanie w\u0142\u0105czony w struktury Muzeum Ziemi Wi\u015bnickiej. W\u0142adze Wi\u015bnicza od wielu lat stara\u0142y si\u0119 o przej\u0119cie administracji nad zamkiem, czym do tej pory zajmowa\u0142o si\u0119 Muzeum Okr\u0119gowe w Nowym S\u0105czu. Burmistrz Stanis\u0142aw Gaworczyk jest obecnie na zwolnieniu lekarskim. Sprawy nie chce komentowa\u0107 przez telefon. Jednak jak m\u00f3wi\u0142 w rozmowie z nami 28 listopada 2008 r., zamek w r\u0119kach samorz\u0105du powinien przyci\u0105ga\u0107 wi\u0119cej turyst\u00f3w. \u2013 <em>O\u017cywienie Boche\u0144szczyzny poprzez zamek wi\u015bnicki to tak\u017ce o\u017cywienie Wi\u015bnicza, to przyci\u0105gni\u0119cie turyst\u00f3w znacznej ilo\u015bci na Boche\u0144szczyzn\u0119. Nasz zamek powinien stara\u0107 si\u0119 o to, aby przynajmniej dor\u00f3wna\u0107 Starej Lubowni. 170-200 tysi\u0119cy turyst\u00f3w to mo\u017cliwa liczba<\/em> \u2013 m\u00f3wi burmistrz. Warto wiedzie\u0107, \u017ce do tej pory w ci\u0105gu roku zamek w Nowym Wi\u015bniczu odwiedza\u0142o ok. 38 tysi\u0119cy turyst\u00f3w.<\/p>\n<p>Aby to osi\u0105gn\u0105\u0107, wi\u015bnicki samorz\u0105d zamierza podnie\u015b\u0107 atrakcyjno\u015b\u0107 zamku m.in. przez wprowadzenie wielop\u0142aszczyznowej dzia\u0142alno\u015bci muzealnej. Ma by\u0107 te\u017c prowadzona szeroka kampania reklamowa zabytku. \u2013 <em>Zak\u0142adaj\u0105c bardziej ni\u017c dotychczas profesjonaln\u0105 i u\u017cyj\u0119 s\u0142owa &#8222;agresywn\u0105&#8221; promocj\u0119 tego obiektu, mogliby\u015bmy doprowadzi\u0107 do znacznego powi\u0119kszenia liczby turyst\u00f3w odwiedzaj\u0105cych Wi\u015bnicz, Ziemi\u0119 Boche\u0144sk\u0105, bo chcemy ich odsy\u0142a\u0107 do Lipnicy, do Bochni, do kopalni soli, do o\u015brodka w Borku. Chcemy t\u0119 wsp\u00f3\u0142prac\u0119 bardzo mocno powi\u0105za\u0107 ze sob\u0105 dla dobra Boche\u0144szczyzny i dla dobra Ma\u0142opolski<\/em> \u2013 m\u00f3wi\u0142 kilka miesi\u0119cy temu burmistrz Nowego Wi\u015bnicza.<\/p>\n<p>\u2013 <em>Bardzo si\u0119 ciesz\u0119 i gratuluj\u0119 panu burmistrzowi sukcesu. Wiem \u017ce by\u0142o to przedmiotem zaanga\u017cowania i troski samorz\u0105du w Nowym Wi\u015bniczu i pana burmistrza osobi\u015bcie. Ciesz\u0119 si\u0119, \u017ce mog\u0142em w tych staraniach si\u0119 zaanga\u017cowa\u0107, pom\u00f3c, sukces finalny \u015bwiadczy o tym, \u017ce taka wsp\u00f3\u0142praca i wsparcie dla pana burmistrza mog\u0105 by\u0107 owocne. A zatem gratulacje i \u017cyczenia dalszych sukces\u00f3w dla pana burmistrza<\/em> \u2013 komentuje starosta Jacek Paj\u0105k. <\/p>\n<p>Samorz\u0105dowa instytucja kultury pod nazw\u0105 Zamek w Nowym Wi\u015bniczu zostanie utworzona 1 wrze\u015bnia.  Przekazanie nast\u0105pi w drodze umowy, kt\u00f3ra ma by\u0107 przyj\u0119ta przez Zarz\u0105d Wojew\u00f3dztwa Ma\u0142opolskiego oddzieln\u0105 uchwa\u0142\u0105.<\/p>\n<p>Rocznie utrzymanie zamku kosztuje 300 tys. z\u0142. Przychody z samych tylko bilet\u00f3w wahaj\u0105 si\u0119 w granicach 240 tys. z\u0142.<\/p>\n","protected":false},"excerpt":{"rendered":"<p>Zamek Kmit\u00f3w i Lubomirskich w Nowym Wi\u015bniczu przekazany w administracj\u0119 samorz\u0105dowi Nowego Wi\u015bnicza. Taka jest decyzja sejmiku wojew\u00f3dztwa ma\u0142opolskiego. <\/p>\n","protected":false},"author":4,"featured_media":0,"comment_status":"open","ping_status":"closed","sticky":false,"template":"","format":"standard","meta":{"_acf_changed":false,"footnotes":""},"categories":[5,11],"tags":[17421,17136,366,2127,815,17118,816,17138,17494,17133,1191,819],"class_list":["post-5850","post","type-post","status-publish","format-standard","hentry","category-biezace-wydarzenia","category-top-temat","tag-burmistrz","tag-jacek-pajak","tag-marek-nawara","tag-marszalek","tag-muzeum-okregowe-w-nowym-saczu","tag-wisnicz","tag-sejmik-wojewoztwa-malopolskiego","tag-stanislaw-gaworczyk","tag-starosta","tag-zamek","tag-zamek-kmitow-i-lubomirskich","tag-zjednoczenie-rodowe-lubomirskich"],"acf":[],"yoast_head":"<!-- This site is optimized with the Yoast SEO plugin v26.9 - https:\/\/yoast.com\/product\/yoast-seo-wordpress\/ -->\n<title>Zamek od wrze\u015bnia w r\u0119kach wi\u015bnickiego samorz\u0105du - mojabochnia.pl - portal informacyjny<\/title>\n<meta name=\"robots\" content=\"index, follow, max-snippet:-1, max-image-preview:large, max-video-preview:-1\" \/>\n<link rel=\"canonical\" href=\"https:\/\/www.mojabochnia.pl\/?p=5850\" \/>\n<meta property=\"og:locale\" content=\"pl_PL\" \/>\n<meta property=\"og:type\" content=\"article\" \/>\n<meta property=\"og:title\" content=\"Zamek od wrze\u015bnia w r\u0119kach wi\u015bnickiego samorz\u0105du - mojabochnia.pl - portal informacyjny\" \/>\n<meta property=\"og:description\" content=\"Zamek Kmit\u00f3w i Lubomirskich w Nowym Wi\u015bniczu przekazany w administracj\u0119 samorz\u0105dowi Nowego Wi\u015bnicza. Taka jest decyzja sejmiku wojew\u00f3dztwa ma\u0142opolskiego.\" \/>\n<meta property=\"og:url\" content=\"https:\/\/www.mojabochnia.pl\/?p=5850\" \/>\n<meta property=\"og:site_name\" content=\"mojabochnia.pl - portal informacyjny\" \/>\n<meta property=\"article:publisher\" content=\"https:\/\/www.facebook.com\/mojabochnia\" \/>\n<meta property=\"article:published_time\" content=\"2009-02-24T12:08:18+00:00\" \/>\n<meta property=\"article:modified_time\" content=\"2009-09-02T08:03:09+00:00\" \/>\n<meta name=\"author\" content=\"Pawe\u0142 Michalczyk\" \/>\n<meta name=\"twitter:card\" content=\"summary_large_image\" \/>\n<meta name=\"twitter:label1\" content=\"Written by\" \/>\n\t<meta name=\"twitter:data1\" content=\"Pawe\u0142 Michalczyk\" \/>\n\t<meta name=\"twitter:label2\" content=\"Est. reading time\" \/>\n\t<meta name=\"twitter:data2\" content=\"2 minuty\" \/>\n<script type=\"application\/ld+json\" class=\"yoast-schema-graph\">{\"@context\":\"https:\/\/schema.org\",\"@graph\":[{\"@type\":\"Article\",\"@id\":\"https:\/\/www.mojabochnia.pl\/?p=5850#article\",\"isPartOf\":{\"@id\":\"https:\/\/www.mojabochnia.pl\/?p=5850\"},\"author\":{\"name\":\"Pawe\u0142 Michalczyk\",\"@id\":\"https:\/\/www.mojabochnia.pl\/#\/schema\/person\/ea042e4724a77627963f02166828ead4\"},\"headline\":\"Zamek od wrze\u015bnia w r\u0119kach wi\u015bnickiego samorz\u0105du\",\"datePublished\":\"2009-02-24T12:08:18+00:00\",\"dateModified\":\"2009-09-02T08:03:09+00:00\",\"mainEntityOfPage\":{\"@id\":\"https:\/\/www.mojabochnia.pl\/?p=5850\"},\"wordCount\":401,\"commentCount\":38,\"publisher\":{\"@id\":\"https:\/\/www.mojabochnia.pl\/#organization\"},\"keywords\":[\"burmistrz\",\"jacek paj\u0105k\",\"marek nawara\",\"marsza\u0142ek\",\"muzeum okr\u0119gowe w nowym s\u0105czu\",\"Nowy Wi\u015bnicz\",\"sejmik wojew\u00f3ztwa ma\u0142opolskiego\",\"stanis\u0142aw gaworczyk\",\"starosta\",\"zamek\",\"zamek kmit\u00f3w i lubomirskich\",\"zjednoczenie rodowe lubomirskich\"],\"articleSection\":[\"2_ostatnie\",\"3_w centrum uwagi\"],\"inLanguage\":\"pl-PL\",\"potentialAction\":[{\"@type\":\"CommentAction\",\"name\":\"Comment\",\"target\":[\"https:\/\/www.mojabochnia.pl\/?p=5850#respond\"]}]},{\"@type\":\"WebPage\",\"@id\":\"https:\/\/www.mojabochnia.pl\/?p=5850\",\"url\":\"https:\/\/www.mojabochnia.pl\/?p=5850\",\"name\":\"Zamek od wrze\u015bnia w r\u0119kach wi\u015bnickiego samorz\u0105du - mojabochnia.pl - portal informacyjny\",\"isPartOf\":{\"@id\":\"https:\/\/www.mojabochnia.pl\/#website\"},\"datePublished\":\"2009-02-24T12:08:18+00:00\",\"dateModified\":\"2009-09-02T08:03:09+00:00\",\"breadcrumb\":{\"@id\":\"https:\/\/www.mojabochnia.pl\/?p=5850#breadcrumb\"},\"inLanguage\":\"pl-PL\",\"potentialAction\":[{\"@type\":\"ReadAction\",\"target\":[\"https:\/\/www.mojabochnia.pl\/?p=5850\"]}]},{\"@type\":\"BreadcrumbList\",\"@id\":\"https:\/\/www.mojabochnia.pl\/?p=5850#breadcrumb\",\"itemListElement\":[{\"@type\":\"ListItem\",\"position\":1,\"name\":\"Home\",\"item\":\"https:\/\/www.mojabochnia.pl\/\"},{\"@type\":\"ListItem\",\"position\":2,\"name\":\"Zamek od wrze\u015bnia w r\u0119kach wi\u015bnickiego samorz\u0105du\"}]},{\"@type\":\"WebSite\",\"@id\":\"https:\/\/www.mojabochnia.pl\/#website\",\"url\":\"https:\/\/www.mojabochnia.pl\/\",\"name\":\"mojabochnia.pl - portal informacyjny\",\"description\":\"mojaBochnia to portal informacyjny o Bochni. Codziennie o Bochni piszemy i pokazujemy najwa\u017cniejsze wydarzenia\",\"publisher\":{\"@id\":\"https:\/\/www.mojabochnia.pl\/#organization\"},\"potentialAction\":[{\"@type\":\"SearchAction\",\"target\":{\"@type\":\"EntryPoint\",\"urlTemplate\":\"https:\/\/www.mojabochnia.pl\/?s={search_term_string}\"},\"query-input\":{\"@type\":\"PropertyValueSpecification\",\"valueRequired\":true,\"valueName\":\"search_term_string\"}}],\"inLanguage\":\"pl-PL\"},{\"@type\":\"Organization\",\"@id\":\"https:\/\/www.mojabochnia.pl\/#organization\",\"name\":\"mojabochnia.pl - portal informacyjny\",\"url\":\"https:\/\/www.mojabochnia.pl\/\",\"logo\":{\"@type\":\"ImageObject\",\"inLanguage\":\"pl-PL\",\"@id\":\"https:\/\/www.mojabochnia.pl\/#\/schema\/logo\/image\/\",\"url\":\"https:\/\/www.mojabochnia.pl\/wp-content\/uploads\/2017\/08\/logo-mb-opt.png\",\"contentUrl\":\"https:\/\/www.mojabochnia.pl\/wp-content\/uploads\/2017\/08\/logo-mb-opt.png\",\"width\":250,\"height\":48,\"caption\":\"mojabochnia.pl - portal informacyjny\"},\"image\":{\"@id\":\"https:\/\/www.mojabochnia.pl\/#\/schema\/logo\/image\/\"},\"sameAs\":[\"https:\/\/www.facebook.com\/mojabochnia\"]},{\"@type\":\"Person\",\"@id\":\"https:\/\/www.mojabochnia.pl\/#\/schema\/person\/ea042e4724a77627963f02166828ead4\",\"name\":\"Pawe\u0142 Michalczyk\",\"url\":\"https:\/\/www.mojabochnia.pl\/?author=4\"}]}<\/script>\n<!-- \/ Yoast SEO plugin. -->","yoast_head_json":{"title":"Zamek od wrze\u015bnia w r\u0119kach wi\u015bnickiego samorz\u0105du - mojabochnia.pl - portal informacyjny","robots":{"index":"index","follow":"follow","max-snippet":"max-snippet:-1","max-image-preview":"max-image-preview:large","max-video-preview":"max-video-preview:-1"},"canonical":"https:\/\/www.mojabochnia.pl\/?p=5850","og_locale":"pl_PL","og_type":"article","og_title":"Zamek od wrze\u015bnia w r\u0119kach wi\u015bnickiego samorz\u0105du - mojabochnia.pl - portal informacyjny","og_description":"Zamek Kmit\u00f3w i Lubomirskich w Nowym Wi\u015bniczu przekazany w administracj\u0119 samorz\u0105dowi Nowego Wi\u015bnicza. Taka jest decyzja sejmiku wojew\u00f3dztwa ma\u0142opolskiego.","og_url":"https:\/\/www.mojabochnia.pl\/?p=5850","og_site_name":"mojabochnia.pl - portal informacyjny","article_publisher":"https:\/\/www.facebook.com\/mojabochnia","article_published_time":"2009-02-24T12:08:18+00:00","article_modified_time":"2009-09-02T08:03:09+00:00","author":"Pawe\u0142 Michalczyk","twitter_card":"summary_large_image","twitter_misc":{"Written by":"Pawe\u0142 Michalczyk","Est. reading time":"2 minuty"},"schema":{"@context":"https:\/\/schema.org","@graph":[{"@type":"Article","@id":"https:\/\/www.mojabochnia.pl\/?p=5850#article","isPartOf":{"@id":"https:\/\/www.mojabochnia.pl\/?p=5850"},"author":{"name":"Pawe\u0142 Michalczyk","@id":"https:\/\/www.mojabochnia.pl\/#\/schema\/person\/ea042e4724a77627963f02166828ead4"},"headline":"Zamek od wrze\u015bnia w r\u0119kach wi\u015bnickiego samorz\u0105du","datePublished":"2009-02-24T12:08:18+00:00","dateModified":"2009-09-02T08:03:09+00:00","mainEntityOfPage":{"@id":"https:\/\/www.mojabochnia.pl\/?p=5850"},"wordCount":401,"commentCount":38,"publisher":{"@id":"https:\/\/www.mojabochnia.pl\/#organization"},"keywords":["burmistrz","jacek paj\u0105k","marek nawara","marsza\u0142ek","muzeum okr\u0119gowe w nowym s\u0105czu","Nowy Wi\u015bnicz","sejmik wojew\u00f3ztwa ma\u0142opolskiego","stanis\u0142aw gaworczyk","starosta","zamek","zamek kmit\u00f3w i lubomirskich","zjednoczenie rodowe lubomirskich"],"articleSection":["2_ostatnie","3_w centrum uwagi"],"inLanguage":"pl-PL","potentialAction":[{"@type":"CommentAction","name":"Comment","target":["https:\/\/www.mojabochnia.pl\/?p=5850#respond"]}]},{"@type":"WebPage","@id":"https:\/\/www.mojabochnia.pl\/?p=5850","url":"https:\/\/www.mojabochnia.pl\/?p=5850","name":"Zamek od wrze\u015bnia w r\u0119kach wi\u015bnickiego samorz\u0105du - mojabochnia.pl - portal informacyjny","isPartOf":{"@id":"https:\/\/www.mojabochnia.pl\/#website"},"datePublished":"2009-02-24T12:08:18+00:00","dateModified":"2009-09-02T08:03:09+00:00","breadcrumb":{"@id":"https:\/\/www.mojabochnia.pl\/?p=5850#breadcrumb"},"inLanguage":"pl-PL","potentialAction":[{"@type":"ReadAction","target":["https:\/\/www.mojabochnia.pl\/?p=5850"]}]},{"@type":"BreadcrumbList","@id":"https:\/\/www.mojabochnia.pl\/?p=5850#breadcrumb","itemListElement":[{"@type":"ListItem","position":1,"name":"Home","item":"https:\/\/www.mojabochnia.pl\/"},{"@type":"ListItem","position":2,"name":"Zamek od wrze\u015bnia w r\u0119kach wi\u015bnickiego samorz\u0105du"}]},{"@type":"WebSite","@id":"https:\/\/www.mojabochnia.pl\/#website","url":"https:\/\/www.mojabochnia.pl\/","name":"mojabochnia.pl - portal informacyjny","description":"mojaBochnia to portal informacyjny o Bochni. Codziennie o Bochni piszemy i pokazujemy najwa\u017cniejsze wydarzenia","publisher":{"@id":"https:\/\/www.mojabochnia.pl\/#organization"},"potentialAction":[{"@type":"SearchAction","target":{"@type":"EntryPoint","urlTemplate":"https:\/\/www.mojabochnia.pl\/?s={search_term_string}"},"query-input":{"@type":"PropertyValueSpecification","valueRequired":true,"valueName":"search_term_string"}}],"inLanguage":"pl-PL"},{"@type":"Organization","@id":"https:\/\/www.mojabochnia.pl\/#organization","name":"mojabochnia.pl - portal informacyjny","url":"https:\/\/www.mojabochnia.pl\/","logo":{"@type":"ImageObject","inLanguage":"pl-PL","@id":"https:\/\/www.mojabochnia.pl\/#\/schema\/logo\/image\/","url":"https:\/\/www.mojabochnia.pl\/wp-content\/uploads\/2017\/08\/logo-mb-opt.png","contentUrl":"https:\/\/www.mojabochnia.pl\/wp-content\/uploads\/2017\/08\/logo-mb-opt.png","width":250,"height":48,"caption":"mojabochnia.pl - portal informacyjny"},"image":{"@id":"https:\/\/www.mojabochnia.pl\/#\/schema\/logo\/image\/"},"sameAs":["https:\/\/www.facebook.com\/mojabochnia"]},{"@type":"Person","@id":"https:\/\/www.mojabochnia.pl\/#\/schema\/person\/ea042e4724a77627963f02166828ead4","name":"Pawe\u0142 Michalczyk","url":"https:\/\/www.mojabochnia.pl\/?author=4"}]}},"_links":{"self":[{"href":"https:\/\/www.mojabochnia.pl\/index.php?rest_route=\/wp\/v2\/posts\/5850","targetHints":{"allow":["GET"]}}],"collection":[{"href":"https:\/\/www.mojabochnia.pl\/index.php?rest_route=\/wp\/v2\/posts"}],"about":[{"href":"https:\/\/www.mojabochnia.pl\/index.php?rest_route=\/wp\/v2\/types\/post"}],"author":[{"embeddable":true,"href":"https:\/\/www.mojabochnia.pl\/index.php?rest_route=\/wp\/v2\/users\/4"}],"replies":[{"embeddable":true,"href":"https:\/\/www.mojabochnia.pl\/index.php?rest_route=%2Fwp%2Fv2%2Fcomments&post=5850"}],"version-history":[{"count":0,"href":"https:\/\/www.mojabochnia.pl\/index.php?rest_route=\/wp\/v2\/posts\/5850\/revisions"}],"wp:attachment":[{"href":"https:\/\/www.mojabochnia.pl\/index.php?rest_route=%2Fwp%2Fv2%2Fmedia&parent=5850"}],"wp:term":[{"taxonomy":"category","embeddable":true,"href":"https:\/\/www.mojabochnia.pl\/index.php?rest_route=%2Fwp%2Fv2%2Fcategories&post=5850"},{"taxonomy":"post_tag","embeddable":true,"href":"https:\/\/www.mojabochnia.pl\/index.php?rest_route=%2Fwp%2Fv2%2Ftags&post=5850"}],"curies":[{"name":"wp","href":"https:\/\/api.w.org\/{rel}","templated":true}]}}