{"id":585,"date":"2008-07-01T11:26:53","date_gmt":"2008-07-01T09:26:53","guid":{"rendered":"http:\/\/beta.mojabochnia.pl\/?p=585"},"modified":"2008-08-25T14:15:50","modified_gmt":"2008-08-25T12:15:50","slug":"xii-grand-prix-w-hrc","status":"publish","type":"post","link":"https:\/\/www.mojabochnia.pl\/?p=585","title":{"rendered":"XII Grand Prix w HRC"},"content":{"rendered":"<p>W kategorii amator\u00f3w o pierwsze miejsce walczyli Paulina Seredy\u0144ska oraz Mateusz &#8222;Czaha&#8221; Czachurski. Los sprawi\u0142, \u017ce spotkali si\u0119 na tarczy ju\u017c w pierwszej rundzie, w kt\u00f3rej lepiej zagra\u0142 Mateusz i to on gra\u0142 dalej z prawej strony. Nadzieje Pauliny na pierwsze miejsce ostatecznie pogrzeba\u0142 Piotr &#8222;Bellu&#8221; Gaw\u0119da pokonuj\u0105c j\u0105 na lewej stronie.<\/p>\n<p>W klasyfikacji generalnej zwyci\u0119\u017cy\u0142 Mateusz r\u00f3\u017cnic\u0105 zaledwie 1 punktu. O trzecie miejsce walczyli Szczepan &#8222;Boski&#8221; Jonas i Jacek Ja\u015bkiewicz. W dogodniejszej sytuacji by\u0142 Szczepan bowiem w generalnej punktacji by\u0142 lepszy o 8 punkt\u00f3w od Jacka. Obaj panowie tego wieczoru dzielnie walczyli i spotkali si\u0119 o wej\u015bcie do fina\u0142u z prawej strony.<\/p>\n<p>Walka by\u0142 zaci\u0119ta i w trzecim legu na swoj\u0105 strone szale zwyci\u0119stwa przechyli\u0142 Szczepan zamykaj\u0105c 102 punkty. I ostatecznie to on wywalczy\u0142 trzecie miejsce w klasyfikacji generalnej wygrywaj\u0105c ostatni turniej GP. Tego wieczoru wysok\u0105 forme zaprezentowa\u0142 r\u00f3wnie\u017c Edward &#8222;Edi&#8221; Bro\u017cyna zajmuj\u0105c drugie miejsce w turnieju amator\u00f3w.<\/p>\n<p>Klasyfikacja Generalna amator\u00f3w:<\/p>\n<p>1. Mateusz Czachurski  134 pkt.<\/p>\n<p>2. Paulina Seredy\u0144ska   133 pkt.<\/p>\n<p>3. Szczepan Jonas        102 pkt.<\/p>\n<p>W kategori pa\u0144 miejsca na podium by\u0142y ju\u017c rozdane. Jednak ostatni turniej obfitowa\u0142 w niespodzianki. Pierwsz\u0105 niespodziank\u0105 by\u0142o pokonanie przez Marte \u017bmudzk\u0105 reprezentantki polski na tegorocznych Mistrzostwach Europy Moniki Ja\u015bkiewicz. Jednak Monika dzielnie walczy\u0142a z lewej strony , z kt\u00f3rej to dosz\u0142a do fina\u0142u. Tu ju\u017c czeka\u0142a na ni\u0105 Madzia Broniak, kt\u00f3ra tego wieczoru nie w\u0105tpliwie mia\u0142 bardzo dobry dzie\u0144 do grania w lotki. W finale mia\u0142a miejsce kolejna niespodzianka poniewa\u017c, Madzia po bardzo pi\u0119knej walce wygra\u0142a wygra\u0142a z Monik\u0105. Warto wspomniec ze bardzo \u0142adnie zaprezentowa\u0142a sie debiutantka Iwona Wojas, ktora pierwszy raz zagra\u0142\u0105 w GP i zaje\u0142a 4 miejsce.<\/p>\n<p>Klasyfikacja Generalna pa\u0144:<br \/>\n1. Monika Ja\u015bkiewicz     146 pkt.<\/p>\n<p>2. Paulina Seredy\u0144ska   116 pkt.<\/p>\n<p>3. Madzia Broniak           80 pkt.<\/p>\n<p>W kategori zawodowc\u00f3w najwieksze zainteresowanie wzbudza\u0142 pojedynek o pierwsze miejsce dw\u00f3ch &#8222;gigant\u00f3w&#8221; KLD Miros\u0142awa &#8222;Ola&#8221; Gaczorka i Krzysztofa Galusa. Darterzy z Krakowa jako wzmocnienie przywie\u017ali kolege z krakowa Piotra &#8222;Pracusia&#8221; Dulczewskiego, kt\u00f3ry mia\u0142 siaci zam\u0119t w turnieju. Co mu si\u0119 uda\u0142o poniewa\u017c to on by\u0142 autorem kolejnej niespodzianki i wys\u0142a\u0142 Ola na lew\u0105 strone. Tutaj walczy\u0142 z Robertem &#8222;Komet\u0105&#8221; Maliszczakiem kt\u00f3ry by\u0142 bliski sprawienia sensacji i wygrania z Olem ale niestety lepszy okaza\u0142 sie zawodnik z Krakowa. Olo ostatecznie doszed\u0142 z lewej strony do fina\u0142u gdzie czeka\u0142 na niego Galus. Po bardzo pi\u0119knym i zaci\u0119tym finale kolejn\u0105 niespodzianke sprawi\u0142 Krzysiek Galus kt\u00f3ry wygra\u0142 z Olem zamykaj\u0105c 158 punkt\u00f3w.<\/p>\n<p>Klasyfikacja Generalna zawodowc\u00f3w:<\/p>\n<p>1. Miros\u0142a Gaczorek  174 pkt.<\/p>\n<p>2. Krzysztof Galus    174 pkt.<\/p>\n<p>3. Andrzej G\u00f3ra        100 pkt.<\/p>\n<p>Ostatnie Grand Prix w sezonie dobieg\u0142o ko\u0144ca. Dzi\u0119kujemy w\u0142a\u015bcicielom HRC za mi\u0142\u0105 atmosfere podczas ca\u0142ego sezonu oraz fina\u0142u, za ufundowanie nagr\u00f3d, oraz za trud w\u0142o\u017cony w ca\u0142y cykl turnieji. Paw\u0142owi &#8222;Gale&#8221; Ga\u0142czy\u0144skiemu za grila i pieni\u0105dze z maszyny na nagrody. <\/p>\n","protected":false},"excerpt":{"rendered":"<p>W niedziele 29 czerwca odby\u0142o si\u0119 fina\u0142owe XII Grand Prix darta w klubie HRC. To, \u017ce b\u0119dzie to fina\u0142 walki o pierwsze miejsca w kategorii amator\u00f3w oraz zawodowc\u00f3w, wiadome by\u0142o ju\u017c po zako\u0144czeniu XI turnieju. Na finale zjawi\u0142o si\u0119 51 os\u00f3b, kt\u00f3re zagra\u0142y w trzech kategoriach, (kobiety,amatorzy, zawodowcy). Jak na dobry fina\u0142 przysta\u0142o turniej owocowa\u0142 w niespodzianki. <\/p>\n","protected":false},"author":6,"featured_media":0,"comment_status":"open","ping_status":"open","sticky":false,"template":"","format":"standard","meta":{"_acf_changed":false,"footnotes":""},"categories":[5],"tags":[447,445,17268,17130],"class_list":["post-585","post","type-post","status-publish","format-standard","hentry","category-biezace-wydarzenia","tag-dart","tag-hrc","tag-mecz","tag-turniej"],"acf":[],"yoast_head":"<!-- This site is optimized with the Yoast SEO plugin v26.9 - https:\/\/yoast.com\/product\/yoast-seo-wordpress\/ -->\n<title>XII Grand Prix w HRC - mojabochnia.pl - portal informacyjny<\/title>\n<meta name=\"robots\" content=\"index, follow, max-snippet:-1, max-image-preview:large, max-video-preview:-1\" \/>\n<link rel=\"canonical\" href=\"https:\/\/www.mojabochnia.pl\/?p=585\" \/>\n<meta property=\"og:locale\" content=\"pl_PL\" \/>\n<meta property=\"og:type\" content=\"article\" \/>\n<meta property=\"og:title\" content=\"XII Grand Prix w HRC - mojabochnia.pl - portal informacyjny\" \/>\n<meta property=\"og:description\" content=\"W niedziele 29 czerwca odby\u0142o si\u0119 fina\u0142owe XII Grand Prix darta w klubie HRC. To, \u017ce b\u0119dzie to fina\u0142 walki o pierwsze miejsca w kategorii amator\u00f3w oraz zawodowc\u00f3w, wiadome by\u0142o ju\u017c po zako\u0144czeniu XI turnieju. Na finale zjawi\u0142o si\u0119 51 os\u00f3b, kt\u00f3re zagra\u0142y w trzech kategoriach, (kobiety,amatorzy, zawodowcy). Jak na dobry fina\u0142 przysta\u0142o turniej owocowa\u0142 w niespodzianki.\" \/>\n<meta property=\"og:url\" content=\"https:\/\/www.mojabochnia.pl\/?p=585\" \/>\n<meta property=\"og:site_name\" content=\"mojabochnia.pl - portal informacyjny\" \/>\n<meta property=\"article:publisher\" content=\"https:\/\/www.facebook.com\/mojabochnia\" \/>\n<meta property=\"article:published_time\" content=\"2008-07-01T09:26:53+00:00\" \/>\n<meta property=\"article:modified_time\" content=\"2008-08-25T12:15:50+00:00\" \/>\n<meta name=\"author\" content=\"lkonieczny\" \/>\n<meta name=\"twitter:card\" content=\"summary_large_image\" \/>\n<meta name=\"twitter:label1\" content=\"Written by\" \/>\n\t<meta name=\"twitter:data1\" content=\"lkonieczny\" \/>\n\t<meta name=\"twitter:label2\" content=\"Est. reading time\" \/>\n\t<meta name=\"twitter:data2\" content=\"3 minuty\" \/>\n<script type=\"application\/ld+json\" class=\"yoast-schema-graph\">{\"@context\":\"https:\/\/schema.org\",\"@graph\":[{\"@type\":\"Article\",\"@id\":\"https:\/\/www.mojabochnia.pl\/?p=585#article\",\"isPartOf\":{\"@id\":\"https:\/\/www.mojabochnia.pl\/?p=585\"},\"author\":{\"name\":\"lkonieczny\",\"@id\":\"https:\/\/www.mojabochnia.pl\/#\/schema\/person\/b429696e306b06de7660678dfef66e82\"},\"headline\":\"XII Grand Prix w HRC\",\"datePublished\":\"2008-07-01T09:26:53+00:00\",\"dateModified\":\"2008-08-25T12:15:50+00:00\",\"mainEntityOfPage\":{\"@id\":\"https:\/\/www.mojabochnia.pl\/?p=585\"},\"wordCount\":505,\"commentCount\":0,\"publisher\":{\"@id\":\"https:\/\/www.mojabochnia.pl\/#organization\"},\"keywords\":[\"dart\",\"HRC\",\"mecz\",\"turniej\"],\"articleSection\":[\"2_ostatnie\"],\"inLanguage\":\"pl-PL\",\"potentialAction\":[{\"@type\":\"CommentAction\",\"name\":\"Comment\",\"target\":[\"https:\/\/www.mojabochnia.pl\/?p=585#respond\"]}]},{\"@type\":\"WebPage\",\"@id\":\"https:\/\/www.mojabochnia.pl\/?p=585\",\"url\":\"https:\/\/www.mojabochnia.pl\/?p=585\",\"name\":\"XII Grand Prix w HRC - mojabochnia.pl - portal informacyjny\",\"isPartOf\":{\"@id\":\"https:\/\/www.mojabochnia.pl\/#website\"},\"datePublished\":\"2008-07-01T09:26:53+00:00\",\"dateModified\":\"2008-08-25T12:15:50+00:00\",\"breadcrumb\":{\"@id\":\"https:\/\/www.mojabochnia.pl\/?p=585#breadcrumb\"},\"inLanguage\":\"pl-PL\",\"potentialAction\":[{\"@type\":\"ReadAction\",\"target\":[\"https:\/\/www.mojabochnia.pl\/?p=585\"]}]},{\"@type\":\"BreadcrumbList\",\"@id\":\"https:\/\/www.mojabochnia.pl\/?p=585#breadcrumb\",\"itemListElement\":[{\"@type\":\"ListItem\",\"position\":1,\"name\":\"Home\",\"item\":\"https:\/\/www.mojabochnia.pl\/\"},{\"@type\":\"ListItem\",\"position\":2,\"name\":\"XII Grand Prix w HRC\"}]},{\"@type\":\"WebSite\",\"@id\":\"https:\/\/www.mojabochnia.pl\/#website\",\"url\":\"https:\/\/www.mojabochnia.pl\/\",\"name\":\"mojabochnia.pl - portal informacyjny\",\"description\":\"mojaBochnia to portal informacyjny o Bochni. Codziennie o Bochni piszemy i pokazujemy najwa\u017cniejsze wydarzenia\",\"publisher\":{\"@id\":\"https:\/\/www.mojabochnia.pl\/#organization\"},\"potentialAction\":[{\"@type\":\"SearchAction\",\"target\":{\"@type\":\"EntryPoint\",\"urlTemplate\":\"https:\/\/www.mojabochnia.pl\/?s={search_term_string}\"},\"query-input\":{\"@type\":\"PropertyValueSpecification\",\"valueRequired\":true,\"valueName\":\"search_term_string\"}}],\"inLanguage\":\"pl-PL\"},{\"@type\":\"Organization\",\"@id\":\"https:\/\/www.mojabochnia.pl\/#organization\",\"name\":\"mojabochnia.pl - portal informacyjny\",\"url\":\"https:\/\/www.mojabochnia.pl\/\",\"logo\":{\"@type\":\"ImageObject\",\"inLanguage\":\"pl-PL\",\"@id\":\"https:\/\/www.mojabochnia.pl\/#\/schema\/logo\/image\/\",\"url\":\"https:\/\/www.mojabochnia.pl\/wp-content\/uploads\/2017\/08\/logo-mb-opt.png\",\"contentUrl\":\"https:\/\/www.mojabochnia.pl\/wp-content\/uploads\/2017\/08\/logo-mb-opt.png\",\"width\":250,\"height\":48,\"caption\":\"mojabochnia.pl - portal informacyjny\"},\"image\":{\"@id\":\"https:\/\/www.mojabochnia.pl\/#\/schema\/logo\/image\/\"},\"sameAs\":[\"https:\/\/www.facebook.com\/mojabochnia\"]},{\"@type\":\"Person\",\"@id\":\"https:\/\/www.mojabochnia.pl\/#\/schema\/person\/b429696e306b06de7660678dfef66e82\",\"name\":\"lkonieczny\",\"sameAs\":[\"http:\/\/\"],\"url\":\"https:\/\/www.mojabochnia.pl\/?author=6\"}]}<\/script>\n<!-- \/ Yoast SEO plugin. -->","yoast_head_json":{"title":"XII Grand Prix w HRC - mojabochnia.pl - portal informacyjny","robots":{"index":"index","follow":"follow","max-snippet":"max-snippet:-1","max-image-preview":"max-image-preview:large","max-video-preview":"max-video-preview:-1"},"canonical":"https:\/\/www.mojabochnia.pl\/?p=585","og_locale":"pl_PL","og_type":"article","og_title":"XII Grand Prix w HRC - mojabochnia.pl - portal informacyjny","og_description":"W niedziele 29 czerwca odby\u0142o si\u0119 fina\u0142owe XII Grand Prix darta w klubie HRC. To, \u017ce b\u0119dzie to fina\u0142 walki o pierwsze miejsca w kategorii amator\u00f3w oraz zawodowc\u00f3w, wiadome by\u0142o ju\u017c po zako\u0144czeniu XI turnieju. Na finale zjawi\u0142o si\u0119 51 os\u00f3b, kt\u00f3re zagra\u0142y w trzech kategoriach, (kobiety,amatorzy, zawodowcy). Jak na dobry fina\u0142 przysta\u0142o turniej owocowa\u0142 w niespodzianki.","og_url":"https:\/\/www.mojabochnia.pl\/?p=585","og_site_name":"mojabochnia.pl - portal informacyjny","article_publisher":"https:\/\/www.facebook.com\/mojabochnia","article_published_time":"2008-07-01T09:26:53+00:00","article_modified_time":"2008-08-25T12:15:50+00:00","author":"lkonieczny","twitter_card":"summary_large_image","twitter_misc":{"Written by":"lkonieczny","Est. reading time":"3 minuty"},"schema":{"@context":"https:\/\/schema.org","@graph":[{"@type":"Article","@id":"https:\/\/www.mojabochnia.pl\/?p=585#article","isPartOf":{"@id":"https:\/\/www.mojabochnia.pl\/?p=585"},"author":{"name":"lkonieczny","@id":"https:\/\/www.mojabochnia.pl\/#\/schema\/person\/b429696e306b06de7660678dfef66e82"},"headline":"XII Grand Prix w HRC","datePublished":"2008-07-01T09:26:53+00:00","dateModified":"2008-08-25T12:15:50+00:00","mainEntityOfPage":{"@id":"https:\/\/www.mojabochnia.pl\/?p=585"},"wordCount":505,"commentCount":0,"publisher":{"@id":"https:\/\/www.mojabochnia.pl\/#organization"},"keywords":["dart","HRC","mecz","turniej"],"articleSection":["2_ostatnie"],"inLanguage":"pl-PL","potentialAction":[{"@type":"CommentAction","name":"Comment","target":["https:\/\/www.mojabochnia.pl\/?p=585#respond"]}]},{"@type":"WebPage","@id":"https:\/\/www.mojabochnia.pl\/?p=585","url":"https:\/\/www.mojabochnia.pl\/?p=585","name":"XII Grand Prix w HRC - mojabochnia.pl - portal informacyjny","isPartOf":{"@id":"https:\/\/www.mojabochnia.pl\/#website"},"datePublished":"2008-07-01T09:26:53+00:00","dateModified":"2008-08-25T12:15:50+00:00","breadcrumb":{"@id":"https:\/\/www.mojabochnia.pl\/?p=585#breadcrumb"},"inLanguage":"pl-PL","potentialAction":[{"@type":"ReadAction","target":["https:\/\/www.mojabochnia.pl\/?p=585"]}]},{"@type":"BreadcrumbList","@id":"https:\/\/www.mojabochnia.pl\/?p=585#breadcrumb","itemListElement":[{"@type":"ListItem","position":1,"name":"Home","item":"https:\/\/www.mojabochnia.pl\/"},{"@type":"ListItem","position":2,"name":"XII Grand Prix w HRC"}]},{"@type":"WebSite","@id":"https:\/\/www.mojabochnia.pl\/#website","url":"https:\/\/www.mojabochnia.pl\/","name":"mojabochnia.pl - portal informacyjny","description":"mojaBochnia to portal informacyjny o Bochni. Codziennie o Bochni piszemy i pokazujemy najwa\u017cniejsze wydarzenia","publisher":{"@id":"https:\/\/www.mojabochnia.pl\/#organization"},"potentialAction":[{"@type":"SearchAction","target":{"@type":"EntryPoint","urlTemplate":"https:\/\/www.mojabochnia.pl\/?s={search_term_string}"},"query-input":{"@type":"PropertyValueSpecification","valueRequired":true,"valueName":"search_term_string"}}],"inLanguage":"pl-PL"},{"@type":"Organization","@id":"https:\/\/www.mojabochnia.pl\/#organization","name":"mojabochnia.pl - portal informacyjny","url":"https:\/\/www.mojabochnia.pl\/","logo":{"@type":"ImageObject","inLanguage":"pl-PL","@id":"https:\/\/www.mojabochnia.pl\/#\/schema\/logo\/image\/","url":"https:\/\/www.mojabochnia.pl\/wp-content\/uploads\/2017\/08\/logo-mb-opt.png","contentUrl":"https:\/\/www.mojabochnia.pl\/wp-content\/uploads\/2017\/08\/logo-mb-opt.png","width":250,"height":48,"caption":"mojabochnia.pl - portal informacyjny"},"image":{"@id":"https:\/\/www.mojabochnia.pl\/#\/schema\/logo\/image\/"},"sameAs":["https:\/\/www.facebook.com\/mojabochnia"]},{"@type":"Person","@id":"https:\/\/www.mojabochnia.pl\/#\/schema\/person\/b429696e306b06de7660678dfef66e82","name":"lkonieczny","sameAs":["http:\/\/"],"url":"https:\/\/www.mojabochnia.pl\/?author=6"}]}},"_links":{"self":[{"href":"https:\/\/www.mojabochnia.pl\/index.php?rest_route=\/wp\/v2\/posts\/585","targetHints":{"allow":["GET"]}}],"collection":[{"href":"https:\/\/www.mojabochnia.pl\/index.php?rest_route=\/wp\/v2\/posts"}],"about":[{"href":"https:\/\/www.mojabochnia.pl\/index.php?rest_route=\/wp\/v2\/types\/post"}],"author":[{"embeddable":true,"href":"https:\/\/www.mojabochnia.pl\/index.php?rest_route=\/wp\/v2\/users\/6"}],"replies":[{"embeddable":true,"href":"https:\/\/www.mojabochnia.pl\/index.php?rest_route=%2Fwp%2Fv2%2Fcomments&post=585"}],"version-history":[{"count":0,"href":"https:\/\/www.mojabochnia.pl\/index.php?rest_route=\/wp\/v2\/posts\/585\/revisions"}],"wp:attachment":[{"href":"https:\/\/www.mojabochnia.pl\/index.php?rest_route=%2Fwp%2Fv2%2Fmedia&parent=585"}],"wp:term":[{"taxonomy":"category","embeddable":true,"href":"https:\/\/www.mojabochnia.pl\/index.php?rest_route=%2Fwp%2Fv2%2Fcategories&post=585"},{"taxonomy":"post_tag","embeddable":true,"href":"https:\/\/www.mojabochnia.pl\/index.php?rest_route=%2Fwp%2Fv2%2Ftags&post=585"}],"curies":[{"name":"wp","href":"https:\/\/api.w.org\/{rel}","templated":true}]}}