{"id":5833,"date":"2009-02-24T09:30:24","date_gmt":"2009-02-24T08:30:24","guid":{"rendered":"http:\/\/www.mojabochnia.pl\/?p=5833"},"modified":"2009-02-24T09:15:58","modified_gmt":"2009-02-24T08:15:58","slug":"w-muzeum-o-swiadomosci-historycznej-bochnian","status":"publish","type":"post","link":"https:\/\/www.mojabochnia.pl\/?p=5833","title":{"rendered":"W Muzeum o \u015bwiadomo\u015bci historycznej bochnian"},"content":{"rendered":"<p>Prelegentem b\u0119dzie dyrektor muzeum w Bochni Jan Flasza. Punktem wyj\u015bcia do jego refleksji b\u0119d\u0105 trzy przypadaj\u0105ce w tym roku jubileusze: 756. rocznica lokacji miasta Bochni, 130. rocznica urodzin Stanis\u0142awa Fischera i 50. lat dzia\u0142alno\u015bci Muzeum w Bochni. <\/p>\n<p>\u2013 <em>Chcia\u0142bym si\u0119 zastanowi\u0107 wsp\u00f3lnie z publiczno\u015bci\u0105, jak Bochnia dochodzi\u0142a do stosunkowo dobrej samo\u015bwiadomo\u015bci w\u0142asnej historii, \u017ce to miasto, kt\u00f3re wyros\u0142o na gruncie kopalni soli, nie sta\u0142o si\u0119 typowym miastem g\u00f3rniczym, cho\u0107 g\u00f3rnictwo przez wiele lat ukszta\u0142towa\u0142o jego charakter, rozw\u00f3j, ale pojawi\u0142y si\u0119 w nim tak\u017ce inne elementy miastotw\u00f3rcze. Chodzi o rozw\u00f3j rzemios\u0142a, handlu, ale przede wszystkim \u2013 co jest fenomenem \u2013 w tym \u015brodowisku ludzi ci\u0119\u017ckiej pracy wytworzy\u0142y si\u0119 pewne ambicje kulturalne tego miasta <\/em>\u2013 m\u00f3wi Jan Flasza.<\/p>\n<p>Spotkanie w Muzeum im. Stanis\u0142aw Fischera w Bochni rozpocznie si\u0119 w czwartek 26 lutego o godz. 17.30.<\/p>\n","protected":false},"excerpt":{"rendered":"<p>Jak w\u015br\u00f3d bochnian kszta\u0142towa\u0142a si\u0119 \u015bwiadomo\u015b\u0107 w\u0142asnej historii? \u2013 taki b\u0119dzie temat najbli\u017cszego Spotkania Czwartkowego w boche\u0144skim muzeum. Zosta\u0142o ono zorganizowane w przeddzie\u0144 rocznicy lokacji miasta. <\/p>\n","protected":false},"author":4,"featured_media":0,"comment_status":"open","ping_status":"closed","sticky":false,"template":"","format":"standard","meta":{"_acf_changed":false,"footnotes":""},"categories":[92],"tags":[17203,17126,17309,2544,17290,74,535,17293,133,17346,2495],"class_list":["post-5833","post","type-post","status-publish","format-standard","hentry","category-kultura","tag-dyrektor","tag-jan-flasza","tag-kazimierz-wielki","tag-lokacja-miasta","tag-muzeum","tag-muzeum-im-stanislawa-fischera","tag-prawa-miejskie","tag-rocznica","tag-spotkania-czwartkowe","tag-spotkanie","tag-stanislaw-fischer"],"acf":[],"yoast_head":"<!-- This site is optimized with the Yoast SEO plugin v26.9 - https:\/\/yoast.com\/product\/yoast-seo-wordpress\/ -->\n<title>W Muzeum o \u015bwiadomo\u015bci historycznej bochnian - mojabochnia.pl - portal informacyjny<\/title>\n<meta name=\"robots\" content=\"index, follow, max-snippet:-1, max-image-preview:large, max-video-preview:-1\" \/>\n<link rel=\"canonical\" href=\"https:\/\/www.mojabochnia.pl\/?p=5833\" \/>\n<meta property=\"og:locale\" content=\"pl_PL\" \/>\n<meta property=\"og:type\" content=\"article\" \/>\n<meta property=\"og:title\" content=\"W Muzeum o \u015bwiadomo\u015bci historycznej bochnian - mojabochnia.pl - portal informacyjny\" \/>\n<meta property=\"og:description\" content=\"Jak w\u015br\u00f3d bochnian kszta\u0142towa\u0142a si\u0119 \u015bwiadomo\u015b\u0107 w\u0142asnej historii? \u2013 taki b\u0119dzie temat najbli\u017cszego Spotkania Czwartkowego w boche\u0144skim muzeum. Zosta\u0142o ono zorganizowane w przeddzie\u0144 rocznicy lokacji miasta.\" \/>\n<meta property=\"og:url\" content=\"https:\/\/www.mojabochnia.pl\/?p=5833\" \/>\n<meta property=\"og:site_name\" content=\"mojabochnia.pl - portal informacyjny\" \/>\n<meta property=\"article:publisher\" content=\"https:\/\/www.facebook.com\/mojabochnia\" \/>\n<meta property=\"article:published_time\" content=\"2009-02-24T08:30:24+00:00\" \/>\n<meta name=\"author\" content=\"Pawe\u0142 Michalczyk\" \/>\n<meta name=\"twitter:card\" content=\"summary_large_image\" \/>\n<meta name=\"twitter:label1\" content=\"Written by\" \/>\n\t<meta name=\"twitter:data1\" content=\"Pawe\u0142 Michalczyk\" \/>\n\t<meta name=\"twitter:label2\" content=\"Est. reading time\" \/>\n\t<meta name=\"twitter:data2\" content=\"1 minuta\" \/>\n<script type=\"application\/ld+json\" class=\"yoast-schema-graph\">{\"@context\":\"https:\/\/schema.org\",\"@graph\":[{\"@type\":\"Article\",\"@id\":\"https:\/\/www.mojabochnia.pl\/?p=5833#article\",\"isPartOf\":{\"@id\":\"https:\/\/www.mojabochnia.pl\/?p=5833\"},\"author\":{\"name\":\"Pawe\u0142 Michalczyk\",\"@id\":\"https:\/\/www.mojabochnia.pl\/#\/schema\/person\/ea042e4724a77627963f02166828ead4\"},\"headline\":\"W Muzeum o \u015bwiadomo\u015bci historycznej bochnian\",\"datePublished\":\"2009-02-24T08:30:24+00:00\",\"mainEntityOfPage\":{\"@id\":\"https:\/\/www.mojabochnia.pl\/?p=5833\"},\"wordCount\":162,\"commentCount\":0,\"publisher\":{\"@id\":\"https:\/\/www.mojabochnia.pl\/#organization\"},\"keywords\":[\"dyrektor\",\"jan flasza\",\"kazimierz wielki\",\"lokacja miasta\",\"muzeum\",\"muzeum im. stanis\u0142awa fischera\",\"prawa miejskie\",\"rocznica\",\"spotkania czwartkowe\",\"spotkanie\",\"stanis\u0142aw fischer\"],\"articleSection\":[\"kultura\"],\"inLanguage\":\"pl-PL\",\"potentialAction\":[{\"@type\":\"CommentAction\",\"name\":\"Comment\",\"target\":[\"https:\/\/www.mojabochnia.pl\/?p=5833#respond\"]}]},{\"@type\":\"WebPage\",\"@id\":\"https:\/\/www.mojabochnia.pl\/?p=5833\",\"url\":\"https:\/\/www.mojabochnia.pl\/?p=5833\",\"name\":\"W Muzeum o \u015bwiadomo\u015bci historycznej bochnian - mojabochnia.pl - portal informacyjny\",\"isPartOf\":{\"@id\":\"https:\/\/www.mojabochnia.pl\/#website\"},\"datePublished\":\"2009-02-24T08:30:24+00:00\",\"breadcrumb\":{\"@id\":\"https:\/\/www.mojabochnia.pl\/?p=5833#breadcrumb\"},\"inLanguage\":\"pl-PL\",\"potentialAction\":[{\"@type\":\"ReadAction\",\"target\":[\"https:\/\/www.mojabochnia.pl\/?p=5833\"]}]},{\"@type\":\"BreadcrumbList\",\"@id\":\"https:\/\/www.mojabochnia.pl\/?p=5833#breadcrumb\",\"itemListElement\":[{\"@type\":\"ListItem\",\"position\":1,\"name\":\"Home\",\"item\":\"https:\/\/www.mojabochnia.pl\/\"},{\"@type\":\"ListItem\",\"position\":2,\"name\":\"W Muzeum o \u015bwiadomo\u015bci historycznej bochnian\"}]},{\"@type\":\"WebSite\",\"@id\":\"https:\/\/www.mojabochnia.pl\/#website\",\"url\":\"https:\/\/www.mojabochnia.pl\/\",\"name\":\"mojabochnia.pl - portal informacyjny\",\"description\":\"mojaBochnia to portal informacyjny o Bochni. Codziennie o Bochni piszemy i pokazujemy najwa\u017cniejsze wydarzenia\",\"publisher\":{\"@id\":\"https:\/\/www.mojabochnia.pl\/#organization\"},\"potentialAction\":[{\"@type\":\"SearchAction\",\"target\":{\"@type\":\"EntryPoint\",\"urlTemplate\":\"https:\/\/www.mojabochnia.pl\/?s={search_term_string}\"},\"query-input\":{\"@type\":\"PropertyValueSpecification\",\"valueRequired\":true,\"valueName\":\"search_term_string\"}}],\"inLanguage\":\"pl-PL\"},{\"@type\":\"Organization\",\"@id\":\"https:\/\/www.mojabochnia.pl\/#organization\",\"name\":\"mojabochnia.pl - portal informacyjny\",\"url\":\"https:\/\/www.mojabochnia.pl\/\",\"logo\":{\"@type\":\"ImageObject\",\"inLanguage\":\"pl-PL\",\"@id\":\"https:\/\/www.mojabochnia.pl\/#\/schema\/logo\/image\/\",\"url\":\"https:\/\/www.mojabochnia.pl\/wp-content\/uploads\/2017\/08\/logo-mb-opt.png\",\"contentUrl\":\"https:\/\/www.mojabochnia.pl\/wp-content\/uploads\/2017\/08\/logo-mb-opt.png\",\"width\":250,\"height\":48,\"caption\":\"mojabochnia.pl - portal informacyjny\"},\"image\":{\"@id\":\"https:\/\/www.mojabochnia.pl\/#\/schema\/logo\/image\/\"},\"sameAs\":[\"https:\/\/www.facebook.com\/mojabochnia\"]},{\"@type\":\"Person\",\"@id\":\"https:\/\/www.mojabochnia.pl\/#\/schema\/person\/ea042e4724a77627963f02166828ead4\",\"name\":\"Pawe\u0142 Michalczyk\",\"url\":\"https:\/\/www.mojabochnia.pl\/?author=4\"}]}<\/script>\n<!-- \/ Yoast SEO plugin. -->","yoast_head_json":{"title":"W Muzeum o \u015bwiadomo\u015bci historycznej bochnian - mojabochnia.pl - portal informacyjny","robots":{"index":"index","follow":"follow","max-snippet":"max-snippet:-1","max-image-preview":"max-image-preview:large","max-video-preview":"max-video-preview:-1"},"canonical":"https:\/\/www.mojabochnia.pl\/?p=5833","og_locale":"pl_PL","og_type":"article","og_title":"W Muzeum o \u015bwiadomo\u015bci historycznej bochnian - mojabochnia.pl - portal informacyjny","og_description":"Jak w\u015br\u00f3d bochnian kszta\u0142towa\u0142a si\u0119 \u015bwiadomo\u015b\u0107 w\u0142asnej historii? \u2013 taki b\u0119dzie temat najbli\u017cszego Spotkania Czwartkowego w boche\u0144skim muzeum. Zosta\u0142o ono zorganizowane w przeddzie\u0144 rocznicy lokacji miasta.","og_url":"https:\/\/www.mojabochnia.pl\/?p=5833","og_site_name":"mojabochnia.pl - portal informacyjny","article_publisher":"https:\/\/www.facebook.com\/mojabochnia","article_published_time":"2009-02-24T08:30:24+00:00","author":"Pawe\u0142 Michalczyk","twitter_card":"summary_large_image","twitter_misc":{"Written by":"Pawe\u0142 Michalczyk","Est. reading time":"1 minuta"},"schema":{"@context":"https:\/\/schema.org","@graph":[{"@type":"Article","@id":"https:\/\/www.mojabochnia.pl\/?p=5833#article","isPartOf":{"@id":"https:\/\/www.mojabochnia.pl\/?p=5833"},"author":{"name":"Pawe\u0142 Michalczyk","@id":"https:\/\/www.mojabochnia.pl\/#\/schema\/person\/ea042e4724a77627963f02166828ead4"},"headline":"W Muzeum o \u015bwiadomo\u015bci historycznej bochnian","datePublished":"2009-02-24T08:30:24+00:00","mainEntityOfPage":{"@id":"https:\/\/www.mojabochnia.pl\/?p=5833"},"wordCount":162,"commentCount":0,"publisher":{"@id":"https:\/\/www.mojabochnia.pl\/#organization"},"keywords":["dyrektor","jan flasza","kazimierz wielki","lokacja miasta","muzeum","muzeum im. stanis\u0142awa fischera","prawa miejskie","rocznica","spotkania czwartkowe","spotkanie","stanis\u0142aw fischer"],"articleSection":["kultura"],"inLanguage":"pl-PL","potentialAction":[{"@type":"CommentAction","name":"Comment","target":["https:\/\/www.mojabochnia.pl\/?p=5833#respond"]}]},{"@type":"WebPage","@id":"https:\/\/www.mojabochnia.pl\/?p=5833","url":"https:\/\/www.mojabochnia.pl\/?p=5833","name":"W Muzeum o \u015bwiadomo\u015bci historycznej bochnian - mojabochnia.pl - portal informacyjny","isPartOf":{"@id":"https:\/\/www.mojabochnia.pl\/#website"},"datePublished":"2009-02-24T08:30:24+00:00","breadcrumb":{"@id":"https:\/\/www.mojabochnia.pl\/?p=5833#breadcrumb"},"inLanguage":"pl-PL","potentialAction":[{"@type":"ReadAction","target":["https:\/\/www.mojabochnia.pl\/?p=5833"]}]},{"@type":"BreadcrumbList","@id":"https:\/\/www.mojabochnia.pl\/?p=5833#breadcrumb","itemListElement":[{"@type":"ListItem","position":1,"name":"Home","item":"https:\/\/www.mojabochnia.pl\/"},{"@type":"ListItem","position":2,"name":"W Muzeum o \u015bwiadomo\u015bci historycznej bochnian"}]},{"@type":"WebSite","@id":"https:\/\/www.mojabochnia.pl\/#website","url":"https:\/\/www.mojabochnia.pl\/","name":"mojabochnia.pl - portal informacyjny","description":"mojaBochnia to portal informacyjny o Bochni. Codziennie o Bochni piszemy i pokazujemy najwa\u017cniejsze wydarzenia","publisher":{"@id":"https:\/\/www.mojabochnia.pl\/#organization"},"potentialAction":[{"@type":"SearchAction","target":{"@type":"EntryPoint","urlTemplate":"https:\/\/www.mojabochnia.pl\/?s={search_term_string}"},"query-input":{"@type":"PropertyValueSpecification","valueRequired":true,"valueName":"search_term_string"}}],"inLanguage":"pl-PL"},{"@type":"Organization","@id":"https:\/\/www.mojabochnia.pl\/#organization","name":"mojabochnia.pl - portal informacyjny","url":"https:\/\/www.mojabochnia.pl\/","logo":{"@type":"ImageObject","inLanguage":"pl-PL","@id":"https:\/\/www.mojabochnia.pl\/#\/schema\/logo\/image\/","url":"https:\/\/www.mojabochnia.pl\/wp-content\/uploads\/2017\/08\/logo-mb-opt.png","contentUrl":"https:\/\/www.mojabochnia.pl\/wp-content\/uploads\/2017\/08\/logo-mb-opt.png","width":250,"height":48,"caption":"mojabochnia.pl - portal informacyjny"},"image":{"@id":"https:\/\/www.mojabochnia.pl\/#\/schema\/logo\/image\/"},"sameAs":["https:\/\/www.facebook.com\/mojabochnia"]},{"@type":"Person","@id":"https:\/\/www.mojabochnia.pl\/#\/schema\/person\/ea042e4724a77627963f02166828ead4","name":"Pawe\u0142 Michalczyk","url":"https:\/\/www.mojabochnia.pl\/?author=4"}]}},"_links":{"self":[{"href":"https:\/\/www.mojabochnia.pl\/index.php?rest_route=\/wp\/v2\/posts\/5833","targetHints":{"allow":["GET"]}}],"collection":[{"href":"https:\/\/www.mojabochnia.pl\/index.php?rest_route=\/wp\/v2\/posts"}],"about":[{"href":"https:\/\/www.mojabochnia.pl\/index.php?rest_route=\/wp\/v2\/types\/post"}],"author":[{"embeddable":true,"href":"https:\/\/www.mojabochnia.pl\/index.php?rest_route=\/wp\/v2\/users\/4"}],"replies":[{"embeddable":true,"href":"https:\/\/www.mojabochnia.pl\/index.php?rest_route=%2Fwp%2Fv2%2Fcomments&post=5833"}],"version-history":[{"count":0,"href":"https:\/\/www.mojabochnia.pl\/index.php?rest_route=\/wp\/v2\/posts\/5833\/revisions"}],"wp:attachment":[{"href":"https:\/\/www.mojabochnia.pl\/index.php?rest_route=%2Fwp%2Fv2%2Fmedia&parent=5833"}],"wp:term":[{"taxonomy":"category","embeddable":true,"href":"https:\/\/www.mojabochnia.pl\/index.php?rest_route=%2Fwp%2Fv2%2Fcategories&post=5833"},{"taxonomy":"post_tag","embeddable":true,"href":"https:\/\/www.mojabochnia.pl\/index.php?rest_route=%2Fwp%2Fv2%2Ftags&post=5833"}],"curies":[{"name":"wp","href":"https:\/\/api.w.org\/{rel}","templated":true}]}}